{"id":372190,"date":"2021-12-02T22:32:52","date_gmt":"2021-12-02T21:32:52","guid":{"rendered":"http:\/\/kapitalis.com\/tunisie\/?p=372190"},"modified":"2021-12-02T22:40:11","modified_gmt":"2021-12-02T21:40:11","slug":"a-propos-du-terroriste-de-daech-recherche-en-tunisie-et-arrete-en-italie","status":"publish","type":"post","link":"https:\/\/kapitalis.com\/tunisie\/2021\/12\/02\/a-propos-du-terroriste-de-daech-recherche-en-tunisie-et-arrete-en-italie\/","title":{"rendered":"A propos du terroriste de Daech, recherch\u00e9 en Tunisie et arr\u00eat\u00e9 en Italie"},"content":{"rendered":"\n<div class=\"wp-block-image\"><figure class=\"aligncenter size-full\"><img decoding=\"async\" src=\"http:\/\/kapitalis.com\/tunisie\/wp-content\/uploads\/2021\/12\/terroriste-tunisie-italie.jpg\" alt=\"\" class=\"wp-image-372198\"\/><\/figure><\/div>\n\n\n\n<p><em><strong>Une conf\u00e9rence de presse a \u00e9t\u00e9 organis\u00e9e cet apr\u00e8s-midi, jeudi 2 d\u00e9cembre 20221, par la police italienne afin d&rsquo;en dire plus sur le Tunisien de 25 ans, li\u00e9 \u00e0 l&rsquo;organisation terroriste de l\u2019\u00c9tat islamique (Daech), qui fait l\u2019objet d\u2019un mandat d\u2019arr\u00eat international en vue de son extradition, \u00e9mis par le tribunal de Tunis pour terrorisme et qui a \u00e9t\u00e9 arr\u00eat\u00e9 \u00e0 Venise, en Italie.<\/strong><\/em><\/p>\n\n\n\n<!--more-->\n\n\n\n<p>Arr\u00eat\u00e9 par l\u2019Unit\u00e9 des enqu\u00eates g\u00e9n\u00e9rales et des op\u00e9rations sp\u00e9ciales (Digos), relevant de la police de Venise et de Gorizia, sous la coordination de la Direction centrale des forces de pr\u00e9vention, R. F. avait d\u00e9barqu\u00e9 ill\u00e9galement \u00e0 Lampedusa en septembre dernier, via un bateau transportant 14 autres tunisiens.<\/p>\n\n\n\n<div class=\"wp-block-image\"><figure class=\"aligncenter size-full is-resized\"><img decoding=\"async\" src=\"http:\/\/kapitalis.com\/tunisie\/wp-content\/uploads\/2021\/12\/terroriste-italie-tunisie.jpg\" alt=\"\" class=\"wp-image-372199\" width=\"500\"\/><\/figure><\/div>\n\n\n\n<p>En arrivant au centre,o\u00f9 il a pass\u00e9 la p\u00e9riode de quarantaine (en pr\u00e9vention \u00e0 la pand\u00e9mie du Covid-19) il s&rsquo;\u00e9tait pr\u00e9sent\u00e9 sous une fausse identit\u00e9 et avait \u00e9t\u00e9 transf\u00e9r\u00e9 dans un autre centre d\u2019accueil \u00e0 Venise, pr\u00e9cise les autorit\u00e9s italiennes, cit\u00e9e par des <a href=\"https:\/\/www.veneziaradiotv.it\/blog\/manette-tunisino-affiliato-isis\/\" target=\"_blank\" rel=\"noreferrer noopener\">m\u00e9dias locaux,<\/a> en ajoutant que le Service de coop\u00e9ration polici\u00e8re internationale (SCIP) a, entre temps, inform\u00e9 la Direction centrale de la police de pr\u00e9vention que \u00ab<em>les autorit\u00e9s tunisiennes, qui \u00e9taient \u00e0 la recherche de R.F. ,  avaient signal\u00e9 la probable pr\u00e9sence en Italie d\u2019un de leurs citoyens, li\u00e9 \u00e0 l&rsquo;organisation terroriste de l\u2019\u00c9tat islamique- Daech et que la justice a \u00e9mis un mandat d&rsquo;amener \u00e0 son encontre<\/em>\u00bb.<\/p>\n\n\n\n<div class=\"wp-block-image\"><figure class=\"aligncenter size-full is-resized\"><img decoding=\"async\" src=\"http:\/\/kapitalis.com\/tunisie\/wp-content\/uploads\/2021\/12\/Italie-tunisie-terroriste.jpg\" alt=\"\" class=\"wp-image-372201\" width=\"500\"\/><\/figure><\/div>\n\n\n\n<p>L&rsquo;individu en question a \u00e9t\u00e9 surveill\u00e9 de pr\u00e8s et les recherches ont confirm\u00e9 qu&rsquo;il s&rsquo;agit bien de R. F., objet d&rsquo;un mandat d&rsquo;arr\u00eat international.<\/p>\n\n\n\n<p>L&rsquo;Italie n&rsquo;aurait pas \u00e9t\u00e9 la destination finale pr\u00e9vue par le terroriste pr\u00e9sum\u00e9, qui comptait s&rsquo;installer Europe du Nord, annonce-t-on encore lors de cette conf\u00e9rence, en affirmant que le concern\u00e9 avait demand\u00e9, en arrivant en Italie, \u00e0 entrer dans le circuit international des demandeurs d&rsquo;asile et <em>\u00abqu&rsquo;aucune activit\u00e9 pr\u00e9paratoire \u00e0 des attentats n&rsquo;a \u00e9t\u00e9 trouv\u00e9e\u00bb<\/em>.<\/p>\n\n\n\n<p>Plac\u00e9 en d\u00e9tention, R.F. sera d\u00e9sormais expatri\u00e9 en Tunisie, ajoute encore la m\u00eame source.<\/p>\n\n\n\n<p class=\"has-text-align-right\"><strong>Y. N.<\/strong><\/p>\n\n\n\n<figure class=\"wp-block-embed is-type-wp-embed is-provider-kapitalis wp-block-embed-kapitalis\"><div class=\"wp-block-embed__wrapper\">\n<blockquote class=\"wp-embedded-content\" data-secret=\"CvLQXfAeA2\"><a href=\"https:\/\/kapitalis.com\/tunisie\/2021\/12\/02\/italie-arrestation-dun-individu-recherche-en-tunisie-pour-appartenance-a-daech\/\">Italie : Arrestation d&rsquo;un individu recherch\u00e9 en Tunisie pour appartenance \u00e0 Daech<\/a><\/blockquote><iframe loading=\"lazy\" class=\"wp-embedded-content\" sandbox=\"allow-scripts\" security=\"restricted\" style=\"position: absolute; clip: rect(1px, 1px, 1px, 1px);\" title=\"\u00ab\u00a0Italie : Arrestation d&rsquo;un individu recherch\u00e9 en Tunisie pour appartenance \u00e0 Daech\u00a0\u00bb &#8212; Kapitalis\" src=\"https:\/\/kapitalis.com\/tunisie\/2021\/12\/02\/italie-arrestation-dun-individu-recherche-en-tunisie-pour-appartenance-a-daech\/embed\/#?secret=oa4Hr7V7Gt#?secret=CvLQXfAeA2\" data-secret=\"CvLQXfAeA2\" width=\"600\" height=\"338\" frameborder=\"0\" marginwidth=\"0\" marginheight=\"0\" scrolling=\"no\"><\/iframe>\n<\/div><\/figure>\n","protected":false},"excerpt":{"rendered":"<p>Une conf\u00e9rence de presse a \u00e9t\u00e9 organis\u00e9e cet apr\u00e8s-midi, jeudi 2 d\u00e9cembre 20221, par la police italienne afin d&rsquo;en dire plus sur le Tunisien de 25 ans, li\u00e9 \u00e0 l&rsquo;organisation terroriste de l\u2019\u00c9tat islamique (Daech), qui fait l\u2019objet d\u2019un mandat d\u2019arr\u00eat international en vue de son extradition, \u00e9mis par le tribunal de Tunis pour terrorisme&#8230;<\/p>\n","protected":false},"author":6,"featured_media":372198,"comment_status":"open","ping_status":"open","sticky":false,"template":"","format":"standard","meta":{"footnotes":""},"categories":[998,2433],"tags":[258,367,29292,505,95434,898,15120,62643,76308],"class_list":["post-372190","post","type-post","status-publish","format-standard","has-post-thumbnail","hentry","category-societe","category-tunisie","tag-daech","tag-extradition","tag-isis","tag-italie","tag-mandat-darret-international-2","tag-terroriste","tag-tribunal-tunis","tag-tunisie","tag-venise-2"],"yoast_head":"<!-- This site is optimized with the Yoast SEO plugin v26.6 - https:\/\/yoast.com\/wordpress\/plugins\/seo\/ -->\n<title>A propos du terroriste de Daech, recherch\u00e9 en Tunisie et arr\u00eat\u00e9 en Italie - Kapitalis<\/title>\n<meta name=\"robots\" content=\"index, follow, max-snippet:-1, max-image-preview:large, max-video-preview:-1\" \/>\n<link rel=\"canonical\" href=\"https:\/\/kapitalis.com\/tunisie\/2021\/12\/02\/a-propos-du-terroriste-de-daech-recherche-en-tunisie-et-arrete-en-italie\/\" \/>\n<meta property=\"og:locale\" content=\"fr_FR\" \/>\n<meta property=\"og:type\" content=\"article\" \/>\n<meta property=\"og:title\" content=\"A propos du terroriste de Daech, recherch\u00e9 en Tunisie et arr\u00eat\u00e9 en Italie - Kapitalis\" \/>\n<meta property=\"og:description\" content=\"Une conf\u00e9rence de presse a \u00e9t\u00e9 organis\u00e9e cet apr\u00e8s-midi, jeudi 2 d\u00e9cembre 20221, par la police italienne afin d&rsquo;en dire plus sur le Tunisien de 25 ans, li\u00e9 \u00e0 l&rsquo;organisation terroriste de l\u2019\u00c9tat islamique (Daech), qui fait l\u2019objet d\u2019un mandat d\u2019arr\u00eat international en vue de son extradition, \u00e9mis par le tribunal de Tunis pour terrorisme...\" \/>\n<meta property=\"og:url\" content=\"https:\/\/kapitalis.com\/tunisie\/2021\/12\/02\/a-propos-du-terroriste-de-daech-recherche-en-tunisie-et-arrete-en-italie\/\" \/>\n<meta property=\"og:site_name\" content=\"Kapitalis\" \/>\n<meta property=\"article:publisher\" content=\"https:\/\/www.facebook.com\/KapitalisInfo\/\" \/>\n<meta property=\"article:published_time\" content=\"2021-12-02T21:32:52+00:00\" \/>\n<meta property=\"article:modified_time\" content=\"2021-12-02T21:40:11+00:00\" \/>\n<meta property=\"og:image\" content=\"https:\/\/kapitalis.com\/tunisie\/wp-content\/uploads\/2022\/05\/kapitalis-logo-fb.png\" \/>\n\t<meta property=\"og:image:width\" content=\"1200\" \/>\n\t<meta property=\"og:image:height\" content=\"630\" \/>\n\t<meta property=\"og:image:type\" content=\"image\/png\" \/>\n<meta name=\"author\" content=\"Yusra NY\" \/>\n<meta name=\"twitter:card\" content=\"summary_large_image\" \/>\n<meta name=\"twitter:creator\" content=\"@KapitalisInfo\" \/>\n<meta name=\"twitter:site\" content=\"@KapitalisInfo\" \/>\n<meta name=\"twitter:label1\" content=\"\u00c9crit par\" \/>\n\t<meta name=\"twitter:data1\" content=\"Yusra NY\" \/>\n\t<meta name=\"twitter:label2\" content=\"Dur\u00e9e de lecture estim\u00e9e\" \/>\n\t<meta name=\"twitter:data2\" content=\"2 minutes\" \/>\n<script type=\"application\/ld+json\" class=\"yoast-schema-graph\">{\"@context\":\"https:\/\/schema.org\",\"@graph\":[{\"@type\":\"Article\",\"@id\":\"https:\/\/kapitalis.com\/tunisie\/2021\/12\/02\/a-propos-du-terroriste-de-daech-recherche-en-tunisie-et-arrete-en-italie\/#article\",\"isPartOf\":{\"@id\":\"https:\/\/kapitalis.com\/tunisie\/2021\/12\/02\/a-propos-du-terroriste-de-daech-recherche-en-tunisie-et-arrete-en-italie\/\"},\"author\":{\"name\":\"Yusra NY\",\"@id\":\"https:\/\/kapitalis.com\/tunisie\/#\/schema\/person\/74bbde0154d49d790a92aaeac5bc01d5\"},\"headline\":\"A propos du terroriste de Daech, recherch\u00e9 en Tunisie et arr\u00eat\u00e9 en Italie\",\"datePublished\":\"2021-12-02T21:32:52+00:00\",\"dateModified\":\"2021-12-02T21:40:11+00:00\",\"mainEntityOfPage\":{\"@id\":\"https:\/\/kapitalis.com\/tunisie\/2021\/12\/02\/a-propos-du-terroriste-de-daech-recherche-en-tunisie-et-arrete-en-italie\/\"},\"wordCount\":371,\"commentCount\":1,\"publisher\":{\"@id\":\"https:\/\/kapitalis.com\/tunisie\/#organization\"},\"image\":{\"@id\":\"https:\/\/kapitalis.com\/tunisie\/2021\/12\/02\/a-propos-du-terroriste-de-daech-recherche-en-tunisie-et-arrete-en-italie\/#primaryimage\"},\"thumbnailUrl\":\"\",\"keywords\":[\"Daech\",\"extradition\",\"Isis\",\"Italie\",\"mandat d\u2019arr\u00eat international\",\"terroriste\",\"tribunal Tunis\",\"Tunisie\",\"Venise\"],\"articleSection\":[\"SOCIETE\",\"Tunisie\"],\"inLanguage\":\"fr-FR\",\"potentialAction\":[{\"@type\":\"CommentAction\",\"name\":\"Comment\",\"target\":[\"https:\/\/kapitalis.com\/tunisie\/2021\/12\/02\/a-propos-du-terroriste-de-daech-recherche-en-tunisie-et-arrete-en-italie\/#respond\"]}]},{\"@type\":\"WebPage\",\"@id\":\"https:\/\/kapitalis.com\/tunisie\/2021\/12\/02\/a-propos-du-terroriste-de-daech-recherche-en-tunisie-et-arrete-en-italie\/\",\"url\":\"https:\/\/kapitalis.com\/tunisie\/2021\/12\/02\/a-propos-du-terroriste-de-daech-recherche-en-tunisie-et-arrete-en-italie\/\",\"name\":\"A propos du terroriste de Daech, recherch\u00e9 en Tunisie et arr\u00eat\u00e9 en Italie - Kapitalis\",\"isPartOf\":{\"@id\":\"https:\/\/kapitalis.com\/tunisie\/#website\"},\"primaryImageOfPage\":{\"@id\":\"https:\/\/kapitalis.com\/tunisie\/2021\/12\/02\/a-propos-du-terroriste-de-daech-recherche-en-tunisie-et-arrete-en-italie\/#primaryimage\"},\"image\":{\"@id\":\"https:\/\/kapitalis.com\/tunisie\/2021\/12\/02\/a-propos-du-terroriste-de-daech-recherche-en-tunisie-et-arrete-en-italie\/#primaryimage\"},\"thumbnailUrl\":\"\",\"datePublished\":\"2021-12-02T21:32:52+00:00\",\"dateModified\":\"2021-12-02T21:40:11+00:00\",\"breadcrumb\":{\"@id\":\"https:\/\/kapitalis.com\/tunisie\/2021\/12\/02\/a-propos-du-terroriste-de-daech-recherche-en-tunisie-et-arrete-en-italie\/#breadcrumb\"},\"inLanguage\":\"fr-FR\",\"potentialAction\":[{\"@type\":\"ReadAction\",\"target\":[\"https:\/\/kapitalis.com\/tunisie\/2021\/12\/02\/a-propos-du-terroriste-de-daech-recherche-en-tunisie-et-arrete-en-italie\/\"]}]},{\"@type\":\"ImageObject\",\"inLanguage\":\"fr-FR\",\"@id\":\"https:\/\/kapitalis.com\/tunisie\/2021\/12\/02\/a-propos-du-terroriste-de-daech-recherche-en-tunisie-et-arrete-en-italie\/#primaryimage\",\"url\":\"\",\"contentUrl\":\"\"},{\"@type\":\"BreadcrumbList\",\"@id\":\"https:\/\/kapitalis.com\/tunisie\/2021\/12\/02\/a-propos-du-terroriste-de-daech-recherche-en-tunisie-et-arrete-en-italie\/#breadcrumb\",\"itemListElement\":[{\"@type\":\"ListItem\",\"position\":1,\"name\":\"Accueil\",\"item\":\"https:\/\/kapitalis.com\/tunisie\/\"},{\"@type\":\"ListItem\",\"position\":2,\"name\":\"A propos du terroriste de Daech, recherch\u00e9 en Tunisie et arr\u00eat\u00e9 en Italie\"}]},{\"@type\":\"WebSite\",\"@id\":\"https:\/\/kapitalis.com\/tunisie\/#website\",\"url\":\"https:\/\/kapitalis.com\/tunisie\/\",\"name\":\"Kapitalis\",\"description\":\"L&#039;actualit\u00e9 en Tunisie et dans le monde\",\"publisher\":{\"@id\":\"https:\/\/kapitalis.com\/tunisie\/#organization\"},\"potentialAction\":[{\"@type\":\"SearchAction\",\"target\":{\"@type\":\"EntryPoint\",\"urlTemplate\":\"https:\/\/kapitalis.com\/tunisie\/?s={search_term_string}\"},\"query-input\":{\"@type\":\"PropertyValueSpecification\",\"valueRequired\":true,\"valueName\":\"search_term_string\"}}],\"inLanguage\":\"fr-FR\"},{\"@type\":\"Organization\",\"@id\":\"https:\/\/kapitalis.com\/tunisie\/#organization\",\"name\":\"Kapitalis\",\"url\":\"https:\/\/kapitalis.com\/tunisie\/\",\"logo\":{\"@type\":\"ImageObject\",\"inLanguage\":\"fr-FR\",\"@id\":\"https:\/\/kapitalis.com\/tunisie\/#\/schema\/logo\/image\/\",\"url\":\"https:\/\/kapitalis.com\/tunisie\/wp-content\/uploads\/2022\/05\/Kapitalis-big-size.png\",\"contentUrl\":\"https:\/\/kapitalis.com\/tunisie\/wp-content\/uploads\/2022\/05\/Kapitalis-big-size.png\",\"width\":5000,\"height\":1500,\"caption\":\"Kapitalis\"},\"image\":{\"@id\":\"https:\/\/kapitalis.com\/tunisie\/#\/schema\/logo\/image\/\"},\"sameAs\":[\"https:\/\/www.facebook.com\/KapitalisInfo\/\",\"https:\/\/x.com\/KapitalisInfo\",\"https:\/\/www.youtube.com\/channel\/UC-yDYrHyfFBWWZaOw3FPg9Q\"]},{\"@type\":\"Person\",\"@id\":\"https:\/\/kapitalis.com\/tunisie\/#\/schema\/person\/74bbde0154d49d790a92aaeac5bc01d5\",\"name\":\"Yusra NY\",\"url\":\"https:\/\/kapitalis.com\/tunisie\/author\/yuza_adam\/\"}]}<\/script>\n<!-- \/ Yoast SEO plugin. -->","yoast_head_json":{"title":"A propos du terroriste de Daech, recherch\u00e9 en Tunisie et arr\u00eat\u00e9 en Italie - Kapitalis","robots":{"index":"index","follow":"follow","max-snippet":"max-snippet:-1","max-image-preview":"max-image-preview:large","max-video-preview":"max-video-preview:-1"},"canonical":"https:\/\/kapitalis.com\/tunisie\/2021\/12\/02\/a-propos-du-terroriste-de-daech-recherche-en-tunisie-et-arrete-en-italie\/","og_locale":"fr_FR","og_type":"article","og_title":"A propos du terroriste de Daech, recherch\u00e9 en Tunisie et arr\u00eat\u00e9 en Italie - Kapitalis","og_description":"Une conf\u00e9rence de presse a \u00e9t\u00e9 organis\u00e9e cet apr\u00e8s-midi, jeudi 2 d\u00e9cembre 20221, par la police italienne afin d&rsquo;en dire plus sur le Tunisien de 25 ans, li\u00e9 \u00e0 l&rsquo;organisation terroriste de l\u2019\u00c9tat islamique (Daech), qui fait l\u2019objet d\u2019un mandat d\u2019arr\u00eat international en vue de son extradition, \u00e9mis par le tribunal de Tunis pour terrorisme...","og_url":"https:\/\/kapitalis.com\/tunisie\/2021\/12\/02\/a-propos-du-terroriste-de-daech-recherche-en-tunisie-et-arrete-en-italie\/","og_site_name":"Kapitalis","article_publisher":"https:\/\/www.facebook.com\/KapitalisInfo\/","article_published_time":"2021-12-02T21:32:52+00:00","article_modified_time":"2021-12-02T21:40:11+00:00","og_image":[{"width":1200,"height":630,"url":"https:\/\/kapitalis.com\/tunisie\/wp-content\/uploads\/2022\/05\/kapitalis-logo-fb.png","type":"image\/png"}],"author":"Yusra NY","twitter_card":"summary_large_image","twitter_creator":"@KapitalisInfo","twitter_site":"@KapitalisInfo","twitter_misc":{"\u00c9crit par":"Yusra NY","Dur\u00e9e de lecture estim\u00e9e":"2 minutes"},"schema":{"@context":"https:\/\/schema.org","@graph":[{"@type":"Article","@id":"https:\/\/kapitalis.com\/tunisie\/2021\/12\/02\/a-propos-du-terroriste-de-daech-recherche-en-tunisie-et-arrete-en-italie\/#article","isPartOf":{"@id":"https:\/\/kapitalis.com\/tunisie\/2021\/12\/02\/a-propos-du-terroriste-de-daech-recherche-en-tunisie-et-arrete-en-italie\/"},"author":{"name":"Yusra NY","@id":"https:\/\/kapitalis.com\/tunisie\/#\/schema\/person\/74bbde0154d49d790a92aaeac5bc01d5"},"headline":"A propos du terroriste de Daech, recherch\u00e9 en Tunisie et arr\u00eat\u00e9 en Italie","datePublished":"2021-12-02T21:32:52+00:00","dateModified":"2021-12-02T21:40:11+00:00","mainEntityOfPage":{"@id":"https:\/\/kapitalis.com\/tunisie\/2021\/12\/02\/a-propos-du-terroriste-de-daech-recherche-en-tunisie-et-arrete-en-italie\/"},"wordCount":371,"commentCount":1,"publisher":{"@id":"https:\/\/kapitalis.com\/tunisie\/#organization"},"image":{"@id":"https:\/\/kapitalis.com\/tunisie\/2021\/12\/02\/a-propos-du-terroriste-de-daech-recherche-en-tunisie-et-arrete-en-italie\/#primaryimage"},"thumbnailUrl":"","keywords":["Daech","extradition","Isis","Italie","mandat d\u2019arr\u00eat international","terroriste","tribunal Tunis","Tunisie","Venise"],"articleSection":["SOCIETE","Tunisie"],"inLanguage":"fr-FR","potentialAction":[{"@type":"CommentAction","name":"Comment","target":["https:\/\/kapitalis.com\/tunisie\/2021\/12\/02\/a-propos-du-terroriste-de-daech-recherche-en-tunisie-et-arrete-en-italie\/#respond"]}]},{"@type":"WebPage","@id":"https:\/\/kapitalis.com\/tunisie\/2021\/12\/02\/a-propos-du-terroriste-de-daech-recherche-en-tunisie-et-arrete-en-italie\/","url":"https:\/\/kapitalis.com\/tunisie\/2021\/12\/02\/a-propos-du-terroriste-de-daech-recherche-en-tunisie-et-arrete-en-italie\/","name":"A propos du terroriste de Daech, recherch\u00e9 en Tunisie et arr\u00eat\u00e9 en Italie - Kapitalis","isPartOf":{"@id":"https:\/\/kapitalis.com\/tunisie\/#website"},"primaryImageOfPage":{"@id":"https:\/\/kapitalis.com\/tunisie\/2021\/12\/02\/a-propos-du-terroriste-de-daech-recherche-en-tunisie-et-arrete-en-italie\/#primaryimage"},"image":{"@id":"https:\/\/kapitalis.com\/tunisie\/2021\/12\/02\/a-propos-du-terroriste-de-daech-recherche-en-tunisie-et-arrete-en-italie\/#primaryimage"},"thumbnailUrl":"","datePublished":"2021-12-02T21:32:52+00:00","dateModified":"2021-12-02T21:40:11+00:00","breadcrumb":{"@id":"https:\/\/kapitalis.com\/tunisie\/2021\/12\/02\/a-propos-du-terroriste-de-daech-recherche-en-tunisie-et-arrete-en-italie\/#breadcrumb"},"inLanguage":"fr-FR","potentialAction":[{"@type":"ReadAction","target":["https:\/\/kapitalis.com\/tunisie\/2021\/12\/02\/a-propos-du-terroriste-de-daech-recherche-en-tunisie-et-arrete-en-italie\/"]}]},{"@type":"ImageObject","inLanguage":"fr-FR","@id":"https:\/\/kapitalis.com\/tunisie\/2021\/12\/02\/a-propos-du-terroriste-de-daech-recherche-en-tunisie-et-arrete-en-italie\/#primaryimage","url":"","contentUrl":""},{"@type":"BreadcrumbList","@id":"https:\/\/kapitalis.com\/tunisie\/2021\/12\/02\/a-propos-du-terroriste-de-daech-recherche-en-tunisie-et-arrete-en-italie\/#breadcrumb","itemListElement":[{"@type":"ListItem","position":1,"name":"Accueil","item":"https:\/\/kapitalis.com\/tunisie\/"},{"@type":"ListItem","position":2,"name":"A propos du terroriste de Daech, recherch\u00e9 en Tunisie et arr\u00eat\u00e9 en Italie"}]},{"@type":"WebSite","@id":"https:\/\/kapitalis.com\/tunisie\/#website","url":"https:\/\/kapitalis.com\/tunisie\/","name":"Kapitalis","description":"L&#039;actualit\u00e9 en Tunisie et dans le monde","publisher":{"@id":"https:\/\/kapitalis.com\/tunisie\/#organization"},"potentialAction":[{"@type":"SearchAction","target":{"@type":"EntryPoint","urlTemplate":"https:\/\/kapitalis.com\/tunisie\/?s={search_term_string}"},"query-input":{"@type":"PropertyValueSpecification","valueRequired":true,"valueName":"search_term_string"}}],"inLanguage":"fr-FR"},{"@type":"Organization","@id":"https:\/\/kapitalis.com\/tunisie\/#organization","name":"Kapitalis","url":"https:\/\/kapitalis.com\/tunisie\/","logo":{"@type":"ImageObject","inLanguage":"fr-FR","@id":"https:\/\/kapitalis.com\/tunisie\/#\/schema\/logo\/image\/","url":"https:\/\/kapitalis.com\/tunisie\/wp-content\/uploads\/2022\/05\/Kapitalis-big-size.png","contentUrl":"https:\/\/kapitalis.com\/tunisie\/wp-content\/uploads\/2022\/05\/Kapitalis-big-size.png","width":5000,"height":1500,"caption":"Kapitalis"},"image":{"@id":"https:\/\/kapitalis.com\/tunisie\/#\/schema\/logo\/image\/"},"sameAs":["https:\/\/www.facebook.com\/KapitalisInfo\/","https:\/\/x.com\/KapitalisInfo","https:\/\/www.youtube.com\/channel\/UC-yDYrHyfFBWWZaOw3FPg9Q"]},{"@type":"Person","@id":"https:\/\/kapitalis.com\/tunisie\/#\/schema\/person\/74bbde0154d49d790a92aaeac5bc01d5","name":"Yusra NY","url":"https:\/\/kapitalis.com\/tunisie\/author\/yuza_adam\/"}]}},"_links":{"self":[{"href":"https:\/\/kapitalis.com\/tunisie\/wp-json\/wp\/v2\/posts\/372190","targetHints":{"allow":["GET"]}}],"collection":[{"href":"https:\/\/kapitalis.com\/tunisie\/wp-json\/wp\/v2\/posts"}],"about":[{"href":"https:\/\/kapitalis.com\/tunisie\/wp-json\/wp\/v2\/types\/post"}],"author":[{"embeddable":true,"href":"https:\/\/kapitalis.com\/tunisie\/wp-json\/wp\/v2\/users\/6"}],"replies":[{"embeddable":true,"href":"https:\/\/kapitalis.com\/tunisie\/wp-json\/wp\/v2\/comments?post=372190"}],"version-history":[{"count":0,"href":"https:\/\/kapitalis.com\/tunisie\/wp-json\/wp\/v2\/posts\/372190\/revisions"}],"wp:featuredmedia":[{"embeddable":true,"href":"https:\/\/kapitalis.com\/tunisie\/wp-json\/wp\/v2\/media\/372198"}],"wp:attachment":[{"href":"https:\/\/kapitalis.com\/tunisie\/wp-json\/wp\/v2\/media?parent=372190"}],"wp:term":[{"taxonomy":"category","embeddable":true,"href":"https:\/\/kapitalis.com\/tunisie\/wp-json\/wp\/v2\/categories?post=372190"},{"taxonomy":"post_tag","embeddable":true,"href":"https:\/\/kapitalis.com\/tunisie\/wp-json\/wp\/v2\/tags?post=372190"}],"curies":[{"name":"wp","href":"https:\/\/api.w.org\/{rel}","templated":true}]}}