{"id":372267,"date":"2021-12-03T20:15:51","date_gmt":"2021-12-03T19:15:51","guid":{"rendered":"http:\/\/kapitalis.com\/tunisie\/?p=372267"},"modified":"2021-12-03T20:20:13","modified_gmt":"2021-12-03T19:20:13","slug":"italie-deces-dun-tunisien-place-au-centre-de-retention-pour-les-migrants-ponte-galeria","status":"publish","type":"post","link":"https:\/\/kapitalis.com\/tunisie\/2021\/12\/03\/italie-deces-dun-tunisien-place-au-centre-de-retention-pour-les-migrants-ponte-galeria\/","title":{"rendered":"Italie : D\u00e9c\u00e8s d&rsquo;un Tunisien plac\u00e9 au Centre de r\u00e9tention pour les migrants Ponte Galeria"},"content":{"rendered":"\n<div class=\"wp-block-image\"><figure class=\"aligncenter size-full\"><img decoding=\"async\" src=\"http:\/\/kapitalis.com\/tunisie\/wp-content\/uploads\/2021\/12\/Centre-de-retention.jpg\" alt=\"\" class=\"wp-image-372269\"\/><figcaption><em>Ph. d&rsquo;archives.<\/em><\/figcaption><\/figure><\/div>\n\n\n\n<p><strong><em>Le d\u00e9put\u00e9 Majdi Karbai a annonc\u00e9 le d\u00e9c\u00e8s d&rsquo;un Tunisien, arriv\u00e9 en octobre en Italie, et qui \u00e9tait plac\u00e9 au Centre de r\u00e9tention pour les migrants Ponte Galeria, dans la banlieue de Rome.<\/em><\/strong><\/p>\n\n\n\n<!--more-->\n\n\n\n<p>A son arriv\u00e9e en Italie, W.A.L avait \u00e9t\u00e9 plac\u00e9 en quarantaine (en pr\u00e9vention au Covid) \u00e0 bord du ferry GNV, avant d&rsquo;\u00eatre transf\u00e9r\u00e9 au centre de r\u00e9tention Ponte Galeria, pr\u00e9cise Majdi Karbai, en affirmant que le Tunisien a \u00e9t\u00e9 transport\u00e9 \u00e0 l&rsquo;h\u00f4pital le 28 novembre dernier, apr\u00e8s la d\u00e9t\u00e9rioration de son \u00e9tat de sant\u00e9.<\/p>\n\n\n\n<p><em>\u00abW.A.L est d\u00e9c\u00e9d\u00e9 hier, jeudi 2 d\u00e9cembre<\/em>\u00bb d\u00e9plore le d\u00e9put\u00e9 Attayar, en \u00e9voquant une nouvelle trag\u00e9die et en faisant part de la col\u00e8re de la famille et des amis du d\u00e9funt, soulignant avoir alert\u00e9 des associations et des avocats.<\/p>\n\n\n\n<p>\u00ab<em>Politiciens, avocats, journalistes, autorit\u00e9s comp\u00e9tentes, magistrats, organisations et associations en Italie, se mobilisent pour que la v\u00e9rit\u00e9 sur la mort du jeune tunisien soit r\u00e9v\u00e9l\u00e9\u00bb<\/em>, a-t-il \u00e9crit en rappelant avoir d\u00e9j\u00e0 mis en garde contre ces centres, qu&rsquo;il a compar\u00e9 \u00e0 <em>\u00abGuantanamo pour les migrants<\/em>\u00bb.<\/p>\n\n\n\n<p>Notons que plusieurs alertes avaient \u00e9t\u00e9 \u00e9mises par des association sur les conditions des migrants dans les centres d\u2019identification et d\u2019expulsion \u00bb (CIE), o\u00f9 sont plac\u00e9s les personnes entr\u00e9es ill\u00e9galement en Italie et de nombreux t\u00e9moignages \u00e9voquent \u00abl&rsquo;enfer\u00bb dans ces centres\u2026<\/p>\n\n\n\n<p class=\"has-text-align-right\"><strong>Y. N.<\/strong><\/p>\n","protected":false},"excerpt":{"rendered":"<p>Le d\u00e9put\u00e9 Majdi Karbai a annonc\u00e9 le d\u00e9c\u00e8s d&rsquo;un Tunisien, arriv\u00e9 en octobre en Italie, et qui \u00e9tait plac\u00e9 au Centre de r\u00e9tention pour les migrants Ponte Galeria, dans la banlieue de Rome.<\/p>\n","protected":false},"author":6,"featured_media":372269,"comment_status":"open","ping_status":"open","sticky":false,"template":"","format":"standard","meta":{"footnotes":""},"categories":[998,2433],"tags":[95442,64263,505,85139,95443,3658,62643,931],"class_list":["post-372267","post","type-post","status-publish","format-standard","has-post-thumbnail","hentry","category-societe","category-tunisie","tag-centre-de-retention","tag-deces","tag-italie","tag-majdi-karbai","tag-ponte-galeria","tag-rome","tag-tunisie","tag-tunisien"],"yoast_head":"<!-- This site is optimized with the Yoast SEO plugin v26.6 - https:\/\/yoast.com\/wordpress\/plugins\/seo\/ -->\n<title>Italie : D\u00e9c\u00e8s d&#039;un Tunisien plac\u00e9 au Centre de r\u00e9tention pour les migrants Ponte Galeria - Kapitalis<\/title>\n<meta name=\"robots\" content=\"index, follow, max-snippet:-1, max-image-preview:large, max-video-preview:-1\" \/>\n<link rel=\"canonical\" href=\"https:\/\/kapitalis.com\/tunisie\/2021\/12\/03\/italie-deces-dun-tunisien-place-au-centre-de-retention-pour-les-migrants-ponte-galeria\/\" \/>\n<meta property=\"og:locale\" content=\"fr_FR\" \/>\n<meta property=\"og:type\" content=\"article\" \/>\n<meta property=\"og:title\" content=\"Italie : D\u00e9c\u00e8s d&#039;un Tunisien plac\u00e9 au Centre de r\u00e9tention pour les migrants Ponte Galeria - Kapitalis\" \/>\n<meta property=\"og:description\" content=\"Le d\u00e9put\u00e9 Majdi Karbai a annonc\u00e9 le d\u00e9c\u00e8s d&rsquo;un Tunisien, arriv\u00e9 en octobre en Italie, et qui \u00e9tait plac\u00e9 au Centre de r\u00e9tention pour les migrants Ponte Galeria, dans la banlieue de Rome.\" \/>\n<meta property=\"og:url\" content=\"https:\/\/kapitalis.com\/tunisie\/2021\/12\/03\/italie-deces-dun-tunisien-place-au-centre-de-retention-pour-les-migrants-ponte-galeria\/\" \/>\n<meta property=\"og:site_name\" content=\"Kapitalis\" \/>\n<meta property=\"article:publisher\" content=\"https:\/\/www.facebook.com\/KapitalisInfo\/\" \/>\n<meta property=\"article:published_time\" content=\"2021-12-03T19:15:51+00:00\" \/>\n<meta property=\"article:modified_time\" content=\"2021-12-03T19:20:13+00:00\" \/>\n<meta property=\"og:image\" content=\"https:\/\/kapitalis.com\/tunisie\/wp-content\/uploads\/2022\/05\/kapitalis-logo-fb.png\" \/>\n\t<meta property=\"og:image:width\" content=\"1200\" \/>\n\t<meta property=\"og:image:height\" content=\"630\" \/>\n\t<meta property=\"og:image:type\" content=\"image\/png\" \/>\n<meta name=\"author\" content=\"Yusra NY\" \/>\n<meta name=\"twitter:card\" content=\"summary_large_image\" \/>\n<meta name=\"twitter:creator\" content=\"@KapitalisInfo\" \/>\n<meta name=\"twitter:site\" content=\"@KapitalisInfo\" \/>\n<meta name=\"twitter:label1\" content=\"\u00c9crit par\" \/>\n\t<meta name=\"twitter:data1\" content=\"Yusra NY\" \/>\n\t<meta name=\"twitter:label2\" content=\"Dur\u00e9e de lecture estim\u00e9e\" \/>\n\t<meta name=\"twitter:data2\" content=\"1 minute\" \/>\n<script type=\"application\/ld+json\" class=\"yoast-schema-graph\">{\"@context\":\"https:\/\/schema.org\",\"@graph\":[{\"@type\":\"Article\",\"@id\":\"https:\/\/kapitalis.com\/tunisie\/2021\/12\/03\/italie-deces-dun-tunisien-place-au-centre-de-retention-pour-les-migrants-ponte-galeria\/#article\",\"isPartOf\":{\"@id\":\"https:\/\/kapitalis.com\/tunisie\/2021\/12\/03\/italie-deces-dun-tunisien-place-au-centre-de-retention-pour-les-migrants-ponte-galeria\/\"},\"author\":{\"name\":\"Yusra NY\",\"@id\":\"https:\/\/kapitalis.com\/tunisie\/#\/schema\/person\/74bbde0154d49d790a92aaeac5bc01d5\"},\"headline\":\"Italie : D\u00e9c\u00e8s d&rsquo;un Tunisien plac\u00e9 au Centre de r\u00e9tention pour les migrants Ponte Galeria\",\"datePublished\":\"2021-12-03T19:15:51+00:00\",\"dateModified\":\"2021-12-03T19:20:13+00:00\",\"mainEntityOfPage\":{\"@id\":\"https:\/\/kapitalis.com\/tunisie\/2021\/12\/03\/italie-deces-dun-tunisien-place-au-centre-de-retention-pour-les-migrants-ponte-galeria\/\"},\"wordCount\":265,\"commentCount\":0,\"publisher\":{\"@id\":\"https:\/\/kapitalis.com\/tunisie\/#organization\"},\"image\":{\"@id\":\"https:\/\/kapitalis.com\/tunisie\/2021\/12\/03\/italie-deces-dun-tunisien-place-au-centre-de-retention-pour-les-migrants-ponte-galeria\/#primaryimage\"},\"thumbnailUrl\":\"\",\"keywords\":[\"Centre de r\u00e9tention\",\"d\u00e9c\u00e8s\",\"Italie\",\"Majdi Karbai\",\"Ponte Galeria\",\"Rome\",\"Tunisie\",\"Tunisien\"],\"articleSection\":[\"SOCIETE\",\"Tunisie\"],\"inLanguage\":\"fr-FR\",\"potentialAction\":[{\"@type\":\"CommentAction\",\"name\":\"Comment\",\"target\":[\"https:\/\/kapitalis.com\/tunisie\/2021\/12\/03\/italie-deces-dun-tunisien-place-au-centre-de-retention-pour-les-migrants-ponte-galeria\/#respond\"]}]},{\"@type\":\"WebPage\",\"@id\":\"https:\/\/kapitalis.com\/tunisie\/2021\/12\/03\/italie-deces-dun-tunisien-place-au-centre-de-retention-pour-les-migrants-ponte-galeria\/\",\"url\":\"https:\/\/kapitalis.com\/tunisie\/2021\/12\/03\/italie-deces-dun-tunisien-place-au-centre-de-retention-pour-les-migrants-ponte-galeria\/\",\"name\":\"Italie : D\u00e9c\u00e8s d'un Tunisien plac\u00e9 au Centre de r\u00e9tention pour les migrants Ponte Galeria - Kapitalis\",\"isPartOf\":{\"@id\":\"https:\/\/kapitalis.com\/tunisie\/#website\"},\"primaryImageOfPage\":{\"@id\":\"https:\/\/kapitalis.com\/tunisie\/2021\/12\/03\/italie-deces-dun-tunisien-place-au-centre-de-retention-pour-les-migrants-ponte-galeria\/#primaryimage\"},\"image\":{\"@id\":\"https:\/\/kapitalis.com\/tunisie\/2021\/12\/03\/italie-deces-dun-tunisien-place-au-centre-de-retention-pour-les-migrants-ponte-galeria\/#primaryimage\"},\"thumbnailUrl\":\"\",\"datePublished\":\"2021-12-03T19:15:51+00:00\",\"dateModified\":\"2021-12-03T19:20:13+00:00\",\"breadcrumb\":{\"@id\":\"https:\/\/kapitalis.com\/tunisie\/2021\/12\/03\/italie-deces-dun-tunisien-place-au-centre-de-retention-pour-les-migrants-ponte-galeria\/#breadcrumb\"},\"inLanguage\":\"fr-FR\",\"potentialAction\":[{\"@type\":\"ReadAction\",\"target\":[\"https:\/\/kapitalis.com\/tunisie\/2021\/12\/03\/italie-deces-dun-tunisien-place-au-centre-de-retention-pour-les-migrants-ponte-galeria\/\"]}]},{\"@type\":\"ImageObject\",\"inLanguage\":\"fr-FR\",\"@id\":\"https:\/\/kapitalis.com\/tunisie\/2021\/12\/03\/italie-deces-dun-tunisien-place-au-centre-de-retention-pour-les-migrants-ponte-galeria\/#primaryimage\",\"url\":\"\",\"contentUrl\":\"\"},{\"@type\":\"BreadcrumbList\",\"@id\":\"https:\/\/kapitalis.com\/tunisie\/2021\/12\/03\/italie-deces-dun-tunisien-place-au-centre-de-retention-pour-les-migrants-ponte-galeria\/#breadcrumb\",\"itemListElement\":[{\"@type\":\"ListItem\",\"position\":1,\"name\":\"Accueil\",\"item\":\"https:\/\/kapitalis.com\/tunisie\/\"},{\"@type\":\"ListItem\",\"position\":2,\"name\":\"Italie : D\u00e9c\u00e8s d&rsquo;un Tunisien plac\u00e9 au Centre de r\u00e9tention pour les migrants Ponte Galeria\"}]},{\"@type\":\"WebSite\",\"@id\":\"https:\/\/kapitalis.com\/tunisie\/#website\",\"url\":\"https:\/\/kapitalis.com\/tunisie\/\",\"name\":\"Kapitalis\",\"description\":\"L&#039;actualit\u00e9 en Tunisie et dans le monde\",\"publisher\":{\"@id\":\"https:\/\/kapitalis.com\/tunisie\/#organization\"},\"potentialAction\":[{\"@type\":\"SearchAction\",\"target\":{\"@type\":\"EntryPoint\",\"urlTemplate\":\"https:\/\/kapitalis.com\/tunisie\/?s={search_term_string}\"},\"query-input\":{\"@type\":\"PropertyValueSpecification\",\"valueRequired\":true,\"valueName\":\"search_term_string\"}}],\"inLanguage\":\"fr-FR\"},{\"@type\":\"Organization\",\"@id\":\"https:\/\/kapitalis.com\/tunisie\/#organization\",\"name\":\"Kapitalis\",\"url\":\"https:\/\/kapitalis.com\/tunisie\/\",\"logo\":{\"@type\":\"ImageObject\",\"inLanguage\":\"fr-FR\",\"@id\":\"https:\/\/kapitalis.com\/tunisie\/#\/schema\/logo\/image\/\",\"url\":\"https:\/\/kapitalis.com\/tunisie\/wp-content\/uploads\/2022\/05\/Kapitalis-big-size.png\",\"contentUrl\":\"https:\/\/kapitalis.com\/tunisie\/wp-content\/uploads\/2022\/05\/Kapitalis-big-size.png\",\"width\":5000,\"height\":1500,\"caption\":\"Kapitalis\"},\"image\":{\"@id\":\"https:\/\/kapitalis.com\/tunisie\/#\/schema\/logo\/image\/\"},\"sameAs\":[\"https:\/\/www.facebook.com\/KapitalisInfo\/\",\"https:\/\/x.com\/KapitalisInfo\",\"https:\/\/www.youtube.com\/channel\/UC-yDYrHyfFBWWZaOw3FPg9Q\"]},{\"@type\":\"Person\",\"@id\":\"https:\/\/kapitalis.com\/tunisie\/#\/schema\/person\/74bbde0154d49d790a92aaeac5bc01d5\",\"name\":\"Yusra NY\",\"url\":\"https:\/\/kapitalis.com\/tunisie\/author\/yuza_adam\/\"}]}<\/script>\n<!-- \/ Yoast SEO plugin. -->","yoast_head_json":{"title":"Italie : D\u00e9c\u00e8s d'un Tunisien plac\u00e9 au Centre de r\u00e9tention pour les migrants Ponte Galeria - Kapitalis","robots":{"index":"index","follow":"follow","max-snippet":"max-snippet:-1","max-image-preview":"max-image-preview:large","max-video-preview":"max-video-preview:-1"},"canonical":"https:\/\/kapitalis.com\/tunisie\/2021\/12\/03\/italie-deces-dun-tunisien-place-au-centre-de-retention-pour-les-migrants-ponte-galeria\/","og_locale":"fr_FR","og_type":"article","og_title":"Italie : D\u00e9c\u00e8s d'un Tunisien plac\u00e9 au Centre de r\u00e9tention pour les migrants Ponte Galeria - Kapitalis","og_description":"Le d\u00e9put\u00e9 Majdi Karbai a annonc\u00e9 le d\u00e9c\u00e8s d&rsquo;un Tunisien, arriv\u00e9 en octobre en Italie, et qui \u00e9tait plac\u00e9 au Centre de r\u00e9tention pour les migrants Ponte Galeria, dans la banlieue de Rome.","og_url":"https:\/\/kapitalis.com\/tunisie\/2021\/12\/03\/italie-deces-dun-tunisien-place-au-centre-de-retention-pour-les-migrants-ponte-galeria\/","og_site_name":"Kapitalis","article_publisher":"https:\/\/www.facebook.com\/KapitalisInfo\/","article_published_time":"2021-12-03T19:15:51+00:00","article_modified_time":"2021-12-03T19:20:13+00:00","og_image":[{"width":1200,"height":630,"url":"https:\/\/kapitalis.com\/tunisie\/wp-content\/uploads\/2022\/05\/kapitalis-logo-fb.png","type":"image\/png"}],"author":"Yusra NY","twitter_card":"summary_large_image","twitter_creator":"@KapitalisInfo","twitter_site":"@KapitalisInfo","twitter_misc":{"\u00c9crit par":"Yusra NY","Dur\u00e9e de lecture estim\u00e9e":"1 minute"},"schema":{"@context":"https:\/\/schema.org","@graph":[{"@type":"Article","@id":"https:\/\/kapitalis.com\/tunisie\/2021\/12\/03\/italie-deces-dun-tunisien-place-au-centre-de-retention-pour-les-migrants-ponte-galeria\/#article","isPartOf":{"@id":"https:\/\/kapitalis.com\/tunisie\/2021\/12\/03\/italie-deces-dun-tunisien-place-au-centre-de-retention-pour-les-migrants-ponte-galeria\/"},"author":{"name":"Yusra NY","@id":"https:\/\/kapitalis.com\/tunisie\/#\/schema\/person\/74bbde0154d49d790a92aaeac5bc01d5"},"headline":"Italie : D\u00e9c\u00e8s d&rsquo;un Tunisien plac\u00e9 au Centre de r\u00e9tention pour les migrants Ponte Galeria","datePublished":"2021-12-03T19:15:51+00:00","dateModified":"2021-12-03T19:20:13+00:00","mainEntityOfPage":{"@id":"https:\/\/kapitalis.com\/tunisie\/2021\/12\/03\/italie-deces-dun-tunisien-place-au-centre-de-retention-pour-les-migrants-ponte-galeria\/"},"wordCount":265,"commentCount":0,"publisher":{"@id":"https:\/\/kapitalis.com\/tunisie\/#organization"},"image":{"@id":"https:\/\/kapitalis.com\/tunisie\/2021\/12\/03\/italie-deces-dun-tunisien-place-au-centre-de-retention-pour-les-migrants-ponte-galeria\/#primaryimage"},"thumbnailUrl":"","keywords":["Centre de r\u00e9tention","d\u00e9c\u00e8s","Italie","Majdi Karbai","Ponte Galeria","Rome","Tunisie","Tunisien"],"articleSection":["SOCIETE","Tunisie"],"inLanguage":"fr-FR","potentialAction":[{"@type":"CommentAction","name":"Comment","target":["https:\/\/kapitalis.com\/tunisie\/2021\/12\/03\/italie-deces-dun-tunisien-place-au-centre-de-retention-pour-les-migrants-ponte-galeria\/#respond"]}]},{"@type":"WebPage","@id":"https:\/\/kapitalis.com\/tunisie\/2021\/12\/03\/italie-deces-dun-tunisien-place-au-centre-de-retention-pour-les-migrants-ponte-galeria\/","url":"https:\/\/kapitalis.com\/tunisie\/2021\/12\/03\/italie-deces-dun-tunisien-place-au-centre-de-retention-pour-les-migrants-ponte-galeria\/","name":"Italie : D\u00e9c\u00e8s d'un Tunisien plac\u00e9 au Centre de r\u00e9tention pour les migrants Ponte Galeria - Kapitalis","isPartOf":{"@id":"https:\/\/kapitalis.com\/tunisie\/#website"},"primaryImageOfPage":{"@id":"https:\/\/kapitalis.com\/tunisie\/2021\/12\/03\/italie-deces-dun-tunisien-place-au-centre-de-retention-pour-les-migrants-ponte-galeria\/#primaryimage"},"image":{"@id":"https:\/\/kapitalis.com\/tunisie\/2021\/12\/03\/italie-deces-dun-tunisien-place-au-centre-de-retention-pour-les-migrants-ponte-galeria\/#primaryimage"},"thumbnailUrl":"","datePublished":"2021-12-03T19:15:51+00:00","dateModified":"2021-12-03T19:20:13+00:00","breadcrumb":{"@id":"https:\/\/kapitalis.com\/tunisie\/2021\/12\/03\/italie-deces-dun-tunisien-place-au-centre-de-retention-pour-les-migrants-ponte-galeria\/#breadcrumb"},"inLanguage":"fr-FR","potentialAction":[{"@type":"ReadAction","target":["https:\/\/kapitalis.com\/tunisie\/2021\/12\/03\/italie-deces-dun-tunisien-place-au-centre-de-retention-pour-les-migrants-ponte-galeria\/"]}]},{"@type":"ImageObject","inLanguage":"fr-FR","@id":"https:\/\/kapitalis.com\/tunisie\/2021\/12\/03\/italie-deces-dun-tunisien-place-au-centre-de-retention-pour-les-migrants-ponte-galeria\/#primaryimage","url":"","contentUrl":""},{"@type":"BreadcrumbList","@id":"https:\/\/kapitalis.com\/tunisie\/2021\/12\/03\/italie-deces-dun-tunisien-place-au-centre-de-retention-pour-les-migrants-ponte-galeria\/#breadcrumb","itemListElement":[{"@type":"ListItem","position":1,"name":"Accueil","item":"https:\/\/kapitalis.com\/tunisie\/"},{"@type":"ListItem","position":2,"name":"Italie : D\u00e9c\u00e8s d&rsquo;un Tunisien plac\u00e9 au Centre de r\u00e9tention pour les migrants Ponte Galeria"}]},{"@type":"WebSite","@id":"https:\/\/kapitalis.com\/tunisie\/#website","url":"https:\/\/kapitalis.com\/tunisie\/","name":"Kapitalis","description":"L&#039;actualit\u00e9 en Tunisie et dans le monde","publisher":{"@id":"https:\/\/kapitalis.com\/tunisie\/#organization"},"potentialAction":[{"@type":"SearchAction","target":{"@type":"EntryPoint","urlTemplate":"https:\/\/kapitalis.com\/tunisie\/?s={search_term_string}"},"query-input":{"@type":"PropertyValueSpecification","valueRequired":true,"valueName":"search_term_string"}}],"inLanguage":"fr-FR"},{"@type":"Organization","@id":"https:\/\/kapitalis.com\/tunisie\/#organization","name":"Kapitalis","url":"https:\/\/kapitalis.com\/tunisie\/","logo":{"@type":"ImageObject","inLanguage":"fr-FR","@id":"https:\/\/kapitalis.com\/tunisie\/#\/schema\/logo\/image\/","url":"https:\/\/kapitalis.com\/tunisie\/wp-content\/uploads\/2022\/05\/Kapitalis-big-size.png","contentUrl":"https:\/\/kapitalis.com\/tunisie\/wp-content\/uploads\/2022\/05\/Kapitalis-big-size.png","width":5000,"height":1500,"caption":"Kapitalis"},"image":{"@id":"https:\/\/kapitalis.com\/tunisie\/#\/schema\/logo\/image\/"},"sameAs":["https:\/\/www.facebook.com\/KapitalisInfo\/","https:\/\/x.com\/KapitalisInfo","https:\/\/www.youtube.com\/channel\/UC-yDYrHyfFBWWZaOw3FPg9Q"]},{"@type":"Person","@id":"https:\/\/kapitalis.com\/tunisie\/#\/schema\/person\/74bbde0154d49d790a92aaeac5bc01d5","name":"Yusra NY","url":"https:\/\/kapitalis.com\/tunisie\/author\/yuza_adam\/"}]}},"_links":{"self":[{"href":"https:\/\/kapitalis.com\/tunisie\/wp-json\/wp\/v2\/posts\/372267","targetHints":{"allow":["GET"]}}],"collection":[{"href":"https:\/\/kapitalis.com\/tunisie\/wp-json\/wp\/v2\/posts"}],"about":[{"href":"https:\/\/kapitalis.com\/tunisie\/wp-json\/wp\/v2\/types\/post"}],"author":[{"embeddable":true,"href":"https:\/\/kapitalis.com\/tunisie\/wp-json\/wp\/v2\/users\/6"}],"replies":[{"embeddable":true,"href":"https:\/\/kapitalis.com\/tunisie\/wp-json\/wp\/v2\/comments?post=372267"}],"version-history":[{"count":0,"href":"https:\/\/kapitalis.com\/tunisie\/wp-json\/wp\/v2\/posts\/372267\/revisions"}],"wp:featuredmedia":[{"embeddable":true,"href":"https:\/\/kapitalis.com\/tunisie\/wp-json\/wp\/v2\/media\/372269"}],"wp:attachment":[{"href":"https:\/\/kapitalis.com\/tunisie\/wp-json\/wp\/v2\/media?parent=372267"}],"wp:term":[{"taxonomy":"category","embeddable":true,"href":"https:\/\/kapitalis.com\/tunisie\/wp-json\/wp\/v2\/categories?post=372267"},{"taxonomy":"post_tag","embeddable":true,"href":"https:\/\/kapitalis.com\/tunisie\/wp-json\/wp\/v2\/tags?post=372267"}],"curies":[{"name":"wp","href":"https:\/\/api.w.org\/{rel}","templated":true}]}}