{"id":372345,"date":"2021-12-04T14:31:33","date_gmt":"2021-12-04T13:31:33","guid":{"rendered":"http:\/\/kapitalis.com\/tunisie\/?p=372345"},"modified":"2021-12-04T14:47:16","modified_gmt":"2021-12-04T13:47:16","slug":"tunisie-lugtt-celebre-le-69e-anniversaire-de-lassassinat-de-farhat-hached","status":"publish","type":"post","link":"https:\/\/kapitalis.com\/tunisie\/2021\/12\/04\/tunisie-lugtt-celebre-le-69e-anniversaire-de-lassassinat-de-farhat-hached\/","title":{"rendered":"Tunisie : L&rsquo;UGTT c\u00e9l\u00e8bre le 69e anniversaire de l&rsquo;assassinat de Farhat Hached"},"content":{"rendered":"\n<div class=\"wp-block-image\"><figure class=\"aligncenter size-full\"><img decoding=\"async\" src=\"http:\/\/kapitalis.com\/tunisie\/wp-content\/uploads\/2021\/12\/UGTT-Hached.jpg\" alt=\"\" class=\"wp-image-372348\"\/><\/figure><\/div>\n\n\n\n<p><strong><em>L\u2019Union g\u00e9n\u00e9rale tunisienne du travail (UGTT) c\u00e9l\u00e8bre, aujourd\u2019hui, lundi 4 d\u00e9cembre 2017, le 69e anniversaire de l\u2019assassinat du syndicaliste et militant nationaliste, Farhat Hached.<\/em><\/strong><\/p>\n\n\n\n<!--more-->\n\n\n\n<p>C&rsquo;est sous le slogan : <em>\u00abL&rsquo;ind\u00e9pendance\u00bb,<\/em> que l&rsquo;UGTT a choisi de c\u00e9l\u00e9brer, cette ann\u00e9e, l&rsquo;assassinat du fondateur de la centrale syndicale, Farhat Hached, assassin\u00e9 le 5 d\u00e9cembre 1952, par l\u2019organisation colonialiste la Main Rouge, notamment via un rassemblement devant la tombe du martyr \u00e0 la Kasbah, o\u00f9 vont se sont recueillis les dirigeants et les syndicalistes \u00e0 sa m\u00e9moire.<\/p>\n\n\n\n<p>A l&rsquo;occasion, Noureddine Taboubi a prononc\u00e9 un discours adress\u00e9 aux syndicalistes et au peuple tunisien, revenant sur la situation g\u00e9n\u00e9rale du pays, la crise, les solutions et les aspirations du peuple, en cette d\u00e9licate conjoncture.<\/p>\n\n\n\n<div class=\"wp-block-image\"><figure class=\"aligncenter size-full is-resized\"><img decoding=\"async\" src=\"http:\/\/kapitalis.com\/tunisie\/wp-content\/uploads\/2020\/12\/Farhat-Hached-Tunisie-1.jpg\" alt=\"\" class=\"wp-image-326840\" width=\"500\"\/><\/figure><\/div>\n\n\n\n<p>Chaque ann\u00e9e, les Tunisiennes et Tunisiens c\u00e9l\u00e8brent ce triste anniversaire, comme une forme de reconnaissance \u00e0 Farhat Hached, un homme engag\u00e9 et patriote, qui a conduit la lutte nationale au moment o\u00f9 les leaders politiques \u00e9taient en exil \u00e0 l\u2019\u00e9tranger et en a pay\u00e9 le prix fort. <\/p>\n\n\n\n<p>La c\u00e9l\u00e8bre et incontournable phrase de Hached : \u00ab<em>Ohibbek Ya Chaab!<\/em>\u00bb (Je t\u2019aime, \u00f4 peuple!) demeure dans la m\u00e9moire collective, semblable \u00e0 un appel \u00e0 l&rsquo;union et elle est encore, aujourd&rsquo;hui, utilis\u00e9e comme un appel au ralliement du peuple pour les causes justes et nobles.<\/p>\n\n\n\n<p class=\"has-text-align-right\"><strong>Y. N. <\/strong><\/p>\n","protected":false},"excerpt":{"rendered":"<p>L\u2019Union g\u00e9n\u00e9rale tunisienne du travail (UGTT) c\u00e9l\u00e8bre, aujourd\u2019hui, lundi 4 d\u00e9cembre 2017, le 69e anniversaire de l\u2019assassinat du syndicaliste et militant nationaliste, Farhat Hached.<\/p>\n","protected":false},"author":6,"featured_media":372348,"comment_status":"open","ping_status":"open","sticky":false,"template":"","format":"standard","meta":{"footnotes":""},"categories":[998,2433],"tags":[6251,10811,78812,62643,1117,936],"class_list":["post-372345","post","type-post","status-publish","format-standard","has-post-thumbnail","hentry","category-societe","category-tunisie","tag-centrale-syndicale","tag-farhat-hached","tag-taboubi","tag-tunisie","tag-tunisiens","tag-ugtt"],"yoast_head":"<!-- This site is optimized with the Yoast SEO plugin v26.6 - https:\/\/yoast.com\/wordpress\/plugins\/seo\/ -->\n<title>Tunisie : L&#039;UGTT c\u00e9l\u00e8bre le 69e anniversaire de l&#039;assassinat de Farhat Hached - Kapitalis<\/title>\n<meta name=\"robots\" content=\"index, follow, max-snippet:-1, max-image-preview:large, max-video-preview:-1\" \/>\n<link rel=\"canonical\" href=\"https:\/\/kapitalis.com\/tunisie\/2021\/12\/04\/tunisie-lugtt-celebre-le-69e-anniversaire-de-lassassinat-de-farhat-hached\/\" \/>\n<meta property=\"og:locale\" content=\"fr_FR\" \/>\n<meta property=\"og:type\" content=\"article\" \/>\n<meta property=\"og:title\" content=\"Tunisie : L&#039;UGTT c\u00e9l\u00e8bre le 69e anniversaire de l&#039;assassinat de Farhat Hached - Kapitalis\" \/>\n<meta property=\"og:description\" content=\"L\u2019Union g\u00e9n\u00e9rale tunisienne du travail (UGTT) c\u00e9l\u00e8bre, aujourd\u2019hui, lundi 4 d\u00e9cembre 2017, le 69e anniversaire de l\u2019assassinat du syndicaliste et militant nationaliste, Farhat Hached.\" \/>\n<meta property=\"og:url\" content=\"https:\/\/kapitalis.com\/tunisie\/2021\/12\/04\/tunisie-lugtt-celebre-le-69e-anniversaire-de-lassassinat-de-farhat-hached\/\" \/>\n<meta property=\"og:site_name\" content=\"Kapitalis\" \/>\n<meta property=\"article:publisher\" content=\"https:\/\/www.facebook.com\/KapitalisInfo\/\" \/>\n<meta property=\"article:published_time\" content=\"2021-12-04T13:31:33+00:00\" \/>\n<meta property=\"article:modified_time\" content=\"2021-12-04T13:47:16+00:00\" \/>\n<meta property=\"og:image\" content=\"https:\/\/kapitalis.com\/tunisie\/wp-content\/uploads\/2022\/05\/kapitalis-logo-fb.png\" \/>\n\t<meta property=\"og:image:width\" content=\"1200\" \/>\n\t<meta property=\"og:image:height\" content=\"630\" \/>\n\t<meta property=\"og:image:type\" content=\"image\/png\" \/>\n<meta name=\"author\" content=\"Yusra NY\" \/>\n<meta name=\"twitter:card\" content=\"summary_large_image\" \/>\n<meta name=\"twitter:creator\" content=\"@KapitalisInfo\" \/>\n<meta name=\"twitter:site\" content=\"@KapitalisInfo\" \/>\n<meta name=\"twitter:label1\" content=\"\u00c9crit par\" \/>\n\t<meta name=\"twitter:data1\" content=\"Yusra NY\" \/>\n\t<meta name=\"twitter:label2\" content=\"Dur\u00e9e de lecture estim\u00e9e\" \/>\n\t<meta name=\"twitter:data2\" content=\"1 minute\" \/>\n<script type=\"application\/ld+json\" class=\"yoast-schema-graph\">{\"@context\":\"https:\/\/schema.org\",\"@graph\":[{\"@type\":\"Article\",\"@id\":\"https:\/\/kapitalis.com\/tunisie\/2021\/12\/04\/tunisie-lugtt-celebre-le-69e-anniversaire-de-lassassinat-de-farhat-hached\/#article\",\"isPartOf\":{\"@id\":\"https:\/\/kapitalis.com\/tunisie\/2021\/12\/04\/tunisie-lugtt-celebre-le-69e-anniversaire-de-lassassinat-de-farhat-hached\/\"},\"author\":{\"name\":\"Yusra NY\",\"@id\":\"https:\/\/kapitalis.com\/tunisie\/#\/schema\/person\/74bbde0154d49d790a92aaeac5bc01d5\"},\"headline\":\"Tunisie : L&rsquo;UGTT c\u00e9l\u00e8bre le 69e anniversaire de l&rsquo;assassinat de Farhat Hached\",\"datePublished\":\"2021-12-04T13:31:33+00:00\",\"dateModified\":\"2021-12-04T13:47:16+00:00\",\"mainEntityOfPage\":{\"@id\":\"https:\/\/kapitalis.com\/tunisie\/2021\/12\/04\/tunisie-lugtt-celebre-le-69e-anniversaire-de-lassassinat-de-farhat-hached\/\"},\"wordCount\":239,\"commentCount\":2,\"publisher\":{\"@id\":\"https:\/\/kapitalis.com\/tunisie\/#organization\"},\"image\":{\"@id\":\"https:\/\/kapitalis.com\/tunisie\/2021\/12\/04\/tunisie-lugtt-celebre-le-69e-anniversaire-de-lassassinat-de-farhat-hached\/#primaryimage\"},\"thumbnailUrl\":\"\",\"keywords\":[\"centrale syndicale\",\"Farhat Hached\",\"Taboubi\",\"Tunisie\",\"tunisiens\",\"UGTT\"],\"articleSection\":[\"SOCIETE\",\"Tunisie\"],\"inLanguage\":\"fr-FR\",\"potentialAction\":[{\"@type\":\"CommentAction\",\"name\":\"Comment\",\"target\":[\"https:\/\/kapitalis.com\/tunisie\/2021\/12\/04\/tunisie-lugtt-celebre-le-69e-anniversaire-de-lassassinat-de-farhat-hached\/#respond\"]}]},{\"@type\":\"WebPage\",\"@id\":\"https:\/\/kapitalis.com\/tunisie\/2021\/12\/04\/tunisie-lugtt-celebre-le-69e-anniversaire-de-lassassinat-de-farhat-hached\/\",\"url\":\"https:\/\/kapitalis.com\/tunisie\/2021\/12\/04\/tunisie-lugtt-celebre-le-69e-anniversaire-de-lassassinat-de-farhat-hached\/\",\"name\":\"Tunisie : L'UGTT c\u00e9l\u00e8bre le 69e anniversaire de l'assassinat de Farhat Hached - Kapitalis\",\"isPartOf\":{\"@id\":\"https:\/\/kapitalis.com\/tunisie\/#website\"},\"primaryImageOfPage\":{\"@id\":\"https:\/\/kapitalis.com\/tunisie\/2021\/12\/04\/tunisie-lugtt-celebre-le-69e-anniversaire-de-lassassinat-de-farhat-hached\/#primaryimage\"},\"image\":{\"@id\":\"https:\/\/kapitalis.com\/tunisie\/2021\/12\/04\/tunisie-lugtt-celebre-le-69e-anniversaire-de-lassassinat-de-farhat-hached\/#primaryimage\"},\"thumbnailUrl\":\"\",\"datePublished\":\"2021-12-04T13:31:33+00:00\",\"dateModified\":\"2021-12-04T13:47:16+00:00\",\"breadcrumb\":{\"@id\":\"https:\/\/kapitalis.com\/tunisie\/2021\/12\/04\/tunisie-lugtt-celebre-le-69e-anniversaire-de-lassassinat-de-farhat-hached\/#breadcrumb\"},\"inLanguage\":\"fr-FR\",\"potentialAction\":[{\"@type\":\"ReadAction\",\"target\":[\"https:\/\/kapitalis.com\/tunisie\/2021\/12\/04\/tunisie-lugtt-celebre-le-69e-anniversaire-de-lassassinat-de-farhat-hached\/\"]}]},{\"@type\":\"ImageObject\",\"inLanguage\":\"fr-FR\",\"@id\":\"https:\/\/kapitalis.com\/tunisie\/2021\/12\/04\/tunisie-lugtt-celebre-le-69e-anniversaire-de-lassassinat-de-farhat-hached\/#primaryimage\",\"url\":\"\",\"contentUrl\":\"\"},{\"@type\":\"BreadcrumbList\",\"@id\":\"https:\/\/kapitalis.com\/tunisie\/2021\/12\/04\/tunisie-lugtt-celebre-le-69e-anniversaire-de-lassassinat-de-farhat-hached\/#breadcrumb\",\"itemListElement\":[{\"@type\":\"ListItem\",\"position\":1,\"name\":\"Accueil\",\"item\":\"https:\/\/kapitalis.com\/tunisie\/\"},{\"@type\":\"ListItem\",\"position\":2,\"name\":\"Tunisie : L&rsquo;UGTT c\u00e9l\u00e8bre le 69e anniversaire de l&rsquo;assassinat de Farhat Hached\"}]},{\"@type\":\"WebSite\",\"@id\":\"https:\/\/kapitalis.com\/tunisie\/#website\",\"url\":\"https:\/\/kapitalis.com\/tunisie\/\",\"name\":\"Kapitalis\",\"description\":\"L&#039;actualit\u00e9 en Tunisie et dans le monde\",\"publisher\":{\"@id\":\"https:\/\/kapitalis.com\/tunisie\/#organization\"},\"potentialAction\":[{\"@type\":\"SearchAction\",\"target\":{\"@type\":\"EntryPoint\",\"urlTemplate\":\"https:\/\/kapitalis.com\/tunisie\/?s={search_term_string}\"},\"query-input\":{\"@type\":\"PropertyValueSpecification\",\"valueRequired\":true,\"valueName\":\"search_term_string\"}}],\"inLanguage\":\"fr-FR\"},{\"@type\":\"Organization\",\"@id\":\"https:\/\/kapitalis.com\/tunisie\/#organization\",\"name\":\"Kapitalis\",\"url\":\"https:\/\/kapitalis.com\/tunisie\/\",\"logo\":{\"@type\":\"ImageObject\",\"inLanguage\":\"fr-FR\",\"@id\":\"https:\/\/kapitalis.com\/tunisie\/#\/schema\/logo\/image\/\",\"url\":\"https:\/\/kapitalis.com\/tunisie\/wp-content\/uploads\/2022\/05\/Kapitalis-big-size.png\",\"contentUrl\":\"https:\/\/kapitalis.com\/tunisie\/wp-content\/uploads\/2022\/05\/Kapitalis-big-size.png\",\"width\":5000,\"height\":1500,\"caption\":\"Kapitalis\"},\"image\":{\"@id\":\"https:\/\/kapitalis.com\/tunisie\/#\/schema\/logo\/image\/\"},\"sameAs\":[\"https:\/\/www.facebook.com\/KapitalisInfo\/\",\"https:\/\/x.com\/KapitalisInfo\",\"https:\/\/www.youtube.com\/channel\/UC-yDYrHyfFBWWZaOw3FPg9Q\"]},{\"@type\":\"Person\",\"@id\":\"https:\/\/kapitalis.com\/tunisie\/#\/schema\/person\/74bbde0154d49d790a92aaeac5bc01d5\",\"name\":\"Yusra NY\",\"url\":\"https:\/\/kapitalis.com\/tunisie\/author\/yuza_adam\/\"}]}<\/script>\n<!-- \/ Yoast SEO plugin. -->","yoast_head_json":{"title":"Tunisie : L'UGTT c\u00e9l\u00e8bre le 69e anniversaire de l'assassinat de Farhat Hached - Kapitalis","robots":{"index":"index","follow":"follow","max-snippet":"max-snippet:-1","max-image-preview":"max-image-preview:large","max-video-preview":"max-video-preview:-1"},"canonical":"https:\/\/kapitalis.com\/tunisie\/2021\/12\/04\/tunisie-lugtt-celebre-le-69e-anniversaire-de-lassassinat-de-farhat-hached\/","og_locale":"fr_FR","og_type":"article","og_title":"Tunisie : L'UGTT c\u00e9l\u00e8bre le 69e anniversaire de l'assassinat de Farhat Hached - Kapitalis","og_description":"L\u2019Union g\u00e9n\u00e9rale tunisienne du travail (UGTT) c\u00e9l\u00e8bre, aujourd\u2019hui, lundi 4 d\u00e9cembre 2017, le 69e anniversaire de l\u2019assassinat du syndicaliste et militant nationaliste, Farhat Hached.","og_url":"https:\/\/kapitalis.com\/tunisie\/2021\/12\/04\/tunisie-lugtt-celebre-le-69e-anniversaire-de-lassassinat-de-farhat-hached\/","og_site_name":"Kapitalis","article_publisher":"https:\/\/www.facebook.com\/KapitalisInfo\/","article_published_time":"2021-12-04T13:31:33+00:00","article_modified_time":"2021-12-04T13:47:16+00:00","og_image":[{"width":1200,"height":630,"url":"https:\/\/kapitalis.com\/tunisie\/wp-content\/uploads\/2022\/05\/kapitalis-logo-fb.png","type":"image\/png"}],"author":"Yusra NY","twitter_card":"summary_large_image","twitter_creator":"@KapitalisInfo","twitter_site":"@KapitalisInfo","twitter_misc":{"\u00c9crit par":"Yusra NY","Dur\u00e9e de lecture estim\u00e9e":"1 minute"},"schema":{"@context":"https:\/\/schema.org","@graph":[{"@type":"Article","@id":"https:\/\/kapitalis.com\/tunisie\/2021\/12\/04\/tunisie-lugtt-celebre-le-69e-anniversaire-de-lassassinat-de-farhat-hached\/#article","isPartOf":{"@id":"https:\/\/kapitalis.com\/tunisie\/2021\/12\/04\/tunisie-lugtt-celebre-le-69e-anniversaire-de-lassassinat-de-farhat-hached\/"},"author":{"name":"Yusra NY","@id":"https:\/\/kapitalis.com\/tunisie\/#\/schema\/person\/74bbde0154d49d790a92aaeac5bc01d5"},"headline":"Tunisie : L&rsquo;UGTT c\u00e9l\u00e8bre le 69e anniversaire de l&rsquo;assassinat de Farhat Hached","datePublished":"2021-12-04T13:31:33+00:00","dateModified":"2021-12-04T13:47:16+00:00","mainEntityOfPage":{"@id":"https:\/\/kapitalis.com\/tunisie\/2021\/12\/04\/tunisie-lugtt-celebre-le-69e-anniversaire-de-lassassinat-de-farhat-hached\/"},"wordCount":239,"commentCount":2,"publisher":{"@id":"https:\/\/kapitalis.com\/tunisie\/#organization"},"image":{"@id":"https:\/\/kapitalis.com\/tunisie\/2021\/12\/04\/tunisie-lugtt-celebre-le-69e-anniversaire-de-lassassinat-de-farhat-hached\/#primaryimage"},"thumbnailUrl":"","keywords":["centrale syndicale","Farhat Hached","Taboubi","Tunisie","tunisiens","UGTT"],"articleSection":["SOCIETE","Tunisie"],"inLanguage":"fr-FR","potentialAction":[{"@type":"CommentAction","name":"Comment","target":["https:\/\/kapitalis.com\/tunisie\/2021\/12\/04\/tunisie-lugtt-celebre-le-69e-anniversaire-de-lassassinat-de-farhat-hached\/#respond"]}]},{"@type":"WebPage","@id":"https:\/\/kapitalis.com\/tunisie\/2021\/12\/04\/tunisie-lugtt-celebre-le-69e-anniversaire-de-lassassinat-de-farhat-hached\/","url":"https:\/\/kapitalis.com\/tunisie\/2021\/12\/04\/tunisie-lugtt-celebre-le-69e-anniversaire-de-lassassinat-de-farhat-hached\/","name":"Tunisie : L'UGTT c\u00e9l\u00e8bre le 69e anniversaire de l'assassinat de Farhat Hached - Kapitalis","isPartOf":{"@id":"https:\/\/kapitalis.com\/tunisie\/#website"},"primaryImageOfPage":{"@id":"https:\/\/kapitalis.com\/tunisie\/2021\/12\/04\/tunisie-lugtt-celebre-le-69e-anniversaire-de-lassassinat-de-farhat-hached\/#primaryimage"},"image":{"@id":"https:\/\/kapitalis.com\/tunisie\/2021\/12\/04\/tunisie-lugtt-celebre-le-69e-anniversaire-de-lassassinat-de-farhat-hached\/#primaryimage"},"thumbnailUrl":"","datePublished":"2021-12-04T13:31:33+00:00","dateModified":"2021-12-04T13:47:16+00:00","breadcrumb":{"@id":"https:\/\/kapitalis.com\/tunisie\/2021\/12\/04\/tunisie-lugtt-celebre-le-69e-anniversaire-de-lassassinat-de-farhat-hached\/#breadcrumb"},"inLanguage":"fr-FR","potentialAction":[{"@type":"ReadAction","target":["https:\/\/kapitalis.com\/tunisie\/2021\/12\/04\/tunisie-lugtt-celebre-le-69e-anniversaire-de-lassassinat-de-farhat-hached\/"]}]},{"@type":"ImageObject","inLanguage":"fr-FR","@id":"https:\/\/kapitalis.com\/tunisie\/2021\/12\/04\/tunisie-lugtt-celebre-le-69e-anniversaire-de-lassassinat-de-farhat-hached\/#primaryimage","url":"","contentUrl":""},{"@type":"BreadcrumbList","@id":"https:\/\/kapitalis.com\/tunisie\/2021\/12\/04\/tunisie-lugtt-celebre-le-69e-anniversaire-de-lassassinat-de-farhat-hached\/#breadcrumb","itemListElement":[{"@type":"ListItem","position":1,"name":"Accueil","item":"https:\/\/kapitalis.com\/tunisie\/"},{"@type":"ListItem","position":2,"name":"Tunisie : L&rsquo;UGTT c\u00e9l\u00e8bre le 69e anniversaire de l&rsquo;assassinat de Farhat Hached"}]},{"@type":"WebSite","@id":"https:\/\/kapitalis.com\/tunisie\/#website","url":"https:\/\/kapitalis.com\/tunisie\/","name":"Kapitalis","description":"L&#039;actualit\u00e9 en Tunisie et dans le monde","publisher":{"@id":"https:\/\/kapitalis.com\/tunisie\/#organization"},"potentialAction":[{"@type":"SearchAction","target":{"@type":"EntryPoint","urlTemplate":"https:\/\/kapitalis.com\/tunisie\/?s={search_term_string}"},"query-input":{"@type":"PropertyValueSpecification","valueRequired":true,"valueName":"search_term_string"}}],"inLanguage":"fr-FR"},{"@type":"Organization","@id":"https:\/\/kapitalis.com\/tunisie\/#organization","name":"Kapitalis","url":"https:\/\/kapitalis.com\/tunisie\/","logo":{"@type":"ImageObject","inLanguage":"fr-FR","@id":"https:\/\/kapitalis.com\/tunisie\/#\/schema\/logo\/image\/","url":"https:\/\/kapitalis.com\/tunisie\/wp-content\/uploads\/2022\/05\/Kapitalis-big-size.png","contentUrl":"https:\/\/kapitalis.com\/tunisie\/wp-content\/uploads\/2022\/05\/Kapitalis-big-size.png","width":5000,"height":1500,"caption":"Kapitalis"},"image":{"@id":"https:\/\/kapitalis.com\/tunisie\/#\/schema\/logo\/image\/"},"sameAs":["https:\/\/www.facebook.com\/KapitalisInfo\/","https:\/\/x.com\/KapitalisInfo","https:\/\/www.youtube.com\/channel\/UC-yDYrHyfFBWWZaOw3FPg9Q"]},{"@type":"Person","@id":"https:\/\/kapitalis.com\/tunisie\/#\/schema\/person\/74bbde0154d49d790a92aaeac5bc01d5","name":"Yusra NY","url":"https:\/\/kapitalis.com\/tunisie\/author\/yuza_adam\/"}]}},"_links":{"self":[{"href":"https:\/\/kapitalis.com\/tunisie\/wp-json\/wp\/v2\/posts\/372345","targetHints":{"allow":["GET"]}}],"collection":[{"href":"https:\/\/kapitalis.com\/tunisie\/wp-json\/wp\/v2\/posts"}],"about":[{"href":"https:\/\/kapitalis.com\/tunisie\/wp-json\/wp\/v2\/types\/post"}],"author":[{"embeddable":true,"href":"https:\/\/kapitalis.com\/tunisie\/wp-json\/wp\/v2\/users\/6"}],"replies":[{"embeddable":true,"href":"https:\/\/kapitalis.com\/tunisie\/wp-json\/wp\/v2\/comments?post=372345"}],"version-history":[{"count":0,"href":"https:\/\/kapitalis.com\/tunisie\/wp-json\/wp\/v2\/posts\/372345\/revisions"}],"wp:featuredmedia":[{"embeddable":true,"href":"https:\/\/kapitalis.com\/tunisie\/wp-json\/wp\/v2\/media\/372348"}],"wp:attachment":[{"href":"https:\/\/kapitalis.com\/tunisie\/wp-json\/wp\/v2\/media?parent=372345"}],"wp:term":[{"taxonomy":"category","embeddable":true,"href":"https:\/\/kapitalis.com\/tunisie\/wp-json\/wp\/v2\/categories?post=372345"},{"taxonomy":"post_tag","embeddable":true,"href":"https:\/\/kapitalis.com\/tunisie\/wp-json\/wp\/v2\/tags?post=372345"}],"curies":[{"name":"wp","href":"https:\/\/api.w.org\/{rel}","templated":true}]}}