{"id":372439,"date":"2021-12-05T16:22:07","date_gmt":"2021-12-05T15:22:07","guid":{"rendered":"http:\/\/kapitalis.com\/tunisie\/?p=372439"},"modified":"2021-12-05T16:25:05","modified_gmt":"2021-12-05T15:25:05","slug":"jtc-2021-louvrage-la-memoire-des-journees-theatrales-de-carthage-voit-enfin-le-jour","status":"publish","type":"post","link":"https:\/\/kapitalis.com\/tunisie\/2021\/12\/05\/jtc-2021-louvrage-la-memoire-des-journees-theatrales-de-carthage-voit-enfin-le-jour\/","title":{"rendered":"JTC 2021 : L&rsquo;ouvrage \u00ab\u00a0La m\u00e9moire des Journ\u00e9es th\u00e9\u00e2trales de Carthage\u00a0\u00bb voit enfin le jour"},"content":{"rendered":"\n<div class=\"wp-block-image\"><figure class=\"aligncenter size-full\"><img decoding=\"async\" src=\"http:\/\/kapitalis.com\/tunisie\/wp-content\/uploads\/2021\/12\/Untitled-4-2.jpg\" alt=\"\" class=\"wp-image-372442\"\/><\/figure><\/div>\n\n\n\n<p><strong><em>Apr\u00e8s plusieurs ann\u00e9es de recherche, de collecte et d\u2019archivage, le premier ouvrage sur l\u2019Histoire des JTC vient de para\u00eetre.<\/em><\/strong><\/p>\n\n\n\n<!--more-->\n\n\n\n<p>Un volumineux ouvrage intitul\u00e9 \u00ab\u00a0La m\u00e9moire des Journ\u00e9es th\u00e9\u00e2trales de Carthage\u00a0\u00bb vient de para\u00eetre dans le cadre de la 22<sup>e<\/sup> \u00e9dition des JTC qui se tient en ce moment et jusqu\u2019au 12 d\u00e9cembre, il est sign\u00e9 Dr. Mohamed Massoud Driss, avec la collaboration de Dr. Saifeddine El Ferchichi et Dr. Yassine El Ouni.<\/p>\n\n\n\n<p>Ce livre tant attendu par les Hommes de th\u00e9\u00e2tre, les chercheurs, les critiques, les \u00e9tudiants en Arts dramatiques et les amoureux du 4<sup>e<\/sup> art est officiellement sorti ce matin, dimanche 5 d\u00e9cembre. Une rencontre a eu \u00e0 la Cit\u00e9 de la Culture de Tunis en pr\u00e9sence notamment de la directrice des JTC Nissaf Ben Hafssia et de l\u2019ancien directeur du festival Hatem Derbel pour pr\u00e9senter ce livre \u00e9v\u00e9nement de 1000 pages compos\u00e9 de deux parties.<\/p>\n\n\n\n<p>Fruit d\u2019une collaboration entre les JTC et le Comit\u00e9 du Th\u00e9\u00e2tre arabe, le livre se veut une r\u00e9f\u00e9rence sur l\u2019Histoire du th\u00e9\u00e2tre tunisien, arabe et africain, et un miroir des vingt et une \u00e9ditions pr\u00e9c\u00e9dentes du Festival.<\/p>\n\n\n\n<p>\u00ab\u00a0<em>Travailler sur les archives des JTC depuis leur cr\u00e9ation en 1983 n\u2019a pas \u00e9t\u00e9 une chose facile. Mais la publication de ce livre a pu \u00eatre possible gr\u00e2ce aux documents que l\u2019on a pu trouver au Centre des Archives nationales et \u00e0 la Biblioth\u00e8que nationale<\/em>\u00a0\u00bb, a indiqu\u00e9 Dr. Mohamed Massoud Driss.<\/p>\n\n\n\n<p class=\"has-text-align-right\"><strong>F.B<\/strong><\/p>\n","protected":false},"excerpt":{"rendered":"<p>Apr\u00e8s plusieurs ann\u00e9es de recherche, de collecte et d\u2019archivage, le premier ouvrage sur l\u2019Histoire des JTC vient de para\u00eetre.<\/p>\n","protected":false},"author":26,"featured_media":372442,"comment_status":"open","ping_status":"open","sticky":false,"template":"","format":"standard","meta":{"footnotes":""},"categories":[994,2433],"tags":[95478,87957,95477,95479,62643],"class_list":["post-372439","post","type-post","status-publish","format-standard","has-post-thumbnail","hentry","category-culture","category-tunisie","tag-histoire-des-jtc","tag-jtc-2021","tag-la-memoire-des-journees-theatrales-de-carthage","tag-mohamed-massoud-driss","tag-tunisie"],"yoast_head":"<!-- This site is optimized with the Yoast SEO plugin v26.6 - https:\/\/yoast.com\/wordpress\/plugins\/seo\/ -->\n<title>JTC 2021 : L&#039;ouvrage &quot;La m\u00e9moire des Journ\u00e9es th\u00e9\u00e2trales de Carthage&quot; voit enfin le jour - Kapitalis<\/title>\n<meta name=\"robots\" content=\"index, follow, max-snippet:-1, max-image-preview:large, max-video-preview:-1\" \/>\n<link rel=\"canonical\" href=\"https:\/\/kapitalis.com\/tunisie\/2021\/12\/05\/jtc-2021-louvrage-la-memoire-des-journees-theatrales-de-carthage-voit-enfin-le-jour\/\" \/>\n<meta property=\"og:locale\" content=\"fr_FR\" \/>\n<meta property=\"og:type\" content=\"article\" \/>\n<meta property=\"og:title\" content=\"JTC 2021 : L&#039;ouvrage &quot;La m\u00e9moire des Journ\u00e9es th\u00e9\u00e2trales de Carthage&quot; voit enfin le jour - Kapitalis\" \/>\n<meta property=\"og:description\" content=\"Apr\u00e8s plusieurs ann\u00e9es de recherche, de collecte et d\u2019archivage, le premier ouvrage sur l\u2019Histoire des JTC vient de para\u00eetre.\" \/>\n<meta property=\"og:url\" content=\"https:\/\/kapitalis.com\/tunisie\/2021\/12\/05\/jtc-2021-louvrage-la-memoire-des-journees-theatrales-de-carthage-voit-enfin-le-jour\/\" \/>\n<meta property=\"og:site_name\" content=\"Kapitalis\" \/>\n<meta property=\"article:publisher\" content=\"https:\/\/www.facebook.com\/KapitalisInfo\/\" \/>\n<meta property=\"article:published_time\" content=\"2021-12-05T15:22:07+00:00\" \/>\n<meta property=\"article:modified_time\" content=\"2021-12-05T15:25:05+00:00\" \/>\n<meta property=\"og:image\" content=\"https:\/\/kapitalis.com\/tunisie\/wp-content\/uploads\/2022\/05\/kapitalis-logo-fb.png\" \/>\n\t<meta property=\"og:image:width\" content=\"1200\" \/>\n\t<meta property=\"og:image:height\" content=\"630\" \/>\n\t<meta property=\"og:image:type\" content=\"image\/png\" \/>\n<meta name=\"author\" content=\"Fawz BenAli\" \/>\n<meta name=\"twitter:card\" content=\"summary_large_image\" \/>\n<meta name=\"twitter:creator\" content=\"@KapitalisInfo\" \/>\n<meta name=\"twitter:site\" content=\"@KapitalisInfo\" \/>\n<meta name=\"twitter:label1\" content=\"\u00c9crit par\" \/>\n\t<meta name=\"twitter:data1\" content=\"Fawz BenAli\" \/>\n\t<meta name=\"twitter:label2\" content=\"Dur\u00e9e de lecture estim\u00e9e\" \/>\n\t<meta name=\"twitter:data2\" content=\"1 minute\" \/>\n<script type=\"application\/ld+json\" class=\"yoast-schema-graph\">{\"@context\":\"https:\/\/schema.org\",\"@graph\":[{\"@type\":\"Article\",\"@id\":\"https:\/\/kapitalis.com\/tunisie\/2021\/12\/05\/jtc-2021-louvrage-la-memoire-des-journees-theatrales-de-carthage-voit-enfin-le-jour\/#article\",\"isPartOf\":{\"@id\":\"https:\/\/kapitalis.com\/tunisie\/2021\/12\/05\/jtc-2021-louvrage-la-memoire-des-journees-theatrales-de-carthage-voit-enfin-le-jour\/\"},\"author\":{\"name\":\"Fawz BenAli\",\"@id\":\"https:\/\/kapitalis.com\/tunisie\/#\/schema\/person\/73a5ecc1f6ae540c6ed91342eadca948\"},\"headline\":\"JTC 2021 : L&rsquo;ouvrage \u00ab\u00a0La m\u00e9moire des Journ\u00e9es th\u00e9\u00e2trales de Carthage\u00a0\u00bb voit enfin le jour\",\"datePublished\":\"2021-12-05T15:22:07+00:00\",\"dateModified\":\"2021-12-05T15:25:05+00:00\",\"mainEntityOfPage\":{\"@id\":\"https:\/\/kapitalis.com\/tunisie\/2021\/12\/05\/jtc-2021-louvrage-la-memoire-des-journees-theatrales-de-carthage-voit-enfin-le-jour\/\"},\"wordCount\":277,\"commentCount\":1,\"publisher\":{\"@id\":\"https:\/\/kapitalis.com\/tunisie\/#organization\"},\"image\":{\"@id\":\"https:\/\/kapitalis.com\/tunisie\/2021\/12\/05\/jtc-2021-louvrage-la-memoire-des-journees-theatrales-de-carthage-voit-enfin-le-jour\/#primaryimage\"},\"thumbnailUrl\":\"\",\"keywords\":[\"Histoire des JTC\",\"JTC 2021\",\"La m\u00e9moire des Journ\u00e9es th\u00e9\u00e2trales de Carthage\",\"Mohamed Massoud Driss\",\"Tunisie\"],\"articleSection\":[\"CULTURE\",\"Tunisie\"],\"inLanguage\":\"fr-FR\",\"potentialAction\":[{\"@type\":\"CommentAction\",\"name\":\"Comment\",\"target\":[\"https:\/\/kapitalis.com\/tunisie\/2021\/12\/05\/jtc-2021-louvrage-la-memoire-des-journees-theatrales-de-carthage-voit-enfin-le-jour\/#respond\"]}]},{\"@type\":\"WebPage\",\"@id\":\"https:\/\/kapitalis.com\/tunisie\/2021\/12\/05\/jtc-2021-louvrage-la-memoire-des-journees-theatrales-de-carthage-voit-enfin-le-jour\/\",\"url\":\"https:\/\/kapitalis.com\/tunisie\/2021\/12\/05\/jtc-2021-louvrage-la-memoire-des-journees-theatrales-de-carthage-voit-enfin-le-jour\/\",\"name\":\"JTC 2021 : L'ouvrage \\\"La m\u00e9moire des Journ\u00e9es th\u00e9\u00e2trales de Carthage\\\" voit enfin le jour - Kapitalis\",\"isPartOf\":{\"@id\":\"https:\/\/kapitalis.com\/tunisie\/#website\"},\"primaryImageOfPage\":{\"@id\":\"https:\/\/kapitalis.com\/tunisie\/2021\/12\/05\/jtc-2021-louvrage-la-memoire-des-journees-theatrales-de-carthage-voit-enfin-le-jour\/#primaryimage\"},\"image\":{\"@id\":\"https:\/\/kapitalis.com\/tunisie\/2021\/12\/05\/jtc-2021-louvrage-la-memoire-des-journees-theatrales-de-carthage-voit-enfin-le-jour\/#primaryimage\"},\"thumbnailUrl\":\"\",\"datePublished\":\"2021-12-05T15:22:07+00:00\",\"dateModified\":\"2021-12-05T15:25:05+00:00\",\"breadcrumb\":{\"@id\":\"https:\/\/kapitalis.com\/tunisie\/2021\/12\/05\/jtc-2021-louvrage-la-memoire-des-journees-theatrales-de-carthage-voit-enfin-le-jour\/#breadcrumb\"},\"inLanguage\":\"fr-FR\",\"potentialAction\":[{\"@type\":\"ReadAction\",\"target\":[\"https:\/\/kapitalis.com\/tunisie\/2021\/12\/05\/jtc-2021-louvrage-la-memoire-des-journees-theatrales-de-carthage-voit-enfin-le-jour\/\"]}]},{\"@type\":\"ImageObject\",\"inLanguage\":\"fr-FR\",\"@id\":\"https:\/\/kapitalis.com\/tunisie\/2021\/12\/05\/jtc-2021-louvrage-la-memoire-des-journees-theatrales-de-carthage-voit-enfin-le-jour\/#primaryimage\",\"url\":\"\",\"contentUrl\":\"\"},{\"@type\":\"BreadcrumbList\",\"@id\":\"https:\/\/kapitalis.com\/tunisie\/2021\/12\/05\/jtc-2021-louvrage-la-memoire-des-journees-theatrales-de-carthage-voit-enfin-le-jour\/#breadcrumb\",\"itemListElement\":[{\"@type\":\"ListItem\",\"position\":1,\"name\":\"Accueil\",\"item\":\"https:\/\/kapitalis.com\/tunisie\/\"},{\"@type\":\"ListItem\",\"position\":2,\"name\":\"JTC 2021 : L&rsquo;ouvrage \u00ab\u00a0La m\u00e9moire des Journ\u00e9es th\u00e9\u00e2trales de Carthage\u00a0\u00bb voit enfin le jour\"}]},{\"@type\":\"WebSite\",\"@id\":\"https:\/\/kapitalis.com\/tunisie\/#website\",\"url\":\"https:\/\/kapitalis.com\/tunisie\/\",\"name\":\"Kapitalis\",\"description\":\"L&#039;actualit\u00e9 en Tunisie et dans le monde\",\"publisher\":{\"@id\":\"https:\/\/kapitalis.com\/tunisie\/#organization\"},\"potentialAction\":[{\"@type\":\"SearchAction\",\"target\":{\"@type\":\"EntryPoint\",\"urlTemplate\":\"https:\/\/kapitalis.com\/tunisie\/?s={search_term_string}\"},\"query-input\":{\"@type\":\"PropertyValueSpecification\",\"valueRequired\":true,\"valueName\":\"search_term_string\"}}],\"inLanguage\":\"fr-FR\"},{\"@type\":\"Organization\",\"@id\":\"https:\/\/kapitalis.com\/tunisie\/#organization\",\"name\":\"Kapitalis\",\"url\":\"https:\/\/kapitalis.com\/tunisie\/\",\"logo\":{\"@type\":\"ImageObject\",\"inLanguage\":\"fr-FR\",\"@id\":\"https:\/\/kapitalis.com\/tunisie\/#\/schema\/logo\/image\/\",\"url\":\"https:\/\/kapitalis.com\/tunisie\/wp-content\/uploads\/2022\/05\/Kapitalis-big-size.png\",\"contentUrl\":\"https:\/\/kapitalis.com\/tunisie\/wp-content\/uploads\/2022\/05\/Kapitalis-big-size.png\",\"width\":5000,\"height\":1500,\"caption\":\"Kapitalis\"},\"image\":{\"@id\":\"https:\/\/kapitalis.com\/tunisie\/#\/schema\/logo\/image\/\"},\"sameAs\":[\"https:\/\/www.facebook.com\/KapitalisInfo\/\",\"https:\/\/x.com\/KapitalisInfo\",\"https:\/\/www.youtube.com\/channel\/UC-yDYrHyfFBWWZaOw3FPg9Q\"]},{\"@type\":\"Person\",\"@id\":\"https:\/\/kapitalis.com\/tunisie\/#\/schema\/person\/73a5ecc1f6ae540c6ed91342eadca948\",\"name\":\"Fawz BenAli\",\"url\":\"https:\/\/kapitalis.com\/tunisie\/author\/fawz\/\"}]}<\/script>\n<!-- \/ Yoast SEO plugin. -->","yoast_head_json":{"title":"JTC 2021 : L'ouvrage \"La m\u00e9moire des Journ\u00e9es th\u00e9\u00e2trales de Carthage\" voit enfin le jour - Kapitalis","robots":{"index":"index","follow":"follow","max-snippet":"max-snippet:-1","max-image-preview":"max-image-preview:large","max-video-preview":"max-video-preview:-1"},"canonical":"https:\/\/kapitalis.com\/tunisie\/2021\/12\/05\/jtc-2021-louvrage-la-memoire-des-journees-theatrales-de-carthage-voit-enfin-le-jour\/","og_locale":"fr_FR","og_type":"article","og_title":"JTC 2021 : L'ouvrage \"La m\u00e9moire des Journ\u00e9es th\u00e9\u00e2trales de Carthage\" voit enfin le jour - Kapitalis","og_description":"Apr\u00e8s plusieurs ann\u00e9es de recherche, de collecte et d\u2019archivage, le premier ouvrage sur l\u2019Histoire des JTC vient de para\u00eetre.","og_url":"https:\/\/kapitalis.com\/tunisie\/2021\/12\/05\/jtc-2021-louvrage-la-memoire-des-journees-theatrales-de-carthage-voit-enfin-le-jour\/","og_site_name":"Kapitalis","article_publisher":"https:\/\/www.facebook.com\/KapitalisInfo\/","article_published_time":"2021-12-05T15:22:07+00:00","article_modified_time":"2021-12-05T15:25:05+00:00","og_image":[{"width":1200,"height":630,"url":"https:\/\/kapitalis.com\/tunisie\/wp-content\/uploads\/2022\/05\/kapitalis-logo-fb.png","type":"image\/png"}],"author":"Fawz BenAli","twitter_card":"summary_large_image","twitter_creator":"@KapitalisInfo","twitter_site":"@KapitalisInfo","twitter_misc":{"\u00c9crit par":"Fawz BenAli","Dur\u00e9e de lecture estim\u00e9e":"1 minute"},"schema":{"@context":"https:\/\/schema.org","@graph":[{"@type":"Article","@id":"https:\/\/kapitalis.com\/tunisie\/2021\/12\/05\/jtc-2021-louvrage-la-memoire-des-journees-theatrales-de-carthage-voit-enfin-le-jour\/#article","isPartOf":{"@id":"https:\/\/kapitalis.com\/tunisie\/2021\/12\/05\/jtc-2021-louvrage-la-memoire-des-journees-theatrales-de-carthage-voit-enfin-le-jour\/"},"author":{"name":"Fawz BenAli","@id":"https:\/\/kapitalis.com\/tunisie\/#\/schema\/person\/73a5ecc1f6ae540c6ed91342eadca948"},"headline":"JTC 2021 : L&rsquo;ouvrage \u00ab\u00a0La m\u00e9moire des Journ\u00e9es th\u00e9\u00e2trales de Carthage\u00a0\u00bb voit enfin le jour","datePublished":"2021-12-05T15:22:07+00:00","dateModified":"2021-12-05T15:25:05+00:00","mainEntityOfPage":{"@id":"https:\/\/kapitalis.com\/tunisie\/2021\/12\/05\/jtc-2021-louvrage-la-memoire-des-journees-theatrales-de-carthage-voit-enfin-le-jour\/"},"wordCount":277,"commentCount":1,"publisher":{"@id":"https:\/\/kapitalis.com\/tunisie\/#organization"},"image":{"@id":"https:\/\/kapitalis.com\/tunisie\/2021\/12\/05\/jtc-2021-louvrage-la-memoire-des-journees-theatrales-de-carthage-voit-enfin-le-jour\/#primaryimage"},"thumbnailUrl":"","keywords":["Histoire des JTC","JTC 2021","La m\u00e9moire des Journ\u00e9es th\u00e9\u00e2trales de Carthage","Mohamed Massoud Driss","Tunisie"],"articleSection":["CULTURE","Tunisie"],"inLanguage":"fr-FR","potentialAction":[{"@type":"CommentAction","name":"Comment","target":["https:\/\/kapitalis.com\/tunisie\/2021\/12\/05\/jtc-2021-louvrage-la-memoire-des-journees-theatrales-de-carthage-voit-enfin-le-jour\/#respond"]}]},{"@type":"WebPage","@id":"https:\/\/kapitalis.com\/tunisie\/2021\/12\/05\/jtc-2021-louvrage-la-memoire-des-journees-theatrales-de-carthage-voit-enfin-le-jour\/","url":"https:\/\/kapitalis.com\/tunisie\/2021\/12\/05\/jtc-2021-louvrage-la-memoire-des-journees-theatrales-de-carthage-voit-enfin-le-jour\/","name":"JTC 2021 : L'ouvrage \"La m\u00e9moire des Journ\u00e9es th\u00e9\u00e2trales de Carthage\" voit enfin le jour - Kapitalis","isPartOf":{"@id":"https:\/\/kapitalis.com\/tunisie\/#website"},"primaryImageOfPage":{"@id":"https:\/\/kapitalis.com\/tunisie\/2021\/12\/05\/jtc-2021-louvrage-la-memoire-des-journees-theatrales-de-carthage-voit-enfin-le-jour\/#primaryimage"},"image":{"@id":"https:\/\/kapitalis.com\/tunisie\/2021\/12\/05\/jtc-2021-louvrage-la-memoire-des-journees-theatrales-de-carthage-voit-enfin-le-jour\/#primaryimage"},"thumbnailUrl":"","datePublished":"2021-12-05T15:22:07+00:00","dateModified":"2021-12-05T15:25:05+00:00","breadcrumb":{"@id":"https:\/\/kapitalis.com\/tunisie\/2021\/12\/05\/jtc-2021-louvrage-la-memoire-des-journees-theatrales-de-carthage-voit-enfin-le-jour\/#breadcrumb"},"inLanguage":"fr-FR","potentialAction":[{"@type":"ReadAction","target":["https:\/\/kapitalis.com\/tunisie\/2021\/12\/05\/jtc-2021-louvrage-la-memoire-des-journees-theatrales-de-carthage-voit-enfin-le-jour\/"]}]},{"@type":"ImageObject","inLanguage":"fr-FR","@id":"https:\/\/kapitalis.com\/tunisie\/2021\/12\/05\/jtc-2021-louvrage-la-memoire-des-journees-theatrales-de-carthage-voit-enfin-le-jour\/#primaryimage","url":"","contentUrl":""},{"@type":"BreadcrumbList","@id":"https:\/\/kapitalis.com\/tunisie\/2021\/12\/05\/jtc-2021-louvrage-la-memoire-des-journees-theatrales-de-carthage-voit-enfin-le-jour\/#breadcrumb","itemListElement":[{"@type":"ListItem","position":1,"name":"Accueil","item":"https:\/\/kapitalis.com\/tunisie\/"},{"@type":"ListItem","position":2,"name":"JTC 2021 : L&rsquo;ouvrage \u00ab\u00a0La m\u00e9moire des Journ\u00e9es th\u00e9\u00e2trales de Carthage\u00a0\u00bb voit enfin le jour"}]},{"@type":"WebSite","@id":"https:\/\/kapitalis.com\/tunisie\/#website","url":"https:\/\/kapitalis.com\/tunisie\/","name":"Kapitalis","description":"L&#039;actualit\u00e9 en Tunisie et dans le monde","publisher":{"@id":"https:\/\/kapitalis.com\/tunisie\/#organization"},"potentialAction":[{"@type":"SearchAction","target":{"@type":"EntryPoint","urlTemplate":"https:\/\/kapitalis.com\/tunisie\/?s={search_term_string}"},"query-input":{"@type":"PropertyValueSpecification","valueRequired":true,"valueName":"search_term_string"}}],"inLanguage":"fr-FR"},{"@type":"Organization","@id":"https:\/\/kapitalis.com\/tunisie\/#organization","name":"Kapitalis","url":"https:\/\/kapitalis.com\/tunisie\/","logo":{"@type":"ImageObject","inLanguage":"fr-FR","@id":"https:\/\/kapitalis.com\/tunisie\/#\/schema\/logo\/image\/","url":"https:\/\/kapitalis.com\/tunisie\/wp-content\/uploads\/2022\/05\/Kapitalis-big-size.png","contentUrl":"https:\/\/kapitalis.com\/tunisie\/wp-content\/uploads\/2022\/05\/Kapitalis-big-size.png","width":5000,"height":1500,"caption":"Kapitalis"},"image":{"@id":"https:\/\/kapitalis.com\/tunisie\/#\/schema\/logo\/image\/"},"sameAs":["https:\/\/www.facebook.com\/KapitalisInfo\/","https:\/\/x.com\/KapitalisInfo","https:\/\/www.youtube.com\/channel\/UC-yDYrHyfFBWWZaOw3FPg9Q"]},{"@type":"Person","@id":"https:\/\/kapitalis.com\/tunisie\/#\/schema\/person\/73a5ecc1f6ae540c6ed91342eadca948","name":"Fawz BenAli","url":"https:\/\/kapitalis.com\/tunisie\/author\/fawz\/"}]}},"_links":{"self":[{"href":"https:\/\/kapitalis.com\/tunisie\/wp-json\/wp\/v2\/posts\/372439","targetHints":{"allow":["GET"]}}],"collection":[{"href":"https:\/\/kapitalis.com\/tunisie\/wp-json\/wp\/v2\/posts"}],"about":[{"href":"https:\/\/kapitalis.com\/tunisie\/wp-json\/wp\/v2\/types\/post"}],"author":[{"embeddable":true,"href":"https:\/\/kapitalis.com\/tunisie\/wp-json\/wp\/v2\/users\/26"}],"replies":[{"embeddable":true,"href":"https:\/\/kapitalis.com\/tunisie\/wp-json\/wp\/v2\/comments?post=372439"}],"version-history":[{"count":0,"href":"https:\/\/kapitalis.com\/tunisie\/wp-json\/wp\/v2\/posts\/372439\/revisions"}],"wp:featuredmedia":[{"embeddable":true,"href":"https:\/\/kapitalis.com\/tunisie\/wp-json\/wp\/v2\/media\/372442"}],"wp:attachment":[{"href":"https:\/\/kapitalis.com\/tunisie\/wp-json\/wp\/v2\/media?parent=372439"}],"wp:term":[{"taxonomy":"category","embeddable":true,"href":"https:\/\/kapitalis.com\/tunisie\/wp-json\/wp\/v2\/categories?post=372439"},{"taxonomy":"post_tag","embeddable":true,"href":"https:\/\/kapitalis.com\/tunisie\/wp-json\/wp\/v2\/tags?post=372439"}],"curies":[{"name":"wp","href":"https:\/\/api.w.org\/{rel}","templated":true}]}}