{"id":372476,"date":"2021-12-06T11:34:16","date_gmt":"2021-12-06T10:34:16","guid":{"rendered":"http:\/\/kapitalis.com\/tunisie\/?p=372476"},"modified":"2021-12-06T11:36:18","modified_gmt":"2021-12-06T10:36:18","slug":"covid-19-la-tunisie-na-pas-lintention-de-rendre-la-vaccination-obligatoire-affirme-hechmi-louzir","status":"publish","type":"post","link":"https:\/\/kapitalis.com\/tunisie\/2021\/12\/06\/covid-19-la-tunisie-na-pas-lintention-de-rendre-la-vaccination-obligatoire-affirme-hechmi-louzir\/","title":{"rendered":"Covid-19 : La Tunisie n&rsquo;a pas l&rsquo;intention de rendre la vaccination obligatoire, affirme Hechmi Louzir"},"content":{"rendered":"\n<div class=\"wp-block-image\"><figure class=\"aligncenter size-full\"><img decoding=\"async\" src=\"http:\/\/kapitalis.com\/tunisie\/wp-content\/uploads\/2021\/01\/hechmi-louzir.jpg\" alt=\"\" class=\"wp-image-331576\"\/><\/figure><\/div>\n\n\n\n<p><strong><em>Avec l&rsquo;apparition du variant de la Covid-19, Omicron, certaines rumeurs selon lesquelles la vaccination deviendra obligatoire commencent \u00e0 se propager. N\u00e9anmoins, si on en croit Hechmi Louzir, directeur de la campagne nationale de vaccination contre le virus, la Tunisie n&rsquo;en a aucunement l&rsquo;intention.<\/em><\/strong><\/p>\n\n\n\n<!--more-->\n\n\n\n<p>Intervenu, ce lundi 6 d\u00e9cembre 2021, sur Express FM, le directeur de l&rsquo;Institut Pasteur de Tunis a, n\u00e9anmoins, rappel\u00e9 que conform\u00e9ment au d\u00e9cret pr\u00e9sidentiel du 22 octobre, le passe sanitaire sera obligatoire \u00e0 partir du 22 d\u00e9cembre dans les espaces publics, \u00e0 l&rsquo;instar des structures et si\u00e8ges relevant de l\u2019Etat, des \u00e9tablissements scolaires et sanitaires et des caf\u00e9s et restaurants. <\/p>\n\n\n\n<p class=\"has-text-align-right\"><strong>C. B. Y.<\/strong><\/p>\n","protected":false},"excerpt":{"rendered":"<p>Avec l&rsquo;apparition du variant de la Covid-19, Omicron, certaines rumeurs selon lesquelles la vaccination deviendra obligatoire commencent \u00e0 se propager. N\u00e9anmoins, si on en croit Hechmi Louzir, directeur de la campagne nationale de vaccination contre le virus, la Tunisie n&rsquo;en a aucunement l&rsquo;intention.<\/p>\n","protected":false},"author":24,"featured_media":0,"comment_status":"open","ping_status":"open","sticky":false,"template":"","format":"standard","meta":{"footnotes":""},"categories":[998,2433],"tags":[75291,77601,95317,94391],"class_list":["post-372476","post","type-post","status-publish","format-standard","hentry","category-societe","category-tunisie","tag-covid-19","tag-hechmi-louzir","tag-omicron","tag-passe-sanitaire"],"yoast_head":"<!-- This site is optimized with the Yoast SEO plugin v26.6 - https:\/\/yoast.com\/wordpress\/plugins\/seo\/ -->\n<title>Covid-19 : La Tunisie n&#039;a pas l&#039;intention de rendre la vaccination obligatoire, affirme Hechmi Louzir - Kapitalis<\/title>\n<meta name=\"robots\" content=\"index, follow, max-snippet:-1, max-image-preview:large, max-video-preview:-1\" \/>\n<link rel=\"canonical\" href=\"https:\/\/kapitalis.com\/tunisie\/2021\/12\/06\/covid-19-la-tunisie-na-pas-lintention-de-rendre-la-vaccination-obligatoire-affirme-hechmi-louzir\/\" \/>\n<meta property=\"og:locale\" content=\"fr_FR\" \/>\n<meta property=\"og:type\" content=\"article\" \/>\n<meta property=\"og:title\" content=\"Covid-19 : La Tunisie n&#039;a pas l&#039;intention de rendre la vaccination obligatoire, affirme Hechmi Louzir - Kapitalis\" \/>\n<meta property=\"og:description\" content=\"Avec l&rsquo;apparition du variant de la Covid-19, Omicron, certaines rumeurs selon lesquelles la vaccination deviendra obligatoire commencent \u00e0 se propager. N\u00e9anmoins, si on en croit Hechmi Louzir, directeur de la campagne nationale de vaccination contre le virus, la Tunisie n&rsquo;en a aucunement l&rsquo;intention.\" \/>\n<meta property=\"og:url\" content=\"https:\/\/kapitalis.com\/tunisie\/2021\/12\/06\/covid-19-la-tunisie-na-pas-lintention-de-rendre-la-vaccination-obligatoire-affirme-hechmi-louzir\/\" \/>\n<meta property=\"og:site_name\" content=\"Kapitalis\" \/>\n<meta property=\"article:publisher\" content=\"https:\/\/www.facebook.com\/KapitalisInfo\/\" \/>\n<meta property=\"article:published_time\" content=\"2021-12-06T10:34:16+00:00\" \/>\n<meta property=\"article:modified_time\" content=\"2021-12-06T10:36:18+00:00\" \/>\n<meta property=\"og:image\" content=\"http:\/\/kapitalis.com\/tunisie\/wp-content\/uploads\/2021\/01\/hechmi-louzir.jpg\" \/>\n<meta name=\"author\" content=\"Cherif Benyounes\" \/>\n<meta name=\"twitter:card\" content=\"summary_large_image\" \/>\n<meta name=\"twitter:creator\" content=\"@KapitalisInfo\" \/>\n<meta name=\"twitter:site\" content=\"@KapitalisInfo\" \/>\n<meta name=\"twitter:label1\" content=\"\u00c9crit par\" \/>\n\t<meta name=\"twitter:data1\" content=\"Cherif Benyounes\" \/>\n\t<meta name=\"twitter:label2\" content=\"Dur\u00e9e de lecture estim\u00e9e\" \/>\n\t<meta name=\"twitter:data2\" content=\"1 minute\" \/>\n<script type=\"application\/ld+json\" class=\"yoast-schema-graph\">{\"@context\":\"https:\/\/schema.org\",\"@graph\":[{\"@type\":\"Article\",\"@id\":\"https:\/\/kapitalis.com\/tunisie\/2021\/12\/06\/covid-19-la-tunisie-na-pas-lintention-de-rendre-la-vaccination-obligatoire-affirme-hechmi-louzir\/#article\",\"isPartOf\":{\"@id\":\"https:\/\/kapitalis.com\/tunisie\/2021\/12\/06\/covid-19-la-tunisie-na-pas-lintention-de-rendre-la-vaccination-obligatoire-affirme-hechmi-louzir\/\"},\"author\":{\"name\":\"Cherif Benyounes\",\"@id\":\"https:\/\/kapitalis.com\/tunisie\/#\/schema\/person\/b35b8d631961131107263178aeb8019e\"},\"headline\":\"Covid-19 : La Tunisie n&rsquo;a pas l&rsquo;intention de rendre la vaccination obligatoire, affirme Hechmi Louzir\",\"datePublished\":\"2021-12-06T10:34:16+00:00\",\"dateModified\":\"2021-12-06T10:36:18+00:00\",\"mainEntityOfPage\":{\"@id\":\"https:\/\/kapitalis.com\/tunisie\/2021\/12\/06\/covid-19-la-tunisie-na-pas-lintention-de-rendre-la-vaccination-obligatoire-affirme-hechmi-louzir\/\"},\"wordCount\":123,\"commentCount\":3,\"publisher\":{\"@id\":\"https:\/\/kapitalis.com\/tunisie\/#organization\"},\"image\":{\"@id\":\"https:\/\/kapitalis.com\/tunisie\/2021\/12\/06\/covid-19-la-tunisie-na-pas-lintention-de-rendre-la-vaccination-obligatoire-affirme-hechmi-louzir\/#primaryimage\"},\"thumbnailUrl\":\"http:\/\/kapitalis.com\/tunisie\/wp-content\/uploads\/2021\/01\/hechmi-louzir.jpg\",\"keywords\":[\"Covid-19\",\"hechmi louzir\",\"omicron\",\"Passe sanitaire\"],\"articleSection\":[\"SOCIETE\",\"Tunisie\"],\"inLanguage\":\"fr-FR\",\"potentialAction\":[{\"@type\":\"CommentAction\",\"name\":\"Comment\",\"target\":[\"https:\/\/kapitalis.com\/tunisie\/2021\/12\/06\/covid-19-la-tunisie-na-pas-lintention-de-rendre-la-vaccination-obligatoire-affirme-hechmi-louzir\/#respond\"]}]},{\"@type\":\"WebPage\",\"@id\":\"https:\/\/kapitalis.com\/tunisie\/2021\/12\/06\/covid-19-la-tunisie-na-pas-lintention-de-rendre-la-vaccination-obligatoire-affirme-hechmi-louzir\/\",\"url\":\"https:\/\/kapitalis.com\/tunisie\/2021\/12\/06\/covid-19-la-tunisie-na-pas-lintention-de-rendre-la-vaccination-obligatoire-affirme-hechmi-louzir\/\",\"name\":\"Covid-19 : La Tunisie n'a pas l'intention de rendre la vaccination obligatoire, affirme Hechmi Louzir - Kapitalis\",\"isPartOf\":{\"@id\":\"https:\/\/kapitalis.com\/tunisie\/#website\"},\"primaryImageOfPage\":{\"@id\":\"https:\/\/kapitalis.com\/tunisie\/2021\/12\/06\/covid-19-la-tunisie-na-pas-lintention-de-rendre-la-vaccination-obligatoire-affirme-hechmi-louzir\/#primaryimage\"},\"image\":{\"@id\":\"https:\/\/kapitalis.com\/tunisie\/2021\/12\/06\/covid-19-la-tunisie-na-pas-lintention-de-rendre-la-vaccination-obligatoire-affirme-hechmi-louzir\/#primaryimage\"},\"thumbnailUrl\":\"http:\/\/kapitalis.com\/tunisie\/wp-content\/uploads\/2021\/01\/hechmi-louzir.jpg\",\"datePublished\":\"2021-12-06T10:34:16+00:00\",\"dateModified\":\"2021-12-06T10:36:18+00:00\",\"breadcrumb\":{\"@id\":\"https:\/\/kapitalis.com\/tunisie\/2021\/12\/06\/covid-19-la-tunisie-na-pas-lintention-de-rendre-la-vaccination-obligatoire-affirme-hechmi-louzir\/#breadcrumb\"},\"inLanguage\":\"fr-FR\",\"potentialAction\":[{\"@type\":\"ReadAction\",\"target\":[\"https:\/\/kapitalis.com\/tunisie\/2021\/12\/06\/covid-19-la-tunisie-na-pas-lintention-de-rendre-la-vaccination-obligatoire-affirme-hechmi-louzir\/\"]}]},{\"@type\":\"ImageObject\",\"inLanguage\":\"fr-FR\",\"@id\":\"https:\/\/kapitalis.com\/tunisie\/2021\/12\/06\/covid-19-la-tunisie-na-pas-lintention-de-rendre-la-vaccination-obligatoire-affirme-hechmi-louzir\/#primaryimage\",\"url\":\"\",\"contentUrl\":\"\"},{\"@type\":\"BreadcrumbList\",\"@id\":\"https:\/\/kapitalis.com\/tunisie\/2021\/12\/06\/covid-19-la-tunisie-na-pas-lintention-de-rendre-la-vaccination-obligatoire-affirme-hechmi-louzir\/#breadcrumb\",\"itemListElement\":[{\"@type\":\"ListItem\",\"position\":1,\"name\":\"Accueil\",\"item\":\"https:\/\/kapitalis.com\/tunisie\/\"},{\"@type\":\"ListItem\",\"position\":2,\"name\":\"Covid-19 : La Tunisie n&rsquo;a pas l&rsquo;intention de rendre la vaccination obligatoire, affirme Hechmi Louzir\"}]},{\"@type\":\"WebSite\",\"@id\":\"https:\/\/kapitalis.com\/tunisie\/#website\",\"url\":\"https:\/\/kapitalis.com\/tunisie\/\",\"name\":\"Kapitalis\",\"description\":\"L&#039;actualit\u00e9 en Tunisie et dans le monde\",\"publisher\":{\"@id\":\"https:\/\/kapitalis.com\/tunisie\/#organization\"},\"potentialAction\":[{\"@type\":\"SearchAction\",\"target\":{\"@type\":\"EntryPoint\",\"urlTemplate\":\"https:\/\/kapitalis.com\/tunisie\/?s={search_term_string}\"},\"query-input\":{\"@type\":\"PropertyValueSpecification\",\"valueRequired\":true,\"valueName\":\"search_term_string\"}}],\"inLanguage\":\"fr-FR\"},{\"@type\":\"Organization\",\"@id\":\"https:\/\/kapitalis.com\/tunisie\/#organization\",\"name\":\"Kapitalis\",\"url\":\"https:\/\/kapitalis.com\/tunisie\/\",\"logo\":{\"@type\":\"ImageObject\",\"inLanguage\":\"fr-FR\",\"@id\":\"https:\/\/kapitalis.com\/tunisie\/#\/schema\/logo\/image\/\",\"url\":\"https:\/\/kapitalis.com\/tunisie\/wp-content\/uploads\/2022\/05\/Kapitalis-big-size.png\",\"contentUrl\":\"https:\/\/kapitalis.com\/tunisie\/wp-content\/uploads\/2022\/05\/Kapitalis-big-size.png\",\"width\":5000,\"height\":1500,\"caption\":\"Kapitalis\"},\"image\":{\"@id\":\"https:\/\/kapitalis.com\/tunisie\/#\/schema\/logo\/image\/\"},\"sameAs\":[\"https:\/\/www.facebook.com\/KapitalisInfo\/\",\"https:\/\/x.com\/KapitalisInfo\",\"https:\/\/www.youtube.com\/channel\/UC-yDYrHyfFBWWZaOw3FPg9Q\"]},{\"@type\":\"Person\",\"@id\":\"https:\/\/kapitalis.com\/tunisie\/#\/schema\/person\/b35b8d631961131107263178aeb8019e\",\"name\":\"Cherif Benyounes\",\"url\":\"https:\/\/kapitalis.com\/tunisie\/author\/cherif\/\"}]}<\/script>\n<!-- \/ Yoast SEO plugin. -->","yoast_head_json":{"title":"Covid-19 : La Tunisie n'a pas l'intention de rendre la vaccination obligatoire, affirme Hechmi Louzir - Kapitalis","robots":{"index":"index","follow":"follow","max-snippet":"max-snippet:-1","max-image-preview":"max-image-preview:large","max-video-preview":"max-video-preview:-1"},"canonical":"https:\/\/kapitalis.com\/tunisie\/2021\/12\/06\/covid-19-la-tunisie-na-pas-lintention-de-rendre-la-vaccination-obligatoire-affirme-hechmi-louzir\/","og_locale":"fr_FR","og_type":"article","og_title":"Covid-19 : La Tunisie n'a pas l'intention de rendre la vaccination obligatoire, affirme Hechmi Louzir - Kapitalis","og_description":"Avec l&rsquo;apparition du variant de la Covid-19, Omicron, certaines rumeurs selon lesquelles la vaccination deviendra obligatoire commencent \u00e0 se propager. N\u00e9anmoins, si on en croit Hechmi Louzir, directeur de la campagne nationale de vaccination contre le virus, la Tunisie n&rsquo;en a aucunement l&rsquo;intention.","og_url":"https:\/\/kapitalis.com\/tunisie\/2021\/12\/06\/covid-19-la-tunisie-na-pas-lintention-de-rendre-la-vaccination-obligatoire-affirme-hechmi-louzir\/","og_site_name":"Kapitalis","article_publisher":"https:\/\/www.facebook.com\/KapitalisInfo\/","article_published_time":"2021-12-06T10:34:16+00:00","article_modified_time":"2021-12-06T10:36:18+00:00","og_image":[{"url":"http:\/\/kapitalis.com\/tunisie\/wp-content\/uploads\/2021\/01\/hechmi-louzir.jpg","type":"","width":"","height":""}],"author":"Cherif Benyounes","twitter_card":"summary_large_image","twitter_creator":"@KapitalisInfo","twitter_site":"@KapitalisInfo","twitter_misc":{"\u00c9crit par":"Cherif Benyounes","Dur\u00e9e de lecture estim\u00e9e":"1 minute"},"schema":{"@context":"https:\/\/schema.org","@graph":[{"@type":"Article","@id":"https:\/\/kapitalis.com\/tunisie\/2021\/12\/06\/covid-19-la-tunisie-na-pas-lintention-de-rendre-la-vaccination-obligatoire-affirme-hechmi-louzir\/#article","isPartOf":{"@id":"https:\/\/kapitalis.com\/tunisie\/2021\/12\/06\/covid-19-la-tunisie-na-pas-lintention-de-rendre-la-vaccination-obligatoire-affirme-hechmi-louzir\/"},"author":{"name":"Cherif Benyounes","@id":"https:\/\/kapitalis.com\/tunisie\/#\/schema\/person\/b35b8d631961131107263178aeb8019e"},"headline":"Covid-19 : La Tunisie n&rsquo;a pas l&rsquo;intention de rendre la vaccination obligatoire, affirme Hechmi Louzir","datePublished":"2021-12-06T10:34:16+00:00","dateModified":"2021-12-06T10:36:18+00:00","mainEntityOfPage":{"@id":"https:\/\/kapitalis.com\/tunisie\/2021\/12\/06\/covid-19-la-tunisie-na-pas-lintention-de-rendre-la-vaccination-obligatoire-affirme-hechmi-louzir\/"},"wordCount":123,"commentCount":3,"publisher":{"@id":"https:\/\/kapitalis.com\/tunisie\/#organization"},"image":{"@id":"https:\/\/kapitalis.com\/tunisie\/2021\/12\/06\/covid-19-la-tunisie-na-pas-lintention-de-rendre-la-vaccination-obligatoire-affirme-hechmi-louzir\/#primaryimage"},"thumbnailUrl":"http:\/\/kapitalis.com\/tunisie\/wp-content\/uploads\/2021\/01\/hechmi-louzir.jpg","keywords":["Covid-19","hechmi louzir","omicron","Passe sanitaire"],"articleSection":["SOCIETE","Tunisie"],"inLanguage":"fr-FR","potentialAction":[{"@type":"CommentAction","name":"Comment","target":["https:\/\/kapitalis.com\/tunisie\/2021\/12\/06\/covid-19-la-tunisie-na-pas-lintention-de-rendre-la-vaccination-obligatoire-affirme-hechmi-louzir\/#respond"]}]},{"@type":"WebPage","@id":"https:\/\/kapitalis.com\/tunisie\/2021\/12\/06\/covid-19-la-tunisie-na-pas-lintention-de-rendre-la-vaccination-obligatoire-affirme-hechmi-louzir\/","url":"https:\/\/kapitalis.com\/tunisie\/2021\/12\/06\/covid-19-la-tunisie-na-pas-lintention-de-rendre-la-vaccination-obligatoire-affirme-hechmi-louzir\/","name":"Covid-19 : La Tunisie n'a pas l'intention de rendre la vaccination obligatoire, affirme Hechmi Louzir - Kapitalis","isPartOf":{"@id":"https:\/\/kapitalis.com\/tunisie\/#website"},"primaryImageOfPage":{"@id":"https:\/\/kapitalis.com\/tunisie\/2021\/12\/06\/covid-19-la-tunisie-na-pas-lintention-de-rendre-la-vaccination-obligatoire-affirme-hechmi-louzir\/#primaryimage"},"image":{"@id":"https:\/\/kapitalis.com\/tunisie\/2021\/12\/06\/covid-19-la-tunisie-na-pas-lintention-de-rendre-la-vaccination-obligatoire-affirme-hechmi-louzir\/#primaryimage"},"thumbnailUrl":"http:\/\/kapitalis.com\/tunisie\/wp-content\/uploads\/2021\/01\/hechmi-louzir.jpg","datePublished":"2021-12-06T10:34:16+00:00","dateModified":"2021-12-06T10:36:18+00:00","breadcrumb":{"@id":"https:\/\/kapitalis.com\/tunisie\/2021\/12\/06\/covid-19-la-tunisie-na-pas-lintention-de-rendre-la-vaccination-obligatoire-affirme-hechmi-louzir\/#breadcrumb"},"inLanguage":"fr-FR","potentialAction":[{"@type":"ReadAction","target":["https:\/\/kapitalis.com\/tunisie\/2021\/12\/06\/covid-19-la-tunisie-na-pas-lintention-de-rendre-la-vaccination-obligatoire-affirme-hechmi-louzir\/"]}]},{"@type":"ImageObject","inLanguage":"fr-FR","@id":"https:\/\/kapitalis.com\/tunisie\/2021\/12\/06\/covid-19-la-tunisie-na-pas-lintention-de-rendre-la-vaccination-obligatoire-affirme-hechmi-louzir\/#primaryimage","url":"","contentUrl":""},{"@type":"BreadcrumbList","@id":"https:\/\/kapitalis.com\/tunisie\/2021\/12\/06\/covid-19-la-tunisie-na-pas-lintention-de-rendre-la-vaccination-obligatoire-affirme-hechmi-louzir\/#breadcrumb","itemListElement":[{"@type":"ListItem","position":1,"name":"Accueil","item":"https:\/\/kapitalis.com\/tunisie\/"},{"@type":"ListItem","position":2,"name":"Covid-19 : La Tunisie n&rsquo;a pas l&rsquo;intention de rendre la vaccination obligatoire, affirme Hechmi Louzir"}]},{"@type":"WebSite","@id":"https:\/\/kapitalis.com\/tunisie\/#website","url":"https:\/\/kapitalis.com\/tunisie\/","name":"Kapitalis","description":"L&#039;actualit\u00e9 en Tunisie et dans le monde","publisher":{"@id":"https:\/\/kapitalis.com\/tunisie\/#organization"},"potentialAction":[{"@type":"SearchAction","target":{"@type":"EntryPoint","urlTemplate":"https:\/\/kapitalis.com\/tunisie\/?s={search_term_string}"},"query-input":{"@type":"PropertyValueSpecification","valueRequired":true,"valueName":"search_term_string"}}],"inLanguage":"fr-FR"},{"@type":"Organization","@id":"https:\/\/kapitalis.com\/tunisie\/#organization","name":"Kapitalis","url":"https:\/\/kapitalis.com\/tunisie\/","logo":{"@type":"ImageObject","inLanguage":"fr-FR","@id":"https:\/\/kapitalis.com\/tunisie\/#\/schema\/logo\/image\/","url":"https:\/\/kapitalis.com\/tunisie\/wp-content\/uploads\/2022\/05\/Kapitalis-big-size.png","contentUrl":"https:\/\/kapitalis.com\/tunisie\/wp-content\/uploads\/2022\/05\/Kapitalis-big-size.png","width":5000,"height":1500,"caption":"Kapitalis"},"image":{"@id":"https:\/\/kapitalis.com\/tunisie\/#\/schema\/logo\/image\/"},"sameAs":["https:\/\/www.facebook.com\/KapitalisInfo\/","https:\/\/x.com\/KapitalisInfo","https:\/\/www.youtube.com\/channel\/UC-yDYrHyfFBWWZaOw3FPg9Q"]},{"@type":"Person","@id":"https:\/\/kapitalis.com\/tunisie\/#\/schema\/person\/b35b8d631961131107263178aeb8019e","name":"Cherif Benyounes","url":"https:\/\/kapitalis.com\/tunisie\/author\/cherif\/"}]}},"_links":{"self":[{"href":"https:\/\/kapitalis.com\/tunisie\/wp-json\/wp\/v2\/posts\/372476","targetHints":{"allow":["GET"]}}],"collection":[{"href":"https:\/\/kapitalis.com\/tunisie\/wp-json\/wp\/v2\/posts"}],"about":[{"href":"https:\/\/kapitalis.com\/tunisie\/wp-json\/wp\/v2\/types\/post"}],"author":[{"embeddable":true,"href":"https:\/\/kapitalis.com\/tunisie\/wp-json\/wp\/v2\/users\/24"}],"replies":[{"embeddable":true,"href":"https:\/\/kapitalis.com\/tunisie\/wp-json\/wp\/v2\/comments?post=372476"}],"version-history":[{"count":0,"href":"https:\/\/kapitalis.com\/tunisie\/wp-json\/wp\/v2\/posts\/372476\/revisions"}],"wp:attachment":[{"href":"https:\/\/kapitalis.com\/tunisie\/wp-json\/wp\/v2\/media?parent=372476"}],"wp:term":[{"taxonomy":"category","embeddable":true,"href":"https:\/\/kapitalis.com\/tunisie\/wp-json\/wp\/v2\/categories?post=372476"},{"taxonomy":"post_tag","embeddable":true,"href":"https:\/\/kapitalis.com\/tunisie\/wp-json\/wp\/v2\/tags?post=372476"}],"curies":[{"name":"wp","href":"https:\/\/api.w.org\/{rel}","templated":true}]}}