{"id":372502,"date":"2021-12-06T12:04:25","date_gmt":"2021-12-06T11:04:25","guid":{"rendered":"http:\/\/kapitalis.com\/tunisie\/?p=372502"},"modified":"2021-12-06T12:06:31","modified_gmt":"2021-12-06T11:06:31","slug":"musee-de-sousse-blanco-reinvente-la-magie-du-lapis-specularis","status":"publish","type":"post","link":"https:\/\/kapitalis.com\/tunisie\/2021\/12\/06\/musee-de-sousse-blanco-reinvente-la-magie-du-lapis-specularis\/","title":{"rendered":"Mus\u00e9e de Sousse : Blanco r\u00e9invente la magie du lapis sp\u00e9cularis"},"content":{"rendered":"\n<div class=\"wp-block-image\"><figure class=\"aligncenter size-full\"><img decoding=\"async\" src=\"http:\/\/kapitalis.com\/tunisie\/wp-content\/uploads\/2021\/12\/Lapis-Specularis.jpg\" alt=\"\" class=\"wp-image-372503\"\/><\/figure><\/div>\n\n\n\n<p><strong><em>L&rsquo;ambassade d&rsquo;Espagne et l&rsquo;Instituto Cervantes de Tunis organise\u00a0l&rsquo;exposition de Miguel \u00c1ngel Blanco pr\u00e9sentant\u00a0diverses pi\u00e8ces en lapis specularis, du 12 d\u00e9cembre 2021 au 14 f\u00e9vrier 2022, au Mus\u00e9e arch\u00e9ologique de Sousse.<\/em><\/strong><\/p>\n\n\n\n<!--more-->\n\n\n\n<p>Le lapis specularis est un min\u00e9ral constitu\u00e9 de gypse cristallis\u00e9 tr\u00e8s transparent qui peut \u00eatre exfoli\u00e9 en fines feuilles \u00e0 grande surface. Il a constitu\u00e9 une r\u00e9volution dans la vie quotidienne des Romains, car il permettait, dans les r\u00e9sidences et les b\u00e2timents publics, de fermer les fen\u00eatres et les pi\u00e8ces ou les p\u00e9ristyles avec des panneaux coulissants, ainsi que de mieux maintenir la temp\u00e9rature dans les bains. Il prot\u00e9geait \u00e9galement les fen\u00eatres des couchettes et \u00e9tait utilis\u00e9 dans les petites serres ou les ruches. Mais il a aussi jou\u00e9 un r\u00f4le dans la vie symbolique, comme \u00e9l\u00e9ment somptuaire ou magique, dans des rites tant b\u00e9nins que malins.\u00a0<\/p>\n\n\n\n<p>Les mines de lapis specularis d&rsquo;Hispanie, concentr\u00e9es autour de Seg\u00f3briga et dans la province d&rsquo;Almer\u00eda (Arboleas), fournissaient le min\u00e9ral le plus pur, qui \u00e9tait export\u00e9 vers les grandes villes de l&rsquo;Empire.\u00a0<\/p>\n\n\n\n<p>L&rsquo;artiste Miguel \u00c1ngel Blanco les rend \u00e0 nouveau productifs en utilisant, pour la premi\u00e8re fois, cette pierre fascinante comme mat\u00e9riau de cr\u00e9ation. Dans un ensemble de bo\u00eetes \u00e0 livres qui font partie de sa Biblioteca del Bosque. Il a recr\u00e9\u00e9 non pas tant leurs fonctions pratiques que leurs usages rituels, avec une approche plus visionnaire qu&rsquo;arch\u00e9ologique.<\/p>\n\n\n\n<p>L&rsquo;exposition int\u00e9ressera autant les arch\u00e9ologues que les artistes et les artisans ou encore le grand public.<\/p>\n","protected":false},"excerpt":{"rendered":"<p>L&rsquo;ambassade d&rsquo;Espagne et l&rsquo;Instituto Cervantes de Tunis organise\u00a0l&rsquo;exposition de Miguel \u00c1ngel Blanco pr\u00e9sentant\u00a0diverses pi\u00e8ces en lapis specularis, du 12 d\u00e9cembre 2021 au 14 f\u00e9vrier 2022, au Mus\u00e9e arch\u00e9ologique de Sousse.<\/p>\n","protected":false},"author":8,"featured_media":372503,"comment_status":"open","ping_status":"open","sticky":false,"template":"","format":"standard","meta":{"footnotes":""},"categories":[994,2433],"tags":[95490,95491,341,17611,95487,95488,75983,95489,62643],"class_list":["post-372502","post","type-post","status-publish","format-standard","has-post-thumbnail","hentry","category-culture","category-tunisie","tag-almeria","tag-arboleas","tag-espagne","tag-instituto-cervantes","tag-lapis-specularis","tag-miguel-angel-blanco","tag-musee-archeologique-de-sousse","tag-segobriga","tag-tunisie"],"yoast_head":"<!-- This site is optimized with the Yoast SEO plugin v26.6 - https:\/\/yoast.com\/wordpress\/plugins\/seo\/ -->\n<title>Mus\u00e9e de Sousse : Blanco r\u00e9invente la magie du lapis sp\u00e9cularis - Kapitalis<\/title>\n<meta name=\"robots\" content=\"index, follow, max-snippet:-1, max-image-preview:large, max-video-preview:-1\" \/>\n<link rel=\"canonical\" href=\"https:\/\/kapitalis.com\/tunisie\/2021\/12\/06\/musee-de-sousse-blanco-reinvente-la-magie-du-lapis-specularis\/\" \/>\n<meta property=\"og:locale\" content=\"fr_FR\" \/>\n<meta property=\"og:type\" content=\"article\" \/>\n<meta property=\"og:title\" content=\"Mus\u00e9e de Sousse : Blanco r\u00e9invente la magie du lapis sp\u00e9cularis - Kapitalis\" \/>\n<meta property=\"og:description\" content=\"L&rsquo;ambassade d&rsquo;Espagne et l&rsquo;Instituto Cervantes de Tunis organise\u00a0l&rsquo;exposition de Miguel \u00c1ngel Blanco pr\u00e9sentant\u00a0diverses pi\u00e8ces en lapis specularis, du 12 d\u00e9cembre 2021 au 14 f\u00e9vrier 2022, au Mus\u00e9e arch\u00e9ologique de Sousse.\" \/>\n<meta property=\"og:url\" content=\"https:\/\/kapitalis.com\/tunisie\/2021\/12\/06\/musee-de-sousse-blanco-reinvente-la-magie-du-lapis-specularis\/\" \/>\n<meta property=\"og:site_name\" content=\"Kapitalis\" \/>\n<meta property=\"article:publisher\" content=\"https:\/\/www.facebook.com\/KapitalisInfo\/\" \/>\n<meta property=\"article:published_time\" content=\"2021-12-06T11:04:25+00:00\" \/>\n<meta property=\"article:modified_time\" content=\"2021-12-06T11:06:31+00:00\" \/>\n<meta property=\"og:image\" content=\"https:\/\/kapitalis.com\/tunisie\/wp-content\/uploads\/2022\/05\/kapitalis-logo-fb.png\" \/>\n\t<meta property=\"og:image:width\" content=\"1200\" \/>\n\t<meta property=\"og:image:height\" content=\"630\" \/>\n\t<meta property=\"og:image:type\" content=\"image\/png\" \/>\n<meta name=\"author\" content=\"webmaster kapitalis\" \/>\n<meta name=\"twitter:card\" content=\"summary_large_image\" \/>\n<meta name=\"twitter:creator\" content=\"@KapitalisInfo\" \/>\n<meta name=\"twitter:site\" content=\"@KapitalisInfo\" \/>\n<meta name=\"twitter:label1\" content=\"\u00c9crit par\" \/>\n\t<meta name=\"twitter:data1\" content=\"webmaster kapitalis\" \/>\n\t<meta name=\"twitter:label2\" content=\"Dur\u00e9e de lecture estim\u00e9e\" \/>\n\t<meta name=\"twitter:data2\" content=\"1 minute\" \/>\n<script type=\"application\/ld+json\" class=\"yoast-schema-graph\">{\"@context\":\"https:\/\/schema.org\",\"@graph\":[{\"@type\":\"Article\",\"@id\":\"https:\/\/kapitalis.com\/tunisie\/2021\/12\/06\/musee-de-sousse-blanco-reinvente-la-magie-du-lapis-specularis\/#article\",\"isPartOf\":{\"@id\":\"https:\/\/kapitalis.com\/tunisie\/2021\/12\/06\/musee-de-sousse-blanco-reinvente-la-magie-du-lapis-specularis\/\"},\"author\":{\"name\":\"webmaster kapitalis\",\"@id\":\"https:\/\/kapitalis.com\/tunisie\/#\/schema\/person\/d71f33a9ca44f7bad4698210b480c8e9\"},\"headline\":\"Mus\u00e9e de Sousse : Blanco r\u00e9invente la magie du lapis sp\u00e9cularis\",\"datePublished\":\"2021-12-06T11:04:25+00:00\",\"dateModified\":\"2021-12-06T11:06:31+00:00\",\"mainEntityOfPage\":{\"@id\":\"https:\/\/kapitalis.com\/tunisie\/2021\/12\/06\/musee-de-sousse-blanco-reinvente-la-magie-du-lapis-specularis\/\"},\"wordCount\":279,\"commentCount\":0,\"publisher\":{\"@id\":\"https:\/\/kapitalis.com\/tunisie\/#organization\"},\"image\":{\"@id\":\"https:\/\/kapitalis.com\/tunisie\/2021\/12\/06\/musee-de-sousse-blanco-reinvente-la-magie-du-lapis-specularis\/#primaryimage\"},\"thumbnailUrl\":\"\",\"keywords\":[\"Almer\u00eda\",\"Arboleas\",\"Espagne\",\"Instituto Cervantes\",\"lapis sp\u00e9cularis\",\"Miguel \u00c1ngel Blanco\",\"Mus\u00e9e arch\u00e9ologique de Sousse\",\"Seg\u00f3briga\",\"Tunisie\"],\"articleSection\":[\"CULTURE\",\"Tunisie\"],\"inLanguage\":\"fr-FR\",\"potentialAction\":[{\"@type\":\"CommentAction\",\"name\":\"Comment\",\"target\":[\"https:\/\/kapitalis.com\/tunisie\/2021\/12\/06\/musee-de-sousse-blanco-reinvente-la-magie-du-lapis-specularis\/#respond\"]}]},{\"@type\":\"WebPage\",\"@id\":\"https:\/\/kapitalis.com\/tunisie\/2021\/12\/06\/musee-de-sousse-blanco-reinvente-la-magie-du-lapis-specularis\/\",\"url\":\"https:\/\/kapitalis.com\/tunisie\/2021\/12\/06\/musee-de-sousse-blanco-reinvente-la-magie-du-lapis-specularis\/\",\"name\":\"Mus\u00e9e de Sousse : Blanco r\u00e9invente la magie du lapis sp\u00e9cularis - Kapitalis\",\"isPartOf\":{\"@id\":\"https:\/\/kapitalis.com\/tunisie\/#website\"},\"primaryImageOfPage\":{\"@id\":\"https:\/\/kapitalis.com\/tunisie\/2021\/12\/06\/musee-de-sousse-blanco-reinvente-la-magie-du-lapis-specularis\/#primaryimage\"},\"image\":{\"@id\":\"https:\/\/kapitalis.com\/tunisie\/2021\/12\/06\/musee-de-sousse-blanco-reinvente-la-magie-du-lapis-specularis\/#primaryimage\"},\"thumbnailUrl\":\"\",\"datePublished\":\"2021-12-06T11:04:25+00:00\",\"dateModified\":\"2021-12-06T11:06:31+00:00\",\"breadcrumb\":{\"@id\":\"https:\/\/kapitalis.com\/tunisie\/2021\/12\/06\/musee-de-sousse-blanco-reinvente-la-magie-du-lapis-specularis\/#breadcrumb\"},\"inLanguage\":\"fr-FR\",\"potentialAction\":[{\"@type\":\"ReadAction\",\"target\":[\"https:\/\/kapitalis.com\/tunisie\/2021\/12\/06\/musee-de-sousse-blanco-reinvente-la-magie-du-lapis-specularis\/\"]}]},{\"@type\":\"ImageObject\",\"inLanguage\":\"fr-FR\",\"@id\":\"https:\/\/kapitalis.com\/tunisie\/2021\/12\/06\/musee-de-sousse-blanco-reinvente-la-magie-du-lapis-specularis\/#primaryimage\",\"url\":\"\",\"contentUrl\":\"\"},{\"@type\":\"BreadcrumbList\",\"@id\":\"https:\/\/kapitalis.com\/tunisie\/2021\/12\/06\/musee-de-sousse-blanco-reinvente-la-magie-du-lapis-specularis\/#breadcrumb\",\"itemListElement\":[{\"@type\":\"ListItem\",\"position\":1,\"name\":\"Accueil\",\"item\":\"https:\/\/kapitalis.com\/tunisie\/\"},{\"@type\":\"ListItem\",\"position\":2,\"name\":\"Mus\u00e9e de Sousse : Blanco r\u00e9invente la magie du lapis sp\u00e9cularis\"}]},{\"@type\":\"WebSite\",\"@id\":\"https:\/\/kapitalis.com\/tunisie\/#website\",\"url\":\"https:\/\/kapitalis.com\/tunisie\/\",\"name\":\"Kapitalis\",\"description\":\"L&#039;actualit\u00e9 en Tunisie et dans le monde\",\"publisher\":{\"@id\":\"https:\/\/kapitalis.com\/tunisie\/#organization\"},\"potentialAction\":[{\"@type\":\"SearchAction\",\"target\":{\"@type\":\"EntryPoint\",\"urlTemplate\":\"https:\/\/kapitalis.com\/tunisie\/?s={search_term_string}\"},\"query-input\":{\"@type\":\"PropertyValueSpecification\",\"valueRequired\":true,\"valueName\":\"search_term_string\"}}],\"inLanguage\":\"fr-FR\"},{\"@type\":\"Organization\",\"@id\":\"https:\/\/kapitalis.com\/tunisie\/#organization\",\"name\":\"Kapitalis\",\"url\":\"https:\/\/kapitalis.com\/tunisie\/\",\"logo\":{\"@type\":\"ImageObject\",\"inLanguage\":\"fr-FR\",\"@id\":\"https:\/\/kapitalis.com\/tunisie\/#\/schema\/logo\/image\/\",\"url\":\"https:\/\/kapitalis.com\/tunisie\/wp-content\/uploads\/2022\/05\/Kapitalis-big-size.png\",\"contentUrl\":\"https:\/\/kapitalis.com\/tunisie\/wp-content\/uploads\/2022\/05\/Kapitalis-big-size.png\",\"width\":5000,\"height\":1500,\"caption\":\"Kapitalis\"},\"image\":{\"@id\":\"https:\/\/kapitalis.com\/tunisie\/#\/schema\/logo\/image\/\"},\"sameAs\":[\"https:\/\/www.facebook.com\/KapitalisInfo\/\",\"https:\/\/x.com\/KapitalisInfo\",\"https:\/\/www.youtube.com\/channel\/UC-yDYrHyfFBWWZaOw3FPg9Q\"]},{\"@type\":\"Person\",\"@id\":\"https:\/\/kapitalis.com\/tunisie\/#\/schema\/person\/d71f33a9ca44f7bad4698210b480c8e9\",\"name\":\"webmaster kapitalis\",\"url\":\"https:\/\/kapitalis.com\/tunisie\/author\/webmaster-kapitalis\/\"}]}<\/script>\n<!-- \/ Yoast SEO plugin. -->","yoast_head_json":{"title":"Mus\u00e9e de Sousse : Blanco r\u00e9invente la magie du lapis sp\u00e9cularis - Kapitalis","robots":{"index":"index","follow":"follow","max-snippet":"max-snippet:-1","max-image-preview":"max-image-preview:large","max-video-preview":"max-video-preview:-1"},"canonical":"https:\/\/kapitalis.com\/tunisie\/2021\/12\/06\/musee-de-sousse-blanco-reinvente-la-magie-du-lapis-specularis\/","og_locale":"fr_FR","og_type":"article","og_title":"Mus\u00e9e de Sousse : Blanco r\u00e9invente la magie du lapis sp\u00e9cularis - Kapitalis","og_description":"L&rsquo;ambassade d&rsquo;Espagne et l&rsquo;Instituto Cervantes de Tunis organise\u00a0l&rsquo;exposition de Miguel \u00c1ngel Blanco pr\u00e9sentant\u00a0diverses pi\u00e8ces en lapis specularis, du 12 d\u00e9cembre 2021 au 14 f\u00e9vrier 2022, au Mus\u00e9e arch\u00e9ologique de Sousse.","og_url":"https:\/\/kapitalis.com\/tunisie\/2021\/12\/06\/musee-de-sousse-blanco-reinvente-la-magie-du-lapis-specularis\/","og_site_name":"Kapitalis","article_publisher":"https:\/\/www.facebook.com\/KapitalisInfo\/","article_published_time":"2021-12-06T11:04:25+00:00","article_modified_time":"2021-12-06T11:06:31+00:00","og_image":[{"width":1200,"height":630,"url":"https:\/\/kapitalis.com\/tunisie\/wp-content\/uploads\/2022\/05\/kapitalis-logo-fb.png","type":"image\/png"}],"author":"webmaster kapitalis","twitter_card":"summary_large_image","twitter_creator":"@KapitalisInfo","twitter_site":"@KapitalisInfo","twitter_misc":{"\u00c9crit par":"webmaster kapitalis","Dur\u00e9e de lecture estim\u00e9e":"1 minute"},"schema":{"@context":"https:\/\/schema.org","@graph":[{"@type":"Article","@id":"https:\/\/kapitalis.com\/tunisie\/2021\/12\/06\/musee-de-sousse-blanco-reinvente-la-magie-du-lapis-specularis\/#article","isPartOf":{"@id":"https:\/\/kapitalis.com\/tunisie\/2021\/12\/06\/musee-de-sousse-blanco-reinvente-la-magie-du-lapis-specularis\/"},"author":{"name":"webmaster kapitalis","@id":"https:\/\/kapitalis.com\/tunisie\/#\/schema\/person\/d71f33a9ca44f7bad4698210b480c8e9"},"headline":"Mus\u00e9e de Sousse : Blanco r\u00e9invente la magie du lapis sp\u00e9cularis","datePublished":"2021-12-06T11:04:25+00:00","dateModified":"2021-12-06T11:06:31+00:00","mainEntityOfPage":{"@id":"https:\/\/kapitalis.com\/tunisie\/2021\/12\/06\/musee-de-sousse-blanco-reinvente-la-magie-du-lapis-specularis\/"},"wordCount":279,"commentCount":0,"publisher":{"@id":"https:\/\/kapitalis.com\/tunisie\/#organization"},"image":{"@id":"https:\/\/kapitalis.com\/tunisie\/2021\/12\/06\/musee-de-sousse-blanco-reinvente-la-magie-du-lapis-specularis\/#primaryimage"},"thumbnailUrl":"","keywords":["Almer\u00eda","Arboleas","Espagne","Instituto Cervantes","lapis sp\u00e9cularis","Miguel \u00c1ngel Blanco","Mus\u00e9e arch\u00e9ologique de Sousse","Seg\u00f3briga","Tunisie"],"articleSection":["CULTURE","Tunisie"],"inLanguage":"fr-FR","potentialAction":[{"@type":"CommentAction","name":"Comment","target":["https:\/\/kapitalis.com\/tunisie\/2021\/12\/06\/musee-de-sousse-blanco-reinvente-la-magie-du-lapis-specularis\/#respond"]}]},{"@type":"WebPage","@id":"https:\/\/kapitalis.com\/tunisie\/2021\/12\/06\/musee-de-sousse-blanco-reinvente-la-magie-du-lapis-specularis\/","url":"https:\/\/kapitalis.com\/tunisie\/2021\/12\/06\/musee-de-sousse-blanco-reinvente-la-magie-du-lapis-specularis\/","name":"Mus\u00e9e de Sousse : Blanco r\u00e9invente la magie du lapis sp\u00e9cularis - Kapitalis","isPartOf":{"@id":"https:\/\/kapitalis.com\/tunisie\/#website"},"primaryImageOfPage":{"@id":"https:\/\/kapitalis.com\/tunisie\/2021\/12\/06\/musee-de-sousse-blanco-reinvente-la-magie-du-lapis-specularis\/#primaryimage"},"image":{"@id":"https:\/\/kapitalis.com\/tunisie\/2021\/12\/06\/musee-de-sousse-blanco-reinvente-la-magie-du-lapis-specularis\/#primaryimage"},"thumbnailUrl":"","datePublished":"2021-12-06T11:04:25+00:00","dateModified":"2021-12-06T11:06:31+00:00","breadcrumb":{"@id":"https:\/\/kapitalis.com\/tunisie\/2021\/12\/06\/musee-de-sousse-blanco-reinvente-la-magie-du-lapis-specularis\/#breadcrumb"},"inLanguage":"fr-FR","potentialAction":[{"@type":"ReadAction","target":["https:\/\/kapitalis.com\/tunisie\/2021\/12\/06\/musee-de-sousse-blanco-reinvente-la-magie-du-lapis-specularis\/"]}]},{"@type":"ImageObject","inLanguage":"fr-FR","@id":"https:\/\/kapitalis.com\/tunisie\/2021\/12\/06\/musee-de-sousse-blanco-reinvente-la-magie-du-lapis-specularis\/#primaryimage","url":"","contentUrl":""},{"@type":"BreadcrumbList","@id":"https:\/\/kapitalis.com\/tunisie\/2021\/12\/06\/musee-de-sousse-blanco-reinvente-la-magie-du-lapis-specularis\/#breadcrumb","itemListElement":[{"@type":"ListItem","position":1,"name":"Accueil","item":"https:\/\/kapitalis.com\/tunisie\/"},{"@type":"ListItem","position":2,"name":"Mus\u00e9e de Sousse : Blanco r\u00e9invente la magie du lapis sp\u00e9cularis"}]},{"@type":"WebSite","@id":"https:\/\/kapitalis.com\/tunisie\/#website","url":"https:\/\/kapitalis.com\/tunisie\/","name":"Kapitalis","description":"L&#039;actualit\u00e9 en Tunisie et dans le monde","publisher":{"@id":"https:\/\/kapitalis.com\/tunisie\/#organization"},"potentialAction":[{"@type":"SearchAction","target":{"@type":"EntryPoint","urlTemplate":"https:\/\/kapitalis.com\/tunisie\/?s={search_term_string}"},"query-input":{"@type":"PropertyValueSpecification","valueRequired":true,"valueName":"search_term_string"}}],"inLanguage":"fr-FR"},{"@type":"Organization","@id":"https:\/\/kapitalis.com\/tunisie\/#organization","name":"Kapitalis","url":"https:\/\/kapitalis.com\/tunisie\/","logo":{"@type":"ImageObject","inLanguage":"fr-FR","@id":"https:\/\/kapitalis.com\/tunisie\/#\/schema\/logo\/image\/","url":"https:\/\/kapitalis.com\/tunisie\/wp-content\/uploads\/2022\/05\/Kapitalis-big-size.png","contentUrl":"https:\/\/kapitalis.com\/tunisie\/wp-content\/uploads\/2022\/05\/Kapitalis-big-size.png","width":5000,"height":1500,"caption":"Kapitalis"},"image":{"@id":"https:\/\/kapitalis.com\/tunisie\/#\/schema\/logo\/image\/"},"sameAs":["https:\/\/www.facebook.com\/KapitalisInfo\/","https:\/\/x.com\/KapitalisInfo","https:\/\/www.youtube.com\/channel\/UC-yDYrHyfFBWWZaOw3FPg9Q"]},{"@type":"Person","@id":"https:\/\/kapitalis.com\/tunisie\/#\/schema\/person\/d71f33a9ca44f7bad4698210b480c8e9","name":"webmaster kapitalis","url":"https:\/\/kapitalis.com\/tunisie\/author\/webmaster-kapitalis\/"}]}},"_links":{"self":[{"href":"https:\/\/kapitalis.com\/tunisie\/wp-json\/wp\/v2\/posts\/372502","targetHints":{"allow":["GET"]}}],"collection":[{"href":"https:\/\/kapitalis.com\/tunisie\/wp-json\/wp\/v2\/posts"}],"about":[{"href":"https:\/\/kapitalis.com\/tunisie\/wp-json\/wp\/v2\/types\/post"}],"author":[{"embeddable":true,"href":"https:\/\/kapitalis.com\/tunisie\/wp-json\/wp\/v2\/users\/8"}],"replies":[{"embeddable":true,"href":"https:\/\/kapitalis.com\/tunisie\/wp-json\/wp\/v2\/comments?post=372502"}],"version-history":[{"count":0,"href":"https:\/\/kapitalis.com\/tunisie\/wp-json\/wp\/v2\/posts\/372502\/revisions"}],"wp:featuredmedia":[{"embeddable":true,"href":"https:\/\/kapitalis.com\/tunisie\/wp-json\/wp\/v2\/media\/372503"}],"wp:attachment":[{"href":"https:\/\/kapitalis.com\/tunisie\/wp-json\/wp\/v2\/media?parent=372502"}],"wp:term":[{"taxonomy":"category","embeddable":true,"href":"https:\/\/kapitalis.com\/tunisie\/wp-json\/wp\/v2\/categories?post=372502"},{"taxonomy":"post_tag","embeddable":true,"href":"https:\/\/kapitalis.com\/tunisie\/wp-json\/wp\/v2\/tags?post=372502"}],"curies":[{"name":"wp","href":"https:\/\/api.w.org\/{rel}","templated":true}]}}