{"id":372652,"date":"2021-12-07T12:12:35","date_gmt":"2021-12-07T11:12:35","guid":{"rendered":"http:\/\/kapitalis.com\/tunisie\/?p=372652"},"modified":"2021-12-07T12:16:23","modified_gmt":"2021-12-07T11:16:23","slug":"telemedecine-le-combat-darriere-garde-des-medecins-tunisiens","status":"publish","type":"post","link":"https:\/\/kapitalis.com\/tunisie\/2021\/12\/07\/telemedecine-le-combat-darriere-garde-des-medecins-tunisiens\/","title":{"rendered":"T\u00e9l\u00e9m\u00e9decine : le combat d&rsquo;arri\u00e8re-garde des m\u00e9decins tunisiens"},"content":{"rendered":"\n<div class=\"wp-block-image\"><figure class=\"aligncenter size-full\"><img decoding=\"async\" src=\"http:\/\/kapitalis.com\/tunisie\/wp-content\/uploads\/2020\/07\/Telemedecine.jpg\" alt=\"\" class=\"wp-image-306282\"\/><\/figure><\/div>\n\n\n\n<p><strong><em>Les m\u00e9decins tunisiens devraient \u00e9voluer avec la technologie plut\u00f4t que de se retrouver d\u00e9pass\u00e9s par elle. Ils se plaignent souvent du d\u00e9part des jeunes m\u00e9decins \u00e0 l&rsquo;\u00e9tranger mais font beaucoup de chose (ou laissent faire beaucoup de choses) qui les y encouragent.<\/em><\/strong> **<\/p>\n\n\n\n<p>Par <strong>Mustapha Mezghanni<\/strong> *<\/p>\n\n\n\n<!--more-->\n\n\n\n<div class=\"wp-block-image\"><figure class=\"alignleft size-full\"><img decoding=\"async\" src=\"http:\/\/kapitalis.com\/tunisie\/wp-content\/uploads\/2021\/07\/Mustapha-Mezghani.jpg\" alt=\"\" class=\"wp-image-356468\"\/><\/figure><\/div>\n\n\n\n<p>J\u2019ai lu le communiqu\u00e9 du Conseil national de l\u2019ordre des m\u00e9decins (Cnom) tunisiens relatif \u00e0 la t\u00e9l\u00e9m\u00e9decine, et je ne suis pas d\u2019accord avec presque tous les posts que j\u2019ai lus.<\/p>\n\n\n\n<p>Contrairement \u00e0 ce que vous pensez et \u00e0 ce que vous dites, comme le dit le Cnom, l\u2019exercice de la t\u00e9l\u00e9m\u00e9decine n\u2019est pas l\u00e9gal en Tunisie et ce n\u2019est pas que la faute du Cnom.<\/p>\n\n\n\n<h2 class=\"wp-block-heading\">L\u2019exercice de la t\u00e9l\u00e9m\u00e9decine n&rsquo;exige pas une autorisation pr\u00e9alable<\/h2>\n\n\n\n<p>La loi 2018-43 \u00e0 la laquelle certains font r\u00e9f\u00e9rence a certes autoris\u00e9 l\u2019exercice de la t\u00e9l\u00e9m\u00e9decine dans son premier alin\u00e9a, mais elle le conditionne, dans son alin\u00e9a 5, par la publication d\u2019un d\u00e9cret, d\u00e9cret qui n\u2019est jamais sorti et qui tra\u00eene dans les arcanes de la pr\u00e9sidence du gouvernement.<\/p>\n\n\n\n<p>M\u00eame quand ce d\u00e9cret sortira, il ne sera pas possible d\u2019exercer la t\u00e9l\u00e9m\u00e9decine, il faudra attendre des arr\u00eat\u00e9s minist\u00e9riels d\u00e9taillant comment se fera la t\u00e9l\u00e9m\u00e9decine, arr\u00eat\u00e9 propre \u00e0 chaque domaine d\u2019activit\u00e9 m\u00e9dicale. C\u2019est ce qui figure dans ladite loi.<\/p>\n\n\n\n<p>Maintenant, l\u00e0 o\u00f9 le Cnom p\u00e8che, c\u2019est quand il annonce que l\u2019exercice de la t\u00e9l\u00e9m\u00e9decine n\u00e9cessite une autorisation pr\u00e9alable. Comment peut-il soumettre une activit\u00e9 interdite par la loi, comme il le dit en premi\u00e8re partie du communiqu\u00e9, \u00e0 autorisation? Il faut choisir entre activit\u00e9 interdite par les textes ou activit\u00e9 soumise \u00e0 autorisation. On ne peut pas dire que l\u2019activit\u00e9 est interdite et dire par la suite qu\u2019elle est soumise \u00e0 autorisation, \u00e0 moins d\u2019\u00eatre mufti pour faire une fatwa et donner des autorisations pour des activit\u00e9s ill\u00e9gales.<\/p>\n\n\n\n<h2 class=\"wp-block-heading\">La t\u00e9l\u00e9m\u00e9decine permet de limiter les d\u00e9serts m\u00e9dicaux<\/h2>\n\n\n\n<p>Je terminerai en faisant remarquer au CNOM que certains de ses membres font de la t\u00e9l\u00e9m\u00e9decine alors qu\u2019il n\u2019en parle pas dans son communiqu\u00e9. Il s\u2019agit de certains m\u00e9decins du secteur public car cela permet de limiter les d\u00e9serts m\u00e9dicaux et d\u2019apporter de l\u2019assistance \u00e0 des patients dans des r\u00e9gions o\u00f9 les \u00e9quipements existent mais pas les m\u00e9decins. Le CNOM serait-il d\u2019accord avec une telle pratique dans le public et non dans le priv\u00e9? La t\u00e9l\u00e9m\u00e9decine dans le priv\u00e9 ne serait-elle pas de nature \u00e0 apporter assistance \u00e0 des patients et \u00e0 sauver des vies comme cela est e cas dans le publics?<\/p>\n\n\n\n<p>Surpris d\u2019un tel communiqu\u00e9 de la part d\u2019une corporation qui devrait \u00e9voluer avec la technologie plut\u00f4t que de se retrouver d\u00e9pass\u00e9e et qui se plaint du d\u00e9part des jeunes m\u00e9decins mais fait beaucoup de chose ou laisse faire beaucoup de choses, qui les y encouragent.<\/p>\n\n\n\n<p>Personnellement, j&rsquo;aurais pr\u00e9f\u00e9r\u00e9 voir un communiqu\u00e9 du Cnom appelant le gouvernement et le minist\u00e8re de la Sant\u00e9 \u00e0 acc\u00e9l\u00e9rer la publication des textes relatifs \u00e0 l&rsquo;exercice de la t\u00e9l\u00e9m\u00e9decine.<\/p>\n\n\n\n<p>Comme me l&rsquo;a tr\u00e8s bien fait remarquer mon ami Imed Elabed, r\u00e9pondre \u00e0 un patient au t\u00e9l\u00e9phone et lui faire une <em>\u00abprescription\u00bb<\/em> est de la t\u00e9l\u00e9m\u00e9decine. Pourquoi est-ce que le Cnom ne le rappelle-t-il pas? Pourquoi n&rsquo;exige-t-il pas de convention ratifi\u00e9e pour une telle activit\u00e9? Qui des membres du Cnom ne l&rsquo;a pas d\u00e9j\u00e0 fait et ne continue-t-il pas \u00e0 la faire?<\/p>\n\n\n\n<p><em>* Ancien Pdg de Tunisie Tradenet et ancien conseiller de plusieurs ministres. <\/em><\/p>\n\n\n\n<p><em>** Le titre est de la r\u00e9daction. <\/em><\/p>\n\n\n\n<h4 class=\"wp-block-heading\"><em>Articles du m\u00eame auteur dans Kapitalis : <\/em><\/h4>\n\n\n\n<p><blockquote class=\"wp-embedded-content\" data-secret=\"3nZXKB5yCq\"><a href=\"https:\/\/kapitalis.com\/tunisie\/2021\/07\/23\/tunisie-peut-on-faire-confiance-aux-services-numeriques-de-ladministration\/\">Tunisie : Peut-on faire confiance aux services num\u00e9riques de l\u2019administration ?<\/a><\/blockquote><iframe loading=\"lazy\" class=\"wp-embedded-content\" sandbox=\"allow-scripts\" security=\"restricted\" style=\"position: absolute; clip: rect(1px, 1px, 1px, 1px);\" title=\"\u00ab\u00a0Tunisie : Peut-on faire confiance aux services num\u00e9riques de l\u2019administration ?\u00a0\u00bb &#8212; Kapitalis\" src=\"https:\/\/kapitalis.com\/tunisie\/2021\/07\/23\/tunisie-peut-on-faire-confiance-aux-services-numeriques-de-ladministration\/embed\/#?secret=PUX4BrV1sK#?secret=3nZXKB5yCq\" data-secret=\"3nZXKB5yCq\" width=\"600\" height=\"338\" frameborder=\"0\" marginwidth=\"0\" marginheight=\"0\" scrolling=\"no\"><\/iframe><\/p>\n\n\n\n<p><blockquote class=\"wp-embedded-content\" data-secret=\"506kGBj4Dt\"><a href=\"https:\/\/kapitalis.com\/tunisie\/2021\/07\/16\/tunisie-la-loi-de-relance-economique-legalise-le-blanchiment-dargent\/\">Tunisie : la loi de relance \u00e9conomique l\u00e9galise le blanchiment d&rsquo;argent<\/a><\/blockquote><iframe loading=\"lazy\" class=\"wp-embedded-content\" sandbox=\"allow-scripts\" security=\"restricted\" style=\"position: absolute; clip: rect(1px, 1px, 1px, 1px);\" title=\"\u00ab\u00a0Tunisie : la loi de relance \u00e9conomique l\u00e9galise le blanchiment d&rsquo;argent\u00a0\u00bb &#8212; Kapitalis\" src=\"https:\/\/kapitalis.com\/tunisie\/2021\/07\/16\/tunisie-la-loi-de-relance-economique-legalise-le-blanchiment-dargent\/embed\/#?secret=pCrnu4RrzD#?secret=506kGBj4Dt\" data-secret=\"506kGBj4Dt\" width=\"600\" height=\"338\" frameborder=\"0\" marginwidth=\"0\" marginheight=\"0\" scrolling=\"no\"><\/iframe><\/p>\n\n\n\n<p><blockquote class=\"wp-embedded-content\" data-secret=\"xgYgolg41k\"><a href=\"https:\/\/kapitalis.com\/tunisie\/2020\/08\/24\/va-t-on-laisser-tunisair-sombrer-et-salir-davantage-limage-de-la-tunisie\/\">Va-t-on laisser Tunisair sombrer et salir davantage l\u2019image de la Tunisie ?<\/a><\/blockquote><iframe loading=\"lazy\" class=\"wp-embedded-content\" sandbox=\"allow-scripts\" security=\"restricted\" style=\"position: absolute; clip: rect(1px, 1px, 1px, 1px);\" title=\"\u00ab\u00a0Va-t-on laisser Tunisair sombrer et salir davantage l\u2019image de la Tunisie ?\u00a0\u00bb &#8212; Kapitalis\" src=\"https:\/\/kapitalis.com\/tunisie\/2020\/08\/24\/va-t-on-laisser-tunisair-sombrer-et-salir-davantage-limage-de-la-tunisie\/embed\/#?secret=uCprzmE3B0#?secret=xgYgolg41k\" data-secret=\"xgYgolg41k\" width=\"600\" height=\"338\" frameborder=\"0\" marginwidth=\"0\" marginheight=\"0\" scrolling=\"no\"><\/iframe><\/p>\n","protected":false},"excerpt":{"rendered":"<p>Les m\u00e9decins tunisiens devraient \u00e9voluer avec la technologie plut\u00f4t que de se retrouver d\u00e9pass\u00e9s par elle. Ils se plaignent souvent du d\u00e9part des jeunes m\u00e9decins \u00e0 l&rsquo;\u00e9tranger mais font beaucoup de chose (ou laissent faire beaucoup de choses) qui les y encouragent. ** Par Mustapha Mezghanni *<\/p>\n","protected":false},"author":8,"featured_media":0,"comment_status":"open","ping_status":"open","sticky":false,"template":"","format":"standard","meta":{"footnotes":""},"categories":[992,998,1000,2433],"tags":[19611,95524,77870,95525,77726,62643],"class_list":["post-372652","post","type-post","status-publish","format-standard","hentry","category-a-la-une","category-societe","category-tribune","category-tunisie","tag-cnom","tag-deserts-medicaux","tag-medecins-tunisiens","tag-mustapha-mezghanni","tag-telemedecine","tag-tunisie"],"yoast_head":"<!-- This site is optimized with the Yoast SEO plugin v26.6 - https:\/\/yoast.com\/wordpress\/plugins\/seo\/ -->\n<title>T\u00e9l\u00e9m\u00e9decine : le combat d&#039;arri\u00e8re-garde des m\u00e9decins tunisiens - Kapitalis<\/title>\n<meta name=\"robots\" content=\"index, follow, max-snippet:-1, max-image-preview:large, max-video-preview:-1\" \/>\n<link rel=\"canonical\" href=\"https:\/\/kapitalis.com\/tunisie\/2021\/12\/07\/telemedecine-le-combat-darriere-garde-des-medecins-tunisiens\/\" \/>\n<meta property=\"og:locale\" content=\"fr_FR\" \/>\n<meta property=\"og:type\" content=\"article\" \/>\n<meta property=\"og:title\" content=\"T\u00e9l\u00e9m\u00e9decine : le combat d&#039;arri\u00e8re-garde des m\u00e9decins tunisiens - Kapitalis\" \/>\n<meta property=\"og:description\" content=\"Les m\u00e9decins tunisiens devraient \u00e9voluer avec la technologie plut\u00f4t que de se retrouver d\u00e9pass\u00e9s par elle. Ils se plaignent souvent du d\u00e9part des jeunes m\u00e9decins \u00e0 l&rsquo;\u00e9tranger mais font beaucoup de chose (ou laissent faire beaucoup de choses) qui les y encouragent. ** Par Mustapha Mezghanni *\" \/>\n<meta property=\"og:url\" content=\"https:\/\/kapitalis.com\/tunisie\/2021\/12\/07\/telemedecine-le-combat-darriere-garde-des-medecins-tunisiens\/\" \/>\n<meta property=\"og:site_name\" content=\"Kapitalis\" \/>\n<meta property=\"article:publisher\" content=\"https:\/\/www.facebook.com\/KapitalisInfo\/\" \/>\n<meta property=\"article:published_time\" content=\"2021-12-07T11:12:35+00:00\" \/>\n<meta property=\"article:modified_time\" content=\"2021-12-07T11:16:23+00:00\" \/>\n<meta property=\"og:image\" content=\"http:\/\/kapitalis.com\/tunisie\/wp-content\/uploads\/2020\/07\/Telemedecine.jpg\" \/>\n<meta name=\"author\" content=\"webmaster kapitalis\" \/>\n<meta name=\"twitter:card\" content=\"summary_large_image\" \/>\n<meta name=\"twitter:creator\" content=\"@KapitalisInfo\" \/>\n<meta name=\"twitter:site\" content=\"@KapitalisInfo\" \/>\n<meta name=\"twitter:label1\" content=\"\u00c9crit par\" \/>\n\t<meta name=\"twitter:data1\" content=\"webmaster kapitalis\" \/>\n\t<meta name=\"twitter:label2\" content=\"Dur\u00e9e de lecture estim\u00e9e\" \/>\n\t<meta name=\"twitter:data2\" content=\"3 minutes\" \/>\n<script type=\"application\/ld+json\" class=\"yoast-schema-graph\">{\"@context\":\"https:\/\/schema.org\",\"@graph\":[{\"@type\":\"Article\",\"@id\":\"https:\/\/kapitalis.com\/tunisie\/2021\/12\/07\/telemedecine-le-combat-darriere-garde-des-medecins-tunisiens\/#article\",\"isPartOf\":{\"@id\":\"https:\/\/kapitalis.com\/tunisie\/2021\/12\/07\/telemedecine-le-combat-darriere-garde-des-medecins-tunisiens\/\"},\"author\":{\"name\":\"webmaster kapitalis\",\"@id\":\"https:\/\/kapitalis.com\/tunisie\/#\/schema\/person\/d71f33a9ca44f7bad4698210b480c8e9\"},\"headline\":\"T\u00e9l\u00e9m\u00e9decine : le combat d&rsquo;arri\u00e8re-garde des m\u00e9decins tunisiens\",\"datePublished\":\"2021-12-07T11:12:35+00:00\",\"dateModified\":\"2021-12-07T11:16:23+00:00\",\"mainEntityOfPage\":{\"@id\":\"https:\/\/kapitalis.com\/tunisie\/2021\/12\/07\/telemedecine-le-combat-darriere-garde-des-medecins-tunisiens\/\"},\"wordCount\":694,\"commentCount\":0,\"publisher\":{\"@id\":\"https:\/\/kapitalis.com\/tunisie\/#organization\"},\"image\":{\"@id\":\"https:\/\/kapitalis.com\/tunisie\/2021\/12\/07\/telemedecine-le-combat-darriere-garde-des-medecins-tunisiens\/#primaryimage\"},\"thumbnailUrl\":\"http:\/\/kapitalis.com\/tunisie\/wp-content\/uploads\/2020\/07\/Telemedecine.jpg\",\"keywords\":[\"CNOM\",\"d\u00e9serts m\u00e9dicaux\",\"m\u00e9decins tunisiens\",\"Mustapha Mezghanni\",\"t\u00e9l\u00e9m\u00e9decine\",\"Tunisie\"],\"articleSection\":[\"A LA UNE\",\"SOCIETE\",\"TRIBUNE\",\"Tunisie\"],\"inLanguage\":\"fr-FR\",\"potentialAction\":[{\"@type\":\"CommentAction\",\"name\":\"Comment\",\"target\":[\"https:\/\/kapitalis.com\/tunisie\/2021\/12\/07\/telemedecine-le-combat-darriere-garde-des-medecins-tunisiens\/#respond\"]}]},{\"@type\":\"WebPage\",\"@id\":\"https:\/\/kapitalis.com\/tunisie\/2021\/12\/07\/telemedecine-le-combat-darriere-garde-des-medecins-tunisiens\/\",\"url\":\"https:\/\/kapitalis.com\/tunisie\/2021\/12\/07\/telemedecine-le-combat-darriere-garde-des-medecins-tunisiens\/\",\"name\":\"T\u00e9l\u00e9m\u00e9decine : le combat d'arri\u00e8re-garde des m\u00e9decins tunisiens - Kapitalis\",\"isPartOf\":{\"@id\":\"https:\/\/kapitalis.com\/tunisie\/#website\"},\"primaryImageOfPage\":{\"@id\":\"https:\/\/kapitalis.com\/tunisie\/2021\/12\/07\/telemedecine-le-combat-darriere-garde-des-medecins-tunisiens\/#primaryimage\"},\"image\":{\"@id\":\"https:\/\/kapitalis.com\/tunisie\/2021\/12\/07\/telemedecine-le-combat-darriere-garde-des-medecins-tunisiens\/#primaryimage\"},\"thumbnailUrl\":\"http:\/\/kapitalis.com\/tunisie\/wp-content\/uploads\/2020\/07\/Telemedecine.jpg\",\"datePublished\":\"2021-12-07T11:12:35+00:00\",\"dateModified\":\"2021-12-07T11:16:23+00:00\",\"breadcrumb\":{\"@id\":\"https:\/\/kapitalis.com\/tunisie\/2021\/12\/07\/telemedecine-le-combat-darriere-garde-des-medecins-tunisiens\/#breadcrumb\"},\"inLanguage\":\"fr-FR\",\"potentialAction\":[{\"@type\":\"ReadAction\",\"target\":[\"https:\/\/kapitalis.com\/tunisie\/2021\/12\/07\/telemedecine-le-combat-darriere-garde-des-medecins-tunisiens\/\"]}]},{\"@type\":\"ImageObject\",\"inLanguage\":\"fr-FR\",\"@id\":\"https:\/\/kapitalis.com\/tunisie\/2021\/12\/07\/telemedecine-le-combat-darriere-garde-des-medecins-tunisiens\/#primaryimage\",\"url\":\"\",\"contentUrl\":\"\"},{\"@type\":\"BreadcrumbList\",\"@id\":\"https:\/\/kapitalis.com\/tunisie\/2021\/12\/07\/telemedecine-le-combat-darriere-garde-des-medecins-tunisiens\/#breadcrumb\",\"itemListElement\":[{\"@type\":\"ListItem\",\"position\":1,\"name\":\"Accueil\",\"item\":\"https:\/\/kapitalis.com\/tunisie\/\"},{\"@type\":\"ListItem\",\"position\":2,\"name\":\"T\u00e9l\u00e9m\u00e9decine : le combat d&rsquo;arri\u00e8re-garde des m\u00e9decins tunisiens\"}]},{\"@type\":\"WebSite\",\"@id\":\"https:\/\/kapitalis.com\/tunisie\/#website\",\"url\":\"https:\/\/kapitalis.com\/tunisie\/\",\"name\":\"Kapitalis\",\"description\":\"L&#039;actualit\u00e9 en Tunisie et dans le monde\",\"publisher\":{\"@id\":\"https:\/\/kapitalis.com\/tunisie\/#organization\"},\"potentialAction\":[{\"@type\":\"SearchAction\",\"target\":{\"@type\":\"EntryPoint\",\"urlTemplate\":\"https:\/\/kapitalis.com\/tunisie\/?s={search_term_string}\"},\"query-input\":{\"@type\":\"PropertyValueSpecification\",\"valueRequired\":true,\"valueName\":\"search_term_string\"}}],\"inLanguage\":\"fr-FR\"},{\"@type\":\"Organization\",\"@id\":\"https:\/\/kapitalis.com\/tunisie\/#organization\",\"name\":\"Kapitalis\",\"url\":\"https:\/\/kapitalis.com\/tunisie\/\",\"logo\":{\"@type\":\"ImageObject\",\"inLanguage\":\"fr-FR\",\"@id\":\"https:\/\/kapitalis.com\/tunisie\/#\/schema\/logo\/image\/\",\"url\":\"https:\/\/kapitalis.com\/tunisie\/wp-content\/uploads\/2022\/05\/Kapitalis-big-size.png\",\"contentUrl\":\"https:\/\/kapitalis.com\/tunisie\/wp-content\/uploads\/2022\/05\/Kapitalis-big-size.png\",\"width\":5000,\"height\":1500,\"caption\":\"Kapitalis\"},\"image\":{\"@id\":\"https:\/\/kapitalis.com\/tunisie\/#\/schema\/logo\/image\/\"},\"sameAs\":[\"https:\/\/www.facebook.com\/KapitalisInfo\/\",\"https:\/\/x.com\/KapitalisInfo\",\"https:\/\/www.youtube.com\/channel\/UC-yDYrHyfFBWWZaOw3FPg9Q\"]},{\"@type\":\"Person\",\"@id\":\"https:\/\/kapitalis.com\/tunisie\/#\/schema\/person\/d71f33a9ca44f7bad4698210b480c8e9\",\"name\":\"webmaster kapitalis\",\"url\":\"https:\/\/kapitalis.com\/tunisie\/author\/webmaster-kapitalis\/\"}]}<\/script>\n<!-- \/ Yoast SEO plugin. -->","yoast_head_json":{"title":"T\u00e9l\u00e9m\u00e9decine : le combat d'arri\u00e8re-garde des m\u00e9decins tunisiens - Kapitalis","robots":{"index":"index","follow":"follow","max-snippet":"max-snippet:-1","max-image-preview":"max-image-preview:large","max-video-preview":"max-video-preview:-1"},"canonical":"https:\/\/kapitalis.com\/tunisie\/2021\/12\/07\/telemedecine-le-combat-darriere-garde-des-medecins-tunisiens\/","og_locale":"fr_FR","og_type":"article","og_title":"T\u00e9l\u00e9m\u00e9decine : le combat d'arri\u00e8re-garde des m\u00e9decins tunisiens - Kapitalis","og_description":"Les m\u00e9decins tunisiens devraient \u00e9voluer avec la technologie plut\u00f4t que de se retrouver d\u00e9pass\u00e9s par elle. Ils se plaignent souvent du d\u00e9part des jeunes m\u00e9decins \u00e0 l&rsquo;\u00e9tranger mais font beaucoup de chose (ou laissent faire beaucoup de choses) qui les y encouragent. ** Par Mustapha Mezghanni *","og_url":"https:\/\/kapitalis.com\/tunisie\/2021\/12\/07\/telemedecine-le-combat-darriere-garde-des-medecins-tunisiens\/","og_site_name":"Kapitalis","article_publisher":"https:\/\/www.facebook.com\/KapitalisInfo\/","article_published_time":"2021-12-07T11:12:35+00:00","article_modified_time":"2021-12-07T11:16:23+00:00","og_image":[{"url":"http:\/\/kapitalis.com\/tunisie\/wp-content\/uploads\/2020\/07\/Telemedecine.jpg","type":"","width":"","height":""}],"author":"webmaster kapitalis","twitter_card":"summary_large_image","twitter_creator":"@KapitalisInfo","twitter_site":"@KapitalisInfo","twitter_misc":{"\u00c9crit par":"webmaster kapitalis","Dur\u00e9e de lecture estim\u00e9e":"3 minutes"},"schema":{"@context":"https:\/\/schema.org","@graph":[{"@type":"Article","@id":"https:\/\/kapitalis.com\/tunisie\/2021\/12\/07\/telemedecine-le-combat-darriere-garde-des-medecins-tunisiens\/#article","isPartOf":{"@id":"https:\/\/kapitalis.com\/tunisie\/2021\/12\/07\/telemedecine-le-combat-darriere-garde-des-medecins-tunisiens\/"},"author":{"name":"webmaster kapitalis","@id":"https:\/\/kapitalis.com\/tunisie\/#\/schema\/person\/d71f33a9ca44f7bad4698210b480c8e9"},"headline":"T\u00e9l\u00e9m\u00e9decine : le combat d&rsquo;arri\u00e8re-garde des m\u00e9decins tunisiens","datePublished":"2021-12-07T11:12:35+00:00","dateModified":"2021-12-07T11:16:23+00:00","mainEntityOfPage":{"@id":"https:\/\/kapitalis.com\/tunisie\/2021\/12\/07\/telemedecine-le-combat-darriere-garde-des-medecins-tunisiens\/"},"wordCount":694,"commentCount":0,"publisher":{"@id":"https:\/\/kapitalis.com\/tunisie\/#organization"},"image":{"@id":"https:\/\/kapitalis.com\/tunisie\/2021\/12\/07\/telemedecine-le-combat-darriere-garde-des-medecins-tunisiens\/#primaryimage"},"thumbnailUrl":"http:\/\/kapitalis.com\/tunisie\/wp-content\/uploads\/2020\/07\/Telemedecine.jpg","keywords":["CNOM","d\u00e9serts m\u00e9dicaux","m\u00e9decins tunisiens","Mustapha Mezghanni","t\u00e9l\u00e9m\u00e9decine","Tunisie"],"articleSection":["A LA UNE","SOCIETE","TRIBUNE","Tunisie"],"inLanguage":"fr-FR","potentialAction":[{"@type":"CommentAction","name":"Comment","target":["https:\/\/kapitalis.com\/tunisie\/2021\/12\/07\/telemedecine-le-combat-darriere-garde-des-medecins-tunisiens\/#respond"]}]},{"@type":"WebPage","@id":"https:\/\/kapitalis.com\/tunisie\/2021\/12\/07\/telemedecine-le-combat-darriere-garde-des-medecins-tunisiens\/","url":"https:\/\/kapitalis.com\/tunisie\/2021\/12\/07\/telemedecine-le-combat-darriere-garde-des-medecins-tunisiens\/","name":"T\u00e9l\u00e9m\u00e9decine : le combat d'arri\u00e8re-garde des m\u00e9decins tunisiens - Kapitalis","isPartOf":{"@id":"https:\/\/kapitalis.com\/tunisie\/#website"},"primaryImageOfPage":{"@id":"https:\/\/kapitalis.com\/tunisie\/2021\/12\/07\/telemedecine-le-combat-darriere-garde-des-medecins-tunisiens\/#primaryimage"},"image":{"@id":"https:\/\/kapitalis.com\/tunisie\/2021\/12\/07\/telemedecine-le-combat-darriere-garde-des-medecins-tunisiens\/#primaryimage"},"thumbnailUrl":"http:\/\/kapitalis.com\/tunisie\/wp-content\/uploads\/2020\/07\/Telemedecine.jpg","datePublished":"2021-12-07T11:12:35+00:00","dateModified":"2021-12-07T11:16:23+00:00","breadcrumb":{"@id":"https:\/\/kapitalis.com\/tunisie\/2021\/12\/07\/telemedecine-le-combat-darriere-garde-des-medecins-tunisiens\/#breadcrumb"},"inLanguage":"fr-FR","potentialAction":[{"@type":"ReadAction","target":["https:\/\/kapitalis.com\/tunisie\/2021\/12\/07\/telemedecine-le-combat-darriere-garde-des-medecins-tunisiens\/"]}]},{"@type":"ImageObject","inLanguage":"fr-FR","@id":"https:\/\/kapitalis.com\/tunisie\/2021\/12\/07\/telemedecine-le-combat-darriere-garde-des-medecins-tunisiens\/#primaryimage","url":"","contentUrl":""},{"@type":"BreadcrumbList","@id":"https:\/\/kapitalis.com\/tunisie\/2021\/12\/07\/telemedecine-le-combat-darriere-garde-des-medecins-tunisiens\/#breadcrumb","itemListElement":[{"@type":"ListItem","position":1,"name":"Accueil","item":"https:\/\/kapitalis.com\/tunisie\/"},{"@type":"ListItem","position":2,"name":"T\u00e9l\u00e9m\u00e9decine : le combat d&rsquo;arri\u00e8re-garde des m\u00e9decins tunisiens"}]},{"@type":"WebSite","@id":"https:\/\/kapitalis.com\/tunisie\/#website","url":"https:\/\/kapitalis.com\/tunisie\/","name":"Kapitalis","description":"L&#039;actualit\u00e9 en Tunisie et dans le monde","publisher":{"@id":"https:\/\/kapitalis.com\/tunisie\/#organization"},"potentialAction":[{"@type":"SearchAction","target":{"@type":"EntryPoint","urlTemplate":"https:\/\/kapitalis.com\/tunisie\/?s={search_term_string}"},"query-input":{"@type":"PropertyValueSpecification","valueRequired":true,"valueName":"search_term_string"}}],"inLanguage":"fr-FR"},{"@type":"Organization","@id":"https:\/\/kapitalis.com\/tunisie\/#organization","name":"Kapitalis","url":"https:\/\/kapitalis.com\/tunisie\/","logo":{"@type":"ImageObject","inLanguage":"fr-FR","@id":"https:\/\/kapitalis.com\/tunisie\/#\/schema\/logo\/image\/","url":"https:\/\/kapitalis.com\/tunisie\/wp-content\/uploads\/2022\/05\/Kapitalis-big-size.png","contentUrl":"https:\/\/kapitalis.com\/tunisie\/wp-content\/uploads\/2022\/05\/Kapitalis-big-size.png","width":5000,"height":1500,"caption":"Kapitalis"},"image":{"@id":"https:\/\/kapitalis.com\/tunisie\/#\/schema\/logo\/image\/"},"sameAs":["https:\/\/www.facebook.com\/KapitalisInfo\/","https:\/\/x.com\/KapitalisInfo","https:\/\/www.youtube.com\/channel\/UC-yDYrHyfFBWWZaOw3FPg9Q"]},{"@type":"Person","@id":"https:\/\/kapitalis.com\/tunisie\/#\/schema\/person\/d71f33a9ca44f7bad4698210b480c8e9","name":"webmaster kapitalis","url":"https:\/\/kapitalis.com\/tunisie\/author\/webmaster-kapitalis\/"}]}},"_links":{"self":[{"href":"https:\/\/kapitalis.com\/tunisie\/wp-json\/wp\/v2\/posts\/372652","targetHints":{"allow":["GET"]}}],"collection":[{"href":"https:\/\/kapitalis.com\/tunisie\/wp-json\/wp\/v2\/posts"}],"about":[{"href":"https:\/\/kapitalis.com\/tunisie\/wp-json\/wp\/v2\/types\/post"}],"author":[{"embeddable":true,"href":"https:\/\/kapitalis.com\/tunisie\/wp-json\/wp\/v2\/users\/8"}],"replies":[{"embeddable":true,"href":"https:\/\/kapitalis.com\/tunisie\/wp-json\/wp\/v2\/comments?post=372652"}],"version-history":[{"count":0,"href":"https:\/\/kapitalis.com\/tunisie\/wp-json\/wp\/v2\/posts\/372652\/revisions"}],"wp:attachment":[{"href":"https:\/\/kapitalis.com\/tunisie\/wp-json\/wp\/v2\/media?parent=372652"}],"wp:term":[{"taxonomy":"category","embeddable":true,"href":"https:\/\/kapitalis.com\/tunisie\/wp-json\/wp\/v2\/categories?post=372652"},{"taxonomy":"post_tag","embeddable":true,"href":"https:\/\/kapitalis.com\/tunisie\/wp-json\/wp\/v2\/tags?post=372652"}],"curies":[{"name":"wp","href":"https:\/\/api.w.org\/{rel}","templated":true}]}}