{"id":372829,"date":"2021-12-08T12:57:21","date_gmt":"2021-12-08T11:57:21","guid":{"rendered":"http:\/\/kapitalis.com\/tunisie\/?p=372829"},"modified":"2022-05-20T22:04:27","modified_gmt":"2022-05-20T20:04:27","slug":"dr-rim-belhassine-cherif-tunisie-telecom-distinguee-par-luit","status":"publish","type":"post","link":"https:\/\/kapitalis.com\/tunisie\/2021\/12\/08\/dr-rim-belhassine-cherif-tunisie-telecom-distinguee-par-luit\/","title":{"rendered":"Dr Rim Belhassine Cherif (Tunisie T\u00e9l\u00e9com) distingu\u00e9e par l&rsquo;UIT"},"content":{"rendered":"\n<div class=\"wp-block-image\"><figure class=\"aligncenter size-full\"><img decoding=\"async\" src=\"http:\/\/kapitalis.com\/tunisie\/wp-content\/uploads\/2021\/12\/Dr-Rim-Belhassine-Cherif.jpg\" alt=\"\" class=\"wp-image-372830\"\/><\/figure><\/div>\n\n\n\n<p><strong><em>Dr Rim Belhassine Cherif, directeur central de l\u2019innovation et de la strat\u00e9gie et responsable de la transformation digitale \u00e0 Tunisie T\u00e9l\u00e9com s&rsquo;est vu confier, par l\u2019Union internationale des t\u00e9l\u00e9communications (UIT), le poste de pr\u00e9sident du groupe r\u00e9gional pour l\u2019Afrique de la Commission d\u2019\u00e9tudes 13 sur \u00abLes r\u00e9seaux futurs, en particulier les<\/em><\/strong><em> IMT-2020, <\/em><strong><em>l&rsquo;informatique en nuage et les infrastructures de r\u00e9seau de confiance\u00bb.<\/em><\/strong><\/p>\n\n\n\n<!--more-->\n\n\n\n<p>Cette d\u00e9cision a \u00e9t\u00e9 annonc\u00e9e lors de la s\u00e9ance pl\u00e9ni\u00e8re d\u2019ouverture de la r\u00e9union de cette Commission tenue fin novembre 2021.<\/p>\n\n\n\n<p>Depuis sa nomination officielle en tant que vice-pr\u00e9sidente de la Commission d\u2019\u00e9tudes 13 en novembre 2013, Dr Belhassine a \u00e9t\u00e9 charg\u00e9e de la promotion des activit\u00e9s de cette commission dans la r\u00e9gion de l\u2019Afrique du Nord. Elle a \u00e9t\u00e9 nomm\u00e9e ensuite, en juillet 2014, en tant que vice-pr\u00e9sidente du Groupe r\u00e9gional pour l\u2019Afrique.<\/p>\n\n\n\n<p>Dr Belhassine a \u00e9t\u00e9 activement engag\u00e9e dans les travaux de ce groupe en pr\u00e9sidant les comit\u00e9s d\u2019organisation de plusieurs ateliers r\u00e9gionaux pour l\u2019Afrique, tout en y participant aussi en tant que ma\u00eetre de c\u00e9r\u00e9monie, conf\u00e9renci\u00e8re, mod\u00e9ratrice et pan\u00e9liste.<\/p>\n\n\n\n<p>Le groupe r\u00e9gional pour l\u2019Afrique de la Commission d\u2019\u00e9tudes 13 de l\u2019UIT-T a pour missions principales d\u2019encourager la collaboration et la participation actives des op\u00e9rateurs, des administrations, des institutions acad\u00e9miques et des r\u00e9gulateurs africains aux travaux de de la Commission d\u2019\u00e9tudes 13 et de refl\u00e9ter les priorit\u00e9s pertinentes en terme de normes et de recommandations pour la r\u00e9gion conform\u00e9ment au mandat de cette commission, y compris l\u2019IMT-2020, l\u2019intelligence artificielle appliqu\u00e9e aux r\u00e9seaux, l\u2019informatique du futur, le traitement des donn\u00e9es, les r\u00e9seaux futurs 2030, les r\u00e9seaux autonomes, les technologies quantiques et les infrastructures des r\u00e9seaux de confiance.<\/p>\n\n\n\n<p>Ce groupe r\u00e9gional collabore \u00e9galement avec les organisations nationales et r\u00e9gionales de l\u2019Afrique et agit en tant que facilitateur en diffusant les informations pertinentes fournies par la Commission d\u2019\u00e9tudes 13 sur les domaines de normalisation actuels, les sujets d&rsquo;actualit\u00e9 et les futures normes de r\u00e9seaux et en encourageant les pays africains \u00e0 contribuer \u00e0 l&rsquo;\u00e9laboration des Recommandations de l\u2019UIT-T sur ces sujets.<\/p>\n","protected":false},"excerpt":{"rendered":"<p>Dr Rim Belhassine Cherif, directeur central de l\u2019innovation et de la strat\u00e9gie et responsable de la transformation digitale \u00e0 Tunisie T\u00e9l\u00e9com s&rsquo;est vu confier, par l\u2019Union internationale des t\u00e9l\u00e9communications (UIT), le poste de pr\u00e9sident du groupe r\u00e9gional pour l\u2019Afrique de la Commission d\u2019\u00e9tudes 13 sur \u00abLes r\u00e9seaux futurs, en particulier les IMT-2020, l&rsquo;informatique en nuage&#8230;<\/p>\n","protected":false},"author":8,"featured_media":875279,"comment_status":"open","ping_status":"open","sticky":false,"template":"","format":"standard","meta":{"footnotes":""},"categories":[995,2433],"tags":[95565,95566,95567,95564,84528],"class_list":["post-372829","post","type-post","status-publish","format-standard","has-post-thumbnail","hentry","category-economie","category-tunisie","tag-imt-2020","tag-informatique-en-nuage","tag-infrastructures-de-reseau","tag-rim-belhassine-cherif-2","tag-tunisie-telecom-2"],"yoast_head":"<!-- This site is optimized with the Yoast SEO plugin v26.6 - https:\/\/yoast.com\/wordpress\/plugins\/seo\/ -->\n<title>Dr Rim Belhassine Cherif (Tunisie T\u00e9l\u00e9com) distingu\u00e9e par l&#039;UIT - Kapitalis<\/title>\n<meta name=\"robots\" content=\"index, follow, max-snippet:-1, max-image-preview:large, max-video-preview:-1\" \/>\n<link rel=\"canonical\" href=\"https:\/\/kapitalis.com\/tunisie\/2021\/12\/08\/dr-rim-belhassine-cherif-tunisie-telecom-distinguee-par-luit\/\" \/>\n<meta property=\"og:locale\" content=\"fr_FR\" \/>\n<meta property=\"og:type\" content=\"article\" \/>\n<meta property=\"og:title\" content=\"Dr Rim Belhassine Cherif (Tunisie T\u00e9l\u00e9com) distingu\u00e9e par l&#039;UIT - Kapitalis\" \/>\n<meta property=\"og:description\" content=\"Dr Rim Belhassine Cherif, directeur central de l\u2019innovation et de la strat\u00e9gie et responsable de la transformation digitale \u00e0 Tunisie T\u00e9l\u00e9com s&rsquo;est vu confier, par l\u2019Union internationale des t\u00e9l\u00e9communications (UIT), le poste de pr\u00e9sident du groupe r\u00e9gional pour l\u2019Afrique de la Commission d\u2019\u00e9tudes 13 sur \u00abLes r\u00e9seaux futurs, en particulier les IMT-2020, l&rsquo;informatique en nuage...\" \/>\n<meta property=\"og:url\" content=\"https:\/\/kapitalis.com\/tunisie\/2021\/12\/08\/dr-rim-belhassine-cherif-tunisie-telecom-distinguee-par-luit\/\" \/>\n<meta property=\"og:site_name\" content=\"Kapitalis\" \/>\n<meta property=\"article:publisher\" content=\"https:\/\/www.facebook.com\/KapitalisInfo\/\" \/>\n<meta property=\"article:published_time\" content=\"2021-12-08T11:57:21+00:00\" \/>\n<meta property=\"article:modified_time\" content=\"2022-05-20T20:04:27+00:00\" \/>\n<meta property=\"og:image\" content=\"https:\/\/kapitalis.com\/tunisie\/wp-content\/uploads\/2021\/12\/Dr-Rim-Belhassine-Cherif-1.jpg\" \/>\n\t<meta property=\"og:image:width\" content=\"626\" \/>\n\t<meta property=\"og:image:height\" content=\"380\" \/>\n\t<meta property=\"og:image:type\" content=\"image\/jpeg\" \/>\n<meta name=\"author\" content=\"webmaster kapitalis\" \/>\n<meta name=\"twitter:card\" content=\"summary_large_image\" \/>\n<meta name=\"twitter:creator\" content=\"@KapitalisInfo\" \/>\n<meta name=\"twitter:site\" content=\"@KapitalisInfo\" \/>\n<meta name=\"twitter:label1\" content=\"\u00c9crit par\" \/>\n\t<meta name=\"twitter:data1\" content=\"webmaster kapitalis\" \/>\n\t<meta name=\"twitter:label2\" content=\"Dur\u00e9e de lecture estim\u00e9e\" \/>\n\t<meta name=\"twitter:data2\" content=\"2 minutes\" \/>\n<script type=\"application\/ld+json\" class=\"yoast-schema-graph\">{\"@context\":\"https:\/\/schema.org\",\"@graph\":[{\"@type\":\"Article\",\"@id\":\"https:\/\/kapitalis.com\/tunisie\/2021\/12\/08\/dr-rim-belhassine-cherif-tunisie-telecom-distinguee-par-luit\/#article\",\"isPartOf\":{\"@id\":\"https:\/\/kapitalis.com\/tunisie\/2021\/12\/08\/dr-rim-belhassine-cherif-tunisie-telecom-distinguee-par-luit\/\"},\"author\":{\"name\":\"webmaster kapitalis\",\"@id\":\"https:\/\/kapitalis.com\/tunisie\/#\/schema\/person\/d71f33a9ca44f7bad4698210b480c8e9\"},\"headline\":\"Dr Rim Belhassine Cherif (Tunisie T\u00e9l\u00e9com) distingu\u00e9e par l&rsquo;UIT\",\"datePublished\":\"2021-12-08T11:57:21+00:00\",\"dateModified\":\"2022-05-20T20:04:27+00:00\",\"mainEntityOfPage\":{\"@id\":\"https:\/\/kapitalis.com\/tunisie\/2021\/12\/08\/dr-rim-belhassine-cherif-tunisie-telecom-distinguee-par-luit\/\"},\"wordCount\":404,\"commentCount\":1,\"publisher\":{\"@id\":\"https:\/\/kapitalis.com\/tunisie\/#organization\"},\"image\":{\"@id\":\"https:\/\/kapitalis.com\/tunisie\/2021\/12\/08\/dr-rim-belhassine-cherif-tunisie-telecom-distinguee-par-luit\/#primaryimage\"},\"thumbnailUrl\":\"https:\/\/kapitalis.com\/tunisie\/wp-content\/uploads\/2021\/12\/Dr-Rim-Belhassine-Cherif-1.jpg\",\"keywords\":[\"IMT-2020\",\"informatique en nuage\",\"infrastructures de r\u00e9seau\",\"Rim Belhassine Cherif\",\"Tunisie t\u00e9l\u00e9com\"],\"articleSection\":[\"ECONOMIE\",\"Tunisie\"],\"inLanguage\":\"fr-FR\",\"potentialAction\":[{\"@type\":\"CommentAction\",\"name\":\"Comment\",\"target\":[\"https:\/\/kapitalis.com\/tunisie\/2021\/12\/08\/dr-rim-belhassine-cherif-tunisie-telecom-distinguee-par-luit\/#respond\"]}]},{\"@type\":\"WebPage\",\"@id\":\"https:\/\/kapitalis.com\/tunisie\/2021\/12\/08\/dr-rim-belhassine-cherif-tunisie-telecom-distinguee-par-luit\/\",\"url\":\"https:\/\/kapitalis.com\/tunisie\/2021\/12\/08\/dr-rim-belhassine-cherif-tunisie-telecom-distinguee-par-luit\/\",\"name\":\"Dr Rim Belhassine Cherif (Tunisie T\u00e9l\u00e9com) distingu\u00e9e par l'UIT - Kapitalis\",\"isPartOf\":{\"@id\":\"https:\/\/kapitalis.com\/tunisie\/#website\"},\"primaryImageOfPage\":{\"@id\":\"https:\/\/kapitalis.com\/tunisie\/2021\/12\/08\/dr-rim-belhassine-cherif-tunisie-telecom-distinguee-par-luit\/#primaryimage\"},\"image\":{\"@id\":\"https:\/\/kapitalis.com\/tunisie\/2021\/12\/08\/dr-rim-belhassine-cherif-tunisie-telecom-distinguee-par-luit\/#primaryimage\"},\"thumbnailUrl\":\"https:\/\/kapitalis.com\/tunisie\/wp-content\/uploads\/2021\/12\/Dr-Rim-Belhassine-Cherif-1.jpg\",\"datePublished\":\"2021-12-08T11:57:21+00:00\",\"dateModified\":\"2022-05-20T20:04:27+00:00\",\"breadcrumb\":{\"@id\":\"https:\/\/kapitalis.com\/tunisie\/2021\/12\/08\/dr-rim-belhassine-cherif-tunisie-telecom-distinguee-par-luit\/#breadcrumb\"},\"inLanguage\":\"fr-FR\",\"potentialAction\":[{\"@type\":\"ReadAction\",\"target\":[\"https:\/\/kapitalis.com\/tunisie\/2021\/12\/08\/dr-rim-belhassine-cherif-tunisie-telecom-distinguee-par-luit\/\"]}]},{\"@type\":\"ImageObject\",\"inLanguage\":\"fr-FR\",\"@id\":\"https:\/\/kapitalis.com\/tunisie\/2021\/12\/08\/dr-rim-belhassine-cherif-tunisie-telecom-distinguee-par-luit\/#primaryimage\",\"url\":\"https:\/\/kapitalis.com\/tunisie\/wp-content\/uploads\/2021\/12\/Dr-Rim-Belhassine-Cherif-1.jpg\",\"contentUrl\":\"https:\/\/kapitalis.com\/tunisie\/wp-content\/uploads\/2021\/12\/Dr-Rim-Belhassine-Cherif-1.jpg\",\"width\":626,\"height\":380},{\"@type\":\"BreadcrumbList\",\"@id\":\"https:\/\/kapitalis.com\/tunisie\/2021\/12\/08\/dr-rim-belhassine-cherif-tunisie-telecom-distinguee-par-luit\/#breadcrumb\",\"itemListElement\":[{\"@type\":\"ListItem\",\"position\":1,\"name\":\"Accueil\",\"item\":\"https:\/\/kapitalis.com\/tunisie\/\"},{\"@type\":\"ListItem\",\"position\":2,\"name\":\"Dr Rim Belhassine Cherif (Tunisie T\u00e9l\u00e9com) distingu\u00e9e par l&rsquo;UIT\"}]},{\"@type\":\"WebSite\",\"@id\":\"https:\/\/kapitalis.com\/tunisie\/#website\",\"url\":\"https:\/\/kapitalis.com\/tunisie\/\",\"name\":\"Kapitalis\",\"description\":\"L&#039;actualit\u00e9 en Tunisie et dans le monde\",\"publisher\":{\"@id\":\"https:\/\/kapitalis.com\/tunisie\/#organization\"},\"potentialAction\":[{\"@type\":\"SearchAction\",\"target\":{\"@type\":\"EntryPoint\",\"urlTemplate\":\"https:\/\/kapitalis.com\/tunisie\/?s={search_term_string}\"},\"query-input\":{\"@type\":\"PropertyValueSpecification\",\"valueRequired\":true,\"valueName\":\"search_term_string\"}}],\"inLanguage\":\"fr-FR\"},{\"@type\":\"Organization\",\"@id\":\"https:\/\/kapitalis.com\/tunisie\/#organization\",\"name\":\"Kapitalis\",\"url\":\"https:\/\/kapitalis.com\/tunisie\/\",\"logo\":{\"@type\":\"ImageObject\",\"inLanguage\":\"fr-FR\",\"@id\":\"https:\/\/kapitalis.com\/tunisie\/#\/schema\/logo\/image\/\",\"url\":\"https:\/\/kapitalis.com\/tunisie\/wp-content\/uploads\/2022\/05\/Kapitalis-big-size.png\",\"contentUrl\":\"https:\/\/kapitalis.com\/tunisie\/wp-content\/uploads\/2022\/05\/Kapitalis-big-size.png\",\"width\":5000,\"height\":1500,\"caption\":\"Kapitalis\"},\"image\":{\"@id\":\"https:\/\/kapitalis.com\/tunisie\/#\/schema\/logo\/image\/\"},\"sameAs\":[\"https:\/\/www.facebook.com\/KapitalisInfo\/\",\"https:\/\/x.com\/KapitalisInfo\",\"https:\/\/www.youtube.com\/channel\/UC-yDYrHyfFBWWZaOw3FPg9Q\"]},{\"@type\":\"Person\",\"@id\":\"https:\/\/kapitalis.com\/tunisie\/#\/schema\/person\/d71f33a9ca44f7bad4698210b480c8e9\",\"name\":\"webmaster kapitalis\",\"url\":\"https:\/\/kapitalis.com\/tunisie\/author\/webmaster-kapitalis\/\"}]}<\/script>\n<!-- \/ Yoast SEO plugin. -->","yoast_head_json":{"title":"Dr Rim Belhassine Cherif (Tunisie T\u00e9l\u00e9com) distingu\u00e9e par l'UIT - Kapitalis","robots":{"index":"index","follow":"follow","max-snippet":"max-snippet:-1","max-image-preview":"max-image-preview:large","max-video-preview":"max-video-preview:-1"},"canonical":"https:\/\/kapitalis.com\/tunisie\/2021\/12\/08\/dr-rim-belhassine-cherif-tunisie-telecom-distinguee-par-luit\/","og_locale":"fr_FR","og_type":"article","og_title":"Dr Rim Belhassine Cherif (Tunisie T\u00e9l\u00e9com) distingu\u00e9e par l'UIT - Kapitalis","og_description":"Dr Rim Belhassine Cherif, directeur central de l\u2019innovation et de la strat\u00e9gie et responsable de la transformation digitale \u00e0 Tunisie T\u00e9l\u00e9com s&rsquo;est vu confier, par l\u2019Union internationale des t\u00e9l\u00e9communications (UIT), le poste de pr\u00e9sident du groupe r\u00e9gional pour l\u2019Afrique de la Commission d\u2019\u00e9tudes 13 sur \u00abLes r\u00e9seaux futurs, en particulier les IMT-2020, l&rsquo;informatique en nuage...","og_url":"https:\/\/kapitalis.com\/tunisie\/2021\/12\/08\/dr-rim-belhassine-cherif-tunisie-telecom-distinguee-par-luit\/","og_site_name":"Kapitalis","article_publisher":"https:\/\/www.facebook.com\/KapitalisInfo\/","article_published_time":"2021-12-08T11:57:21+00:00","article_modified_time":"2022-05-20T20:04:27+00:00","og_image":[{"width":626,"height":380,"url":"https:\/\/kapitalis.com\/tunisie\/wp-content\/uploads\/2021\/12\/Dr-Rim-Belhassine-Cherif-1.jpg","type":"image\/jpeg"}],"author":"webmaster kapitalis","twitter_card":"summary_large_image","twitter_creator":"@KapitalisInfo","twitter_site":"@KapitalisInfo","twitter_misc":{"\u00c9crit par":"webmaster kapitalis","Dur\u00e9e de lecture estim\u00e9e":"2 minutes"},"schema":{"@context":"https:\/\/schema.org","@graph":[{"@type":"Article","@id":"https:\/\/kapitalis.com\/tunisie\/2021\/12\/08\/dr-rim-belhassine-cherif-tunisie-telecom-distinguee-par-luit\/#article","isPartOf":{"@id":"https:\/\/kapitalis.com\/tunisie\/2021\/12\/08\/dr-rim-belhassine-cherif-tunisie-telecom-distinguee-par-luit\/"},"author":{"name":"webmaster kapitalis","@id":"https:\/\/kapitalis.com\/tunisie\/#\/schema\/person\/d71f33a9ca44f7bad4698210b480c8e9"},"headline":"Dr Rim Belhassine Cherif (Tunisie T\u00e9l\u00e9com) distingu\u00e9e par l&rsquo;UIT","datePublished":"2021-12-08T11:57:21+00:00","dateModified":"2022-05-20T20:04:27+00:00","mainEntityOfPage":{"@id":"https:\/\/kapitalis.com\/tunisie\/2021\/12\/08\/dr-rim-belhassine-cherif-tunisie-telecom-distinguee-par-luit\/"},"wordCount":404,"commentCount":1,"publisher":{"@id":"https:\/\/kapitalis.com\/tunisie\/#organization"},"image":{"@id":"https:\/\/kapitalis.com\/tunisie\/2021\/12\/08\/dr-rim-belhassine-cherif-tunisie-telecom-distinguee-par-luit\/#primaryimage"},"thumbnailUrl":"https:\/\/kapitalis.com\/tunisie\/wp-content\/uploads\/2021\/12\/Dr-Rim-Belhassine-Cherif-1.jpg","keywords":["IMT-2020","informatique en nuage","infrastructures de r\u00e9seau","Rim Belhassine Cherif","Tunisie t\u00e9l\u00e9com"],"articleSection":["ECONOMIE","Tunisie"],"inLanguage":"fr-FR","potentialAction":[{"@type":"CommentAction","name":"Comment","target":["https:\/\/kapitalis.com\/tunisie\/2021\/12\/08\/dr-rim-belhassine-cherif-tunisie-telecom-distinguee-par-luit\/#respond"]}]},{"@type":"WebPage","@id":"https:\/\/kapitalis.com\/tunisie\/2021\/12\/08\/dr-rim-belhassine-cherif-tunisie-telecom-distinguee-par-luit\/","url":"https:\/\/kapitalis.com\/tunisie\/2021\/12\/08\/dr-rim-belhassine-cherif-tunisie-telecom-distinguee-par-luit\/","name":"Dr Rim Belhassine Cherif (Tunisie T\u00e9l\u00e9com) distingu\u00e9e par l'UIT - Kapitalis","isPartOf":{"@id":"https:\/\/kapitalis.com\/tunisie\/#website"},"primaryImageOfPage":{"@id":"https:\/\/kapitalis.com\/tunisie\/2021\/12\/08\/dr-rim-belhassine-cherif-tunisie-telecom-distinguee-par-luit\/#primaryimage"},"image":{"@id":"https:\/\/kapitalis.com\/tunisie\/2021\/12\/08\/dr-rim-belhassine-cherif-tunisie-telecom-distinguee-par-luit\/#primaryimage"},"thumbnailUrl":"https:\/\/kapitalis.com\/tunisie\/wp-content\/uploads\/2021\/12\/Dr-Rim-Belhassine-Cherif-1.jpg","datePublished":"2021-12-08T11:57:21+00:00","dateModified":"2022-05-20T20:04:27+00:00","breadcrumb":{"@id":"https:\/\/kapitalis.com\/tunisie\/2021\/12\/08\/dr-rim-belhassine-cherif-tunisie-telecom-distinguee-par-luit\/#breadcrumb"},"inLanguage":"fr-FR","potentialAction":[{"@type":"ReadAction","target":["https:\/\/kapitalis.com\/tunisie\/2021\/12\/08\/dr-rim-belhassine-cherif-tunisie-telecom-distinguee-par-luit\/"]}]},{"@type":"ImageObject","inLanguage":"fr-FR","@id":"https:\/\/kapitalis.com\/tunisie\/2021\/12\/08\/dr-rim-belhassine-cherif-tunisie-telecom-distinguee-par-luit\/#primaryimage","url":"https:\/\/kapitalis.com\/tunisie\/wp-content\/uploads\/2021\/12\/Dr-Rim-Belhassine-Cherif-1.jpg","contentUrl":"https:\/\/kapitalis.com\/tunisie\/wp-content\/uploads\/2021\/12\/Dr-Rim-Belhassine-Cherif-1.jpg","width":626,"height":380},{"@type":"BreadcrumbList","@id":"https:\/\/kapitalis.com\/tunisie\/2021\/12\/08\/dr-rim-belhassine-cherif-tunisie-telecom-distinguee-par-luit\/#breadcrumb","itemListElement":[{"@type":"ListItem","position":1,"name":"Accueil","item":"https:\/\/kapitalis.com\/tunisie\/"},{"@type":"ListItem","position":2,"name":"Dr Rim Belhassine Cherif (Tunisie T\u00e9l\u00e9com) distingu\u00e9e par l&rsquo;UIT"}]},{"@type":"WebSite","@id":"https:\/\/kapitalis.com\/tunisie\/#website","url":"https:\/\/kapitalis.com\/tunisie\/","name":"Kapitalis","description":"L&#039;actualit\u00e9 en Tunisie et dans le monde","publisher":{"@id":"https:\/\/kapitalis.com\/tunisie\/#organization"},"potentialAction":[{"@type":"SearchAction","target":{"@type":"EntryPoint","urlTemplate":"https:\/\/kapitalis.com\/tunisie\/?s={search_term_string}"},"query-input":{"@type":"PropertyValueSpecification","valueRequired":true,"valueName":"search_term_string"}}],"inLanguage":"fr-FR"},{"@type":"Organization","@id":"https:\/\/kapitalis.com\/tunisie\/#organization","name":"Kapitalis","url":"https:\/\/kapitalis.com\/tunisie\/","logo":{"@type":"ImageObject","inLanguage":"fr-FR","@id":"https:\/\/kapitalis.com\/tunisie\/#\/schema\/logo\/image\/","url":"https:\/\/kapitalis.com\/tunisie\/wp-content\/uploads\/2022\/05\/Kapitalis-big-size.png","contentUrl":"https:\/\/kapitalis.com\/tunisie\/wp-content\/uploads\/2022\/05\/Kapitalis-big-size.png","width":5000,"height":1500,"caption":"Kapitalis"},"image":{"@id":"https:\/\/kapitalis.com\/tunisie\/#\/schema\/logo\/image\/"},"sameAs":["https:\/\/www.facebook.com\/KapitalisInfo\/","https:\/\/x.com\/KapitalisInfo","https:\/\/www.youtube.com\/channel\/UC-yDYrHyfFBWWZaOw3FPg9Q"]},{"@type":"Person","@id":"https:\/\/kapitalis.com\/tunisie\/#\/schema\/person\/d71f33a9ca44f7bad4698210b480c8e9","name":"webmaster kapitalis","url":"https:\/\/kapitalis.com\/tunisie\/author\/webmaster-kapitalis\/"}]}},"_links":{"self":[{"href":"https:\/\/kapitalis.com\/tunisie\/wp-json\/wp\/v2\/posts\/372829","targetHints":{"allow":["GET"]}}],"collection":[{"href":"https:\/\/kapitalis.com\/tunisie\/wp-json\/wp\/v2\/posts"}],"about":[{"href":"https:\/\/kapitalis.com\/tunisie\/wp-json\/wp\/v2\/types\/post"}],"author":[{"embeddable":true,"href":"https:\/\/kapitalis.com\/tunisie\/wp-json\/wp\/v2\/users\/8"}],"replies":[{"embeddable":true,"href":"https:\/\/kapitalis.com\/tunisie\/wp-json\/wp\/v2\/comments?post=372829"}],"version-history":[{"count":0,"href":"https:\/\/kapitalis.com\/tunisie\/wp-json\/wp\/v2\/posts\/372829\/revisions"}],"wp:featuredmedia":[{"embeddable":true,"href":"https:\/\/kapitalis.com\/tunisie\/wp-json\/wp\/v2\/media\/875279"}],"wp:attachment":[{"href":"https:\/\/kapitalis.com\/tunisie\/wp-json\/wp\/v2\/media?parent=372829"}],"wp:term":[{"taxonomy":"category","embeddable":true,"href":"https:\/\/kapitalis.com\/tunisie\/wp-json\/wp\/v2\/categories?post=372829"},{"taxonomy":"post_tag","embeddable":true,"href":"https:\/\/kapitalis.com\/tunisie\/wp-json\/wp\/v2\/tags?post=372829"}],"curies":[{"name":"wp","href":"https:\/\/api.w.org\/{rel}","templated":true}]}}