{"id":373018,"date":"2021-12-09T15:30:00","date_gmt":"2021-12-09T14:30:00","guid":{"rendered":"http:\/\/kapitalis.com\/tunisie\/?p=373018"},"modified":"2021-12-09T15:32:57","modified_gmt":"2021-12-09T14:32:57","slug":"incendie-au-siege-dennahdha-ali-larayedh-transporte-a-lhopital-apres-avoir-saute-du-2e-etage","status":"publish","type":"post","link":"https:\/\/kapitalis.com\/tunisie\/2021\/12\/09\/incendie-au-siege-dennahdha-ali-larayedh-transporte-a-lhopital-apres-avoir-saute-du-2e-etage\/","title":{"rendered":"Incendie au si\u00e8ge d&rsquo;Ennahdha : Ali Larayedh transport\u00e9 \u00e0 l&rsquo;h\u00f4pital apr\u00e8s avoir saut\u00e9 du 2e \u00e9tage"},"content":{"rendered":"\n<div class=\"wp-block-image\"><figure class=\"aligncenter size-full\"><img decoding=\"async\" src=\"http:\/\/kapitalis.com\/tunisie\/wp-content\/uploads\/2021\/12\/Ali-Larayedh-Incendie-Ennahdha.jpg\" alt=\"\" class=\"wp-image-373021\"\/><\/figure><\/div>\n\n\n\n<p><strong><em>Pour fuir les flammes suite a l&rsquo;incendie qui s&rsquo;est d\u00e9clench\u00e9 au si\u00e8ge d&rsquo;Enanhdha \u00e0 Montplaisir (Tunis), le vice-pr\u00e9sident du parti Ali Larayedh, a saut\u00e9 du 2e \u00e9tage. Il a \u00e9t\u00e9 bless\u00e9 et transport\u00e9 \u00e0 l&rsquo;h\u00f4pital\u2026<\/em><\/strong><\/p>\n\n\n\n<!--more-->\n\n\n\n<p>Notons que l&rsquo;incendie s\u2019est d\u00e9clar\u00e9, ce jeudi 9 d\u00e9cembre 2021, au si\u00e8ge d\u2019Ennahdha alors que des membres du parti se trouvaient dans les bureaux, sachant que les causes et les circonstances de ce sinistre sont encore m\u00e9connues.<\/p>\n\n\n\n<p>Apr\u00e8s l&rsquo;intervention de citoyens qui se trouvaient sur place, et qui ont tent\u00e9 de secourir les personnes bloqu\u00e9es dans l&rsquo;immeuble, la protection civile est arriv\u00e9e sur les lieux.<\/p>\n\n\n\n<p class=\"has-text-align-right\"><strong>Y. N.<\/strong><\/p>\n\n\n\n<figure class=\"wp-block-embed is-type-wp-embed is-provider-kapitalis wp-block-embed-kapitalis\"><div class=\"wp-block-embed__wrapper\">\n<blockquote class=\"wp-embedded-content\" data-secret=\"eugKfHGu7X\"><a href=\"https:\/\/kapitalis.com\/tunisie\/2021\/12\/09\/tunis-incendie-au-siege-du-parti-ennahdha-a-montplaisir-video\/\">Tunis : Incendie au si\u00e8ge du parti Ennahdha \u00e0 Montplaisir (Vid\u00e9o)<\/a><\/blockquote><iframe loading=\"lazy\" class=\"wp-embedded-content\" sandbox=\"allow-scripts\" security=\"restricted\" style=\"position: absolute; clip: rect(1px, 1px, 1px, 1px);\" title=\"\u00ab\u00a0Tunis : Incendie au si\u00e8ge du parti Ennahdha \u00e0 Montplaisir (Vid\u00e9o)\u00a0\u00bb &#8212; Kapitalis\" src=\"https:\/\/kapitalis.com\/tunisie\/2021\/12\/09\/tunis-incendie-au-siege-du-parti-ennahdha-a-montplaisir-video\/embed\/#?secret=TS0vDGdUbn#?secret=eugKfHGu7X\" data-secret=\"eugKfHGu7X\" width=\"600\" height=\"338\" frameborder=\"0\" marginwidth=\"0\" marginheight=\"0\" scrolling=\"no\"><\/iframe>\n<\/div><\/figure>\n","protected":false},"excerpt":{"rendered":"<p>Pour fuir les flammes suite a l&rsquo;incendie qui s&rsquo;est d\u00e9clench\u00e9 au si\u00e8ge d&rsquo;Enanhdha \u00e0 Montplaisir (Tunis), le vice-pr\u00e9sident du parti Ali Larayedh, a saut\u00e9 du 2e \u00e9tage. Il a \u00e9t\u00e9 bless\u00e9 et transport\u00e9 \u00e0 l&rsquo;h\u00f4pital\u2026<\/p>\n","protected":false},"author":6,"featured_media":373021,"comment_status":"open","ping_status":"open","sticky":false,"template":"","format":"standard","meta":{"footnotes":""},"categories":[997,2433],"tags":[1583,150,49543,1035,4273,62643],"class_list":["post-373018","post","type-post","status-publish","format-standard","has-post-thumbnail","hentry","category-politique","category-tunisie","tag-ali-larayedh","tag-blesse","tag-ennahdha","tag-incendie","tag-montplaisir","tag-tunisie"],"yoast_head":"<!-- This site is optimized with the Yoast SEO plugin v26.6 - https:\/\/yoast.com\/wordpress\/plugins\/seo\/ -->\n<title>Incendie au si\u00e8ge d&#039;Ennahdha : Ali Larayedh transport\u00e9 \u00e0 l&#039;h\u00f4pital apr\u00e8s avoir saut\u00e9 du 2e \u00e9tage - Kapitalis<\/title>\n<meta name=\"robots\" content=\"index, follow, max-snippet:-1, max-image-preview:large, max-video-preview:-1\" \/>\n<link rel=\"canonical\" href=\"https:\/\/kapitalis.com\/tunisie\/2021\/12\/09\/incendie-au-siege-dennahdha-ali-larayedh-transporte-a-lhopital-apres-avoir-saute-du-2e-etage\/\" \/>\n<meta property=\"og:locale\" content=\"fr_FR\" \/>\n<meta property=\"og:type\" content=\"article\" \/>\n<meta property=\"og:title\" content=\"Incendie au si\u00e8ge d&#039;Ennahdha : Ali Larayedh transport\u00e9 \u00e0 l&#039;h\u00f4pital apr\u00e8s avoir saut\u00e9 du 2e \u00e9tage - Kapitalis\" \/>\n<meta property=\"og:description\" content=\"Pour fuir les flammes suite a l&rsquo;incendie qui s&rsquo;est d\u00e9clench\u00e9 au si\u00e8ge d&rsquo;Enanhdha \u00e0 Montplaisir (Tunis), le vice-pr\u00e9sident du parti Ali Larayedh, a saut\u00e9 du 2e \u00e9tage. Il a \u00e9t\u00e9 bless\u00e9 et transport\u00e9 \u00e0 l&rsquo;h\u00f4pital\u2026\" \/>\n<meta property=\"og:url\" content=\"https:\/\/kapitalis.com\/tunisie\/2021\/12\/09\/incendie-au-siege-dennahdha-ali-larayedh-transporte-a-lhopital-apres-avoir-saute-du-2e-etage\/\" \/>\n<meta property=\"og:site_name\" content=\"Kapitalis\" \/>\n<meta property=\"article:publisher\" content=\"https:\/\/www.facebook.com\/KapitalisInfo\/\" \/>\n<meta property=\"article:published_time\" content=\"2021-12-09T14:30:00+00:00\" \/>\n<meta property=\"article:modified_time\" content=\"2021-12-09T14:32:57+00:00\" \/>\n<meta property=\"og:image\" content=\"https:\/\/kapitalis.com\/tunisie\/wp-content\/uploads\/2022\/05\/kapitalis-logo-fb.png\" \/>\n\t<meta property=\"og:image:width\" content=\"1200\" \/>\n\t<meta property=\"og:image:height\" content=\"630\" \/>\n\t<meta property=\"og:image:type\" content=\"image\/png\" \/>\n<meta name=\"author\" content=\"Yusra NY\" \/>\n<meta name=\"twitter:card\" content=\"summary_large_image\" \/>\n<meta name=\"twitter:creator\" content=\"@KapitalisInfo\" \/>\n<meta name=\"twitter:site\" content=\"@KapitalisInfo\" \/>\n<meta name=\"twitter:label1\" content=\"\u00c9crit par\" \/>\n\t<meta name=\"twitter:data1\" content=\"Yusra NY\" \/>\n\t<meta name=\"twitter:label2\" content=\"Dur\u00e9e de lecture estim\u00e9e\" \/>\n\t<meta name=\"twitter:data2\" content=\"1 minute\" \/>\n<script type=\"application\/ld+json\" class=\"yoast-schema-graph\">{\"@context\":\"https:\/\/schema.org\",\"@graph\":[{\"@type\":\"Article\",\"@id\":\"https:\/\/kapitalis.com\/tunisie\/2021\/12\/09\/incendie-au-siege-dennahdha-ali-larayedh-transporte-a-lhopital-apres-avoir-saute-du-2e-etage\/#article\",\"isPartOf\":{\"@id\":\"https:\/\/kapitalis.com\/tunisie\/2021\/12\/09\/incendie-au-siege-dennahdha-ali-larayedh-transporte-a-lhopital-apres-avoir-saute-du-2e-etage\/\"},\"author\":{\"name\":\"Yusra NY\",\"@id\":\"https:\/\/kapitalis.com\/tunisie\/#\/schema\/person\/74bbde0154d49d790a92aaeac5bc01d5\"},\"headline\":\"Incendie au si\u00e8ge d&rsquo;Ennahdha : Ali Larayedh transport\u00e9 \u00e0 l&rsquo;h\u00f4pital apr\u00e8s avoir saut\u00e9 du 2e \u00e9tage\",\"datePublished\":\"2021-12-09T14:30:00+00:00\",\"dateModified\":\"2021-12-09T14:32:57+00:00\",\"mainEntityOfPage\":{\"@id\":\"https:\/\/kapitalis.com\/tunisie\/2021\/12\/09\/incendie-au-siege-dennahdha-ali-larayedh-transporte-a-lhopital-apres-avoir-saute-du-2e-etage\/\"},\"wordCount\":133,\"commentCount\":3,\"publisher\":{\"@id\":\"https:\/\/kapitalis.com\/tunisie\/#organization\"},\"image\":{\"@id\":\"https:\/\/kapitalis.com\/tunisie\/2021\/12\/09\/incendie-au-siege-dennahdha-ali-larayedh-transporte-a-lhopital-apres-avoir-saute-du-2e-etage\/#primaryimage\"},\"thumbnailUrl\":\"\",\"keywords\":[\"Ali Larayedh\",\"bless\u00e9\",\"Ennahdha\",\"Incendie\",\"Montplaisir\",\"Tunisie\"],\"articleSection\":[\"POLITIQUE\",\"Tunisie\"],\"inLanguage\":\"fr-FR\",\"potentialAction\":[{\"@type\":\"CommentAction\",\"name\":\"Comment\",\"target\":[\"https:\/\/kapitalis.com\/tunisie\/2021\/12\/09\/incendie-au-siege-dennahdha-ali-larayedh-transporte-a-lhopital-apres-avoir-saute-du-2e-etage\/#respond\"]}]},{\"@type\":\"WebPage\",\"@id\":\"https:\/\/kapitalis.com\/tunisie\/2021\/12\/09\/incendie-au-siege-dennahdha-ali-larayedh-transporte-a-lhopital-apres-avoir-saute-du-2e-etage\/\",\"url\":\"https:\/\/kapitalis.com\/tunisie\/2021\/12\/09\/incendie-au-siege-dennahdha-ali-larayedh-transporte-a-lhopital-apres-avoir-saute-du-2e-etage\/\",\"name\":\"Incendie au si\u00e8ge d'Ennahdha : Ali Larayedh transport\u00e9 \u00e0 l'h\u00f4pital apr\u00e8s avoir saut\u00e9 du 2e \u00e9tage - Kapitalis\",\"isPartOf\":{\"@id\":\"https:\/\/kapitalis.com\/tunisie\/#website\"},\"primaryImageOfPage\":{\"@id\":\"https:\/\/kapitalis.com\/tunisie\/2021\/12\/09\/incendie-au-siege-dennahdha-ali-larayedh-transporte-a-lhopital-apres-avoir-saute-du-2e-etage\/#primaryimage\"},\"image\":{\"@id\":\"https:\/\/kapitalis.com\/tunisie\/2021\/12\/09\/incendie-au-siege-dennahdha-ali-larayedh-transporte-a-lhopital-apres-avoir-saute-du-2e-etage\/#primaryimage\"},\"thumbnailUrl\":\"\",\"datePublished\":\"2021-12-09T14:30:00+00:00\",\"dateModified\":\"2021-12-09T14:32:57+00:00\",\"breadcrumb\":{\"@id\":\"https:\/\/kapitalis.com\/tunisie\/2021\/12\/09\/incendie-au-siege-dennahdha-ali-larayedh-transporte-a-lhopital-apres-avoir-saute-du-2e-etage\/#breadcrumb\"},\"inLanguage\":\"fr-FR\",\"potentialAction\":[{\"@type\":\"ReadAction\",\"target\":[\"https:\/\/kapitalis.com\/tunisie\/2021\/12\/09\/incendie-au-siege-dennahdha-ali-larayedh-transporte-a-lhopital-apres-avoir-saute-du-2e-etage\/\"]}]},{\"@type\":\"ImageObject\",\"inLanguage\":\"fr-FR\",\"@id\":\"https:\/\/kapitalis.com\/tunisie\/2021\/12\/09\/incendie-au-siege-dennahdha-ali-larayedh-transporte-a-lhopital-apres-avoir-saute-du-2e-etage\/#primaryimage\",\"url\":\"\",\"contentUrl\":\"\"},{\"@type\":\"BreadcrumbList\",\"@id\":\"https:\/\/kapitalis.com\/tunisie\/2021\/12\/09\/incendie-au-siege-dennahdha-ali-larayedh-transporte-a-lhopital-apres-avoir-saute-du-2e-etage\/#breadcrumb\",\"itemListElement\":[{\"@type\":\"ListItem\",\"position\":1,\"name\":\"Accueil\",\"item\":\"https:\/\/kapitalis.com\/tunisie\/\"},{\"@type\":\"ListItem\",\"position\":2,\"name\":\"Incendie au si\u00e8ge d&rsquo;Ennahdha : Ali Larayedh transport\u00e9 \u00e0 l&rsquo;h\u00f4pital apr\u00e8s avoir saut\u00e9 du 2e \u00e9tage\"}]},{\"@type\":\"WebSite\",\"@id\":\"https:\/\/kapitalis.com\/tunisie\/#website\",\"url\":\"https:\/\/kapitalis.com\/tunisie\/\",\"name\":\"Kapitalis\",\"description\":\"L&#039;actualit\u00e9 en Tunisie et dans le monde\",\"publisher\":{\"@id\":\"https:\/\/kapitalis.com\/tunisie\/#organization\"},\"potentialAction\":[{\"@type\":\"SearchAction\",\"target\":{\"@type\":\"EntryPoint\",\"urlTemplate\":\"https:\/\/kapitalis.com\/tunisie\/?s={search_term_string}\"},\"query-input\":{\"@type\":\"PropertyValueSpecification\",\"valueRequired\":true,\"valueName\":\"search_term_string\"}}],\"inLanguage\":\"fr-FR\"},{\"@type\":\"Organization\",\"@id\":\"https:\/\/kapitalis.com\/tunisie\/#organization\",\"name\":\"Kapitalis\",\"url\":\"https:\/\/kapitalis.com\/tunisie\/\",\"logo\":{\"@type\":\"ImageObject\",\"inLanguage\":\"fr-FR\",\"@id\":\"https:\/\/kapitalis.com\/tunisie\/#\/schema\/logo\/image\/\",\"url\":\"https:\/\/kapitalis.com\/tunisie\/wp-content\/uploads\/2022\/05\/Kapitalis-big-size.png\",\"contentUrl\":\"https:\/\/kapitalis.com\/tunisie\/wp-content\/uploads\/2022\/05\/Kapitalis-big-size.png\",\"width\":5000,\"height\":1500,\"caption\":\"Kapitalis\"},\"image\":{\"@id\":\"https:\/\/kapitalis.com\/tunisie\/#\/schema\/logo\/image\/\"},\"sameAs\":[\"https:\/\/www.facebook.com\/KapitalisInfo\/\",\"https:\/\/x.com\/KapitalisInfo\",\"https:\/\/www.youtube.com\/channel\/UC-yDYrHyfFBWWZaOw3FPg9Q\"]},{\"@type\":\"Person\",\"@id\":\"https:\/\/kapitalis.com\/tunisie\/#\/schema\/person\/74bbde0154d49d790a92aaeac5bc01d5\",\"name\":\"Yusra NY\",\"url\":\"https:\/\/kapitalis.com\/tunisie\/author\/yuza_adam\/\"}]}<\/script>\n<!-- \/ Yoast SEO plugin. -->","yoast_head_json":{"title":"Incendie au si\u00e8ge d'Ennahdha : Ali Larayedh transport\u00e9 \u00e0 l'h\u00f4pital apr\u00e8s avoir saut\u00e9 du 2e \u00e9tage - Kapitalis","robots":{"index":"index","follow":"follow","max-snippet":"max-snippet:-1","max-image-preview":"max-image-preview:large","max-video-preview":"max-video-preview:-1"},"canonical":"https:\/\/kapitalis.com\/tunisie\/2021\/12\/09\/incendie-au-siege-dennahdha-ali-larayedh-transporte-a-lhopital-apres-avoir-saute-du-2e-etage\/","og_locale":"fr_FR","og_type":"article","og_title":"Incendie au si\u00e8ge d'Ennahdha : Ali Larayedh transport\u00e9 \u00e0 l'h\u00f4pital apr\u00e8s avoir saut\u00e9 du 2e \u00e9tage - Kapitalis","og_description":"Pour fuir les flammes suite a l&rsquo;incendie qui s&rsquo;est d\u00e9clench\u00e9 au si\u00e8ge d&rsquo;Enanhdha \u00e0 Montplaisir (Tunis), le vice-pr\u00e9sident du parti Ali Larayedh, a saut\u00e9 du 2e \u00e9tage. Il a \u00e9t\u00e9 bless\u00e9 et transport\u00e9 \u00e0 l&rsquo;h\u00f4pital\u2026","og_url":"https:\/\/kapitalis.com\/tunisie\/2021\/12\/09\/incendie-au-siege-dennahdha-ali-larayedh-transporte-a-lhopital-apres-avoir-saute-du-2e-etage\/","og_site_name":"Kapitalis","article_publisher":"https:\/\/www.facebook.com\/KapitalisInfo\/","article_published_time":"2021-12-09T14:30:00+00:00","article_modified_time":"2021-12-09T14:32:57+00:00","og_image":[{"width":1200,"height":630,"url":"https:\/\/kapitalis.com\/tunisie\/wp-content\/uploads\/2022\/05\/kapitalis-logo-fb.png","type":"image\/png"}],"author":"Yusra NY","twitter_card":"summary_large_image","twitter_creator":"@KapitalisInfo","twitter_site":"@KapitalisInfo","twitter_misc":{"\u00c9crit par":"Yusra NY","Dur\u00e9e de lecture estim\u00e9e":"1 minute"},"schema":{"@context":"https:\/\/schema.org","@graph":[{"@type":"Article","@id":"https:\/\/kapitalis.com\/tunisie\/2021\/12\/09\/incendie-au-siege-dennahdha-ali-larayedh-transporte-a-lhopital-apres-avoir-saute-du-2e-etage\/#article","isPartOf":{"@id":"https:\/\/kapitalis.com\/tunisie\/2021\/12\/09\/incendie-au-siege-dennahdha-ali-larayedh-transporte-a-lhopital-apres-avoir-saute-du-2e-etage\/"},"author":{"name":"Yusra NY","@id":"https:\/\/kapitalis.com\/tunisie\/#\/schema\/person\/74bbde0154d49d790a92aaeac5bc01d5"},"headline":"Incendie au si\u00e8ge d&rsquo;Ennahdha : Ali Larayedh transport\u00e9 \u00e0 l&rsquo;h\u00f4pital apr\u00e8s avoir saut\u00e9 du 2e \u00e9tage","datePublished":"2021-12-09T14:30:00+00:00","dateModified":"2021-12-09T14:32:57+00:00","mainEntityOfPage":{"@id":"https:\/\/kapitalis.com\/tunisie\/2021\/12\/09\/incendie-au-siege-dennahdha-ali-larayedh-transporte-a-lhopital-apres-avoir-saute-du-2e-etage\/"},"wordCount":133,"commentCount":3,"publisher":{"@id":"https:\/\/kapitalis.com\/tunisie\/#organization"},"image":{"@id":"https:\/\/kapitalis.com\/tunisie\/2021\/12\/09\/incendie-au-siege-dennahdha-ali-larayedh-transporte-a-lhopital-apres-avoir-saute-du-2e-etage\/#primaryimage"},"thumbnailUrl":"","keywords":["Ali Larayedh","bless\u00e9","Ennahdha","Incendie","Montplaisir","Tunisie"],"articleSection":["POLITIQUE","Tunisie"],"inLanguage":"fr-FR","potentialAction":[{"@type":"CommentAction","name":"Comment","target":["https:\/\/kapitalis.com\/tunisie\/2021\/12\/09\/incendie-au-siege-dennahdha-ali-larayedh-transporte-a-lhopital-apres-avoir-saute-du-2e-etage\/#respond"]}]},{"@type":"WebPage","@id":"https:\/\/kapitalis.com\/tunisie\/2021\/12\/09\/incendie-au-siege-dennahdha-ali-larayedh-transporte-a-lhopital-apres-avoir-saute-du-2e-etage\/","url":"https:\/\/kapitalis.com\/tunisie\/2021\/12\/09\/incendie-au-siege-dennahdha-ali-larayedh-transporte-a-lhopital-apres-avoir-saute-du-2e-etage\/","name":"Incendie au si\u00e8ge d'Ennahdha : Ali Larayedh transport\u00e9 \u00e0 l'h\u00f4pital apr\u00e8s avoir saut\u00e9 du 2e \u00e9tage - Kapitalis","isPartOf":{"@id":"https:\/\/kapitalis.com\/tunisie\/#website"},"primaryImageOfPage":{"@id":"https:\/\/kapitalis.com\/tunisie\/2021\/12\/09\/incendie-au-siege-dennahdha-ali-larayedh-transporte-a-lhopital-apres-avoir-saute-du-2e-etage\/#primaryimage"},"image":{"@id":"https:\/\/kapitalis.com\/tunisie\/2021\/12\/09\/incendie-au-siege-dennahdha-ali-larayedh-transporte-a-lhopital-apres-avoir-saute-du-2e-etage\/#primaryimage"},"thumbnailUrl":"","datePublished":"2021-12-09T14:30:00+00:00","dateModified":"2021-12-09T14:32:57+00:00","breadcrumb":{"@id":"https:\/\/kapitalis.com\/tunisie\/2021\/12\/09\/incendie-au-siege-dennahdha-ali-larayedh-transporte-a-lhopital-apres-avoir-saute-du-2e-etage\/#breadcrumb"},"inLanguage":"fr-FR","potentialAction":[{"@type":"ReadAction","target":["https:\/\/kapitalis.com\/tunisie\/2021\/12\/09\/incendie-au-siege-dennahdha-ali-larayedh-transporte-a-lhopital-apres-avoir-saute-du-2e-etage\/"]}]},{"@type":"ImageObject","inLanguage":"fr-FR","@id":"https:\/\/kapitalis.com\/tunisie\/2021\/12\/09\/incendie-au-siege-dennahdha-ali-larayedh-transporte-a-lhopital-apres-avoir-saute-du-2e-etage\/#primaryimage","url":"","contentUrl":""},{"@type":"BreadcrumbList","@id":"https:\/\/kapitalis.com\/tunisie\/2021\/12\/09\/incendie-au-siege-dennahdha-ali-larayedh-transporte-a-lhopital-apres-avoir-saute-du-2e-etage\/#breadcrumb","itemListElement":[{"@type":"ListItem","position":1,"name":"Accueil","item":"https:\/\/kapitalis.com\/tunisie\/"},{"@type":"ListItem","position":2,"name":"Incendie au si\u00e8ge d&rsquo;Ennahdha : Ali Larayedh transport\u00e9 \u00e0 l&rsquo;h\u00f4pital apr\u00e8s avoir saut\u00e9 du 2e \u00e9tage"}]},{"@type":"WebSite","@id":"https:\/\/kapitalis.com\/tunisie\/#website","url":"https:\/\/kapitalis.com\/tunisie\/","name":"Kapitalis","description":"L&#039;actualit\u00e9 en Tunisie et dans le monde","publisher":{"@id":"https:\/\/kapitalis.com\/tunisie\/#organization"},"potentialAction":[{"@type":"SearchAction","target":{"@type":"EntryPoint","urlTemplate":"https:\/\/kapitalis.com\/tunisie\/?s={search_term_string}"},"query-input":{"@type":"PropertyValueSpecification","valueRequired":true,"valueName":"search_term_string"}}],"inLanguage":"fr-FR"},{"@type":"Organization","@id":"https:\/\/kapitalis.com\/tunisie\/#organization","name":"Kapitalis","url":"https:\/\/kapitalis.com\/tunisie\/","logo":{"@type":"ImageObject","inLanguage":"fr-FR","@id":"https:\/\/kapitalis.com\/tunisie\/#\/schema\/logo\/image\/","url":"https:\/\/kapitalis.com\/tunisie\/wp-content\/uploads\/2022\/05\/Kapitalis-big-size.png","contentUrl":"https:\/\/kapitalis.com\/tunisie\/wp-content\/uploads\/2022\/05\/Kapitalis-big-size.png","width":5000,"height":1500,"caption":"Kapitalis"},"image":{"@id":"https:\/\/kapitalis.com\/tunisie\/#\/schema\/logo\/image\/"},"sameAs":["https:\/\/www.facebook.com\/KapitalisInfo\/","https:\/\/x.com\/KapitalisInfo","https:\/\/www.youtube.com\/channel\/UC-yDYrHyfFBWWZaOw3FPg9Q"]},{"@type":"Person","@id":"https:\/\/kapitalis.com\/tunisie\/#\/schema\/person\/74bbde0154d49d790a92aaeac5bc01d5","name":"Yusra NY","url":"https:\/\/kapitalis.com\/tunisie\/author\/yuza_adam\/"}]}},"_links":{"self":[{"href":"https:\/\/kapitalis.com\/tunisie\/wp-json\/wp\/v2\/posts\/373018","targetHints":{"allow":["GET"]}}],"collection":[{"href":"https:\/\/kapitalis.com\/tunisie\/wp-json\/wp\/v2\/posts"}],"about":[{"href":"https:\/\/kapitalis.com\/tunisie\/wp-json\/wp\/v2\/types\/post"}],"author":[{"embeddable":true,"href":"https:\/\/kapitalis.com\/tunisie\/wp-json\/wp\/v2\/users\/6"}],"replies":[{"embeddable":true,"href":"https:\/\/kapitalis.com\/tunisie\/wp-json\/wp\/v2\/comments?post=373018"}],"version-history":[{"count":0,"href":"https:\/\/kapitalis.com\/tunisie\/wp-json\/wp\/v2\/posts\/373018\/revisions"}],"wp:featuredmedia":[{"embeddable":true,"href":"https:\/\/kapitalis.com\/tunisie\/wp-json\/wp\/v2\/media\/373021"}],"wp:attachment":[{"href":"https:\/\/kapitalis.com\/tunisie\/wp-json\/wp\/v2\/media?parent=373018"}],"wp:term":[{"taxonomy":"category","embeddable":true,"href":"https:\/\/kapitalis.com\/tunisie\/wp-json\/wp\/v2\/categories?post=373018"},{"taxonomy":"post_tag","embeddable":true,"href":"https:\/\/kapitalis.com\/tunisie\/wp-json\/wp\/v2\/tags?post=373018"}],"curies":[{"name":"wp","href":"https:\/\/api.w.org\/{rel}","templated":true}]}}