{"id":373053,"date":"2021-12-09T20:01:45","date_gmt":"2021-12-09T19:01:45","guid":{"rendered":"http:\/\/kapitalis.com\/tunisie\/?p=373053"},"modified":"2021-12-09T20:08:56","modified_gmt":"2021-12-09T19:08:56","slug":"incendie-au-siege-dennahdha-a-propos-de-lhomme-qui-sest-immole-par-le-feu","status":"publish","type":"post","link":"https:\/\/kapitalis.com\/tunisie\/2021\/12\/09\/incendie-au-siege-dennahdha-a-propos-de-lhomme-qui-sest-immole-par-le-feu\/","title":{"rendered":"Incendie au si\u00e8ge d&rsquo;Ennahdha : A propos de l&rsquo;homme qui s&rsquo;est immol\u00e9 par le feu"},"content":{"rendered":"\n<div class=\"wp-block-image\"><figure class=\"aligncenter size-full\"><img decoding=\"async\" src=\"http:\/\/kapitalis.com\/tunisie\/wp-content\/uploads\/2021\/12\/Ennahdha-incendie.jpg\" alt=\"\" class=\"wp-image-373057\"\/><\/figure><\/div>\n\n\n\n<p><strong><em>L&rsquo;homme qui s&rsquo;est immol\u00e9 ce jeudi 9 d\u00e9cembre 2021, causant un incendie au si\u00e8ge d&rsquo;Ennahdha \u00e0 Montplaisir (Tunis), est membre dudit parti. Rached Ghannouchi<\/em><\/strong><em><strong> l&rsquo;a pr\u00e9sent\u00e9 comme un \u00abmartyr\u00bb, en affirmant que le d\u00e9funt a pass\u00e9 plus de 10 ans de prison avant la R\u00e9volution tunisienne.<\/strong><\/em>..<\/p>\n\n\n\n<!--more-->\n\n\n\n<p>\u00c2g\u00e9 d&rsquo;une cinquantaine d&rsquo;ann\u00e9es Sami Essifi, aurait, selon le chef du parti islamiste Rached Ghannouchi, fait de la prison dans le cadre de <em>\u00abses activit\u00e9s de militantisme contre la dictature\u00bb<\/em>, a-t-il dit ce soir, dans une d\u00e9claration aux m\u00e9dias, en lan\u00e7ant : \u00ab<em>Sami est un martyr, victime de la pauvret\u00e9 et de la marginalisation. Il est victime de la guerre m\u00e9diatique ayant vis\u00e9 les militants d\u2019Ennahdha\u2026une campagne m\u00e9diatique contre Ennahdha et ses dirigeant, \u00e0 travers laquelle on a criminalis\u00e9 le militantisme&#8230;\u00bb<\/em><\/p>\n\n\n\n<p>Rached Ghannouchi a ajout\u00e9 que Sami n&rsquo;a pas b\u00e9n\u00e9fici\u00e9 de compensations malgr\u00e9 les d\u00e9cisions de l\u2019Instance de la V\u00e9rit\u00e9 et la dignit\u00e9 (IVD), et qu&rsquo;il vivait dans des conditions difficiles : \u00ab<em>Dix ans apr\u00e8s la r\u00e9volution, Sami n&rsquo;a rien obtenu et n&rsquo;a pas v\u00e9cu dans la dignit\u00e9&#8230;.C&rsquo;est une victime de la pauvret\u00e9 et de la marginalisation<\/em>&#8230;\u00bb, a encore lanc\u00e9 Ghannouchi.<\/p>\n\n\n\n<p>Natif de 1970 et habitant \u00e0 la Cit\u00e9 Ettahrir \u00e0 Tunis, Sami Essifi s&rsquo;est immol\u00e9 par le feu au si\u00e8ge de son parti, et son corps a \u00e9t\u00e9 retrouv\u00e9 calcin\u00e9 par les agents de la protection civile. Selon certaines sources, ce m\u00eame homme avait d\u00e9j\u00e0 tent\u00e9 de mettre le feu \u00e0 son corps, l&rsquo;an dernier, apr\u00e8s qu&rsquo;il ait perdu son travail d&rsquo;agent d&rsquo;accueil dans les bureaux d&rsquo;Ennahdha.<\/p>\n\n\n\n<p>Selon ces m\u00eame source, le concern\u00e9 avait fait de la prison suite aux \u00e9v\u00e8nements (crimes) de Bab Souika, en 1991, attribu\u00e9 au parti de Ghannouchi.<\/p>\n\n\n\n<p>Rappelons que l&rsquo;incendie a fait 18 bless\u00e9s, dont Ali Larayedh, qui souffre de multiples fractures, apr\u00e8s avoir saut\u00e9 du 2e \u00e9tage pour fuir les flammes, alors qu&rsquo;Abdelkrim Harouni, aurait \u00e9t\u00e9 br\u00fbl\u00e9 au visage.<\/p>\n\n\n\n<p class=\"has-text-align-right\"><strong>Y. N.<\/strong><\/p>\n\n\n\n<figure class=\"wp-block-embed is-type-wp-embed is-provider-kapitalis wp-block-embed-kapitalis\"><div class=\"wp-block-embed__wrapper\">\n<blockquote class=\"wp-embedded-content\" data-secret=\"zFVd3pfJ2Z\"><a href=\"https:\/\/kapitalis.com\/tunisie\/2021\/12\/09\/tunisie-communique-du-ministere-de-linterieur-a-propos-de-lincendie-au-siege-dennahdha\/\">Tunisie : Communiqu\u00e9 du minist\u00e8re de l&rsquo;Int\u00e9rieur \u00e0 propos de l&rsquo;incendie au si\u00e8ge d&rsquo;Ennahdha<\/a><\/blockquote><iframe loading=\"lazy\" class=\"wp-embedded-content\" sandbox=\"allow-scripts\" security=\"restricted\" style=\"position: absolute; clip: rect(1px, 1px, 1px, 1px);\" title=\"\u00ab\u00a0Tunisie : Communiqu\u00e9 du minist\u00e8re de l&rsquo;Int\u00e9rieur \u00e0 propos de l&rsquo;incendie au si\u00e8ge d&rsquo;Ennahdha\u00a0\u00bb &#8212; Kapitalis\" src=\"https:\/\/kapitalis.com\/tunisie\/2021\/12\/09\/tunisie-communique-du-ministere-de-linterieur-a-propos-de-lincendie-au-siege-dennahdha\/embed\/#?secret=xWlbtaAqHx#?secret=zFVd3pfJ2Z\" data-secret=\"zFVd3pfJ2Z\" width=\"600\" height=\"338\" frameborder=\"0\" marginwidth=\"0\" marginheight=\"0\" scrolling=\"no\"><\/iframe>\n<\/div><\/figure>\n\n\n\n<figure class=\"wp-block-embed is-type-wp-embed is-provider-kapitalis wp-block-embed-kapitalis\"><div class=\"wp-block-embed__wrapper\">\n<blockquote class=\"wp-embedded-content\" data-secret=\"dRNHTiUpms\"><a href=\"https:\/\/kapitalis.com\/tunisie\/2021\/12\/09\/incendie-au-siege-dennahdha-ali-larayedh-transporte-a-lhopital-apres-avoir-saute-du-2e-etage\/\">Incendie au si\u00e8ge d&rsquo;Ennahdha : Ali Larayedh transport\u00e9 \u00e0 l&rsquo;h\u00f4pital apr\u00e8s avoir saut\u00e9 du 2e \u00e9tage<\/a><\/blockquote><iframe loading=\"lazy\" class=\"wp-embedded-content\" sandbox=\"allow-scripts\" security=\"restricted\" style=\"position: absolute; clip: rect(1px, 1px, 1px, 1px);\" title=\"\u00ab\u00a0Incendie au si\u00e8ge d&rsquo;Ennahdha : Ali Larayedh transport\u00e9 \u00e0 l&rsquo;h\u00f4pital apr\u00e8s avoir saut\u00e9 du 2e \u00e9tage\u00a0\u00bb &#8212; Kapitalis\" src=\"https:\/\/kapitalis.com\/tunisie\/2021\/12\/09\/incendie-au-siege-dennahdha-ali-larayedh-transporte-a-lhopital-apres-avoir-saute-du-2e-etage\/embed\/#?secret=sclcsuVQvG#?secret=dRNHTiUpms\" data-secret=\"dRNHTiUpms\" width=\"600\" height=\"338\" frameborder=\"0\" marginwidth=\"0\" marginheight=\"0\" scrolling=\"no\"><\/iframe>\n<\/div><\/figure>\n","protected":false},"excerpt":{"rendered":"<p>L&rsquo;homme qui s&rsquo;est immol\u00e9 ce jeudi 9 d\u00e9cembre 2021, causant un incendie au si\u00e8ge d&rsquo;Ennahdha \u00e0 Montplaisir (Tunis), est membre dudit parti. Rached Ghannouchi l&rsquo;a pr\u00e9sent\u00e9 comme un \u00abmartyr\u00bb, en affirmant que le d\u00e9funt a pass\u00e9 plus de 10 ans de prison avant la R\u00e9volution tunisienne&#8230;<\/p>\n","protected":false},"author":6,"featured_media":373057,"comment_status":"open","ping_status":"open","sticky":false,"template":"","format":"standard","meta":{"footnotes":""},"categories":[998,2433],"tags":[1583,49543,74969,1035,4273,758,95606,62643],"class_list":["post-373053","post","type-post","status-publish","format-standard","has-post-thumbnail","hentry","category-societe","category-tunisie","tag-ali-larayedh","tag-ennahdha","tag-harouni","tag-incendie","tag-montplaisir","tag-rached-ghannouchi","tag-sami-essifi","tag-tunisie"],"yoast_head":"<!-- This site is optimized with the Yoast SEO plugin v26.6 - https:\/\/yoast.com\/wordpress\/plugins\/seo\/ -->\n<title>Incendie au si\u00e8ge d&#039;Ennahdha : A propos de l&#039;homme qui s&#039;est immol\u00e9 par le feu - Kapitalis<\/title>\n<meta name=\"robots\" content=\"index, follow, max-snippet:-1, max-image-preview:large, max-video-preview:-1\" \/>\n<link rel=\"canonical\" href=\"https:\/\/kapitalis.com\/tunisie\/2021\/12\/09\/incendie-au-siege-dennahdha-a-propos-de-lhomme-qui-sest-immole-par-le-feu\/\" \/>\n<meta property=\"og:locale\" content=\"fr_FR\" \/>\n<meta property=\"og:type\" content=\"article\" \/>\n<meta property=\"og:title\" content=\"Incendie au si\u00e8ge d&#039;Ennahdha : A propos de l&#039;homme qui s&#039;est immol\u00e9 par le feu - Kapitalis\" \/>\n<meta property=\"og:description\" content=\"L&rsquo;homme qui s&rsquo;est immol\u00e9 ce jeudi 9 d\u00e9cembre 2021, causant un incendie au si\u00e8ge d&rsquo;Ennahdha \u00e0 Montplaisir (Tunis), est membre dudit parti. Rached Ghannouchi l&rsquo;a pr\u00e9sent\u00e9 comme un \u00abmartyr\u00bb, en affirmant que le d\u00e9funt a pass\u00e9 plus de 10 ans de prison avant la R\u00e9volution tunisienne...\" \/>\n<meta property=\"og:url\" content=\"https:\/\/kapitalis.com\/tunisie\/2021\/12\/09\/incendie-au-siege-dennahdha-a-propos-de-lhomme-qui-sest-immole-par-le-feu\/\" \/>\n<meta property=\"og:site_name\" content=\"Kapitalis\" \/>\n<meta property=\"article:publisher\" content=\"https:\/\/www.facebook.com\/KapitalisInfo\/\" \/>\n<meta property=\"article:published_time\" content=\"2021-12-09T19:01:45+00:00\" \/>\n<meta property=\"article:modified_time\" content=\"2021-12-09T19:08:56+00:00\" \/>\n<meta property=\"og:image\" content=\"https:\/\/kapitalis.com\/tunisie\/wp-content\/uploads\/2022\/05\/kapitalis-logo-fb.png\" \/>\n\t<meta property=\"og:image:width\" content=\"1200\" \/>\n\t<meta property=\"og:image:height\" content=\"630\" \/>\n\t<meta property=\"og:image:type\" content=\"image\/png\" \/>\n<meta name=\"author\" content=\"Yusra NY\" \/>\n<meta name=\"twitter:card\" content=\"summary_large_image\" \/>\n<meta name=\"twitter:creator\" content=\"@KapitalisInfo\" \/>\n<meta name=\"twitter:site\" content=\"@KapitalisInfo\" \/>\n<meta name=\"twitter:label1\" content=\"\u00c9crit par\" \/>\n\t<meta name=\"twitter:data1\" content=\"Yusra NY\" \/>\n\t<meta name=\"twitter:label2\" content=\"Dur\u00e9e de lecture estim\u00e9e\" \/>\n\t<meta name=\"twitter:data2\" content=\"2 minutes\" \/>\n<script type=\"application\/ld+json\" class=\"yoast-schema-graph\">{\"@context\":\"https:\/\/schema.org\",\"@graph\":[{\"@type\":\"Article\",\"@id\":\"https:\/\/kapitalis.com\/tunisie\/2021\/12\/09\/incendie-au-siege-dennahdha-a-propos-de-lhomme-qui-sest-immole-par-le-feu\/#article\",\"isPartOf\":{\"@id\":\"https:\/\/kapitalis.com\/tunisie\/2021\/12\/09\/incendie-au-siege-dennahdha-a-propos-de-lhomme-qui-sest-immole-par-le-feu\/\"},\"author\":{\"name\":\"Yusra NY\",\"@id\":\"https:\/\/kapitalis.com\/tunisie\/#\/schema\/person\/74bbde0154d49d790a92aaeac5bc01d5\"},\"headline\":\"Incendie au si\u00e8ge d&rsquo;Ennahdha : A propos de l&rsquo;homme qui s&rsquo;est immol\u00e9 par le feu\",\"datePublished\":\"2021-12-09T19:01:45+00:00\",\"dateModified\":\"2021-12-09T19:08:56+00:00\",\"mainEntityOfPage\":{\"@id\":\"https:\/\/kapitalis.com\/tunisie\/2021\/12\/09\/incendie-au-siege-dennahdha-a-propos-de-lhomme-qui-sest-immole-par-le-feu\/\"},\"wordCount\":359,\"commentCount\":12,\"publisher\":{\"@id\":\"https:\/\/kapitalis.com\/tunisie\/#organization\"},\"image\":{\"@id\":\"https:\/\/kapitalis.com\/tunisie\/2021\/12\/09\/incendie-au-siege-dennahdha-a-propos-de-lhomme-qui-sest-immole-par-le-feu\/#primaryimage\"},\"thumbnailUrl\":\"\",\"keywords\":[\"Ali Larayedh\",\"Ennahdha\",\"Harouni\",\"Incendie\",\"Montplaisir\",\"Rached Ghannouchi\",\"Sami Essifi\",\"Tunisie\"],\"articleSection\":[\"SOCIETE\",\"Tunisie\"],\"inLanguage\":\"fr-FR\",\"potentialAction\":[{\"@type\":\"CommentAction\",\"name\":\"Comment\",\"target\":[\"https:\/\/kapitalis.com\/tunisie\/2021\/12\/09\/incendie-au-siege-dennahdha-a-propos-de-lhomme-qui-sest-immole-par-le-feu\/#respond\"]}]},{\"@type\":\"WebPage\",\"@id\":\"https:\/\/kapitalis.com\/tunisie\/2021\/12\/09\/incendie-au-siege-dennahdha-a-propos-de-lhomme-qui-sest-immole-par-le-feu\/\",\"url\":\"https:\/\/kapitalis.com\/tunisie\/2021\/12\/09\/incendie-au-siege-dennahdha-a-propos-de-lhomme-qui-sest-immole-par-le-feu\/\",\"name\":\"Incendie au si\u00e8ge d'Ennahdha : A propos de l'homme qui s'est immol\u00e9 par le feu - Kapitalis\",\"isPartOf\":{\"@id\":\"https:\/\/kapitalis.com\/tunisie\/#website\"},\"primaryImageOfPage\":{\"@id\":\"https:\/\/kapitalis.com\/tunisie\/2021\/12\/09\/incendie-au-siege-dennahdha-a-propos-de-lhomme-qui-sest-immole-par-le-feu\/#primaryimage\"},\"image\":{\"@id\":\"https:\/\/kapitalis.com\/tunisie\/2021\/12\/09\/incendie-au-siege-dennahdha-a-propos-de-lhomme-qui-sest-immole-par-le-feu\/#primaryimage\"},\"thumbnailUrl\":\"\",\"datePublished\":\"2021-12-09T19:01:45+00:00\",\"dateModified\":\"2021-12-09T19:08:56+00:00\",\"breadcrumb\":{\"@id\":\"https:\/\/kapitalis.com\/tunisie\/2021\/12\/09\/incendie-au-siege-dennahdha-a-propos-de-lhomme-qui-sest-immole-par-le-feu\/#breadcrumb\"},\"inLanguage\":\"fr-FR\",\"potentialAction\":[{\"@type\":\"ReadAction\",\"target\":[\"https:\/\/kapitalis.com\/tunisie\/2021\/12\/09\/incendie-au-siege-dennahdha-a-propos-de-lhomme-qui-sest-immole-par-le-feu\/\"]}]},{\"@type\":\"ImageObject\",\"inLanguage\":\"fr-FR\",\"@id\":\"https:\/\/kapitalis.com\/tunisie\/2021\/12\/09\/incendie-au-siege-dennahdha-a-propos-de-lhomme-qui-sest-immole-par-le-feu\/#primaryimage\",\"url\":\"\",\"contentUrl\":\"\"},{\"@type\":\"BreadcrumbList\",\"@id\":\"https:\/\/kapitalis.com\/tunisie\/2021\/12\/09\/incendie-au-siege-dennahdha-a-propos-de-lhomme-qui-sest-immole-par-le-feu\/#breadcrumb\",\"itemListElement\":[{\"@type\":\"ListItem\",\"position\":1,\"name\":\"Accueil\",\"item\":\"https:\/\/kapitalis.com\/tunisie\/\"},{\"@type\":\"ListItem\",\"position\":2,\"name\":\"Incendie au si\u00e8ge d&rsquo;Ennahdha : A propos de l&rsquo;homme qui s&rsquo;est immol\u00e9 par le feu\"}]},{\"@type\":\"WebSite\",\"@id\":\"https:\/\/kapitalis.com\/tunisie\/#website\",\"url\":\"https:\/\/kapitalis.com\/tunisie\/\",\"name\":\"Kapitalis\",\"description\":\"L&#039;actualit\u00e9 en Tunisie et dans le monde\",\"publisher\":{\"@id\":\"https:\/\/kapitalis.com\/tunisie\/#organization\"},\"potentialAction\":[{\"@type\":\"SearchAction\",\"target\":{\"@type\":\"EntryPoint\",\"urlTemplate\":\"https:\/\/kapitalis.com\/tunisie\/?s={search_term_string}\"},\"query-input\":{\"@type\":\"PropertyValueSpecification\",\"valueRequired\":true,\"valueName\":\"search_term_string\"}}],\"inLanguage\":\"fr-FR\"},{\"@type\":\"Organization\",\"@id\":\"https:\/\/kapitalis.com\/tunisie\/#organization\",\"name\":\"Kapitalis\",\"url\":\"https:\/\/kapitalis.com\/tunisie\/\",\"logo\":{\"@type\":\"ImageObject\",\"inLanguage\":\"fr-FR\",\"@id\":\"https:\/\/kapitalis.com\/tunisie\/#\/schema\/logo\/image\/\",\"url\":\"https:\/\/kapitalis.com\/tunisie\/wp-content\/uploads\/2022\/05\/Kapitalis-big-size.png\",\"contentUrl\":\"https:\/\/kapitalis.com\/tunisie\/wp-content\/uploads\/2022\/05\/Kapitalis-big-size.png\",\"width\":5000,\"height\":1500,\"caption\":\"Kapitalis\"},\"image\":{\"@id\":\"https:\/\/kapitalis.com\/tunisie\/#\/schema\/logo\/image\/\"},\"sameAs\":[\"https:\/\/www.facebook.com\/KapitalisInfo\/\",\"https:\/\/x.com\/KapitalisInfo\",\"https:\/\/www.youtube.com\/channel\/UC-yDYrHyfFBWWZaOw3FPg9Q\"]},{\"@type\":\"Person\",\"@id\":\"https:\/\/kapitalis.com\/tunisie\/#\/schema\/person\/74bbde0154d49d790a92aaeac5bc01d5\",\"name\":\"Yusra NY\",\"url\":\"https:\/\/kapitalis.com\/tunisie\/author\/yuza_adam\/\"}]}<\/script>\n<!-- \/ Yoast SEO plugin. -->","yoast_head_json":{"title":"Incendie au si\u00e8ge d'Ennahdha : A propos de l'homme qui s'est immol\u00e9 par le feu - Kapitalis","robots":{"index":"index","follow":"follow","max-snippet":"max-snippet:-1","max-image-preview":"max-image-preview:large","max-video-preview":"max-video-preview:-1"},"canonical":"https:\/\/kapitalis.com\/tunisie\/2021\/12\/09\/incendie-au-siege-dennahdha-a-propos-de-lhomme-qui-sest-immole-par-le-feu\/","og_locale":"fr_FR","og_type":"article","og_title":"Incendie au si\u00e8ge d'Ennahdha : A propos de l'homme qui s'est immol\u00e9 par le feu - Kapitalis","og_description":"L&rsquo;homme qui s&rsquo;est immol\u00e9 ce jeudi 9 d\u00e9cembre 2021, causant un incendie au si\u00e8ge d&rsquo;Ennahdha \u00e0 Montplaisir (Tunis), est membre dudit parti. Rached Ghannouchi l&rsquo;a pr\u00e9sent\u00e9 comme un \u00abmartyr\u00bb, en affirmant que le d\u00e9funt a pass\u00e9 plus de 10 ans de prison avant la R\u00e9volution tunisienne...","og_url":"https:\/\/kapitalis.com\/tunisie\/2021\/12\/09\/incendie-au-siege-dennahdha-a-propos-de-lhomme-qui-sest-immole-par-le-feu\/","og_site_name":"Kapitalis","article_publisher":"https:\/\/www.facebook.com\/KapitalisInfo\/","article_published_time":"2021-12-09T19:01:45+00:00","article_modified_time":"2021-12-09T19:08:56+00:00","og_image":[{"width":1200,"height":630,"url":"https:\/\/kapitalis.com\/tunisie\/wp-content\/uploads\/2022\/05\/kapitalis-logo-fb.png","type":"image\/png"}],"author":"Yusra NY","twitter_card":"summary_large_image","twitter_creator":"@KapitalisInfo","twitter_site":"@KapitalisInfo","twitter_misc":{"\u00c9crit par":"Yusra NY","Dur\u00e9e de lecture estim\u00e9e":"2 minutes"},"schema":{"@context":"https:\/\/schema.org","@graph":[{"@type":"Article","@id":"https:\/\/kapitalis.com\/tunisie\/2021\/12\/09\/incendie-au-siege-dennahdha-a-propos-de-lhomme-qui-sest-immole-par-le-feu\/#article","isPartOf":{"@id":"https:\/\/kapitalis.com\/tunisie\/2021\/12\/09\/incendie-au-siege-dennahdha-a-propos-de-lhomme-qui-sest-immole-par-le-feu\/"},"author":{"name":"Yusra NY","@id":"https:\/\/kapitalis.com\/tunisie\/#\/schema\/person\/74bbde0154d49d790a92aaeac5bc01d5"},"headline":"Incendie au si\u00e8ge d&rsquo;Ennahdha : A propos de l&rsquo;homme qui s&rsquo;est immol\u00e9 par le feu","datePublished":"2021-12-09T19:01:45+00:00","dateModified":"2021-12-09T19:08:56+00:00","mainEntityOfPage":{"@id":"https:\/\/kapitalis.com\/tunisie\/2021\/12\/09\/incendie-au-siege-dennahdha-a-propos-de-lhomme-qui-sest-immole-par-le-feu\/"},"wordCount":359,"commentCount":12,"publisher":{"@id":"https:\/\/kapitalis.com\/tunisie\/#organization"},"image":{"@id":"https:\/\/kapitalis.com\/tunisie\/2021\/12\/09\/incendie-au-siege-dennahdha-a-propos-de-lhomme-qui-sest-immole-par-le-feu\/#primaryimage"},"thumbnailUrl":"","keywords":["Ali Larayedh","Ennahdha","Harouni","Incendie","Montplaisir","Rached Ghannouchi","Sami Essifi","Tunisie"],"articleSection":["SOCIETE","Tunisie"],"inLanguage":"fr-FR","potentialAction":[{"@type":"CommentAction","name":"Comment","target":["https:\/\/kapitalis.com\/tunisie\/2021\/12\/09\/incendie-au-siege-dennahdha-a-propos-de-lhomme-qui-sest-immole-par-le-feu\/#respond"]}]},{"@type":"WebPage","@id":"https:\/\/kapitalis.com\/tunisie\/2021\/12\/09\/incendie-au-siege-dennahdha-a-propos-de-lhomme-qui-sest-immole-par-le-feu\/","url":"https:\/\/kapitalis.com\/tunisie\/2021\/12\/09\/incendie-au-siege-dennahdha-a-propos-de-lhomme-qui-sest-immole-par-le-feu\/","name":"Incendie au si\u00e8ge d'Ennahdha : A propos de l'homme qui s'est immol\u00e9 par le feu - Kapitalis","isPartOf":{"@id":"https:\/\/kapitalis.com\/tunisie\/#website"},"primaryImageOfPage":{"@id":"https:\/\/kapitalis.com\/tunisie\/2021\/12\/09\/incendie-au-siege-dennahdha-a-propos-de-lhomme-qui-sest-immole-par-le-feu\/#primaryimage"},"image":{"@id":"https:\/\/kapitalis.com\/tunisie\/2021\/12\/09\/incendie-au-siege-dennahdha-a-propos-de-lhomme-qui-sest-immole-par-le-feu\/#primaryimage"},"thumbnailUrl":"","datePublished":"2021-12-09T19:01:45+00:00","dateModified":"2021-12-09T19:08:56+00:00","breadcrumb":{"@id":"https:\/\/kapitalis.com\/tunisie\/2021\/12\/09\/incendie-au-siege-dennahdha-a-propos-de-lhomme-qui-sest-immole-par-le-feu\/#breadcrumb"},"inLanguage":"fr-FR","potentialAction":[{"@type":"ReadAction","target":["https:\/\/kapitalis.com\/tunisie\/2021\/12\/09\/incendie-au-siege-dennahdha-a-propos-de-lhomme-qui-sest-immole-par-le-feu\/"]}]},{"@type":"ImageObject","inLanguage":"fr-FR","@id":"https:\/\/kapitalis.com\/tunisie\/2021\/12\/09\/incendie-au-siege-dennahdha-a-propos-de-lhomme-qui-sest-immole-par-le-feu\/#primaryimage","url":"","contentUrl":""},{"@type":"BreadcrumbList","@id":"https:\/\/kapitalis.com\/tunisie\/2021\/12\/09\/incendie-au-siege-dennahdha-a-propos-de-lhomme-qui-sest-immole-par-le-feu\/#breadcrumb","itemListElement":[{"@type":"ListItem","position":1,"name":"Accueil","item":"https:\/\/kapitalis.com\/tunisie\/"},{"@type":"ListItem","position":2,"name":"Incendie au si\u00e8ge d&rsquo;Ennahdha : A propos de l&rsquo;homme qui s&rsquo;est immol\u00e9 par le feu"}]},{"@type":"WebSite","@id":"https:\/\/kapitalis.com\/tunisie\/#website","url":"https:\/\/kapitalis.com\/tunisie\/","name":"Kapitalis","description":"L&#039;actualit\u00e9 en Tunisie et dans le monde","publisher":{"@id":"https:\/\/kapitalis.com\/tunisie\/#organization"},"potentialAction":[{"@type":"SearchAction","target":{"@type":"EntryPoint","urlTemplate":"https:\/\/kapitalis.com\/tunisie\/?s={search_term_string}"},"query-input":{"@type":"PropertyValueSpecification","valueRequired":true,"valueName":"search_term_string"}}],"inLanguage":"fr-FR"},{"@type":"Organization","@id":"https:\/\/kapitalis.com\/tunisie\/#organization","name":"Kapitalis","url":"https:\/\/kapitalis.com\/tunisie\/","logo":{"@type":"ImageObject","inLanguage":"fr-FR","@id":"https:\/\/kapitalis.com\/tunisie\/#\/schema\/logo\/image\/","url":"https:\/\/kapitalis.com\/tunisie\/wp-content\/uploads\/2022\/05\/Kapitalis-big-size.png","contentUrl":"https:\/\/kapitalis.com\/tunisie\/wp-content\/uploads\/2022\/05\/Kapitalis-big-size.png","width":5000,"height":1500,"caption":"Kapitalis"},"image":{"@id":"https:\/\/kapitalis.com\/tunisie\/#\/schema\/logo\/image\/"},"sameAs":["https:\/\/www.facebook.com\/KapitalisInfo\/","https:\/\/x.com\/KapitalisInfo","https:\/\/www.youtube.com\/channel\/UC-yDYrHyfFBWWZaOw3FPg9Q"]},{"@type":"Person","@id":"https:\/\/kapitalis.com\/tunisie\/#\/schema\/person\/74bbde0154d49d790a92aaeac5bc01d5","name":"Yusra NY","url":"https:\/\/kapitalis.com\/tunisie\/author\/yuza_adam\/"}]}},"_links":{"self":[{"href":"https:\/\/kapitalis.com\/tunisie\/wp-json\/wp\/v2\/posts\/373053","targetHints":{"allow":["GET"]}}],"collection":[{"href":"https:\/\/kapitalis.com\/tunisie\/wp-json\/wp\/v2\/posts"}],"about":[{"href":"https:\/\/kapitalis.com\/tunisie\/wp-json\/wp\/v2\/types\/post"}],"author":[{"embeddable":true,"href":"https:\/\/kapitalis.com\/tunisie\/wp-json\/wp\/v2\/users\/6"}],"replies":[{"embeddable":true,"href":"https:\/\/kapitalis.com\/tunisie\/wp-json\/wp\/v2\/comments?post=373053"}],"version-history":[{"count":0,"href":"https:\/\/kapitalis.com\/tunisie\/wp-json\/wp\/v2\/posts\/373053\/revisions"}],"wp:featuredmedia":[{"embeddable":true,"href":"https:\/\/kapitalis.com\/tunisie\/wp-json\/wp\/v2\/media\/373057"}],"wp:attachment":[{"href":"https:\/\/kapitalis.com\/tunisie\/wp-json\/wp\/v2\/media?parent=373053"}],"wp:term":[{"taxonomy":"category","embeddable":true,"href":"https:\/\/kapitalis.com\/tunisie\/wp-json\/wp\/v2\/categories?post=373053"},{"taxonomy":"post_tag","embeddable":true,"href":"https:\/\/kapitalis.com\/tunisie\/wp-json\/wp\/v2\/tags?post=373053"}],"curies":[{"name":"wp","href":"https:\/\/api.w.org\/{rel}","templated":true}]}}