{"id":373236,"date":"2021-12-12T07:35:31","date_gmt":"2021-12-12T06:35:31","guid":{"rendered":"http:\/\/kapitalis.com\/tunisie\/?p=373236"},"modified":"2021-12-12T08:38:16","modified_gmt":"2021-12-12T07:38:16","slug":"le-poeme-du-dimanche-la-maitresse-des-mers-de-jamila-mejri","status":"publish","type":"post","link":"https:\/\/kapitalis.com\/tunisie\/2021\/12\/12\/le-poeme-du-dimanche-la-maitresse-des-mers-de-jamila-mejri\/","title":{"rendered":"Le po\u00e8me du dimanche : \u00abLa Ma\u00eetresse des mers\u00bb de Jamila Mejri"},"content":{"rendered":"\n<div class=\"wp-block-image\"><figure class=\"aligncenter size-full\"><img decoding=\"async\" src=\"http:\/\/kapitalis.com\/tunisie\/wp-content\/uploads\/2021\/12\/Jamila-Mejri.jpg\" alt=\"\" class=\"wp-image-373237\"\/><\/figure><\/div>\n\n\n\n<p><strong><em>N\u00e9e en 1951 \u00e0 Kairouan, la po\u00e8te Jamila Mejri a une pr\u00e9sence non n\u00e9gligeable dans le paysage litt\u00e9raire tunisien et arabe. Voix explorant la condition des femmes, remontant le \u00abtourath\u00bb, le pass\u00e9 et h\u00e9ritage historiques, elle en c\u00e9l\u00e8bre le r\u00f4le et l\u2019importance dans l\u2019actualit\u00e9. Elle joint des \u00e9lans et ancrages mystiques \u00e0 des regards critiques sur la r\u00e9alit\u00e9 arabe, dans une volont\u00e9 \u00e9mancipatrice. Son \u00e9criture reste transparente et sans emphase, se pr\u00eate \u00e0 la musicalit\u00e9, o\u00f9 elle m\u00eale m\u00e9triques moderne et classique.<\/em><\/strong><\/p>\n\n\n\n<!--more-->\n\n\n\n<p>Jamila Mejri \u00e9t\u00e9 \u00e9lue pr\u00e9sidente de l\u2019Union des \u00e9crivains tunisiens, en 2008. Elle a pris part \u00e0 de nombreux \u00e9v\u00e9nements litt\u00e9raires et culturels en Tunisie et dans le monde arabe. Son \u0153uvre est r\u00e9compens\u00e9e de prix litt\u00e9raires.<\/p>\n\n\n\n<p>Professeure de litt\u00e9rature arabe, elle est aussi critique litt\u00e9raire.<\/p>\n\n\n\n<p>Parmi ses recueils (en arabe)&nbsp;: <em>Diwan al-wajd (<\/em>Recueil de la passion), 1995; <em>Diwan an\u2013nisa\u2019 <\/em>(Recueil des femmes),&nbsp;1997; <em>La m\u00e9moire des oiseaux<\/em>, 2006;<em> La douleur a le go\u00fbt arabe<\/em>.<\/p>\n\n\n\n<p class=\"has-text-align-right\"><strong><em>A Elyssa, fondatrice de Carthage<\/em><\/strong><\/p>\n\n\n\n<p><em>Combien y avait-il entre les deux rives&nbsp;et ton r\u00eave ?<\/em><\/p>\n\n\n\n<p><em>Entre tes pas dans le sommeil et son rivage&nbsp;?<\/em><\/p>\n\n\n\n<p><em>Deux rives qui se d\u00e9pliaient<\/em><\/p>\n\n\n\n<p><em>se r\u00e9pandaient dans ta paume<\/em><\/p>\n\n\n\n<p><em>et sur sa terre<\/em><\/p>\n\n\n\n<p><em>Des barques vogu\u00e8rent errantes dans ton r\u00eave<\/em><\/p>\n\n\n\n<p><em>Et apparurent quand tu te r\u00e9veillas \u00e0 son horizon<\/em><\/p>\n\n\n\n<p><em>Que ne leur as-tu montr\u00e9 comment les mers deviennent<\/em><\/p>\n\n\n\n<p><em>soumises aux r\u00eaves des femmes&nbsp;?!<\/em><\/p>\n\n\n\n<p><em>*<\/em><\/p>\n\n\n\n<p><em>La mer a les secrets de l\u2019amour&nbsp;? Ou leur moiti\u00e9&nbsp;?<\/em><\/p>\n\n\n\n<p><em>Le reste dans le silence des femmes&nbsp;?<\/em><\/p>\n\n\n\n<p><em>Les royaumes des amants depuis qu\u2019ils exist\u00e8rent<\/em><\/p>\n\n\n\n<p><em>lui dessin\u00e8rent<\/em><\/p>\n\n\n\n<p><em>un r\u00eave \u00e0 la couleur de la mer<\/em><\/p>\n\n\n\n<p><em>transparent et tremblant\u2026Peut-\u00eatre<\/em><\/p>\n\n\n\n<p><em>la sir\u00e8ne \u00e9tonnante disparait-elle<\/em><\/p>\n\n\n\n<p><em>jusqu\u2019\u00e0 ce que la nuit devienne rose\u2026&nbsp;<\/em><\/p>\n\n\n\n<p><em>et arrive l\u2019aube s\u00e9duite et surprise<\/em><\/p>\n\n\n\n<p><em>*<\/em><\/p>\n\n\n\n<p><em>Cette pierre garde encore<\/em><\/p>\n\n\n\n<p><em>son secret\u2026Si elle<\/em><\/p>\n\n\n\n<p><em>avait \u00e9t\u00e9 questionn\u00e9e sur les r\u00eaves<\/em><\/p>\n\n\n\n<p><em>comme ils sont devenus des palais<\/em><\/p>\n\n\n\n<p><em>debout sur les rivages de l\u2019\u00e9veil<\/em><\/p>\n\n\n\n<p><em>et sur un r\u00e8gne<\/em><\/p>\n\n\n\n<p><em>qui se mesure \u00e0 la taille de la peau d\u2019un taureau*<\/em><\/p>\n\n\n\n<p><em>comment il devint aussi vaste<\/em><\/p>\n\n\n\n<p><em>qu\u2019un royaume de la taille de la terre ou<\/em><\/p>\n\n\n\n<p><em>du sacre du ciel<\/em><\/p>\n\n\n\n<p><em>Mais elle ne r\u00e9v\u00e8le pas son secret<\/em><\/p>\n\n\n\n<p><em>Cette pierre est encore<\/em><\/p>\n\n\n\n<p><em>en extase et \u00e9tourdie<\/em><\/p>\n\n\n\n<p><em>Si la paume la touchait<\/em><\/p>\n\n\n\n<p><em>Elle aurait \u00e9t\u00e9 attach\u00e9e \u00e0 la fragrance du parfum d\u2019hier<\/em><\/p>\n\n\n\n<p><em>Comme si elle \u00e9tait pass\u00e9e \u00e0 l\u2019instant<\/em><\/p>\n\n\n\n<p><em>dans l\u2019\u00e9veil<\/em><\/p>\n\n\n\n<p><em>Et non passante dans le r\u00eave<\/em><\/p>\n\n\n\n<p><em>Comme si depuis trois mille ans<\/em><\/p>\n\n\n\n<p><em>Elle venait \u00e0 Carthage chaque soir<\/em><\/p>\n\n\n\n<p><em>Au point o\u00f9 quand elle passe<\/em><\/p>\n\n\n\n<p><em>L\u2019air s\u2019embaume de son parfum<\/em><\/p>\n\n\n\n<p><em>La brise douce et le bruissement de ses bijoux<\/em><\/p>\n\n\n\n<p><em>Voltigent sur ses habits l\u00e9gers<\/em><\/p>\n\n\n\n<p><em>La couleur de la mer devient plus belle<\/em><\/p>\n\n\n\n<p><em>Chaque fois que passe \u00e0 Carthage<\/em><\/p>\n\n\n\n<p><em>La ma\u00eetresse des mers \u2026et salue<\/em><\/p>\n\n\n\n<p><em>L\u2019Histoire reste un parfum chaque fois<\/em><\/p>\n\n\n\n<p><em>qu\u2019il est chant\u00e9 par les r\u00eaves des femmes<\/em><\/p>\n\n\n\n<p><em>Diwan des femmes, <\/em>1997.<\/p>\n\n\n\n<p class=\"has-text-align-right\"><em>Trad. de l\u2019arabe par<\/em> <strong>Tahar Bekri<\/strong><\/p>\n\n\n\n<p><blockquote class=\"wp-embedded-content\" data-secret=\"AXocTCG6M8\"><a href=\"https:\/\/kapitalis.com\/tunisie\/2021\/12\/05\/le-poeme-du-dimanche-la-vieillesse-de-la-mere-de-fadhila-chebbi\/\">Le po\u00e8me du dimanche : \u00abLa vieillesse de la m\u00e8re\u00bb de Fadhila Chebbi<\/a><\/blockquote><iframe loading=\"lazy\" class=\"wp-embedded-content\" sandbox=\"allow-scripts\" security=\"restricted\" style=\"position: absolute; clip: rect(1px, 1px, 1px, 1px);\" title=\"\u00ab\u00a0Le po\u00e8me du dimanche : \u00abLa vieillesse de la m\u00e8re\u00bb de Fadhila Chebbi\u00a0\u00bb &#8212; Kapitalis\" src=\"https:\/\/kapitalis.com\/tunisie\/2021\/12\/05\/le-poeme-du-dimanche-la-vieillesse-de-la-mere-de-fadhila-chebbi\/embed\/#?secret=IPSKXpdAMa#?secret=AXocTCG6M8\" data-secret=\"AXocTCG6M8\" width=\"600\" height=\"338\" frameborder=\"0\" marginwidth=\"0\" marginheight=\"0\" scrolling=\"no\"><\/iframe><\/p>\n\n\n\n<p><blockquote class=\"wp-embedded-content\" data-secret=\"J42YDWIfI8\"><a href=\"https:\/\/kapitalis.com\/tunisie\/2021\/11\/07\/le-poeme-du-dimanche-sous-le-parapluie-de-sargon-boulus-de-moncef-al-ouhaibi\/\">Le po\u00e8me du dimanche : \u00a0\u00bbSous le parapluie de Sargon Boulus\u00a0\u00bb de Moncef Al-Ouha\u00efbi<\/a><\/blockquote><iframe loading=\"lazy\" class=\"wp-embedded-content\" sandbox=\"allow-scripts\" security=\"restricted\" style=\"position: absolute; clip: rect(1px, 1px, 1px, 1px);\" title=\"\u00ab\u00a0Le po\u00e8me du dimanche : \u00a0\u00bbSous le parapluie de Sargon Boulus\u00a0\u00bb de Moncef Al-Ouha\u00efbi\u00a0\u00bb &#8212; Kapitalis\" src=\"https:\/\/kapitalis.com\/tunisie\/2021\/11\/07\/le-poeme-du-dimanche-sous-le-parapluie-de-sargon-boulus-de-moncef-al-ouhaibi\/embed\/#?secret=p2lPfHEtG5#?secret=J42YDWIfI8\" data-secret=\"J42YDWIfI8\" width=\"600\" height=\"338\" frameborder=\"0\" marginwidth=\"0\" marginheight=\"0\" scrolling=\"no\"><\/iframe><\/p>\n\n\n\n<p><blockquote class=\"wp-embedded-content\" data-secret=\"5jqnH5DWND\"><a href=\"https:\/\/kapitalis.com\/tunisie\/2021\/11\/21\/le-poeme-du-dimanche-la-femme-bateau-par-habib-zannad\/\">Le po\u00e8me du dimanche : \u00abLa femme bateau\u00bb par Habib Zannad<\/a><\/blockquote><iframe loading=\"lazy\" class=\"wp-embedded-content\" sandbox=\"allow-scripts\" security=\"restricted\" style=\"position: absolute; clip: rect(1px, 1px, 1px, 1px);\" title=\"\u00ab\u00a0Le po\u00e8me du dimanche : \u00abLa femme bateau\u00bb par Habib Zannad\u00a0\u00bb &#8212; Kapitalis\" src=\"https:\/\/kapitalis.com\/tunisie\/2021\/11\/21\/le-poeme-du-dimanche-la-femme-bateau-par-habib-zannad\/embed\/#?secret=MNErXvsdcS#?secret=5jqnH5DWND\" data-secret=\"5jqnH5DWND\" width=\"600\" height=\"338\" frameborder=\"0\" marginwidth=\"0\" marginheight=\"0\" scrolling=\"no\"><\/iframe><\/p>\n","protected":false},"excerpt":{"rendered":"<p>N\u00e9e en 1951 \u00e0 Kairouan, la po\u00e8te Jamila Mejri a une pr\u00e9sence non n\u00e9gligeable dans le paysage litt\u00e9raire tunisien et arabe. Voix explorant la condition des femmes, remontant le \u00abtourath\u00bb, le pass\u00e9 et h\u00e9ritage historiques, elle en c\u00e9l\u00e8bre le r\u00f4le et l\u2019importance dans l\u2019actualit\u00e9. Elle joint des \u00e9lans et ancrages mystiques \u00e0 des regards critiques&#8230;<\/p>\n","protected":false},"author":8,"featured_media":373237,"comment_status":"open","ping_status":"open","sticky":false,"template":"","format":"standard","meta":{"footnotes":""},"categories":[992,994,2433],"tags":[94742,64557,62643],"class_list":["post-373236","post","type-post","status-publish","format-standard","has-post-thumbnail","hentry","category-a-la-une","category-culture","category-tunisie","tag-jamila-mejri","tag-kairouan","tag-tunisie"],"yoast_head":"<!-- This site is optimized with the Yoast SEO plugin v26.6 - https:\/\/yoast.com\/wordpress\/plugins\/seo\/ -->\n<title>Le po\u00e8me du dimanche : \u00abLa Ma\u00eetresse des mers\u00bb de Jamila Mejri - Kapitalis<\/title>\n<meta name=\"robots\" content=\"index, follow, max-snippet:-1, max-image-preview:large, max-video-preview:-1\" \/>\n<link rel=\"canonical\" href=\"https:\/\/kapitalis.com\/tunisie\/2021\/12\/12\/le-poeme-du-dimanche-la-maitresse-des-mers-de-jamila-mejri\/\" \/>\n<meta property=\"og:locale\" content=\"fr_FR\" \/>\n<meta property=\"og:type\" content=\"article\" \/>\n<meta property=\"og:title\" content=\"Le po\u00e8me du dimanche : \u00abLa Ma\u00eetresse des mers\u00bb de Jamila Mejri - Kapitalis\" \/>\n<meta property=\"og:description\" content=\"N\u00e9e en 1951 \u00e0 Kairouan, la po\u00e8te Jamila Mejri a une pr\u00e9sence non n\u00e9gligeable dans le paysage litt\u00e9raire tunisien et arabe. Voix explorant la condition des femmes, remontant le \u00abtourath\u00bb, le pass\u00e9 et h\u00e9ritage historiques, elle en c\u00e9l\u00e8bre le r\u00f4le et l\u2019importance dans l\u2019actualit\u00e9. Elle joint des \u00e9lans et ancrages mystiques \u00e0 des regards critiques...\" \/>\n<meta property=\"og:url\" content=\"https:\/\/kapitalis.com\/tunisie\/2021\/12\/12\/le-poeme-du-dimanche-la-maitresse-des-mers-de-jamila-mejri\/\" \/>\n<meta property=\"og:site_name\" content=\"Kapitalis\" \/>\n<meta property=\"article:publisher\" content=\"https:\/\/www.facebook.com\/KapitalisInfo\/\" \/>\n<meta property=\"article:published_time\" content=\"2021-12-12T06:35:31+00:00\" \/>\n<meta property=\"article:modified_time\" content=\"2021-12-12T07:38:16+00:00\" \/>\n<meta property=\"og:image\" content=\"https:\/\/kapitalis.com\/tunisie\/wp-content\/uploads\/2022\/05\/kapitalis-logo-fb.png\" \/>\n\t<meta property=\"og:image:width\" content=\"1200\" \/>\n\t<meta property=\"og:image:height\" content=\"630\" \/>\n\t<meta property=\"og:image:type\" content=\"image\/png\" \/>\n<meta name=\"author\" content=\"webmaster kapitalis\" \/>\n<meta name=\"twitter:card\" content=\"summary_large_image\" \/>\n<meta name=\"twitter:creator\" content=\"@KapitalisInfo\" \/>\n<meta name=\"twitter:site\" content=\"@KapitalisInfo\" \/>\n<meta name=\"twitter:label1\" content=\"\u00c9crit par\" \/>\n\t<meta name=\"twitter:data1\" content=\"webmaster kapitalis\" \/>\n\t<meta name=\"twitter:label2\" content=\"Dur\u00e9e de lecture estim\u00e9e\" \/>\n\t<meta name=\"twitter:data2\" content=\"3 minutes\" \/>\n<script type=\"application\/ld+json\" class=\"yoast-schema-graph\">{\"@context\":\"https:\/\/schema.org\",\"@graph\":[{\"@type\":\"Article\",\"@id\":\"https:\/\/kapitalis.com\/tunisie\/2021\/12\/12\/le-poeme-du-dimanche-la-maitresse-des-mers-de-jamila-mejri\/#article\",\"isPartOf\":{\"@id\":\"https:\/\/kapitalis.com\/tunisie\/2021\/12\/12\/le-poeme-du-dimanche-la-maitresse-des-mers-de-jamila-mejri\/\"},\"author\":{\"name\":\"webmaster kapitalis\",\"@id\":\"https:\/\/kapitalis.com\/tunisie\/#\/schema\/person\/d71f33a9ca44f7bad4698210b480c8e9\"},\"headline\":\"Le po\u00e8me du dimanche : \u00abLa Ma\u00eetresse des mers\u00bb de Jamila Mejri\",\"datePublished\":\"2021-12-12T06:35:31+00:00\",\"dateModified\":\"2021-12-12T07:38:16+00:00\",\"mainEntityOfPage\":{\"@id\":\"https:\/\/kapitalis.com\/tunisie\/2021\/12\/12\/le-poeme-du-dimanche-la-maitresse-des-mers-de-jamila-mejri\/\"},\"wordCount\":550,\"commentCount\":0,\"publisher\":{\"@id\":\"https:\/\/kapitalis.com\/tunisie\/#organization\"},\"image\":{\"@id\":\"https:\/\/kapitalis.com\/tunisie\/2021\/12\/12\/le-poeme-du-dimanche-la-maitresse-des-mers-de-jamila-mejri\/#primaryimage\"},\"thumbnailUrl\":\"\",\"keywords\":[\"Jamila Mejri\",\"Kairouan\",\"Tunisie\"],\"articleSection\":[\"A LA UNE\",\"CULTURE\",\"Tunisie\"],\"inLanguage\":\"fr-FR\",\"potentialAction\":[{\"@type\":\"CommentAction\",\"name\":\"Comment\",\"target\":[\"https:\/\/kapitalis.com\/tunisie\/2021\/12\/12\/le-poeme-du-dimanche-la-maitresse-des-mers-de-jamila-mejri\/#respond\"]}]},{\"@type\":\"WebPage\",\"@id\":\"https:\/\/kapitalis.com\/tunisie\/2021\/12\/12\/le-poeme-du-dimanche-la-maitresse-des-mers-de-jamila-mejri\/\",\"url\":\"https:\/\/kapitalis.com\/tunisie\/2021\/12\/12\/le-poeme-du-dimanche-la-maitresse-des-mers-de-jamila-mejri\/\",\"name\":\"Le po\u00e8me du dimanche : \u00abLa Ma\u00eetresse des mers\u00bb de Jamila Mejri - Kapitalis\",\"isPartOf\":{\"@id\":\"https:\/\/kapitalis.com\/tunisie\/#website\"},\"primaryImageOfPage\":{\"@id\":\"https:\/\/kapitalis.com\/tunisie\/2021\/12\/12\/le-poeme-du-dimanche-la-maitresse-des-mers-de-jamila-mejri\/#primaryimage\"},\"image\":{\"@id\":\"https:\/\/kapitalis.com\/tunisie\/2021\/12\/12\/le-poeme-du-dimanche-la-maitresse-des-mers-de-jamila-mejri\/#primaryimage\"},\"thumbnailUrl\":\"\",\"datePublished\":\"2021-12-12T06:35:31+00:00\",\"dateModified\":\"2021-12-12T07:38:16+00:00\",\"breadcrumb\":{\"@id\":\"https:\/\/kapitalis.com\/tunisie\/2021\/12\/12\/le-poeme-du-dimanche-la-maitresse-des-mers-de-jamila-mejri\/#breadcrumb\"},\"inLanguage\":\"fr-FR\",\"potentialAction\":[{\"@type\":\"ReadAction\",\"target\":[\"https:\/\/kapitalis.com\/tunisie\/2021\/12\/12\/le-poeme-du-dimanche-la-maitresse-des-mers-de-jamila-mejri\/\"]}]},{\"@type\":\"ImageObject\",\"inLanguage\":\"fr-FR\",\"@id\":\"https:\/\/kapitalis.com\/tunisie\/2021\/12\/12\/le-poeme-du-dimanche-la-maitresse-des-mers-de-jamila-mejri\/#primaryimage\",\"url\":\"\",\"contentUrl\":\"\"},{\"@type\":\"BreadcrumbList\",\"@id\":\"https:\/\/kapitalis.com\/tunisie\/2021\/12\/12\/le-poeme-du-dimanche-la-maitresse-des-mers-de-jamila-mejri\/#breadcrumb\",\"itemListElement\":[{\"@type\":\"ListItem\",\"position\":1,\"name\":\"Accueil\",\"item\":\"https:\/\/kapitalis.com\/tunisie\/\"},{\"@type\":\"ListItem\",\"position\":2,\"name\":\"Le po\u00e8me du dimanche : \u00abLa Ma\u00eetresse des mers\u00bb de Jamila Mejri\"}]},{\"@type\":\"WebSite\",\"@id\":\"https:\/\/kapitalis.com\/tunisie\/#website\",\"url\":\"https:\/\/kapitalis.com\/tunisie\/\",\"name\":\"Kapitalis\",\"description\":\"L&#039;actualit\u00e9 en Tunisie et dans le monde\",\"publisher\":{\"@id\":\"https:\/\/kapitalis.com\/tunisie\/#organization\"},\"potentialAction\":[{\"@type\":\"SearchAction\",\"target\":{\"@type\":\"EntryPoint\",\"urlTemplate\":\"https:\/\/kapitalis.com\/tunisie\/?s={search_term_string}\"},\"query-input\":{\"@type\":\"PropertyValueSpecification\",\"valueRequired\":true,\"valueName\":\"search_term_string\"}}],\"inLanguage\":\"fr-FR\"},{\"@type\":\"Organization\",\"@id\":\"https:\/\/kapitalis.com\/tunisie\/#organization\",\"name\":\"Kapitalis\",\"url\":\"https:\/\/kapitalis.com\/tunisie\/\",\"logo\":{\"@type\":\"ImageObject\",\"inLanguage\":\"fr-FR\",\"@id\":\"https:\/\/kapitalis.com\/tunisie\/#\/schema\/logo\/image\/\",\"url\":\"https:\/\/kapitalis.com\/tunisie\/wp-content\/uploads\/2022\/05\/Kapitalis-big-size.png\",\"contentUrl\":\"https:\/\/kapitalis.com\/tunisie\/wp-content\/uploads\/2022\/05\/Kapitalis-big-size.png\",\"width\":5000,\"height\":1500,\"caption\":\"Kapitalis\"},\"image\":{\"@id\":\"https:\/\/kapitalis.com\/tunisie\/#\/schema\/logo\/image\/\"},\"sameAs\":[\"https:\/\/www.facebook.com\/KapitalisInfo\/\",\"https:\/\/x.com\/KapitalisInfo\",\"https:\/\/www.youtube.com\/channel\/UC-yDYrHyfFBWWZaOw3FPg9Q\"]},{\"@type\":\"Person\",\"@id\":\"https:\/\/kapitalis.com\/tunisie\/#\/schema\/person\/d71f33a9ca44f7bad4698210b480c8e9\",\"name\":\"webmaster kapitalis\",\"url\":\"https:\/\/kapitalis.com\/tunisie\/author\/webmaster-kapitalis\/\"}]}<\/script>\n<!-- \/ Yoast SEO plugin. -->","yoast_head_json":{"title":"Le po\u00e8me du dimanche : \u00abLa Ma\u00eetresse des mers\u00bb de Jamila Mejri - Kapitalis","robots":{"index":"index","follow":"follow","max-snippet":"max-snippet:-1","max-image-preview":"max-image-preview:large","max-video-preview":"max-video-preview:-1"},"canonical":"https:\/\/kapitalis.com\/tunisie\/2021\/12\/12\/le-poeme-du-dimanche-la-maitresse-des-mers-de-jamila-mejri\/","og_locale":"fr_FR","og_type":"article","og_title":"Le po\u00e8me du dimanche : \u00abLa Ma\u00eetresse des mers\u00bb de Jamila Mejri - Kapitalis","og_description":"N\u00e9e en 1951 \u00e0 Kairouan, la po\u00e8te Jamila Mejri a une pr\u00e9sence non n\u00e9gligeable dans le paysage litt\u00e9raire tunisien et arabe. Voix explorant la condition des femmes, remontant le \u00abtourath\u00bb, le pass\u00e9 et h\u00e9ritage historiques, elle en c\u00e9l\u00e8bre le r\u00f4le et l\u2019importance dans l\u2019actualit\u00e9. Elle joint des \u00e9lans et ancrages mystiques \u00e0 des regards critiques...","og_url":"https:\/\/kapitalis.com\/tunisie\/2021\/12\/12\/le-poeme-du-dimanche-la-maitresse-des-mers-de-jamila-mejri\/","og_site_name":"Kapitalis","article_publisher":"https:\/\/www.facebook.com\/KapitalisInfo\/","article_published_time":"2021-12-12T06:35:31+00:00","article_modified_time":"2021-12-12T07:38:16+00:00","og_image":[{"width":1200,"height":630,"url":"https:\/\/kapitalis.com\/tunisie\/wp-content\/uploads\/2022\/05\/kapitalis-logo-fb.png","type":"image\/png"}],"author":"webmaster kapitalis","twitter_card":"summary_large_image","twitter_creator":"@KapitalisInfo","twitter_site":"@KapitalisInfo","twitter_misc":{"\u00c9crit par":"webmaster kapitalis","Dur\u00e9e de lecture estim\u00e9e":"3 minutes"},"schema":{"@context":"https:\/\/schema.org","@graph":[{"@type":"Article","@id":"https:\/\/kapitalis.com\/tunisie\/2021\/12\/12\/le-poeme-du-dimanche-la-maitresse-des-mers-de-jamila-mejri\/#article","isPartOf":{"@id":"https:\/\/kapitalis.com\/tunisie\/2021\/12\/12\/le-poeme-du-dimanche-la-maitresse-des-mers-de-jamila-mejri\/"},"author":{"name":"webmaster kapitalis","@id":"https:\/\/kapitalis.com\/tunisie\/#\/schema\/person\/d71f33a9ca44f7bad4698210b480c8e9"},"headline":"Le po\u00e8me du dimanche : \u00abLa Ma\u00eetresse des mers\u00bb de Jamila Mejri","datePublished":"2021-12-12T06:35:31+00:00","dateModified":"2021-12-12T07:38:16+00:00","mainEntityOfPage":{"@id":"https:\/\/kapitalis.com\/tunisie\/2021\/12\/12\/le-poeme-du-dimanche-la-maitresse-des-mers-de-jamila-mejri\/"},"wordCount":550,"commentCount":0,"publisher":{"@id":"https:\/\/kapitalis.com\/tunisie\/#organization"},"image":{"@id":"https:\/\/kapitalis.com\/tunisie\/2021\/12\/12\/le-poeme-du-dimanche-la-maitresse-des-mers-de-jamila-mejri\/#primaryimage"},"thumbnailUrl":"","keywords":["Jamila Mejri","Kairouan","Tunisie"],"articleSection":["A LA UNE","CULTURE","Tunisie"],"inLanguage":"fr-FR","potentialAction":[{"@type":"CommentAction","name":"Comment","target":["https:\/\/kapitalis.com\/tunisie\/2021\/12\/12\/le-poeme-du-dimanche-la-maitresse-des-mers-de-jamila-mejri\/#respond"]}]},{"@type":"WebPage","@id":"https:\/\/kapitalis.com\/tunisie\/2021\/12\/12\/le-poeme-du-dimanche-la-maitresse-des-mers-de-jamila-mejri\/","url":"https:\/\/kapitalis.com\/tunisie\/2021\/12\/12\/le-poeme-du-dimanche-la-maitresse-des-mers-de-jamila-mejri\/","name":"Le po\u00e8me du dimanche : \u00abLa Ma\u00eetresse des mers\u00bb de Jamila Mejri - Kapitalis","isPartOf":{"@id":"https:\/\/kapitalis.com\/tunisie\/#website"},"primaryImageOfPage":{"@id":"https:\/\/kapitalis.com\/tunisie\/2021\/12\/12\/le-poeme-du-dimanche-la-maitresse-des-mers-de-jamila-mejri\/#primaryimage"},"image":{"@id":"https:\/\/kapitalis.com\/tunisie\/2021\/12\/12\/le-poeme-du-dimanche-la-maitresse-des-mers-de-jamila-mejri\/#primaryimage"},"thumbnailUrl":"","datePublished":"2021-12-12T06:35:31+00:00","dateModified":"2021-12-12T07:38:16+00:00","breadcrumb":{"@id":"https:\/\/kapitalis.com\/tunisie\/2021\/12\/12\/le-poeme-du-dimanche-la-maitresse-des-mers-de-jamila-mejri\/#breadcrumb"},"inLanguage":"fr-FR","potentialAction":[{"@type":"ReadAction","target":["https:\/\/kapitalis.com\/tunisie\/2021\/12\/12\/le-poeme-du-dimanche-la-maitresse-des-mers-de-jamila-mejri\/"]}]},{"@type":"ImageObject","inLanguage":"fr-FR","@id":"https:\/\/kapitalis.com\/tunisie\/2021\/12\/12\/le-poeme-du-dimanche-la-maitresse-des-mers-de-jamila-mejri\/#primaryimage","url":"","contentUrl":""},{"@type":"BreadcrumbList","@id":"https:\/\/kapitalis.com\/tunisie\/2021\/12\/12\/le-poeme-du-dimanche-la-maitresse-des-mers-de-jamila-mejri\/#breadcrumb","itemListElement":[{"@type":"ListItem","position":1,"name":"Accueil","item":"https:\/\/kapitalis.com\/tunisie\/"},{"@type":"ListItem","position":2,"name":"Le po\u00e8me du dimanche : \u00abLa Ma\u00eetresse des mers\u00bb de Jamila Mejri"}]},{"@type":"WebSite","@id":"https:\/\/kapitalis.com\/tunisie\/#website","url":"https:\/\/kapitalis.com\/tunisie\/","name":"Kapitalis","description":"L&#039;actualit\u00e9 en Tunisie et dans le monde","publisher":{"@id":"https:\/\/kapitalis.com\/tunisie\/#organization"},"potentialAction":[{"@type":"SearchAction","target":{"@type":"EntryPoint","urlTemplate":"https:\/\/kapitalis.com\/tunisie\/?s={search_term_string}"},"query-input":{"@type":"PropertyValueSpecification","valueRequired":true,"valueName":"search_term_string"}}],"inLanguage":"fr-FR"},{"@type":"Organization","@id":"https:\/\/kapitalis.com\/tunisie\/#organization","name":"Kapitalis","url":"https:\/\/kapitalis.com\/tunisie\/","logo":{"@type":"ImageObject","inLanguage":"fr-FR","@id":"https:\/\/kapitalis.com\/tunisie\/#\/schema\/logo\/image\/","url":"https:\/\/kapitalis.com\/tunisie\/wp-content\/uploads\/2022\/05\/Kapitalis-big-size.png","contentUrl":"https:\/\/kapitalis.com\/tunisie\/wp-content\/uploads\/2022\/05\/Kapitalis-big-size.png","width":5000,"height":1500,"caption":"Kapitalis"},"image":{"@id":"https:\/\/kapitalis.com\/tunisie\/#\/schema\/logo\/image\/"},"sameAs":["https:\/\/www.facebook.com\/KapitalisInfo\/","https:\/\/x.com\/KapitalisInfo","https:\/\/www.youtube.com\/channel\/UC-yDYrHyfFBWWZaOw3FPg9Q"]},{"@type":"Person","@id":"https:\/\/kapitalis.com\/tunisie\/#\/schema\/person\/d71f33a9ca44f7bad4698210b480c8e9","name":"webmaster kapitalis","url":"https:\/\/kapitalis.com\/tunisie\/author\/webmaster-kapitalis\/"}]}},"_links":{"self":[{"href":"https:\/\/kapitalis.com\/tunisie\/wp-json\/wp\/v2\/posts\/373236","targetHints":{"allow":["GET"]}}],"collection":[{"href":"https:\/\/kapitalis.com\/tunisie\/wp-json\/wp\/v2\/posts"}],"about":[{"href":"https:\/\/kapitalis.com\/tunisie\/wp-json\/wp\/v2\/types\/post"}],"author":[{"embeddable":true,"href":"https:\/\/kapitalis.com\/tunisie\/wp-json\/wp\/v2\/users\/8"}],"replies":[{"embeddable":true,"href":"https:\/\/kapitalis.com\/tunisie\/wp-json\/wp\/v2\/comments?post=373236"}],"version-history":[{"count":0,"href":"https:\/\/kapitalis.com\/tunisie\/wp-json\/wp\/v2\/posts\/373236\/revisions"}],"wp:featuredmedia":[{"embeddable":true,"href":"https:\/\/kapitalis.com\/tunisie\/wp-json\/wp\/v2\/media\/373237"}],"wp:attachment":[{"href":"https:\/\/kapitalis.com\/tunisie\/wp-json\/wp\/v2\/media?parent=373236"}],"wp:term":[{"taxonomy":"category","embeddable":true,"href":"https:\/\/kapitalis.com\/tunisie\/wp-json\/wp\/v2\/categories?post=373236"},{"taxonomy":"post_tag","embeddable":true,"href":"https:\/\/kapitalis.com\/tunisie\/wp-json\/wp\/v2\/tags?post=373236"}],"curies":[{"name":"wp","href":"https:\/\/api.w.org\/{rel}","templated":true}]}}