{"id":373382,"date":"2021-12-13T16:42:58","date_gmt":"2021-12-13T15:42:58","guid":{"rendered":"http:\/\/kapitalis.com\/tunisie\/?p=373382"},"modified":"2021-12-13T16:44:41","modified_gmt":"2021-12-13T15:44:41","slug":"anas-hmaidi-repond-a-kais-saied-celui-qui-considere-la-magistrature-comme-une-fonction-cherche-a-mettre-la-main-dessus","status":"publish","type":"post","link":"https:\/\/kapitalis.com\/tunisie\/2021\/12\/13\/anas-hmaidi-repond-a-kais-saied-celui-qui-considere-la-magistrature-comme-une-fonction-cherche-a-mettre-la-main-dessus\/","title":{"rendered":"Anas Hma\u00efdi r\u00e9pond \u00e0 Ka\u00efs Sa\u00efed : \u00abCelui qui consid\u00e8re la magistrature comme une fonction cherche \u00e0 mettre la main dessus\u00bb"},"content":{"rendered":"\n<div class=\"wp-block-image\"><figure class=\"aligncenter size-full\"><img decoding=\"async\" src=\"http:\/\/kapitalis.com\/tunisie\/wp-content\/uploads\/2021\/09\/Kais-Saied-Anas-Hmaidi.jpg\" alt=\"\" class=\"wp-image-361446\"\/><\/figure><\/div>\n\n\n\n<p><strong><em>Le juge et pr\u00e9sident de l&rsquo;Association des magistrats tunisiens (AMT),\u00a0Anas Hma\u00efdi, n&rsquo;a pas du tout appr\u00e9ci\u00e9 la d\u00e9claration du pr\u00e9sident de la r\u00e9publique, Ka\u00efs Sa\u00efed, selon laquelle \u00able pouvoir judiciaire est une fonction au sein de l&rsquo;\u00c9tat\u00bb. <\/em><\/strong><\/p>\n\n\n\n<!--more-->\n\n\n\n<p><em>\u00abLe pouvoir judiciaire n&rsquo;e<\/em>st pas une fonction mais une des trois autorit\u00e9s de l&rsquo;\u00c9tat. [&#8230;] Celui qui dit [le contraire] essaie de mettre la main dessus\u00bb, a-t-il d\u00e9velopp\u00e9, assurant que \u00ab<em>les juges n&rsquo;accepteront pas cela apr\u00e8s toutes ces ann\u00e9es de militantisme<\/em>\u00bb.<\/p>\n\n\n\n<p>Et d&rsquo;ajouter que depuis 2014, le pouvoir judiciaire en Tunisie a prouv\u00e9 qu&rsquo;il \u00e9tait une autorit\u00e9 ind\u00e9pendante qui garantit la justice et l&rsquo;\u00e9galit\u00e9, et que cette nouvelle identit\u00e9 a \u00e9t\u00e9 valoris\u00e9e par la Loi fondamentale du Conseil sup\u00e9rieur de la magistrature (CSM).<\/p>\n\n\n\n<p>Rappelons que Sa\u00efed avait dit que la magistrature \u00e9tait une fonction au sein de l&rsquo;Etat lors de sa rencontre avec le pr\u00e9sident du CSM, Youssef Bouzakher, le 6 d\u00e9cembre dernier, ce qui a aliment\u00e9 les les craintes de la dissolution du CSM par le chef de l&rsquo;Etat, m\u00eame si Bouzakher a assur\u00e9, \u00e0 l&rsquo;issue de cette r\u00e9union, que le \u00ab<em>pr\u00e9sident de la r\u00e9publique n\u2019a, \u00e0 aucun moment, \u00e9voqu\u00e9 la dissolution ou la suppression<\/em>\u00bb de cet organe.<\/p>\n\n\n\n<p><\/p>\n\n\n\n<p class=\"has-text-align-right\"><strong>C. B. Y.<\/strong><\/p>\n","protected":false},"excerpt":{"rendered":"<p>Le juge et pr\u00e9sident de l&rsquo;Association des magistrats tunisiens (AMT),\u00a0Anas Hma\u00efdi, n&rsquo;a pas du tout appr\u00e9ci\u00e9 la d\u00e9claration du pr\u00e9sident de la r\u00e9publique, Ka\u00efs Sa\u00efed, selon laquelle \u00able pouvoir judiciaire est une fonction au sein de l&rsquo;\u00c9tat\u00bb.<\/p>\n","protected":false},"author":24,"featured_media":0,"comment_status":"open","ping_status":"open","sticky":false,"template":"","format":"standard","meta":{"footnotes":""},"categories":[997,2433],"tags":[71,84868,7902,251,70520],"class_list":["post-373382","post","type-post","status-publish","format-standard","hentry","category-politique","category-tunisie","tag-amt","tag-anas-hmaidi-2","tag-conseil-superieur-de-la-magistrature","tag-csm","tag-kais-saied-3"],"yoast_head":"<!-- This site is optimized with the Yoast SEO plugin v26.6 - https:\/\/yoast.com\/wordpress\/plugins\/seo\/ -->\n<title>Anas Hma\u00efdi r\u00e9pond \u00e0 Ka\u00efs Sa\u00efed : \u00abCelui qui consid\u00e8re la magistrature comme une fonction cherche \u00e0 mettre la main dessus\u00bb - Kapitalis<\/title>\n<meta name=\"robots\" content=\"index, follow, max-snippet:-1, max-image-preview:large, max-video-preview:-1\" \/>\n<link rel=\"canonical\" href=\"https:\/\/kapitalis.com\/tunisie\/2021\/12\/13\/anas-hmaidi-repond-a-kais-saied-celui-qui-considere-la-magistrature-comme-une-fonction-cherche-a-mettre-la-main-dessus\/\" \/>\n<meta property=\"og:locale\" content=\"fr_FR\" \/>\n<meta property=\"og:type\" content=\"article\" \/>\n<meta property=\"og:title\" content=\"Anas Hma\u00efdi r\u00e9pond \u00e0 Ka\u00efs Sa\u00efed : \u00abCelui qui consid\u00e8re la magistrature comme une fonction cherche \u00e0 mettre la main dessus\u00bb - Kapitalis\" \/>\n<meta property=\"og:description\" content=\"Le juge et pr\u00e9sident de l&rsquo;Association des magistrats tunisiens (AMT),\u00a0Anas Hma\u00efdi, n&rsquo;a pas du tout appr\u00e9ci\u00e9 la d\u00e9claration du pr\u00e9sident de la r\u00e9publique, Ka\u00efs Sa\u00efed, selon laquelle \u00able pouvoir judiciaire est une fonction au sein de l&rsquo;\u00c9tat\u00bb.\" \/>\n<meta property=\"og:url\" content=\"https:\/\/kapitalis.com\/tunisie\/2021\/12\/13\/anas-hmaidi-repond-a-kais-saied-celui-qui-considere-la-magistrature-comme-une-fonction-cherche-a-mettre-la-main-dessus\/\" \/>\n<meta property=\"og:site_name\" content=\"Kapitalis\" \/>\n<meta property=\"article:publisher\" content=\"https:\/\/www.facebook.com\/KapitalisInfo\/\" \/>\n<meta property=\"article:published_time\" content=\"2021-12-13T15:42:58+00:00\" \/>\n<meta property=\"article:modified_time\" content=\"2021-12-13T15:44:41+00:00\" \/>\n<meta property=\"og:image\" content=\"http:\/\/kapitalis.com\/tunisie\/wp-content\/uploads\/2021\/09\/Kais-Saied-Anas-Hmaidi.jpg\" \/>\n<meta name=\"author\" content=\"Cherif Benyounes\" \/>\n<meta name=\"twitter:card\" content=\"summary_large_image\" \/>\n<meta name=\"twitter:creator\" content=\"@KapitalisInfo\" \/>\n<meta name=\"twitter:site\" content=\"@KapitalisInfo\" \/>\n<meta name=\"twitter:label1\" content=\"\u00c9crit par\" \/>\n\t<meta name=\"twitter:data1\" content=\"Cherif Benyounes\" \/>\n\t<meta name=\"twitter:label2\" content=\"Dur\u00e9e de lecture estim\u00e9e\" \/>\n\t<meta name=\"twitter:data2\" content=\"1 minute\" \/>\n<script type=\"application\/ld+json\" class=\"yoast-schema-graph\">{\"@context\":\"https:\/\/schema.org\",\"@graph\":[{\"@type\":\"Article\",\"@id\":\"https:\/\/kapitalis.com\/tunisie\/2021\/12\/13\/anas-hmaidi-repond-a-kais-saied-celui-qui-considere-la-magistrature-comme-une-fonction-cherche-a-mettre-la-main-dessus\/#article\",\"isPartOf\":{\"@id\":\"https:\/\/kapitalis.com\/tunisie\/2021\/12\/13\/anas-hmaidi-repond-a-kais-saied-celui-qui-considere-la-magistrature-comme-une-fonction-cherche-a-mettre-la-main-dessus\/\"},\"author\":{\"name\":\"Cherif Benyounes\",\"@id\":\"https:\/\/kapitalis.com\/tunisie\/#\/schema\/person\/b35b8d631961131107263178aeb8019e\"},\"headline\":\"Anas Hma\u00efdi r\u00e9pond \u00e0 Ka\u00efs Sa\u00efed : \u00abCelui qui consid\u00e8re la magistrature comme une fonction cherche \u00e0 mettre la main dessus\u00bb\",\"datePublished\":\"2021-12-13T15:42:58+00:00\",\"dateModified\":\"2021-12-13T15:44:41+00:00\",\"mainEntityOfPage\":{\"@id\":\"https:\/\/kapitalis.com\/tunisie\/2021\/12\/13\/anas-hmaidi-repond-a-kais-saied-celui-qui-considere-la-magistrature-comme-une-fonction-cherche-a-mettre-la-main-dessus\/\"},\"wordCount\":244,\"commentCount\":6,\"publisher\":{\"@id\":\"https:\/\/kapitalis.com\/tunisie\/#organization\"},\"image\":{\"@id\":\"https:\/\/kapitalis.com\/tunisie\/2021\/12\/13\/anas-hmaidi-repond-a-kais-saied-celui-qui-considere-la-magistrature-comme-une-fonction-cherche-a-mettre-la-main-dessus\/#primaryimage\"},\"thumbnailUrl\":\"http:\/\/kapitalis.com\/tunisie\/wp-content\/uploads\/2021\/09\/Kais-Saied-Anas-Hmaidi.jpg\",\"keywords\":[\"AMT\",\"anas hma\u00efdi\",\"conseil sup\u00e9rieur de la magistrature\",\"CSM\",\"Kais Saied\"],\"articleSection\":[\"POLITIQUE\",\"Tunisie\"],\"inLanguage\":\"fr-FR\",\"potentialAction\":[{\"@type\":\"CommentAction\",\"name\":\"Comment\",\"target\":[\"https:\/\/kapitalis.com\/tunisie\/2021\/12\/13\/anas-hmaidi-repond-a-kais-saied-celui-qui-considere-la-magistrature-comme-une-fonction-cherche-a-mettre-la-main-dessus\/#respond\"]}]},{\"@type\":\"WebPage\",\"@id\":\"https:\/\/kapitalis.com\/tunisie\/2021\/12\/13\/anas-hmaidi-repond-a-kais-saied-celui-qui-considere-la-magistrature-comme-une-fonction-cherche-a-mettre-la-main-dessus\/\",\"url\":\"https:\/\/kapitalis.com\/tunisie\/2021\/12\/13\/anas-hmaidi-repond-a-kais-saied-celui-qui-considere-la-magistrature-comme-une-fonction-cherche-a-mettre-la-main-dessus\/\",\"name\":\"Anas Hma\u00efdi r\u00e9pond \u00e0 Ka\u00efs Sa\u00efed : \u00abCelui qui consid\u00e8re la magistrature comme une fonction cherche \u00e0 mettre la main dessus\u00bb - Kapitalis\",\"isPartOf\":{\"@id\":\"https:\/\/kapitalis.com\/tunisie\/#website\"},\"primaryImageOfPage\":{\"@id\":\"https:\/\/kapitalis.com\/tunisie\/2021\/12\/13\/anas-hmaidi-repond-a-kais-saied-celui-qui-considere-la-magistrature-comme-une-fonction-cherche-a-mettre-la-main-dessus\/#primaryimage\"},\"image\":{\"@id\":\"https:\/\/kapitalis.com\/tunisie\/2021\/12\/13\/anas-hmaidi-repond-a-kais-saied-celui-qui-considere-la-magistrature-comme-une-fonction-cherche-a-mettre-la-main-dessus\/#primaryimage\"},\"thumbnailUrl\":\"http:\/\/kapitalis.com\/tunisie\/wp-content\/uploads\/2021\/09\/Kais-Saied-Anas-Hmaidi.jpg\",\"datePublished\":\"2021-12-13T15:42:58+00:00\",\"dateModified\":\"2021-12-13T15:44:41+00:00\",\"breadcrumb\":{\"@id\":\"https:\/\/kapitalis.com\/tunisie\/2021\/12\/13\/anas-hmaidi-repond-a-kais-saied-celui-qui-considere-la-magistrature-comme-une-fonction-cherche-a-mettre-la-main-dessus\/#breadcrumb\"},\"inLanguage\":\"fr-FR\",\"potentialAction\":[{\"@type\":\"ReadAction\",\"target\":[\"https:\/\/kapitalis.com\/tunisie\/2021\/12\/13\/anas-hmaidi-repond-a-kais-saied-celui-qui-considere-la-magistrature-comme-une-fonction-cherche-a-mettre-la-main-dessus\/\"]}]},{\"@type\":\"ImageObject\",\"inLanguage\":\"fr-FR\",\"@id\":\"https:\/\/kapitalis.com\/tunisie\/2021\/12\/13\/anas-hmaidi-repond-a-kais-saied-celui-qui-considere-la-magistrature-comme-une-fonction-cherche-a-mettre-la-main-dessus\/#primaryimage\",\"url\":\"\",\"contentUrl\":\"\"},{\"@type\":\"BreadcrumbList\",\"@id\":\"https:\/\/kapitalis.com\/tunisie\/2021\/12\/13\/anas-hmaidi-repond-a-kais-saied-celui-qui-considere-la-magistrature-comme-une-fonction-cherche-a-mettre-la-main-dessus\/#breadcrumb\",\"itemListElement\":[{\"@type\":\"ListItem\",\"position\":1,\"name\":\"Accueil\",\"item\":\"https:\/\/kapitalis.com\/tunisie\/\"},{\"@type\":\"ListItem\",\"position\":2,\"name\":\"Anas Hma\u00efdi r\u00e9pond \u00e0 Ka\u00efs Sa\u00efed : \u00abCelui qui consid\u00e8re la magistrature comme une fonction cherche \u00e0 mettre la main dessus\u00bb\"}]},{\"@type\":\"WebSite\",\"@id\":\"https:\/\/kapitalis.com\/tunisie\/#website\",\"url\":\"https:\/\/kapitalis.com\/tunisie\/\",\"name\":\"Kapitalis\",\"description\":\"L&#039;actualit\u00e9 en Tunisie et dans le monde\",\"publisher\":{\"@id\":\"https:\/\/kapitalis.com\/tunisie\/#organization\"},\"potentialAction\":[{\"@type\":\"SearchAction\",\"target\":{\"@type\":\"EntryPoint\",\"urlTemplate\":\"https:\/\/kapitalis.com\/tunisie\/?s={search_term_string}\"},\"query-input\":{\"@type\":\"PropertyValueSpecification\",\"valueRequired\":true,\"valueName\":\"search_term_string\"}}],\"inLanguage\":\"fr-FR\"},{\"@type\":\"Organization\",\"@id\":\"https:\/\/kapitalis.com\/tunisie\/#organization\",\"name\":\"Kapitalis\",\"url\":\"https:\/\/kapitalis.com\/tunisie\/\",\"logo\":{\"@type\":\"ImageObject\",\"inLanguage\":\"fr-FR\",\"@id\":\"https:\/\/kapitalis.com\/tunisie\/#\/schema\/logo\/image\/\",\"url\":\"https:\/\/kapitalis.com\/tunisie\/wp-content\/uploads\/2022\/05\/Kapitalis-big-size.png\",\"contentUrl\":\"https:\/\/kapitalis.com\/tunisie\/wp-content\/uploads\/2022\/05\/Kapitalis-big-size.png\",\"width\":5000,\"height\":1500,\"caption\":\"Kapitalis\"},\"image\":{\"@id\":\"https:\/\/kapitalis.com\/tunisie\/#\/schema\/logo\/image\/\"},\"sameAs\":[\"https:\/\/www.facebook.com\/KapitalisInfo\/\",\"https:\/\/x.com\/KapitalisInfo\",\"https:\/\/www.youtube.com\/channel\/UC-yDYrHyfFBWWZaOw3FPg9Q\"]},{\"@type\":\"Person\",\"@id\":\"https:\/\/kapitalis.com\/tunisie\/#\/schema\/person\/b35b8d631961131107263178aeb8019e\",\"name\":\"Cherif Benyounes\",\"url\":\"https:\/\/kapitalis.com\/tunisie\/author\/cherif\/\"}]}<\/script>\n<!-- \/ Yoast SEO plugin. -->","yoast_head_json":{"title":"Anas Hma\u00efdi r\u00e9pond \u00e0 Ka\u00efs Sa\u00efed : \u00abCelui qui consid\u00e8re la magistrature comme une fonction cherche \u00e0 mettre la main dessus\u00bb - Kapitalis","robots":{"index":"index","follow":"follow","max-snippet":"max-snippet:-1","max-image-preview":"max-image-preview:large","max-video-preview":"max-video-preview:-1"},"canonical":"https:\/\/kapitalis.com\/tunisie\/2021\/12\/13\/anas-hmaidi-repond-a-kais-saied-celui-qui-considere-la-magistrature-comme-une-fonction-cherche-a-mettre-la-main-dessus\/","og_locale":"fr_FR","og_type":"article","og_title":"Anas Hma\u00efdi r\u00e9pond \u00e0 Ka\u00efs Sa\u00efed : \u00abCelui qui consid\u00e8re la magistrature comme une fonction cherche \u00e0 mettre la main dessus\u00bb - Kapitalis","og_description":"Le juge et pr\u00e9sident de l&rsquo;Association des magistrats tunisiens (AMT),\u00a0Anas Hma\u00efdi, n&rsquo;a pas du tout appr\u00e9ci\u00e9 la d\u00e9claration du pr\u00e9sident de la r\u00e9publique, Ka\u00efs Sa\u00efed, selon laquelle \u00able pouvoir judiciaire est une fonction au sein de l&rsquo;\u00c9tat\u00bb.","og_url":"https:\/\/kapitalis.com\/tunisie\/2021\/12\/13\/anas-hmaidi-repond-a-kais-saied-celui-qui-considere-la-magistrature-comme-une-fonction-cherche-a-mettre-la-main-dessus\/","og_site_name":"Kapitalis","article_publisher":"https:\/\/www.facebook.com\/KapitalisInfo\/","article_published_time":"2021-12-13T15:42:58+00:00","article_modified_time":"2021-12-13T15:44:41+00:00","og_image":[{"url":"http:\/\/kapitalis.com\/tunisie\/wp-content\/uploads\/2021\/09\/Kais-Saied-Anas-Hmaidi.jpg","type":"","width":"","height":""}],"author":"Cherif Benyounes","twitter_card":"summary_large_image","twitter_creator":"@KapitalisInfo","twitter_site":"@KapitalisInfo","twitter_misc":{"\u00c9crit par":"Cherif Benyounes","Dur\u00e9e de lecture estim\u00e9e":"1 minute"},"schema":{"@context":"https:\/\/schema.org","@graph":[{"@type":"Article","@id":"https:\/\/kapitalis.com\/tunisie\/2021\/12\/13\/anas-hmaidi-repond-a-kais-saied-celui-qui-considere-la-magistrature-comme-une-fonction-cherche-a-mettre-la-main-dessus\/#article","isPartOf":{"@id":"https:\/\/kapitalis.com\/tunisie\/2021\/12\/13\/anas-hmaidi-repond-a-kais-saied-celui-qui-considere-la-magistrature-comme-une-fonction-cherche-a-mettre-la-main-dessus\/"},"author":{"name":"Cherif Benyounes","@id":"https:\/\/kapitalis.com\/tunisie\/#\/schema\/person\/b35b8d631961131107263178aeb8019e"},"headline":"Anas Hma\u00efdi r\u00e9pond \u00e0 Ka\u00efs Sa\u00efed : \u00abCelui qui consid\u00e8re la magistrature comme une fonction cherche \u00e0 mettre la main dessus\u00bb","datePublished":"2021-12-13T15:42:58+00:00","dateModified":"2021-12-13T15:44:41+00:00","mainEntityOfPage":{"@id":"https:\/\/kapitalis.com\/tunisie\/2021\/12\/13\/anas-hmaidi-repond-a-kais-saied-celui-qui-considere-la-magistrature-comme-une-fonction-cherche-a-mettre-la-main-dessus\/"},"wordCount":244,"commentCount":6,"publisher":{"@id":"https:\/\/kapitalis.com\/tunisie\/#organization"},"image":{"@id":"https:\/\/kapitalis.com\/tunisie\/2021\/12\/13\/anas-hmaidi-repond-a-kais-saied-celui-qui-considere-la-magistrature-comme-une-fonction-cherche-a-mettre-la-main-dessus\/#primaryimage"},"thumbnailUrl":"http:\/\/kapitalis.com\/tunisie\/wp-content\/uploads\/2021\/09\/Kais-Saied-Anas-Hmaidi.jpg","keywords":["AMT","anas hma\u00efdi","conseil sup\u00e9rieur de la magistrature","CSM","Kais Saied"],"articleSection":["POLITIQUE","Tunisie"],"inLanguage":"fr-FR","potentialAction":[{"@type":"CommentAction","name":"Comment","target":["https:\/\/kapitalis.com\/tunisie\/2021\/12\/13\/anas-hmaidi-repond-a-kais-saied-celui-qui-considere-la-magistrature-comme-une-fonction-cherche-a-mettre-la-main-dessus\/#respond"]}]},{"@type":"WebPage","@id":"https:\/\/kapitalis.com\/tunisie\/2021\/12\/13\/anas-hmaidi-repond-a-kais-saied-celui-qui-considere-la-magistrature-comme-une-fonction-cherche-a-mettre-la-main-dessus\/","url":"https:\/\/kapitalis.com\/tunisie\/2021\/12\/13\/anas-hmaidi-repond-a-kais-saied-celui-qui-considere-la-magistrature-comme-une-fonction-cherche-a-mettre-la-main-dessus\/","name":"Anas Hma\u00efdi r\u00e9pond \u00e0 Ka\u00efs Sa\u00efed : \u00abCelui qui consid\u00e8re la magistrature comme une fonction cherche \u00e0 mettre la main dessus\u00bb - Kapitalis","isPartOf":{"@id":"https:\/\/kapitalis.com\/tunisie\/#website"},"primaryImageOfPage":{"@id":"https:\/\/kapitalis.com\/tunisie\/2021\/12\/13\/anas-hmaidi-repond-a-kais-saied-celui-qui-considere-la-magistrature-comme-une-fonction-cherche-a-mettre-la-main-dessus\/#primaryimage"},"image":{"@id":"https:\/\/kapitalis.com\/tunisie\/2021\/12\/13\/anas-hmaidi-repond-a-kais-saied-celui-qui-considere-la-magistrature-comme-une-fonction-cherche-a-mettre-la-main-dessus\/#primaryimage"},"thumbnailUrl":"http:\/\/kapitalis.com\/tunisie\/wp-content\/uploads\/2021\/09\/Kais-Saied-Anas-Hmaidi.jpg","datePublished":"2021-12-13T15:42:58+00:00","dateModified":"2021-12-13T15:44:41+00:00","breadcrumb":{"@id":"https:\/\/kapitalis.com\/tunisie\/2021\/12\/13\/anas-hmaidi-repond-a-kais-saied-celui-qui-considere-la-magistrature-comme-une-fonction-cherche-a-mettre-la-main-dessus\/#breadcrumb"},"inLanguage":"fr-FR","potentialAction":[{"@type":"ReadAction","target":["https:\/\/kapitalis.com\/tunisie\/2021\/12\/13\/anas-hmaidi-repond-a-kais-saied-celui-qui-considere-la-magistrature-comme-une-fonction-cherche-a-mettre-la-main-dessus\/"]}]},{"@type":"ImageObject","inLanguage":"fr-FR","@id":"https:\/\/kapitalis.com\/tunisie\/2021\/12\/13\/anas-hmaidi-repond-a-kais-saied-celui-qui-considere-la-magistrature-comme-une-fonction-cherche-a-mettre-la-main-dessus\/#primaryimage","url":"","contentUrl":""},{"@type":"BreadcrumbList","@id":"https:\/\/kapitalis.com\/tunisie\/2021\/12\/13\/anas-hmaidi-repond-a-kais-saied-celui-qui-considere-la-magistrature-comme-une-fonction-cherche-a-mettre-la-main-dessus\/#breadcrumb","itemListElement":[{"@type":"ListItem","position":1,"name":"Accueil","item":"https:\/\/kapitalis.com\/tunisie\/"},{"@type":"ListItem","position":2,"name":"Anas Hma\u00efdi r\u00e9pond \u00e0 Ka\u00efs Sa\u00efed : \u00abCelui qui consid\u00e8re la magistrature comme une fonction cherche \u00e0 mettre la main dessus\u00bb"}]},{"@type":"WebSite","@id":"https:\/\/kapitalis.com\/tunisie\/#website","url":"https:\/\/kapitalis.com\/tunisie\/","name":"Kapitalis","description":"L&#039;actualit\u00e9 en Tunisie et dans le monde","publisher":{"@id":"https:\/\/kapitalis.com\/tunisie\/#organization"},"potentialAction":[{"@type":"SearchAction","target":{"@type":"EntryPoint","urlTemplate":"https:\/\/kapitalis.com\/tunisie\/?s={search_term_string}"},"query-input":{"@type":"PropertyValueSpecification","valueRequired":true,"valueName":"search_term_string"}}],"inLanguage":"fr-FR"},{"@type":"Organization","@id":"https:\/\/kapitalis.com\/tunisie\/#organization","name":"Kapitalis","url":"https:\/\/kapitalis.com\/tunisie\/","logo":{"@type":"ImageObject","inLanguage":"fr-FR","@id":"https:\/\/kapitalis.com\/tunisie\/#\/schema\/logo\/image\/","url":"https:\/\/kapitalis.com\/tunisie\/wp-content\/uploads\/2022\/05\/Kapitalis-big-size.png","contentUrl":"https:\/\/kapitalis.com\/tunisie\/wp-content\/uploads\/2022\/05\/Kapitalis-big-size.png","width":5000,"height":1500,"caption":"Kapitalis"},"image":{"@id":"https:\/\/kapitalis.com\/tunisie\/#\/schema\/logo\/image\/"},"sameAs":["https:\/\/www.facebook.com\/KapitalisInfo\/","https:\/\/x.com\/KapitalisInfo","https:\/\/www.youtube.com\/channel\/UC-yDYrHyfFBWWZaOw3FPg9Q"]},{"@type":"Person","@id":"https:\/\/kapitalis.com\/tunisie\/#\/schema\/person\/b35b8d631961131107263178aeb8019e","name":"Cherif Benyounes","url":"https:\/\/kapitalis.com\/tunisie\/author\/cherif\/"}]}},"_links":{"self":[{"href":"https:\/\/kapitalis.com\/tunisie\/wp-json\/wp\/v2\/posts\/373382","targetHints":{"allow":["GET"]}}],"collection":[{"href":"https:\/\/kapitalis.com\/tunisie\/wp-json\/wp\/v2\/posts"}],"about":[{"href":"https:\/\/kapitalis.com\/tunisie\/wp-json\/wp\/v2\/types\/post"}],"author":[{"embeddable":true,"href":"https:\/\/kapitalis.com\/tunisie\/wp-json\/wp\/v2\/users\/24"}],"replies":[{"embeddable":true,"href":"https:\/\/kapitalis.com\/tunisie\/wp-json\/wp\/v2\/comments?post=373382"}],"version-history":[{"count":0,"href":"https:\/\/kapitalis.com\/tunisie\/wp-json\/wp\/v2\/posts\/373382\/revisions"}],"wp:attachment":[{"href":"https:\/\/kapitalis.com\/tunisie\/wp-json\/wp\/v2\/media?parent=373382"}],"wp:term":[{"taxonomy":"category","embeddable":true,"href":"https:\/\/kapitalis.com\/tunisie\/wp-json\/wp\/v2\/categories?post=373382"},{"taxonomy":"post_tag","embeddable":true,"href":"https:\/\/kapitalis.com\/tunisie\/wp-json\/wp\/v2\/tags?post=373382"}],"curies":[{"name":"wp","href":"https:\/\/api.w.org\/{rel}","templated":true}]}}