{"id":373563,"date":"2021-12-15T14:53:23","date_gmt":"2021-12-15T13:53:23","guid":{"rendered":"http:\/\/kapitalis.com\/tunisie\/?p=373563"},"modified":"2021-12-15T14:55:28","modified_gmt":"2021-12-15T13:55:28","slug":"tunisie-lordre-national-des-avocats-appelle-a-une-reforme-judiciaire","status":"publish","type":"post","link":"https:\/\/kapitalis.com\/tunisie\/2021\/12\/15\/tunisie-lordre-national-des-avocats-appelle-a-une-reforme-judiciaire\/","title":{"rendered":"Tunisie : L&rsquo;Ordre national des avocats appelle \u00e0 une r\u00e9forme judiciaire"},"content":{"rendered":"\n<div class=\"wp-block-image\"><figure class=\"aligncenter size-full\"><img decoding=\"async\" src=\"http:\/\/kapitalis.com\/tunisie\/wp-content\/uploads\/2021\/07\/Ordre-avocats-tunisie.jpg\" alt=\"\" class=\"wp-image-357548\"\/><\/figure><\/div>\n\n\n\n<p><em><strong>Selon l&rsquo;Ordre national des avocats tunisiens (Onat), \u00abdes r\u00e9formes importantes doivent \u00eatre men\u00e9es pour garantir le bon fonctionnement et l&rsquo;efficacit\u00e9 de la justice en termes de qualit\u00e9 et de temps judiciaires\u00bb.<\/strong><\/em><\/p>\n\n\n\n<!--more-->\n\n\n\n<p>C&rsquo;est ce qu&rsquo;il a indiqu\u00e9 dans un communiqu\u00e9 rendu publique, ce mercredi 15 d\u00e9cembre 2021, suite \u00e0 sa r\u00e9cente r\u00e9union avec le Conseil sup\u00e9rieur de la magistrature (CSM), ajoutant qu&rsquo;il a pr\u00e9venu, plusieurs fois, contre une aggravation de la crise de la Justice, et ce, en raison de \u00ab<em>plusieurs probl\u00e9matiques, violations et manquements qui touchent au principe d&rsquo;une justice rapide et \u00e9quitable<\/em>\u00bb.<\/p>\n\n\n\n<p>L&rsquo;Ordre appelle, par cons\u00e9quent \u00e0 des r\u00e9formes urgentes, en vue d&rsquo;apporter \u00ab<em>plus d&rsquo;efficience \u00e0 l&rsquo;action de la justice en g\u00e9n\u00e9ral et au CSM en particulierk au niveau de la reddition des comptes, l&rsquo;impunit\u00e9, la lutte contre la corruption et l&rsquo;application de la loi \u00e0 tous sans exceptions<\/em>\u00bb.<\/p>\n\n\n\n<p> \u00ab<em>Les voies et m\u00e9canismes de la r\u00e9forme doivent r\u00e9sulter d&rsquo;un dialogue participatif et s\u00e9rieux qui implique toutes les composantes de la famille judiciaire et traite les volets l\u00e9gislatif et structurel<\/em>\u00bb, lit-on encore dans le texte du communiqu\u00e9. <\/p>\n\n\n\n<p class=\"has-text-align-right\"><strong>C. B. Y.<\/strong><\/p>\n\n\n\n<p><\/p>\n","protected":false},"excerpt":{"rendered":"<p>Selon l&rsquo;Ordre national des avocats tunisiens (Onat), \u00abdes r\u00e9formes importantes doivent \u00eatre men\u00e9es pour garantir le bon fonctionnement et l&rsquo;efficacit\u00e9 de la justice en termes de qualit\u00e9 et de temps judiciaires\u00bb.<\/p>\n","protected":false},"author":24,"featured_media":0,"comment_status":"open","ping_status":"open","sticky":false,"template":"","format":"standard","meta":{"footnotes":""},"categories":[997,2433],"tags":[251,9201],"class_list":["post-373563","post","type-post","status-publish","format-standard","hentry","category-politique","category-tunisie","tag-csm","tag-onat"],"yoast_head":"<!-- This site is optimized with the Yoast SEO plugin v26.6 - https:\/\/yoast.com\/wordpress\/plugins\/seo\/ -->\n<title>Tunisie : L&#039;Ordre national des avocats appelle \u00e0 une r\u00e9forme judiciaire - Kapitalis<\/title>\n<meta name=\"robots\" content=\"index, follow, max-snippet:-1, max-image-preview:large, max-video-preview:-1\" \/>\n<link rel=\"canonical\" href=\"https:\/\/kapitalis.com\/tunisie\/2021\/12\/15\/tunisie-lordre-national-des-avocats-appelle-a-une-reforme-judiciaire\/\" \/>\n<meta property=\"og:locale\" content=\"fr_FR\" \/>\n<meta property=\"og:type\" content=\"article\" \/>\n<meta property=\"og:title\" content=\"Tunisie : L&#039;Ordre national des avocats appelle \u00e0 une r\u00e9forme judiciaire - Kapitalis\" \/>\n<meta property=\"og:description\" content=\"Selon l&rsquo;Ordre national des avocats tunisiens (Onat), \u00abdes r\u00e9formes importantes doivent \u00eatre men\u00e9es pour garantir le bon fonctionnement et l&rsquo;efficacit\u00e9 de la justice en termes de qualit\u00e9 et de temps judiciaires\u00bb.\" \/>\n<meta property=\"og:url\" content=\"https:\/\/kapitalis.com\/tunisie\/2021\/12\/15\/tunisie-lordre-national-des-avocats-appelle-a-une-reforme-judiciaire\/\" \/>\n<meta property=\"og:site_name\" content=\"Kapitalis\" \/>\n<meta property=\"article:publisher\" content=\"https:\/\/www.facebook.com\/KapitalisInfo\/\" \/>\n<meta property=\"article:published_time\" content=\"2021-12-15T13:53:23+00:00\" \/>\n<meta property=\"article:modified_time\" content=\"2021-12-15T13:55:28+00:00\" \/>\n<meta property=\"og:image\" content=\"http:\/\/kapitalis.com\/tunisie\/wp-content\/uploads\/2021\/07\/Ordre-avocats-tunisie.jpg\" \/>\n<meta name=\"author\" content=\"Cherif Benyounes\" \/>\n<meta name=\"twitter:card\" content=\"summary_large_image\" \/>\n<meta name=\"twitter:creator\" content=\"@KapitalisInfo\" \/>\n<meta name=\"twitter:site\" content=\"@KapitalisInfo\" \/>\n<meta name=\"twitter:label1\" content=\"\u00c9crit par\" \/>\n\t<meta name=\"twitter:data1\" content=\"Cherif Benyounes\" \/>\n\t<meta name=\"twitter:label2\" content=\"Dur\u00e9e de lecture estim\u00e9e\" \/>\n\t<meta name=\"twitter:data2\" content=\"1 minute\" \/>\n<script type=\"application\/ld+json\" class=\"yoast-schema-graph\">{\"@context\":\"https:\/\/schema.org\",\"@graph\":[{\"@type\":\"Article\",\"@id\":\"https:\/\/kapitalis.com\/tunisie\/2021\/12\/15\/tunisie-lordre-national-des-avocats-appelle-a-une-reforme-judiciaire\/#article\",\"isPartOf\":{\"@id\":\"https:\/\/kapitalis.com\/tunisie\/2021\/12\/15\/tunisie-lordre-national-des-avocats-appelle-a-une-reforme-judiciaire\/\"},\"author\":{\"name\":\"Cherif Benyounes\",\"@id\":\"https:\/\/kapitalis.com\/tunisie\/#\/schema\/person\/b35b8d631961131107263178aeb8019e\"},\"headline\":\"Tunisie : L&rsquo;Ordre national des avocats appelle \u00e0 une r\u00e9forme judiciaire\",\"datePublished\":\"2021-12-15T13:53:23+00:00\",\"dateModified\":\"2021-12-15T13:55:28+00:00\",\"mainEntityOfPage\":{\"@id\":\"https:\/\/kapitalis.com\/tunisie\/2021\/12\/15\/tunisie-lordre-national-des-avocats-appelle-a-une-reforme-judiciaire\/\"},\"wordCount\":201,\"commentCount\":2,\"publisher\":{\"@id\":\"https:\/\/kapitalis.com\/tunisie\/#organization\"},\"image\":{\"@id\":\"https:\/\/kapitalis.com\/tunisie\/2021\/12\/15\/tunisie-lordre-national-des-avocats-appelle-a-une-reforme-judiciaire\/#primaryimage\"},\"thumbnailUrl\":\"http:\/\/kapitalis.com\/tunisie\/wp-content\/uploads\/2021\/07\/Ordre-avocats-tunisie.jpg\",\"keywords\":[\"CSM\",\"Onat\"],\"articleSection\":[\"POLITIQUE\",\"Tunisie\"],\"inLanguage\":\"fr-FR\",\"potentialAction\":[{\"@type\":\"CommentAction\",\"name\":\"Comment\",\"target\":[\"https:\/\/kapitalis.com\/tunisie\/2021\/12\/15\/tunisie-lordre-national-des-avocats-appelle-a-une-reforme-judiciaire\/#respond\"]}]},{\"@type\":\"WebPage\",\"@id\":\"https:\/\/kapitalis.com\/tunisie\/2021\/12\/15\/tunisie-lordre-national-des-avocats-appelle-a-une-reforme-judiciaire\/\",\"url\":\"https:\/\/kapitalis.com\/tunisie\/2021\/12\/15\/tunisie-lordre-national-des-avocats-appelle-a-une-reforme-judiciaire\/\",\"name\":\"Tunisie : L'Ordre national des avocats appelle \u00e0 une r\u00e9forme judiciaire - Kapitalis\",\"isPartOf\":{\"@id\":\"https:\/\/kapitalis.com\/tunisie\/#website\"},\"primaryImageOfPage\":{\"@id\":\"https:\/\/kapitalis.com\/tunisie\/2021\/12\/15\/tunisie-lordre-national-des-avocats-appelle-a-une-reforme-judiciaire\/#primaryimage\"},\"image\":{\"@id\":\"https:\/\/kapitalis.com\/tunisie\/2021\/12\/15\/tunisie-lordre-national-des-avocats-appelle-a-une-reforme-judiciaire\/#primaryimage\"},\"thumbnailUrl\":\"http:\/\/kapitalis.com\/tunisie\/wp-content\/uploads\/2021\/07\/Ordre-avocats-tunisie.jpg\",\"datePublished\":\"2021-12-15T13:53:23+00:00\",\"dateModified\":\"2021-12-15T13:55:28+00:00\",\"breadcrumb\":{\"@id\":\"https:\/\/kapitalis.com\/tunisie\/2021\/12\/15\/tunisie-lordre-national-des-avocats-appelle-a-une-reforme-judiciaire\/#breadcrumb\"},\"inLanguage\":\"fr-FR\",\"potentialAction\":[{\"@type\":\"ReadAction\",\"target\":[\"https:\/\/kapitalis.com\/tunisie\/2021\/12\/15\/tunisie-lordre-national-des-avocats-appelle-a-une-reforme-judiciaire\/\"]}]},{\"@type\":\"ImageObject\",\"inLanguage\":\"fr-FR\",\"@id\":\"https:\/\/kapitalis.com\/tunisie\/2021\/12\/15\/tunisie-lordre-national-des-avocats-appelle-a-une-reforme-judiciaire\/#primaryimage\",\"url\":\"\",\"contentUrl\":\"\"},{\"@type\":\"BreadcrumbList\",\"@id\":\"https:\/\/kapitalis.com\/tunisie\/2021\/12\/15\/tunisie-lordre-national-des-avocats-appelle-a-une-reforme-judiciaire\/#breadcrumb\",\"itemListElement\":[{\"@type\":\"ListItem\",\"position\":1,\"name\":\"Accueil\",\"item\":\"https:\/\/kapitalis.com\/tunisie\/\"},{\"@type\":\"ListItem\",\"position\":2,\"name\":\"Tunisie : L&rsquo;Ordre national des avocats appelle \u00e0 une r\u00e9forme judiciaire\"}]},{\"@type\":\"WebSite\",\"@id\":\"https:\/\/kapitalis.com\/tunisie\/#website\",\"url\":\"https:\/\/kapitalis.com\/tunisie\/\",\"name\":\"Kapitalis\",\"description\":\"L&#039;actualit\u00e9 en Tunisie et dans le monde\",\"publisher\":{\"@id\":\"https:\/\/kapitalis.com\/tunisie\/#organization\"},\"potentialAction\":[{\"@type\":\"SearchAction\",\"target\":{\"@type\":\"EntryPoint\",\"urlTemplate\":\"https:\/\/kapitalis.com\/tunisie\/?s={search_term_string}\"},\"query-input\":{\"@type\":\"PropertyValueSpecification\",\"valueRequired\":true,\"valueName\":\"search_term_string\"}}],\"inLanguage\":\"fr-FR\"},{\"@type\":\"Organization\",\"@id\":\"https:\/\/kapitalis.com\/tunisie\/#organization\",\"name\":\"Kapitalis\",\"url\":\"https:\/\/kapitalis.com\/tunisie\/\",\"logo\":{\"@type\":\"ImageObject\",\"inLanguage\":\"fr-FR\",\"@id\":\"https:\/\/kapitalis.com\/tunisie\/#\/schema\/logo\/image\/\",\"url\":\"https:\/\/kapitalis.com\/tunisie\/wp-content\/uploads\/2022\/05\/Kapitalis-big-size.png\",\"contentUrl\":\"https:\/\/kapitalis.com\/tunisie\/wp-content\/uploads\/2022\/05\/Kapitalis-big-size.png\",\"width\":5000,\"height\":1500,\"caption\":\"Kapitalis\"},\"image\":{\"@id\":\"https:\/\/kapitalis.com\/tunisie\/#\/schema\/logo\/image\/\"},\"sameAs\":[\"https:\/\/www.facebook.com\/KapitalisInfo\/\",\"https:\/\/x.com\/KapitalisInfo\",\"https:\/\/www.youtube.com\/channel\/UC-yDYrHyfFBWWZaOw3FPg9Q\"]},{\"@type\":\"Person\",\"@id\":\"https:\/\/kapitalis.com\/tunisie\/#\/schema\/person\/b35b8d631961131107263178aeb8019e\",\"name\":\"Cherif Benyounes\",\"url\":\"https:\/\/kapitalis.com\/tunisie\/author\/cherif\/\"}]}<\/script>\n<!-- \/ Yoast SEO plugin. -->","yoast_head_json":{"title":"Tunisie : L'Ordre national des avocats appelle \u00e0 une r\u00e9forme judiciaire - Kapitalis","robots":{"index":"index","follow":"follow","max-snippet":"max-snippet:-1","max-image-preview":"max-image-preview:large","max-video-preview":"max-video-preview:-1"},"canonical":"https:\/\/kapitalis.com\/tunisie\/2021\/12\/15\/tunisie-lordre-national-des-avocats-appelle-a-une-reforme-judiciaire\/","og_locale":"fr_FR","og_type":"article","og_title":"Tunisie : L'Ordre national des avocats appelle \u00e0 une r\u00e9forme judiciaire - Kapitalis","og_description":"Selon l&rsquo;Ordre national des avocats tunisiens (Onat), \u00abdes r\u00e9formes importantes doivent \u00eatre men\u00e9es pour garantir le bon fonctionnement et l&rsquo;efficacit\u00e9 de la justice en termes de qualit\u00e9 et de temps judiciaires\u00bb.","og_url":"https:\/\/kapitalis.com\/tunisie\/2021\/12\/15\/tunisie-lordre-national-des-avocats-appelle-a-une-reforme-judiciaire\/","og_site_name":"Kapitalis","article_publisher":"https:\/\/www.facebook.com\/KapitalisInfo\/","article_published_time":"2021-12-15T13:53:23+00:00","article_modified_time":"2021-12-15T13:55:28+00:00","og_image":[{"url":"http:\/\/kapitalis.com\/tunisie\/wp-content\/uploads\/2021\/07\/Ordre-avocats-tunisie.jpg","type":"","width":"","height":""}],"author":"Cherif Benyounes","twitter_card":"summary_large_image","twitter_creator":"@KapitalisInfo","twitter_site":"@KapitalisInfo","twitter_misc":{"\u00c9crit par":"Cherif Benyounes","Dur\u00e9e de lecture estim\u00e9e":"1 minute"},"schema":{"@context":"https:\/\/schema.org","@graph":[{"@type":"Article","@id":"https:\/\/kapitalis.com\/tunisie\/2021\/12\/15\/tunisie-lordre-national-des-avocats-appelle-a-une-reforme-judiciaire\/#article","isPartOf":{"@id":"https:\/\/kapitalis.com\/tunisie\/2021\/12\/15\/tunisie-lordre-national-des-avocats-appelle-a-une-reforme-judiciaire\/"},"author":{"name":"Cherif Benyounes","@id":"https:\/\/kapitalis.com\/tunisie\/#\/schema\/person\/b35b8d631961131107263178aeb8019e"},"headline":"Tunisie : L&rsquo;Ordre national des avocats appelle \u00e0 une r\u00e9forme judiciaire","datePublished":"2021-12-15T13:53:23+00:00","dateModified":"2021-12-15T13:55:28+00:00","mainEntityOfPage":{"@id":"https:\/\/kapitalis.com\/tunisie\/2021\/12\/15\/tunisie-lordre-national-des-avocats-appelle-a-une-reforme-judiciaire\/"},"wordCount":201,"commentCount":2,"publisher":{"@id":"https:\/\/kapitalis.com\/tunisie\/#organization"},"image":{"@id":"https:\/\/kapitalis.com\/tunisie\/2021\/12\/15\/tunisie-lordre-national-des-avocats-appelle-a-une-reforme-judiciaire\/#primaryimage"},"thumbnailUrl":"http:\/\/kapitalis.com\/tunisie\/wp-content\/uploads\/2021\/07\/Ordre-avocats-tunisie.jpg","keywords":["CSM","Onat"],"articleSection":["POLITIQUE","Tunisie"],"inLanguage":"fr-FR","potentialAction":[{"@type":"CommentAction","name":"Comment","target":["https:\/\/kapitalis.com\/tunisie\/2021\/12\/15\/tunisie-lordre-national-des-avocats-appelle-a-une-reforme-judiciaire\/#respond"]}]},{"@type":"WebPage","@id":"https:\/\/kapitalis.com\/tunisie\/2021\/12\/15\/tunisie-lordre-national-des-avocats-appelle-a-une-reforme-judiciaire\/","url":"https:\/\/kapitalis.com\/tunisie\/2021\/12\/15\/tunisie-lordre-national-des-avocats-appelle-a-une-reforme-judiciaire\/","name":"Tunisie : L'Ordre national des avocats appelle \u00e0 une r\u00e9forme judiciaire - Kapitalis","isPartOf":{"@id":"https:\/\/kapitalis.com\/tunisie\/#website"},"primaryImageOfPage":{"@id":"https:\/\/kapitalis.com\/tunisie\/2021\/12\/15\/tunisie-lordre-national-des-avocats-appelle-a-une-reforme-judiciaire\/#primaryimage"},"image":{"@id":"https:\/\/kapitalis.com\/tunisie\/2021\/12\/15\/tunisie-lordre-national-des-avocats-appelle-a-une-reforme-judiciaire\/#primaryimage"},"thumbnailUrl":"http:\/\/kapitalis.com\/tunisie\/wp-content\/uploads\/2021\/07\/Ordre-avocats-tunisie.jpg","datePublished":"2021-12-15T13:53:23+00:00","dateModified":"2021-12-15T13:55:28+00:00","breadcrumb":{"@id":"https:\/\/kapitalis.com\/tunisie\/2021\/12\/15\/tunisie-lordre-national-des-avocats-appelle-a-une-reforme-judiciaire\/#breadcrumb"},"inLanguage":"fr-FR","potentialAction":[{"@type":"ReadAction","target":["https:\/\/kapitalis.com\/tunisie\/2021\/12\/15\/tunisie-lordre-national-des-avocats-appelle-a-une-reforme-judiciaire\/"]}]},{"@type":"ImageObject","inLanguage":"fr-FR","@id":"https:\/\/kapitalis.com\/tunisie\/2021\/12\/15\/tunisie-lordre-national-des-avocats-appelle-a-une-reforme-judiciaire\/#primaryimage","url":"","contentUrl":""},{"@type":"BreadcrumbList","@id":"https:\/\/kapitalis.com\/tunisie\/2021\/12\/15\/tunisie-lordre-national-des-avocats-appelle-a-une-reforme-judiciaire\/#breadcrumb","itemListElement":[{"@type":"ListItem","position":1,"name":"Accueil","item":"https:\/\/kapitalis.com\/tunisie\/"},{"@type":"ListItem","position":2,"name":"Tunisie : L&rsquo;Ordre national des avocats appelle \u00e0 une r\u00e9forme judiciaire"}]},{"@type":"WebSite","@id":"https:\/\/kapitalis.com\/tunisie\/#website","url":"https:\/\/kapitalis.com\/tunisie\/","name":"Kapitalis","description":"L&#039;actualit\u00e9 en Tunisie et dans le monde","publisher":{"@id":"https:\/\/kapitalis.com\/tunisie\/#organization"},"potentialAction":[{"@type":"SearchAction","target":{"@type":"EntryPoint","urlTemplate":"https:\/\/kapitalis.com\/tunisie\/?s={search_term_string}"},"query-input":{"@type":"PropertyValueSpecification","valueRequired":true,"valueName":"search_term_string"}}],"inLanguage":"fr-FR"},{"@type":"Organization","@id":"https:\/\/kapitalis.com\/tunisie\/#organization","name":"Kapitalis","url":"https:\/\/kapitalis.com\/tunisie\/","logo":{"@type":"ImageObject","inLanguage":"fr-FR","@id":"https:\/\/kapitalis.com\/tunisie\/#\/schema\/logo\/image\/","url":"https:\/\/kapitalis.com\/tunisie\/wp-content\/uploads\/2022\/05\/Kapitalis-big-size.png","contentUrl":"https:\/\/kapitalis.com\/tunisie\/wp-content\/uploads\/2022\/05\/Kapitalis-big-size.png","width":5000,"height":1500,"caption":"Kapitalis"},"image":{"@id":"https:\/\/kapitalis.com\/tunisie\/#\/schema\/logo\/image\/"},"sameAs":["https:\/\/www.facebook.com\/KapitalisInfo\/","https:\/\/x.com\/KapitalisInfo","https:\/\/www.youtube.com\/channel\/UC-yDYrHyfFBWWZaOw3FPg9Q"]},{"@type":"Person","@id":"https:\/\/kapitalis.com\/tunisie\/#\/schema\/person\/b35b8d631961131107263178aeb8019e","name":"Cherif Benyounes","url":"https:\/\/kapitalis.com\/tunisie\/author\/cherif\/"}]}},"_links":{"self":[{"href":"https:\/\/kapitalis.com\/tunisie\/wp-json\/wp\/v2\/posts\/373563","targetHints":{"allow":["GET"]}}],"collection":[{"href":"https:\/\/kapitalis.com\/tunisie\/wp-json\/wp\/v2\/posts"}],"about":[{"href":"https:\/\/kapitalis.com\/tunisie\/wp-json\/wp\/v2\/types\/post"}],"author":[{"embeddable":true,"href":"https:\/\/kapitalis.com\/tunisie\/wp-json\/wp\/v2\/users\/24"}],"replies":[{"embeddable":true,"href":"https:\/\/kapitalis.com\/tunisie\/wp-json\/wp\/v2\/comments?post=373563"}],"version-history":[{"count":0,"href":"https:\/\/kapitalis.com\/tunisie\/wp-json\/wp\/v2\/posts\/373563\/revisions"}],"wp:attachment":[{"href":"https:\/\/kapitalis.com\/tunisie\/wp-json\/wp\/v2\/media?parent=373563"}],"wp:term":[{"taxonomy":"category","embeddable":true,"href":"https:\/\/kapitalis.com\/tunisie\/wp-json\/wp\/v2\/categories?post=373563"},{"taxonomy":"post_tag","embeddable":true,"href":"https:\/\/kapitalis.com\/tunisie\/wp-json\/wp\/v2\/tags?post=373563"}],"curies":[{"name":"wp","href":"https:\/\/api.w.org\/{rel}","templated":true}]}}