{"id":373591,"date":"2021-12-15T15:57:35","date_gmt":"2021-12-15T14:57:35","guid":{"rendered":"http:\/\/kapitalis.com\/tunisie\/?p=373591"},"modified":"2021-12-15T16:13:59","modified_gmt":"2021-12-15T15:13:59","slug":"raoudha-karafi-oui-a-la-reforme-de-la-justice-non-a-la-dissolution-du-csm","status":"publish","type":"post","link":"https:\/\/kapitalis.com\/tunisie\/2021\/12\/15\/raoudha-karafi-oui-a-la-reforme-de-la-justice-non-a-la-dissolution-du-csm\/","title":{"rendered":"Raoudha Karafi : \u00abOui \u00e0 la r\u00e9forme de la justice, non \u00e0 la dissolution du CSM\u00bb"},"content":{"rendered":"\n<div class=\"wp-block-image\"><figure class=\"aligncenter size-full\"><img decoding=\"async\" src=\"http:\/\/kapitalis.com\/tunisie\/wp-content\/uploads\/2015\/11\/Raoudha-Karafi.jpg\" alt=\"\" class=\"wp-image-27599\"\/><\/figure><\/div>\n\n\n\n<p><em><strong>Dans une d\u00e9claration accord\u00e9e \u00e0 Shems FM, ce mercredi 15 d\u00e9cembre 2021, la pr\u00e9sidente d&rsquo;honneur de l&rsquo;Association des magistrats tunisiens (AMT), Raoudha Karafi, a affirm\u00e9 qu&rsquo;il est n\u00e9cessaire de r\u00e9former la justice.<\/strong><\/em><\/p>\n\n\n\n<!--more-->\n\n\n\n<p>\u00ab<em>La corruption existe dans la justice et dans les rouages de l\u2019Etat<\/em>\u00bb, a-t-elle expliqu\u00e9, elle qui a souvent critiqu\u00e9 les agissements suspects de certains juges.<\/p>\n\n\n\n<p>Par contre, \u00ab<em>la dissolution du<\/em> <em>Conseil sup\u00e9rieur de la magistrature est une ligne rouge<\/em>\u00bb, a-t-elle pr\u00e9venu, mettant en garder contre l\u2019ing\u00e9rence dans le pouvoir judicaire, dans les circonstances politiques exceptionnelles que traverse actuellement pays et en l\u2019absence de la Cour constitutionnel et des instances de contr\u00f4le du parlement. <\/p>\n\n\n\n<p class=\"has-text-align-right\"><strong>C. B. Y.<\/strong><\/p>\n","protected":false},"excerpt":{"rendered":"<p>Dans une d\u00e9claration accord\u00e9e \u00e0 Shems FM, ce mercredi 15 d\u00e9cembre 2021, la pr\u00e9sidente d&rsquo;honneur de l&rsquo;Association des magistrats tunisiens (AMT), Raoudha Karafi, a affirm\u00e9 qu&rsquo;il est n\u00e9cessaire de r\u00e9former la justice.<\/p>\n","protected":false},"author":24,"featured_media":0,"comment_status":"open","ping_status":"open","sticky":false,"template":"","format":"standard","meta":{"footnotes":""},"categories":[997,2433],"tags":[71,7902,251],"class_list":["post-373591","post","type-post","status-publish","format-standard","hentry","category-politique","category-tunisie","tag-amt","tag-conseil-superieur-de-la-magistrature","tag-csm"],"yoast_head":"<!-- This site is optimized with the Yoast SEO plugin v26.6 - https:\/\/yoast.com\/wordpress\/plugins\/seo\/ -->\n<title>Raoudha Karafi : \u00abOui \u00e0 la r\u00e9forme de la justice, non \u00e0 la dissolution du CSM\u00bb - Kapitalis<\/title>\n<meta name=\"robots\" content=\"index, follow, max-snippet:-1, max-image-preview:large, max-video-preview:-1\" \/>\n<link rel=\"canonical\" href=\"https:\/\/kapitalis.com\/tunisie\/2021\/12\/15\/raoudha-karafi-oui-a-la-reforme-de-la-justice-non-a-la-dissolution-du-csm\/\" \/>\n<meta property=\"og:locale\" content=\"fr_FR\" \/>\n<meta property=\"og:type\" content=\"article\" \/>\n<meta property=\"og:title\" content=\"Raoudha Karafi : \u00abOui \u00e0 la r\u00e9forme de la justice, non \u00e0 la dissolution du CSM\u00bb - Kapitalis\" \/>\n<meta property=\"og:description\" content=\"Dans une d\u00e9claration accord\u00e9e \u00e0 Shems FM, ce mercredi 15 d\u00e9cembre 2021, la pr\u00e9sidente d&rsquo;honneur de l&rsquo;Association des magistrats tunisiens (AMT), Raoudha Karafi, a affirm\u00e9 qu&rsquo;il est n\u00e9cessaire de r\u00e9former la justice.\" \/>\n<meta property=\"og:url\" content=\"https:\/\/kapitalis.com\/tunisie\/2021\/12\/15\/raoudha-karafi-oui-a-la-reforme-de-la-justice-non-a-la-dissolution-du-csm\/\" \/>\n<meta property=\"og:site_name\" content=\"Kapitalis\" \/>\n<meta property=\"article:publisher\" content=\"https:\/\/www.facebook.com\/KapitalisInfo\/\" \/>\n<meta property=\"article:published_time\" content=\"2021-12-15T14:57:35+00:00\" \/>\n<meta property=\"article:modified_time\" content=\"2021-12-15T15:13:59+00:00\" \/>\n<meta property=\"og:image\" content=\"http:\/\/kapitalis.com\/tunisie\/wp-content\/uploads\/2015\/11\/Raoudha-Karafi.jpg\" \/>\n<meta name=\"author\" content=\"Cherif Benyounes\" \/>\n<meta name=\"twitter:card\" content=\"summary_large_image\" \/>\n<meta name=\"twitter:creator\" content=\"@KapitalisInfo\" \/>\n<meta name=\"twitter:site\" content=\"@KapitalisInfo\" \/>\n<meta name=\"twitter:label1\" content=\"\u00c9crit par\" \/>\n\t<meta name=\"twitter:data1\" content=\"Cherif Benyounes\" \/>\n\t<meta name=\"twitter:label2\" content=\"Dur\u00e9e de lecture estim\u00e9e\" \/>\n\t<meta name=\"twitter:data2\" content=\"1 minute\" \/>\n<script type=\"application\/ld+json\" class=\"yoast-schema-graph\">{\"@context\":\"https:\/\/schema.org\",\"@graph\":[{\"@type\":\"Article\",\"@id\":\"https:\/\/kapitalis.com\/tunisie\/2021\/12\/15\/raoudha-karafi-oui-a-la-reforme-de-la-justice-non-a-la-dissolution-du-csm\/#article\",\"isPartOf\":{\"@id\":\"https:\/\/kapitalis.com\/tunisie\/2021\/12\/15\/raoudha-karafi-oui-a-la-reforme-de-la-justice-non-a-la-dissolution-du-csm\/\"},\"author\":{\"name\":\"Cherif Benyounes\",\"@id\":\"https:\/\/kapitalis.com\/tunisie\/#\/schema\/person\/b35b8d631961131107263178aeb8019e\"},\"headline\":\"Raoudha Karafi : \u00abOui \u00e0 la r\u00e9forme de la justice, non \u00e0 la dissolution du CSM\u00bb\",\"datePublished\":\"2021-12-15T14:57:35+00:00\",\"dateModified\":\"2021-12-15T15:13:59+00:00\",\"mainEntityOfPage\":{\"@id\":\"https:\/\/kapitalis.com\/tunisie\/2021\/12\/15\/raoudha-karafi-oui-a-la-reforme-de-la-justice-non-a-la-dissolution-du-csm\/\"},\"wordCount\":132,\"commentCount\":2,\"publisher\":{\"@id\":\"https:\/\/kapitalis.com\/tunisie\/#organization\"},\"image\":{\"@id\":\"https:\/\/kapitalis.com\/tunisie\/2021\/12\/15\/raoudha-karafi-oui-a-la-reforme-de-la-justice-non-a-la-dissolution-du-csm\/#primaryimage\"},\"thumbnailUrl\":\"http:\/\/kapitalis.com\/tunisie\/wp-content\/uploads\/2015\/11\/Raoudha-Karafi.jpg\",\"keywords\":[\"AMT\",\"conseil sup\u00e9rieur de la magistrature\",\"CSM\"],\"articleSection\":[\"POLITIQUE\",\"Tunisie\"],\"inLanguage\":\"fr-FR\",\"potentialAction\":[{\"@type\":\"CommentAction\",\"name\":\"Comment\",\"target\":[\"https:\/\/kapitalis.com\/tunisie\/2021\/12\/15\/raoudha-karafi-oui-a-la-reforme-de-la-justice-non-a-la-dissolution-du-csm\/#respond\"]}]},{\"@type\":\"WebPage\",\"@id\":\"https:\/\/kapitalis.com\/tunisie\/2021\/12\/15\/raoudha-karafi-oui-a-la-reforme-de-la-justice-non-a-la-dissolution-du-csm\/\",\"url\":\"https:\/\/kapitalis.com\/tunisie\/2021\/12\/15\/raoudha-karafi-oui-a-la-reforme-de-la-justice-non-a-la-dissolution-du-csm\/\",\"name\":\"Raoudha Karafi : \u00abOui \u00e0 la r\u00e9forme de la justice, non \u00e0 la dissolution du CSM\u00bb - Kapitalis\",\"isPartOf\":{\"@id\":\"https:\/\/kapitalis.com\/tunisie\/#website\"},\"primaryImageOfPage\":{\"@id\":\"https:\/\/kapitalis.com\/tunisie\/2021\/12\/15\/raoudha-karafi-oui-a-la-reforme-de-la-justice-non-a-la-dissolution-du-csm\/#primaryimage\"},\"image\":{\"@id\":\"https:\/\/kapitalis.com\/tunisie\/2021\/12\/15\/raoudha-karafi-oui-a-la-reforme-de-la-justice-non-a-la-dissolution-du-csm\/#primaryimage\"},\"thumbnailUrl\":\"http:\/\/kapitalis.com\/tunisie\/wp-content\/uploads\/2015\/11\/Raoudha-Karafi.jpg\",\"datePublished\":\"2021-12-15T14:57:35+00:00\",\"dateModified\":\"2021-12-15T15:13:59+00:00\",\"breadcrumb\":{\"@id\":\"https:\/\/kapitalis.com\/tunisie\/2021\/12\/15\/raoudha-karafi-oui-a-la-reforme-de-la-justice-non-a-la-dissolution-du-csm\/#breadcrumb\"},\"inLanguage\":\"fr-FR\",\"potentialAction\":[{\"@type\":\"ReadAction\",\"target\":[\"https:\/\/kapitalis.com\/tunisie\/2021\/12\/15\/raoudha-karafi-oui-a-la-reforme-de-la-justice-non-a-la-dissolution-du-csm\/\"]}]},{\"@type\":\"ImageObject\",\"inLanguage\":\"fr-FR\",\"@id\":\"https:\/\/kapitalis.com\/tunisie\/2021\/12\/15\/raoudha-karafi-oui-a-la-reforme-de-la-justice-non-a-la-dissolution-du-csm\/#primaryimage\",\"url\":\"http:\/\/kapitalis.com\/tunisie\/wp-content\/uploads\/2015\/11\/Raoudha-Karafi.jpg\",\"contentUrl\":\"http:\/\/kapitalis.com\/tunisie\/wp-content\/uploads\/2015\/11\/Raoudha-Karafi.jpg\"},{\"@type\":\"BreadcrumbList\",\"@id\":\"https:\/\/kapitalis.com\/tunisie\/2021\/12\/15\/raoudha-karafi-oui-a-la-reforme-de-la-justice-non-a-la-dissolution-du-csm\/#breadcrumb\",\"itemListElement\":[{\"@type\":\"ListItem\",\"position\":1,\"name\":\"Accueil\",\"item\":\"https:\/\/kapitalis.com\/tunisie\/\"},{\"@type\":\"ListItem\",\"position\":2,\"name\":\"Raoudha Karafi : \u00abOui \u00e0 la r\u00e9forme de la justice, non \u00e0 la dissolution du CSM\u00bb\"}]},{\"@type\":\"WebSite\",\"@id\":\"https:\/\/kapitalis.com\/tunisie\/#website\",\"url\":\"https:\/\/kapitalis.com\/tunisie\/\",\"name\":\"Kapitalis\",\"description\":\"L&#039;actualit\u00e9 en Tunisie et dans le monde\",\"publisher\":{\"@id\":\"https:\/\/kapitalis.com\/tunisie\/#organization\"},\"potentialAction\":[{\"@type\":\"SearchAction\",\"target\":{\"@type\":\"EntryPoint\",\"urlTemplate\":\"https:\/\/kapitalis.com\/tunisie\/?s={search_term_string}\"},\"query-input\":{\"@type\":\"PropertyValueSpecification\",\"valueRequired\":true,\"valueName\":\"search_term_string\"}}],\"inLanguage\":\"fr-FR\"},{\"@type\":\"Organization\",\"@id\":\"https:\/\/kapitalis.com\/tunisie\/#organization\",\"name\":\"Kapitalis\",\"url\":\"https:\/\/kapitalis.com\/tunisie\/\",\"logo\":{\"@type\":\"ImageObject\",\"inLanguage\":\"fr-FR\",\"@id\":\"https:\/\/kapitalis.com\/tunisie\/#\/schema\/logo\/image\/\",\"url\":\"https:\/\/kapitalis.com\/tunisie\/wp-content\/uploads\/2022\/05\/Kapitalis-big-size.png\",\"contentUrl\":\"https:\/\/kapitalis.com\/tunisie\/wp-content\/uploads\/2022\/05\/Kapitalis-big-size.png\",\"width\":5000,\"height\":1500,\"caption\":\"Kapitalis\"},\"image\":{\"@id\":\"https:\/\/kapitalis.com\/tunisie\/#\/schema\/logo\/image\/\"},\"sameAs\":[\"https:\/\/www.facebook.com\/KapitalisInfo\/\",\"https:\/\/x.com\/KapitalisInfo\",\"https:\/\/www.youtube.com\/channel\/UC-yDYrHyfFBWWZaOw3FPg9Q\"]},{\"@type\":\"Person\",\"@id\":\"https:\/\/kapitalis.com\/tunisie\/#\/schema\/person\/b35b8d631961131107263178aeb8019e\",\"name\":\"Cherif Benyounes\",\"url\":\"https:\/\/kapitalis.com\/tunisie\/author\/cherif\/\"}]}<\/script>\n<!-- \/ Yoast SEO plugin. -->","yoast_head_json":{"title":"Raoudha Karafi : \u00abOui \u00e0 la r\u00e9forme de la justice, non \u00e0 la dissolution du CSM\u00bb - Kapitalis","robots":{"index":"index","follow":"follow","max-snippet":"max-snippet:-1","max-image-preview":"max-image-preview:large","max-video-preview":"max-video-preview:-1"},"canonical":"https:\/\/kapitalis.com\/tunisie\/2021\/12\/15\/raoudha-karafi-oui-a-la-reforme-de-la-justice-non-a-la-dissolution-du-csm\/","og_locale":"fr_FR","og_type":"article","og_title":"Raoudha Karafi : \u00abOui \u00e0 la r\u00e9forme de la justice, non \u00e0 la dissolution du CSM\u00bb - Kapitalis","og_description":"Dans une d\u00e9claration accord\u00e9e \u00e0 Shems FM, ce mercredi 15 d\u00e9cembre 2021, la pr\u00e9sidente d&rsquo;honneur de l&rsquo;Association des magistrats tunisiens (AMT), Raoudha Karafi, a affirm\u00e9 qu&rsquo;il est n\u00e9cessaire de r\u00e9former la justice.","og_url":"https:\/\/kapitalis.com\/tunisie\/2021\/12\/15\/raoudha-karafi-oui-a-la-reforme-de-la-justice-non-a-la-dissolution-du-csm\/","og_site_name":"Kapitalis","article_publisher":"https:\/\/www.facebook.com\/KapitalisInfo\/","article_published_time":"2021-12-15T14:57:35+00:00","article_modified_time":"2021-12-15T15:13:59+00:00","og_image":[{"url":"http:\/\/kapitalis.com\/tunisie\/wp-content\/uploads\/2015\/11\/Raoudha-Karafi.jpg","type":"","width":"","height":""}],"author":"Cherif Benyounes","twitter_card":"summary_large_image","twitter_creator":"@KapitalisInfo","twitter_site":"@KapitalisInfo","twitter_misc":{"\u00c9crit par":"Cherif Benyounes","Dur\u00e9e de lecture estim\u00e9e":"1 minute"},"schema":{"@context":"https:\/\/schema.org","@graph":[{"@type":"Article","@id":"https:\/\/kapitalis.com\/tunisie\/2021\/12\/15\/raoudha-karafi-oui-a-la-reforme-de-la-justice-non-a-la-dissolution-du-csm\/#article","isPartOf":{"@id":"https:\/\/kapitalis.com\/tunisie\/2021\/12\/15\/raoudha-karafi-oui-a-la-reforme-de-la-justice-non-a-la-dissolution-du-csm\/"},"author":{"name":"Cherif Benyounes","@id":"https:\/\/kapitalis.com\/tunisie\/#\/schema\/person\/b35b8d631961131107263178aeb8019e"},"headline":"Raoudha Karafi : \u00abOui \u00e0 la r\u00e9forme de la justice, non \u00e0 la dissolution du CSM\u00bb","datePublished":"2021-12-15T14:57:35+00:00","dateModified":"2021-12-15T15:13:59+00:00","mainEntityOfPage":{"@id":"https:\/\/kapitalis.com\/tunisie\/2021\/12\/15\/raoudha-karafi-oui-a-la-reforme-de-la-justice-non-a-la-dissolution-du-csm\/"},"wordCount":132,"commentCount":2,"publisher":{"@id":"https:\/\/kapitalis.com\/tunisie\/#organization"},"image":{"@id":"https:\/\/kapitalis.com\/tunisie\/2021\/12\/15\/raoudha-karafi-oui-a-la-reforme-de-la-justice-non-a-la-dissolution-du-csm\/#primaryimage"},"thumbnailUrl":"http:\/\/kapitalis.com\/tunisie\/wp-content\/uploads\/2015\/11\/Raoudha-Karafi.jpg","keywords":["AMT","conseil sup\u00e9rieur de la magistrature","CSM"],"articleSection":["POLITIQUE","Tunisie"],"inLanguage":"fr-FR","potentialAction":[{"@type":"CommentAction","name":"Comment","target":["https:\/\/kapitalis.com\/tunisie\/2021\/12\/15\/raoudha-karafi-oui-a-la-reforme-de-la-justice-non-a-la-dissolution-du-csm\/#respond"]}]},{"@type":"WebPage","@id":"https:\/\/kapitalis.com\/tunisie\/2021\/12\/15\/raoudha-karafi-oui-a-la-reforme-de-la-justice-non-a-la-dissolution-du-csm\/","url":"https:\/\/kapitalis.com\/tunisie\/2021\/12\/15\/raoudha-karafi-oui-a-la-reforme-de-la-justice-non-a-la-dissolution-du-csm\/","name":"Raoudha Karafi : \u00abOui \u00e0 la r\u00e9forme de la justice, non \u00e0 la dissolution du CSM\u00bb - Kapitalis","isPartOf":{"@id":"https:\/\/kapitalis.com\/tunisie\/#website"},"primaryImageOfPage":{"@id":"https:\/\/kapitalis.com\/tunisie\/2021\/12\/15\/raoudha-karafi-oui-a-la-reforme-de-la-justice-non-a-la-dissolution-du-csm\/#primaryimage"},"image":{"@id":"https:\/\/kapitalis.com\/tunisie\/2021\/12\/15\/raoudha-karafi-oui-a-la-reforme-de-la-justice-non-a-la-dissolution-du-csm\/#primaryimage"},"thumbnailUrl":"http:\/\/kapitalis.com\/tunisie\/wp-content\/uploads\/2015\/11\/Raoudha-Karafi.jpg","datePublished":"2021-12-15T14:57:35+00:00","dateModified":"2021-12-15T15:13:59+00:00","breadcrumb":{"@id":"https:\/\/kapitalis.com\/tunisie\/2021\/12\/15\/raoudha-karafi-oui-a-la-reforme-de-la-justice-non-a-la-dissolution-du-csm\/#breadcrumb"},"inLanguage":"fr-FR","potentialAction":[{"@type":"ReadAction","target":["https:\/\/kapitalis.com\/tunisie\/2021\/12\/15\/raoudha-karafi-oui-a-la-reforme-de-la-justice-non-a-la-dissolution-du-csm\/"]}]},{"@type":"ImageObject","inLanguage":"fr-FR","@id":"https:\/\/kapitalis.com\/tunisie\/2021\/12\/15\/raoudha-karafi-oui-a-la-reforme-de-la-justice-non-a-la-dissolution-du-csm\/#primaryimage","url":"http:\/\/kapitalis.com\/tunisie\/wp-content\/uploads\/2015\/11\/Raoudha-Karafi.jpg","contentUrl":"http:\/\/kapitalis.com\/tunisie\/wp-content\/uploads\/2015\/11\/Raoudha-Karafi.jpg"},{"@type":"BreadcrumbList","@id":"https:\/\/kapitalis.com\/tunisie\/2021\/12\/15\/raoudha-karafi-oui-a-la-reforme-de-la-justice-non-a-la-dissolution-du-csm\/#breadcrumb","itemListElement":[{"@type":"ListItem","position":1,"name":"Accueil","item":"https:\/\/kapitalis.com\/tunisie\/"},{"@type":"ListItem","position":2,"name":"Raoudha Karafi : \u00abOui \u00e0 la r\u00e9forme de la justice, non \u00e0 la dissolution du CSM\u00bb"}]},{"@type":"WebSite","@id":"https:\/\/kapitalis.com\/tunisie\/#website","url":"https:\/\/kapitalis.com\/tunisie\/","name":"Kapitalis","description":"L&#039;actualit\u00e9 en Tunisie et dans le monde","publisher":{"@id":"https:\/\/kapitalis.com\/tunisie\/#organization"},"potentialAction":[{"@type":"SearchAction","target":{"@type":"EntryPoint","urlTemplate":"https:\/\/kapitalis.com\/tunisie\/?s={search_term_string}"},"query-input":{"@type":"PropertyValueSpecification","valueRequired":true,"valueName":"search_term_string"}}],"inLanguage":"fr-FR"},{"@type":"Organization","@id":"https:\/\/kapitalis.com\/tunisie\/#organization","name":"Kapitalis","url":"https:\/\/kapitalis.com\/tunisie\/","logo":{"@type":"ImageObject","inLanguage":"fr-FR","@id":"https:\/\/kapitalis.com\/tunisie\/#\/schema\/logo\/image\/","url":"https:\/\/kapitalis.com\/tunisie\/wp-content\/uploads\/2022\/05\/Kapitalis-big-size.png","contentUrl":"https:\/\/kapitalis.com\/tunisie\/wp-content\/uploads\/2022\/05\/Kapitalis-big-size.png","width":5000,"height":1500,"caption":"Kapitalis"},"image":{"@id":"https:\/\/kapitalis.com\/tunisie\/#\/schema\/logo\/image\/"},"sameAs":["https:\/\/www.facebook.com\/KapitalisInfo\/","https:\/\/x.com\/KapitalisInfo","https:\/\/www.youtube.com\/channel\/UC-yDYrHyfFBWWZaOw3FPg9Q"]},{"@type":"Person","@id":"https:\/\/kapitalis.com\/tunisie\/#\/schema\/person\/b35b8d631961131107263178aeb8019e","name":"Cherif Benyounes","url":"https:\/\/kapitalis.com\/tunisie\/author\/cherif\/"}]}},"_links":{"self":[{"href":"https:\/\/kapitalis.com\/tunisie\/wp-json\/wp\/v2\/posts\/373591","targetHints":{"allow":["GET"]}}],"collection":[{"href":"https:\/\/kapitalis.com\/tunisie\/wp-json\/wp\/v2\/posts"}],"about":[{"href":"https:\/\/kapitalis.com\/tunisie\/wp-json\/wp\/v2\/types\/post"}],"author":[{"embeddable":true,"href":"https:\/\/kapitalis.com\/tunisie\/wp-json\/wp\/v2\/users\/24"}],"replies":[{"embeddable":true,"href":"https:\/\/kapitalis.com\/tunisie\/wp-json\/wp\/v2\/comments?post=373591"}],"version-history":[{"count":0,"href":"https:\/\/kapitalis.com\/tunisie\/wp-json\/wp\/v2\/posts\/373591\/revisions"}],"wp:attachment":[{"href":"https:\/\/kapitalis.com\/tunisie\/wp-json\/wp\/v2\/media?parent=373591"}],"wp:term":[{"taxonomy":"category","embeddable":true,"href":"https:\/\/kapitalis.com\/tunisie\/wp-json\/wp\/v2\/categories?post=373591"},{"taxonomy":"post_tag","embeddable":true,"href":"https:\/\/kapitalis.com\/tunisie\/wp-json\/wp\/v2\/tags?post=373591"}],"curies":[{"name":"wp","href":"https:\/\/api.w.org\/{rel}","templated":true}]}}