{"id":374114,"date":"2021-12-20T11:51:26","date_gmt":"2021-12-20T10:51:26","guid":{"rendered":"http:\/\/kapitalis.com\/tunisie\/?p=374114"},"modified":"2021-12-20T11:55:22","modified_gmt":"2021-12-20T10:55:22","slug":"courts-entre-deux-rives-premiere-residence-scenaristique-entre-la-tunisie-et-la-corse","status":"publish","type":"post","link":"https:\/\/kapitalis.com\/tunisie\/2021\/12\/20\/courts-entre-deux-rives-premiere-residence-scenaristique-entre-la-tunisie-et-la-corse\/","title":{"rendered":"\u00ab\u00a0Courts entre deux rives\u00a0\u00bb : Premi\u00e8re r\u00e9sidence sc\u00e9naristique entre la Tunisie et la Corse"},"content":{"rendered":"\n<div class=\"wp-block-image\"><figure class=\"aligncenter size-full\"><img decoding=\"async\" src=\"http:\/\/kapitalis.com\/tunisie\/wp-content\/uploads\/2021\/12\/Untitled-6-2.jpg\" alt=\"\" class=\"wp-image-374116\"\/><\/figure><\/div>\n\n\n\n<p><em><strong>La 1<sup>e<\/sup> \u00e9dition de la r\u00e9sidence sc\u00e9naristique \u00ab\u00a0Courts entre deux rives\u00a0\u00bb aura lieu d\u2019abord en Tunisie puis en Corse au d\u00e9but de l\u2019ann\u00e9e 2022. Une initiative franco-tunisienne pour promouvoir le court-m\u00e9trage sur le territoire m\u00e9diterran\u00e9en.<\/strong><\/em><\/p>\n\n\n\n<!--more-->\n\n\n\n<p>Le Centre National du Cin\u00e9ma et de l\u2019Image (CNCI)en coop\u00e9ration avec&nbsp; Diffusion KVA en partenariat avec la Cin\u00e9math\u00e8que Tunisienne, l\u2019Institut Fran\u00e7ais de Tunisie (IFT), France 3 Corse ViaStella, Musical RMCC, la Collectivit\u00e9 de Corse (en partenariat avec le CNC Fran\u00e7ais), Le Cors&rsquo;Hotel, Corsica P\u00f4le tournages et Cin\u00e9feel Prod organisent la premi\u00e8re r\u00e9sidence d\u2019\u00e9criture sc\u00e9naristique franco-tunisienne \u00ab&nbsp;Courts Entre 2 Rives&nbsp;\u00bb d\u00e9di\u00e9e \u00e0 la fiction courte en Tunisie puis en Corse.<\/p>\n\n\n\n<p>L\u2019objectif de cette r\u00e9sidence est de cr\u00e9er une passerelle entre les deux rives de la M\u00e9diterran\u00e9e dans le but de soutenir et promouvoir le court m\u00e9trage aussi bien en Tunisie qu\u2019en Corse. Cette r\u00e9sidence d\u2019\u00e9criture sc\u00e9naristique, permettra de soutenir la cr\u00e9ation des jeunes talents d\u00e8s l\u2019\u00e9tape de l\u2019\u00e9criture de leurs films.<\/p>\n\n\n\n<p>Cinq Auteurs\/r\u00e9alisateursseront s\u00e9lectionn\u00e9s (3 tunisiens et 2 corses) pour participer \u00e0 la premi\u00e8re session de la R\u00e9sidence en Tunisie pr\u00e9vue d\u2019avoir lieu du 7 au 13 F\u00e9vrier 2022, et \u00e0 l\u2019issue de laquelle un jury s\u00e9lectionnera trois candidats pour participer \u00e0 la deuxi\u00e8me session qui se tiendra du 17 au 23 avril 2022 en Corse.<\/p>\n\n\n\n<p>\u00ab&nbsp;Courts Entre deux Rives&nbsp;\u00bb d\u00e9cernera deux prix&nbsp;:<\/p>\n\n\n\n<p>&#8211; Un Prix \u00e0 la production avec France 3 Corse ViaStella (France T\u00e9l\u00e9visions) d\u00e9cern\u00e9 apr\u00e8s la r\u00e9sidence d\u2019\u00e9criture.<\/p>\n\n\n\n<p>&#8211; Une s\u00e9lection d\u2019un laur\u00e9at par Musical RMCC pour une r\u00e9sidence composition pour l\u2019image en Corse.<\/p>\n\n\n\n<p class=\"has-text-align-right\"><strong>F.B<\/strong><\/p>\n","protected":false},"excerpt":{"rendered":"<p>La 1e \u00e9dition de la r\u00e9sidence sc\u00e9naristique \u00ab\u00a0Courts entre deux rives\u00a0\u00bb aura lieu d\u2019abord en Tunisie puis en Corse au d\u00e9but de l\u2019ann\u00e9e 2022. Une initiative franco-tunisienne pour promouvoir le court-m\u00e9trage sur le territoire m\u00e9diterran\u00e9en.<\/p>\n","protected":false},"author":26,"featured_media":374116,"comment_status":"open","ping_status":"open","sticky":false,"template":"","format":"standard","meta":{"footnotes":""},"categories":[994,2433],"tags":[51370,95914,95913,462,62643],"class_list":["post-374114","post","type-post","status-publish","format-standard","has-post-thumbnail","hentry","category-culture","category-tunisie","tag-corse","tag-courts-entre-deux-rives","tag-ecriture-scenaristique","tag-ift","tag-tunisie"],"yoast_head":"<!-- This site is optimized with the Yoast SEO plugin v26.6 - https:\/\/yoast.com\/wordpress\/plugins\/seo\/ -->\n<title>&quot;Courts entre deux rives&quot; : Premi\u00e8re r\u00e9sidence sc\u00e9naristique entre la Tunisie et la Corse - Kapitalis<\/title>\n<meta name=\"robots\" content=\"index, follow, max-snippet:-1, max-image-preview:large, max-video-preview:-1\" \/>\n<link rel=\"canonical\" href=\"https:\/\/kapitalis.com\/tunisie\/2021\/12\/20\/courts-entre-deux-rives-premiere-residence-scenaristique-entre-la-tunisie-et-la-corse\/\" \/>\n<meta property=\"og:locale\" content=\"fr_FR\" \/>\n<meta property=\"og:type\" content=\"article\" \/>\n<meta property=\"og:title\" content=\"&quot;Courts entre deux rives&quot; : Premi\u00e8re r\u00e9sidence sc\u00e9naristique entre la Tunisie et la Corse - Kapitalis\" \/>\n<meta property=\"og:description\" content=\"La 1e \u00e9dition de la r\u00e9sidence sc\u00e9naristique \u00ab\u00a0Courts entre deux rives\u00a0\u00bb aura lieu d\u2019abord en Tunisie puis en Corse au d\u00e9but de l\u2019ann\u00e9e 2022. Une initiative franco-tunisienne pour promouvoir le court-m\u00e9trage sur le territoire m\u00e9diterran\u00e9en.\" \/>\n<meta property=\"og:url\" content=\"https:\/\/kapitalis.com\/tunisie\/2021\/12\/20\/courts-entre-deux-rives-premiere-residence-scenaristique-entre-la-tunisie-et-la-corse\/\" \/>\n<meta property=\"og:site_name\" content=\"Kapitalis\" \/>\n<meta property=\"article:publisher\" content=\"https:\/\/www.facebook.com\/KapitalisInfo\/\" \/>\n<meta property=\"article:published_time\" content=\"2021-12-20T10:51:26+00:00\" \/>\n<meta property=\"article:modified_time\" content=\"2021-12-20T10:55:22+00:00\" \/>\n<meta property=\"og:image\" content=\"https:\/\/kapitalis.com\/tunisie\/wp-content\/uploads\/2022\/05\/kapitalis-logo-fb.png\" \/>\n\t<meta property=\"og:image:width\" content=\"1200\" \/>\n\t<meta property=\"og:image:height\" content=\"630\" \/>\n\t<meta property=\"og:image:type\" content=\"image\/png\" \/>\n<meta name=\"author\" content=\"Fawz BenAli\" \/>\n<meta name=\"twitter:card\" content=\"summary_large_image\" \/>\n<meta name=\"twitter:creator\" content=\"@KapitalisInfo\" \/>\n<meta name=\"twitter:site\" content=\"@KapitalisInfo\" \/>\n<meta name=\"twitter:label1\" content=\"\u00c9crit par\" \/>\n\t<meta name=\"twitter:data1\" content=\"Fawz BenAli\" \/>\n\t<meta name=\"twitter:label2\" content=\"Dur\u00e9e de lecture estim\u00e9e\" \/>\n\t<meta name=\"twitter:data2\" content=\"2 minutes\" \/>\n<script type=\"application\/ld+json\" class=\"yoast-schema-graph\">{\"@context\":\"https:\/\/schema.org\",\"@graph\":[{\"@type\":\"Article\",\"@id\":\"https:\/\/kapitalis.com\/tunisie\/2021\/12\/20\/courts-entre-deux-rives-premiere-residence-scenaristique-entre-la-tunisie-et-la-corse\/#article\",\"isPartOf\":{\"@id\":\"https:\/\/kapitalis.com\/tunisie\/2021\/12\/20\/courts-entre-deux-rives-premiere-residence-scenaristique-entre-la-tunisie-et-la-corse\/\"},\"author\":{\"name\":\"Fawz BenAli\",\"@id\":\"https:\/\/kapitalis.com\/tunisie\/#\/schema\/person\/73a5ecc1f6ae540c6ed91342eadca948\"},\"headline\":\"\u00ab\u00a0Courts entre deux rives\u00a0\u00bb : Premi\u00e8re r\u00e9sidence sc\u00e9naristique entre la Tunisie et la Corse\",\"datePublished\":\"2021-12-20T10:51:26+00:00\",\"dateModified\":\"2021-12-20T10:55:22+00:00\",\"mainEntityOfPage\":{\"@id\":\"https:\/\/kapitalis.com\/tunisie\/2021\/12\/20\/courts-entre-deux-rives-premiere-residence-scenaristique-entre-la-tunisie-et-la-corse\/\"},\"wordCount\":322,\"commentCount\":0,\"publisher\":{\"@id\":\"https:\/\/kapitalis.com\/tunisie\/#organization\"},\"image\":{\"@id\":\"https:\/\/kapitalis.com\/tunisie\/2021\/12\/20\/courts-entre-deux-rives-premiere-residence-scenaristique-entre-la-tunisie-et-la-corse\/#primaryimage\"},\"thumbnailUrl\":\"\",\"keywords\":[\"Corse\",\"Courts entre deux rives\",\"\u00e9criture sc\u00e9naristique\",\"IFT\",\"Tunisie\"],\"articleSection\":[\"CULTURE\",\"Tunisie\"],\"inLanguage\":\"fr-FR\",\"potentialAction\":[{\"@type\":\"CommentAction\",\"name\":\"Comment\",\"target\":[\"https:\/\/kapitalis.com\/tunisie\/2021\/12\/20\/courts-entre-deux-rives-premiere-residence-scenaristique-entre-la-tunisie-et-la-corse\/#respond\"]}]},{\"@type\":\"WebPage\",\"@id\":\"https:\/\/kapitalis.com\/tunisie\/2021\/12\/20\/courts-entre-deux-rives-premiere-residence-scenaristique-entre-la-tunisie-et-la-corse\/\",\"url\":\"https:\/\/kapitalis.com\/tunisie\/2021\/12\/20\/courts-entre-deux-rives-premiere-residence-scenaristique-entre-la-tunisie-et-la-corse\/\",\"name\":\"\\\"Courts entre deux rives\\\" : Premi\u00e8re r\u00e9sidence sc\u00e9naristique entre la Tunisie et la Corse - Kapitalis\",\"isPartOf\":{\"@id\":\"https:\/\/kapitalis.com\/tunisie\/#website\"},\"primaryImageOfPage\":{\"@id\":\"https:\/\/kapitalis.com\/tunisie\/2021\/12\/20\/courts-entre-deux-rives-premiere-residence-scenaristique-entre-la-tunisie-et-la-corse\/#primaryimage\"},\"image\":{\"@id\":\"https:\/\/kapitalis.com\/tunisie\/2021\/12\/20\/courts-entre-deux-rives-premiere-residence-scenaristique-entre-la-tunisie-et-la-corse\/#primaryimage\"},\"thumbnailUrl\":\"\",\"datePublished\":\"2021-12-20T10:51:26+00:00\",\"dateModified\":\"2021-12-20T10:55:22+00:00\",\"breadcrumb\":{\"@id\":\"https:\/\/kapitalis.com\/tunisie\/2021\/12\/20\/courts-entre-deux-rives-premiere-residence-scenaristique-entre-la-tunisie-et-la-corse\/#breadcrumb\"},\"inLanguage\":\"fr-FR\",\"potentialAction\":[{\"@type\":\"ReadAction\",\"target\":[\"https:\/\/kapitalis.com\/tunisie\/2021\/12\/20\/courts-entre-deux-rives-premiere-residence-scenaristique-entre-la-tunisie-et-la-corse\/\"]}]},{\"@type\":\"ImageObject\",\"inLanguage\":\"fr-FR\",\"@id\":\"https:\/\/kapitalis.com\/tunisie\/2021\/12\/20\/courts-entre-deux-rives-premiere-residence-scenaristique-entre-la-tunisie-et-la-corse\/#primaryimage\",\"url\":\"\",\"contentUrl\":\"\"},{\"@type\":\"BreadcrumbList\",\"@id\":\"https:\/\/kapitalis.com\/tunisie\/2021\/12\/20\/courts-entre-deux-rives-premiere-residence-scenaristique-entre-la-tunisie-et-la-corse\/#breadcrumb\",\"itemListElement\":[{\"@type\":\"ListItem\",\"position\":1,\"name\":\"Accueil\",\"item\":\"https:\/\/kapitalis.com\/tunisie\/\"},{\"@type\":\"ListItem\",\"position\":2,\"name\":\"\u00ab\u00a0Courts entre deux rives\u00a0\u00bb : Premi\u00e8re r\u00e9sidence sc\u00e9naristique entre la Tunisie et la Corse\"}]},{\"@type\":\"WebSite\",\"@id\":\"https:\/\/kapitalis.com\/tunisie\/#website\",\"url\":\"https:\/\/kapitalis.com\/tunisie\/\",\"name\":\"Kapitalis\",\"description\":\"L&#039;actualit\u00e9 en Tunisie et dans le monde\",\"publisher\":{\"@id\":\"https:\/\/kapitalis.com\/tunisie\/#organization\"},\"potentialAction\":[{\"@type\":\"SearchAction\",\"target\":{\"@type\":\"EntryPoint\",\"urlTemplate\":\"https:\/\/kapitalis.com\/tunisie\/?s={search_term_string}\"},\"query-input\":{\"@type\":\"PropertyValueSpecification\",\"valueRequired\":true,\"valueName\":\"search_term_string\"}}],\"inLanguage\":\"fr-FR\"},{\"@type\":\"Organization\",\"@id\":\"https:\/\/kapitalis.com\/tunisie\/#organization\",\"name\":\"Kapitalis\",\"url\":\"https:\/\/kapitalis.com\/tunisie\/\",\"logo\":{\"@type\":\"ImageObject\",\"inLanguage\":\"fr-FR\",\"@id\":\"https:\/\/kapitalis.com\/tunisie\/#\/schema\/logo\/image\/\",\"url\":\"https:\/\/kapitalis.com\/tunisie\/wp-content\/uploads\/2022\/05\/Kapitalis-big-size.png\",\"contentUrl\":\"https:\/\/kapitalis.com\/tunisie\/wp-content\/uploads\/2022\/05\/Kapitalis-big-size.png\",\"width\":5000,\"height\":1500,\"caption\":\"Kapitalis\"},\"image\":{\"@id\":\"https:\/\/kapitalis.com\/tunisie\/#\/schema\/logo\/image\/\"},\"sameAs\":[\"https:\/\/www.facebook.com\/KapitalisInfo\/\",\"https:\/\/x.com\/KapitalisInfo\",\"https:\/\/www.youtube.com\/channel\/UC-yDYrHyfFBWWZaOw3FPg9Q\"]},{\"@type\":\"Person\",\"@id\":\"https:\/\/kapitalis.com\/tunisie\/#\/schema\/person\/73a5ecc1f6ae540c6ed91342eadca948\",\"name\":\"Fawz BenAli\",\"url\":\"https:\/\/kapitalis.com\/tunisie\/author\/fawz\/\"}]}<\/script>\n<!-- \/ Yoast SEO plugin. -->","yoast_head_json":{"title":"\"Courts entre deux rives\" : Premi\u00e8re r\u00e9sidence sc\u00e9naristique entre la Tunisie et la Corse - Kapitalis","robots":{"index":"index","follow":"follow","max-snippet":"max-snippet:-1","max-image-preview":"max-image-preview:large","max-video-preview":"max-video-preview:-1"},"canonical":"https:\/\/kapitalis.com\/tunisie\/2021\/12\/20\/courts-entre-deux-rives-premiere-residence-scenaristique-entre-la-tunisie-et-la-corse\/","og_locale":"fr_FR","og_type":"article","og_title":"\"Courts entre deux rives\" : Premi\u00e8re r\u00e9sidence sc\u00e9naristique entre la Tunisie et la Corse - Kapitalis","og_description":"La 1e \u00e9dition de la r\u00e9sidence sc\u00e9naristique \u00ab\u00a0Courts entre deux rives\u00a0\u00bb aura lieu d\u2019abord en Tunisie puis en Corse au d\u00e9but de l\u2019ann\u00e9e 2022. Une initiative franco-tunisienne pour promouvoir le court-m\u00e9trage sur le territoire m\u00e9diterran\u00e9en.","og_url":"https:\/\/kapitalis.com\/tunisie\/2021\/12\/20\/courts-entre-deux-rives-premiere-residence-scenaristique-entre-la-tunisie-et-la-corse\/","og_site_name":"Kapitalis","article_publisher":"https:\/\/www.facebook.com\/KapitalisInfo\/","article_published_time":"2021-12-20T10:51:26+00:00","article_modified_time":"2021-12-20T10:55:22+00:00","og_image":[{"width":1200,"height":630,"url":"https:\/\/kapitalis.com\/tunisie\/wp-content\/uploads\/2022\/05\/kapitalis-logo-fb.png","type":"image\/png"}],"author":"Fawz BenAli","twitter_card":"summary_large_image","twitter_creator":"@KapitalisInfo","twitter_site":"@KapitalisInfo","twitter_misc":{"\u00c9crit par":"Fawz BenAli","Dur\u00e9e de lecture estim\u00e9e":"2 minutes"},"schema":{"@context":"https:\/\/schema.org","@graph":[{"@type":"Article","@id":"https:\/\/kapitalis.com\/tunisie\/2021\/12\/20\/courts-entre-deux-rives-premiere-residence-scenaristique-entre-la-tunisie-et-la-corse\/#article","isPartOf":{"@id":"https:\/\/kapitalis.com\/tunisie\/2021\/12\/20\/courts-entre-deux-rives-premiere-residence-scenaristique-entre-la-tunisie-et-la-corse\/"},"author":{"name":"Fawz BenAli","@id":"https:\/\/kapitalis.com\/tunisie\/#\/schema\/person\/73a5ecc1f6ae540c6ed91342eadca948"},"headline":"\u00ab\u00a0Courts entre deux rives\u00a0\u00bb : Premi\u00e8re r\u00e9sidence sc\u00e9naristique entre la Tunisie et la Corse","datePublished":"2021-12-20T10:51:26+00:00","dateModified":"2021-12-20T10:55:22+00:00","mainEntityOfPage":{"@id":"https:\/\/kapitalis.com\/tunisie\/2021\/12\/20\/courts-entre-deux-rives-premiere-residence-scenaristique-entre-la-tunisie-et-la-corse\/"},"wordCount":322,"commentCount":0,"publisher":{"@id":"https:\/\/kapitalis.com\/tunisie\/#organization"},"image":{"@id":"https:\/\/kapitalis.com\/tunisie\/2021\/12\/20\/courts-entre-deux-rives-premiere-residence-scenaristique-entre-la-tunisie-et-la-corse\/#primaryimage"},"thumbnailUrl":"","keywords":["Corse","Courts entre deux rives","\u00e9criture sc\u00e9naristique","IFT","Tunisie"],"articleSection":["CULTURE","Tunisie"],"inLanguage":"fr-FR","potentialAction":[{"@type":"CommentAction","name":"Comment","target":["https:\/\/kapitalis.com\/tunisie\/2021\/12\/20\/courts-entre-deux-rives-premiere-residence-scenaristique-entre-la-tunisie-et-la-corse\/#respond"]}]},{"@type":"WebPage","@id":"https:\/\/kapitalis.com\/tunisie\/2021\/12\/20\/courts-entre-deux-rives-premiere-residence-scenaristique-entre-la-tunisie-et-la-corse\/","url":"https:\/\/kapitalis.com\/tunisie\/2021\/12\/20\/courts-entre-deux-rives-premiere-residence-scenaristique-entre-la-tunisie-et-la-corse\/","name":"\"Courts entre deux rives\" : Premi\u00e8re r\u00e9sidence sc\u00e9naristique entre la Tunisie et la Corse - Kapitalis","isPartOf":{"@id":"https:\/\/kapitalis.com\/tunisie\/#website"},"primaryImageOfPage":{"@id":"https:\/\/kapitalis.com\/tunisie\/2021\/12\/20\/courts-entre-deux-rives-premiere-residence-scenaristique-entre-la-tunisie-et-la-corse\/#primaryimage"},"image":{"@id":"https:\/\/kapitalis.com\/tunisie\/2021\/12\/20\/courts-entre-deux-rives-premiere-residence-scenaristique-entre-la-tunisie-et-la-corse\/#primaryimage"},"thumbnailUrl":"","datePublished":"2021-12-20T10:51:26+00:00","dateModified":"2021-12-20T10:55:22+00:00","breadcrumb":{"@id":"https:\/\/kapitalis.com\/tunisie\/2021\/12\/20\/courts-entre-deux-rives-premiere-residence-scenaristique-entre-la-tunisie-et-la-corse\/#breadcrumb"},"inLanguage":"fr-FR","potentialAction":[{"@type":"ReadAction","target":["https:\/\/kapitalis.com\/tunisie\/2021\/12\/20\/courts-entre-deux-rives-premiere-residence-scenaristique-entre-la-tunisie-et-la-corse\/"]}]},{"@type":"ImageObject","inLanguage":"fr-FR","@id":"https:\/\/kapitalis.com\/tunisie\/2021\/12\/20\/courts-entre-deux-rives-premiere-residence-scenaristique-entre-la-tunisie-et-la-corse\/#primaryimage","url":"","contentUrl":""},{"@type":"BreadcrumbList","@id":"https:\/\/kapitalis.com\/tunisie\/2021\/12\/20\/courts-entre-deux-rives-premiere-residence-scenaristique-entre-la-tunisie-et-la-corse\/#breadcrumb","itemListElement":[{"@type":"ListItem","position":1,"name":"Accueil","item":"https:\/\/kapitalis.com\/tunisie\/"},{"@type":"ListItem","position":2,"name":"\u00ab\u00a0Courts entre deux rives\u00a0\u00bb : Premi\u00e8re r\u00e9sidence sc\u00e9naristique entre la Tunisie et la Corse"}]},{"@type":"WebSite","@id":"https:\/\/kapitalis.com\/tunisie\/#website","url":"https:\/\/kapitalis.com\/tunisie\/","name":"Kapitalis","description":"L&#039;actualit\u00e9 en Tunisie et dans le monde","publisher":{"@id":"https:\/\/kapitalis.com\/tunisie\/#organization"},"potentialAction":[{"@type":"SearchAction","target":{"@type":"EntryPoint","urlTemplate":"https:\/\/kapitalis.com\/tunisie\/?s={search_term_string}"},"query-input":{"@type":"PropertyValueSpecification","valueRequired":true,"valueName":"search_term_string"}}],"inLanguage":"fr-FR"},{"@type":"Organization","@id":"https:\/\/kapitalis.com\/tunisie\/#organization","name":"Kapitalis","url":"https:\/\/kapitalis.com\/tunisie\/","logo":{"@type":"ImageObject","inLanguage":"fr-FR","@id":"https:\/\/kapitalis.com\/tunisie\/#\/schema\/logo\/image\/","url":"https:\/\/kapitalis.com\/tunisie\/wp-content\/uploads\/2022\/05\/Kapitalis-big-size.png","contentUrl":"https:\/\/kapitalis.com\/tunisie\/wp-content\/uploads\/2022\/05\/Kapitalis-big-size.png","width":5000,"height":1500,"caption":"Kapitalis"},"image":{"@id":"https:\/\/kapitalis.com\/tunisie\/#\/schema\/logo\/image\/"},"sameAs":["https:\/\/www.facebook.com\/KapitalisInfo\/","https:\/\/x.com\/KapitalisInfo","https:\/\/www.youtube.com\/channel\/UC-yDYrHyfFBWWZaOw3FPg9Q"]},{"@type":"Person","@id":"https:\/\/kapitalis.com\/tunisie\/#\/schema\/person\/73a5ecc1f6ae540c6ed91342eadca948","name":"Fawz BenAli","url":"https:\/\/kapitalis.com\/tunisie\/author\/fawz\/"}]}},"_links":{"self":[{"href":"https:\/\/kapitalis.com\/tunisie\/wp-json\/wp\/v2\/posts\/374114","targetHints":{"allow":["GET"]}}],"collection":[{"href":"https:\/\/kapitalis.com\/tunisie\/wp-json\/wp\/v2\/posts"}],"about":[{"href":"https:\/\/kapitalis.com\/tunisie\/wp-json\/wp\/v2\/types\/post"}],"author":[{"embeddable":true,"href":"https:\/\/kapitalis.com\/tunisie\/wp-json\/wp\/v2\/users\/26"}],"replies":[{"embeddable":true,"href":"https:\/\/kapitalis.com\/tunisie\/wp-json\/wp\/v2\/comments?post=374114"}],"version-history":[{"count":0,"href":"https:\/\/kapitalis.com\/tunisie\/wp-json\/wp\/v2\/posts\/374114\/revisions"}],"wp:featuredmedia":[{"embeddable":true,"href":"https:\/\/kapitalis.com\/tunisie\/wp-json\/wp\/v2\/media\/374116"}],"wp:attachment":[{"href":"https:\/\/kapitalis.com\/tunisie\/wp-json\/wp\/v2\/media?parent=374114"}],"wp:term":[{"taxonomy":"category","embeddable":true,"href":"https:\/\/kapitalis.com\/tunisie\/wp-json\/wp\/v2\/categories?post=374114"},{"taxonomy":"post_tag","embeddable":true,"href":"https:\/\/kapitalis.com\/tunisie\/wp-json\/wp\/v2\/tags?post=374114"}],"curies":[{"name":"wp","href":"https:\/\/api.w.org\/{rel}","templated":true}]}}