{"id":374124,"date":"2021-12-20T13:04:58","date_gmt":"2021-12-20T12:04:58","guid":{"rendered":"http:\/\/kapitalis.com\/tunisie\/?p=374124"},"modified":"2021-12-20T13:06:06","modified_gmt":"2021-12-20T12:06:06","slug":"tunisie-report-du-proces-de-seifeddine-makhlouf","status":"publish","type":"post","link":"https:\/\/kapitalis.com\/tunisie\/2021\/12\/20\/tunisie-report-du-proces-de-seifeddine-makhlouf\/","title":{"rendered":"Tunisie : Report du proc\u00e8s de Seifeddine Makhlouf"},"content":{"rendered":"\n<div class=\"wp-block-image\"><figure class=\"aligncenter size-full\"><img decoding=\"async\" src=\"http:\/\/kapitalis.com\/tunisie\/wp-content\/uploads\/2020\/07\/Seifeddine-Makhlouf-1.jpg\" alt=\"\" class=\"wp-image-307448\"\/><\/figure><\/div>\n\n\n\n<p><strong><em>Pour la deuxi\u00e8me fois en cinq jours, le proc\u00e8s du chef de la coalition Al-Karama, Seifeddine Makhlouf, a \u00e9t\u00e9 report\u00e9 par la sixi\u00e8me Chambre p\u00e9nale pr\u00e8s du Tribunal de premi\u00e8re instance de Tunis, ce lundi 20 d\u00e9cembre 2021, dans le cadre de l\u2019affaire port\u00e9e \u00e0 son encontre par le procureur de la r\u00e9publique pr\u00e9s du tribunal de premi\u00e8re instance de Sidi Bouzid.\u00a0<\/em><\/strong><\/p>\n\n\n\n<!--more-->\n\n\n\n<p>Cette d\u00e9cision a \u00e9t\u00e9 prise pour la m\u00eame raison que jeudi dernier, \u00e0 savoir le refus de Makhlouf de quitter la prison, pour des raisons sanitaires selon sa d\u00e9fense.<\/p>\n\n\n\n<p>Rappelons que ledit procureur de la r\u00e9publique accuse Seifeddine Makhlouf d&rsquo;avoir tenu des propos diffamatoires \u00e0 son encontre dans une vid\u00e9o partag\u00e9e sur les r\u00e9seaux sociaux \u00e0 l\u2019issue de la fermeture de l\u2019\u00e9cole coranique \u00e0 Regueb.<\/p>\n\n\n\n<p>Notons \u00e9galement que la Chambre p\u00e9nale avait condamn\u00e9 Seifeddine Makhlouf \u00e0 20 mois de prison par contumace, pour avoir port\u00e9 atteinte \u00e0 autrui \u00e0 travers les r\u00e9seaux sociaux et pour calomnie, et que Makhlouf avait fait appel de ce jugement.<\/p>\n\n\n\n<p class=\"has-text-align-right\"><strong>C. B. Y.<\/strong><\/p>\n","protected":false},"excerpt":{"rendered":"<p>Pour la deuxi\u00e8me fois en cinq jours, le proc\u00e8s du chef de la coalition Al-Karama, Seifeddine Makhlouf, a \u00e9t\u00e9 report\u00e9 par la sixi\u00e8me Chambre p\u00e9nale pr\u00e8s du Tribunal de premi\u00e8re instance de Tunis, ce lundi 20 d\u00e9cembre 2021, dans le cadre de l\u2019affaire port\u00e9e \u00e0 son encontre par le procureur de la r\u00e9publique pr\u00e9s du&#8230;<\/p>\n","protected":false},"author":24,"featured_media":0,"comment_status":"open","ping_status":"open","sticky":false,"template":"","format":"standard","meta":{"footnotes":""},"categories":[997,2433],"tags":[76464,778,8752],"class_list":["post-374124","post","type-post","status-publish","format-standard","hentry","category-politique","category-tunisie","tag-al-karama-2","tag-regueb","tag-seifeddine-makhlouf"],"yoast_head":"<!-- This site is optimized with the Yoast SEO plugin v26.6 - https:\/\/yoast.com\/wordpress\/plugins\/seo\/ -->\n<title>Tunisie : Report du proc\u00e8s de Seifeddine Makhlouf - Kapitalis<\/title>\n<meta name=\"robots\" content=\"index, follow, max-snippet:-1, max-image-preview:large, max-video-preview:-1\" \/>\n<link rel=\"canonical\" href=\"https:\/\/kapitalis.com\/tunisie\/2021\/12\/20\/tunisie-report-du-proces-de-seifeddine-makhlouf\/\" \/>\n<meta property=\"og:locale\" content=\"fr_FR\" \/>\n<meta property=\"og:type\" content=\"article\" \/>\n<meta property=\"og:title\" content=\"Tunisie : Report du proc\u00e8s de Seifeddine Makhlouf - Kapitalis\" \/>\n<meta property=\"og:description\" content=\"Pour la deuxi\u00e8me fois en cinq jours, le proc\u00e8s du chef de la coalition Al-Karama, Seifeddine Makhlouf, a \u00e9t\u00e9 report\u00e9 par la sixi\u00e8me Chambre p\u00e9nale pr\u00e8s du Tribunal de premi\u00e8re instance de Tunis, ce lundi 20 d\u00e9cembre 2021, dans le cadre de l\u2019affaire port\u00e9e \u00e0 son encontre par le procureur de la r\u00e9publique pr\u00e9s du...\" \/>\n<meta property=\"og:url\" content=\"https:\/\/kapitalis.com\/tunisie\/2021\/12\/20\/tunisie-report-du-proces-de-seifeddine-makhlouf\/\" \/>\n<meta property=\"og:site_name\" content=\"Kapitalis\" \/>\n<meta property=\"article:publisher\" content=\"https:\/\/www.facebook.com\/KapitalisInfo\/\" \/>\n<meta property=\"article:published_time\" content=\"2021-12-20T12:04:58+00:00\" \/>\n<meta property=\"article:modified_time\" content=\"2021-12-20T12:06:06+00:00\" \/>\n<meta property=\"og:image\" content=\"http:\/\/kapitalis.com\/tunisie\/wp-content\/uploads\/2020\/07\/Seifeddine-Makhlouf-1.jpg\" \/>\n<meta name=\"author\" content=\"Cherif Benyounes\" \/>\n<meta name=\"twitter:card\" content=\"summary_large_image\" \/>\n<meta name=\"twitter:creator\" content=\"@KapitalisInfo\" \/>\n<meta name=\"twitter:site\" content=\"@KapitalisInfo\" \/>\n<meta name=\"twitter:label1\" content=\"\u00c9crit par\" \/>\n\t<meta name=\"twitter:data1\" content=\"Cherif Benyounes\" \/>\n\t<meta name=\"twitter:label2\" content=\"Dur\u00e9e de lecture estim\u00e9e\" \/>\n\t<meta name=\"twitter:data2\" content=\"1 minute\" \/>\n<script type=\"application\/ld+json\" class=\"yoast-schema-graph\">{\"@context\":\"https:\/\/schema.org\",\"@graph\":[{\"@type\":\"Article\",\"@id\":\"https:\/\/kapitalis.com\/tunisie\/2021\/12\/20\/tunisie-report-du-proces-de-seifeddine-makhlouf\/#article\",\"isPartOf\":{\"@id\":\"https:\/\/kapitalis.com\/tunisie\/2021\/12\/20\/tunisie-report-du-proces-de-seifeddine-makhlouf\/\"},\"author\":{\"name\":\"Cherif Benyounes\",\"@id\":\"https:\/\/kapitalis.com\/tunisie\/#\/schema\/person\/b35b8d631961131107263178aeb8019e\"},\"headline\":\"Tunisie : Report du proc\u00e8s de Seifeddine Makhlouf\",\"datePublished\":\"2021-12-20T12:04:58+00:00\",\"dateModified\":\"2021-12-20T12:06:06+00:00\",\"mainEntityOfPage\":{\"@id\":\"https:\/\/kapitalis.com\/tunisie\/2021\/12\/20\/tunisie-report-du-proces-de-seifeddine-makhlouf\/\"},\"wordCount\":190,\"commentCount\":2,\"publisher\":{\"@id\":\"https:\/\/kapitalis.com\/tunisie\/#organization\"},\"image\":{\"@id\":\"https:\/\/kapitalis.com\/tunisie\/2021\/12\/20\/tunisie-report-du-proces-de-seifeddine-makhlouf\/#primaryimage\"},\"thumbnailUrl\":\"http:\/\/kapitalis.com\/tunisie\/wp-content\/uploads\/2020\/07\/Seifeddine-Makhlouf-1.jpg\",\"keywords\":[\"Al-Karama\",\"Regueb\",\"Seifeddine Makhlouf\"],\"articleSection\":[\"POLITIQUE\",\"Tunisie\"],\"inLanguage\":\"fr-FR\",\"potentialAction\":[{\"@type\":\"CommentAction\",\"name\":\"Comment\",\"target\":[\"https:\/\/kapitalis.com\/tunisie\/2021\/12\/20\/tunisie-report-du-proces-de-seifeddine-makhlouf\/#respond\"]}]},{\"@type\":\"WebPage\",\"@id\":\"https:\/\/kapitalis.com\/tunisie\/2021\/12\/20\/tunisie-report-du-proces-de-seifeddine-makhlouf\/\",\"url\":\"https:\/\/kapitalis.com\/tunisie\/2021\/12\/20\/tunisie-report-du-proces-de-seifeddine-makhlouf\/\",\"name\":\"Tunisie : Report du proc\u00e8s de Seifeddine Makhlouf - Kapitalis\",\"isPartOf\":{\"@id\":\"https:\/\/kapitalis.com\/tunisie\/#website\"},\"primaryImageOfPage\":{\"@id\":\"https:\/\/kapitalis.com\/tunisie\/2021\/12\/20\/tunisie-report-du-proces-de-seifeddine-makhlouf\/#primaryimage\"},\"image\":{\"@id\":\"https:\/\/kapitalis.com\/tunisie\/2021\/12\/20\/tunisie-report-du-proces-de-seifeddine-makhlouf\/#primaryimage\"},\"thumbnailUrl\":\"http:\/\/kapitalis.com\/tunisie\/wp-content\/uploads\/2020\/07\/Seifeddine-Makhlouf-1.jpg\",\"datePublished\":\"2021-12-20T12:04:58+00:00\",\"dateModified\":\"2021-12-20T12:06:06+00:00\",\"breadcrumb\":{\"@id\":\"https:\/\/kapitalis.com\/tunisie\/2021\/12\/20\/tunisie-report-du-proces-de-seifeddine-makhlouf\/#breadcrumb\"},\"inLanguage\":\"fr-FR\",\"potentialAction\":[{\"@type\":\"ReadAction\",\"target\":[\"https:\/\/kapitalis.com\/tunisie\/2021\/12\/20\/tunisie-report-du-proces-de-seifeddine-makhlouf\/\"]}]},{\"@type\":\"ImageObject\",\"inLanguage\":\"fr-FR\",\"@id\":\"https:\/\/kapitalis.com\/tunisie\/2021\/12\/20\/tunisie-report-du-proces-de-seifeddine-makhlouf\/#primaryimage\",\"url\":\"\",\"contentUrl\":\"\"},{\"@type\":\"BreadcrumbList\",\"@id\":\"https:\/\/kapitalis.com\/tunisie\/2021\/12\/20\/tunisie-report-du-proces-de-seifeddine-makhlouf\/#breadcrumb\",\"itemListElement\":[{\"@type\":\"ListItem\",\"position\":1,\"name\":\"Accueil\",\"item\":\"https:\/\/kapitalis.com\/tunisie\/\"},{\"@type\":\"ListItem\",\"position\":2,\"name\":\"Tunisie : Report du proc\u00e8s de Seifeddine Makhlouf\"}]},{\"@type\":\"WebSite\",\"@id\":\"https:\/\/kapitalis.com\/tunisie\/#website\",\"url\":\"https:\/\/kapitalis.com\/tunisie\/\",\"name\":\"Kapitalis\",\"description\":\"L&#039;actualit\u00e9 en Tunisie et dans le monde\",\"publisher\":{\"@id\":\"https:\/\/kapitalis.com\/tunisie\/#organization\"},\"potentialAction\":[{\"@type\":\"SearchAction\",\"target\":{\"@type\":\"EntryPoint\",\"urlTemplate\":\"https:\/\/kapitalis.com\/tunisie\/?s={search_term_string}\"},\"query-input\":{\"@type\":\"PropertyValueSpecification\",\"valueRequired\":true,\"valueName\":\"search_term_string\"}}],\"inLanguage\":\"fr-FR\"},{\"@type\":\"Organization\",\"@id\":\"https:\/\/kapitalis.com\/tunisie\/#organization\",\"name\":\"Kapitalis\",\"url\":\"https:\/\/kapitalis.com\/tunisie\/\",\"logo\":{\"@type\":\"ImageObject\",\"inLanguage\":\"fr-FR\",\"@id\":\"https:\/\/kapitalis.com\/tunisie\/#\/schema\/logo\/image\/\",\"url\":\"https:\/\/kapitalis.com\/tunisie\/wp-content\/uploads\/2022\/05\/Kapitalis-big-size.png\",\"contentUrl\":\"https:\/\/kapitalis.com\/tunisie\/wp-content\/uploads\/2022\/05\/Kapitalis-big-size.png\",\"width\":5000,\"height\":1500,\"caption\":\"Kapitalis\"},\"image\":{\"@id\":\"https:\/\/kapitalis.com\/tunisie\/#\/schema\/logo\/image\/\"},\"sameAs\":[\"https:\/\/www.facebook.com\/KapitalisInfo\/\",\"https:\/\/x.com\/KapitalisInfo\",\"https:\/\/www.youtube.com\/channel\/UC-yDYrHyfFBWWZaOw3FPg9Q\"]},{\"@type\":\"Person\",\"@id\":\"https:\/\/kapitalis.com\/tunisie\/#\/schema\/person\/b35b8d631961131107263178aeb8019e\",\"name\":\"Cherif Benyounes\",\"url\":\"https:\/\/kapitalis.com\/tunisie\/author\/cherif\/\"}]}<\/script>\n<!-- \/ Yoast SEO plugin. -->","yoast_head_json":{"title":"Tunisie : Report du proc\u00e8s de Seifeddine Makhlouf - Kapitalis","robots":{"index":"index","follow":"follow","max-snippet":"max-snippet:-1","max-image-preview":"max-image-preview:large","max-video-preview":"max-video-preview:-1"},"canonical":"https:\/\/kapitalis.com\/tunisie\/2021\/12\/20\/tunisie-report-du-proces-de-seifeddine-makhlouf\/","og_locale":"fr_FR","og_type":"article","og_title":"Tunisie : Report du proc\u00e8s de Seifeddine Makhlouf - Kapitalis","og_description":"Pour la deuxi\u00e8me fois en cinq jours, le proc\u00e8s du chef de la coalition Al-Karama, Seifeddine Makhlouf, a \u00e9t\u00e9 report\u00e9 par la sixi\u00e8me Chambre p\u00e9nale pr\u00e8s du Tribunal de premi\u00e8re instance de Tunis, ce lundi 20 d\u00e9cembre 2021, dans le cadre de l\u2019affaire port\u00e9e \u00e0 son encontre par le procureur de la r\u00e9publique pr\u00e9s du...","og_url":"https:\/\/kapitalis.com\/tunisie\/2021\/12\/20\/tunisie-report-du-proces-de-seifeddine-makhlouf\/","og_site_name":"Kapitalis","article_publisher":"https:\/\/www.facebook.com\/KapitalisInfo\/","article_published_time":"2021-12-20T12:04:58+00:00","article_modified_time":"2021-12-20T12:06:06+00:00","og_image":[{"url":"http:\/\/kapitalis.com\/tunisie\/wp-content\/uploads\/2020\/07\/Seifeddine-Makhlouf-1.jpg","type":"","width":"","height":""}],"author":"Cherif Benyounes","twitter_card":"summary_large_image","twitter_creator":"@KapitalisInfo","twitter_site":"@KapitalisInfo","twitter_misc":{"\u00c9crit par":"Cherif Benyounes","Dur\u00e9e de lecture estim\u00e9e":"1 minute"},"schema":{"@context":"https:\/\/schema.org","@graph":[{"@type":"Article","@id":"https:\/\/kapitalis.com\/tunisie\/2021\/12\/20\/tunisie-report-du-proces-de-seifeddine-makhlouf\/#article","isPartOf":{"@id":"https:\/\/kapitalis.com\/tunisie\/2021\/12\/20\/tunisie-report-du-proces-de-seifeddine-makhlouf\/"},"author":{"name":"Cherif Benyounes","@id":"https:\/\/kapitalis.com\/tunisie\/#\/schema\/person\/b35b8d631961131107263178aeb8019e"},"headline":"Tunisie : Report du proc\u00e8s de Seifeddine Makhlouf","datePublished":"2021-12-20T12:04:58+00:00","dateModified":"2021-12-20T12:06:06+00:00","mainEntityOfPage":{"@id":"https:\/\/kapitalis.com\/tunisie\/2021\/12\/20\/tunisie-report-du-proces-de-seifeddine-makhlouf\/"},"wordCount":190,"commentCount":2,"publisher":{"@id":"https:\/\/kapitalis.com\/tunisie\/#organization"},"image":{"@id":"https:\/\/kapitalis.com\/tunisie\/2021\/12\/20\/tunisie-report-du-proces-de-seifeddine-makhlouf\/#primaryimage"},"thumbnailUrl":"http:\/\/kapitalis.com\/tunisie\/wp-content\/uploads\/2020\/07\/Seifeddine-Makhlouf-1.jpg","keywords":["Al-Karama","Regueb","Seifeddine Makhlouf"],"articleSection":["POLITIQUE","Tunisie"],"inLanguage":"fr-FR","potentialAction":[{"@type":"CommentAction","name":"Comment","target":["https:\/\/kapitalis.com\/tunisie\/2021\/12\/20\/tunisie-report-du-proces-de-seifeddine-makhlouf\/#respond"]}]},{"@type":"WebPage","@id":"https:\/\/kapitalis.com\/tunisie\/2021\/12\/20\/tunisie-report-du-proces-de-seifeddine-makhlouf\/","url":"https:\/\/kapitalis.com\/tunisie\/2021\/12\/20\/tunisie-report-du-proces-de-seifeddine-makhlouf\/","name":"Tunisie : Report du proc\u00e8s de Seifeddine Makhlouf - Kapitalis","isPartOf":{"@id":"https:\/\/kapitalis.com\/tunisie\/#website"},"primaryImageOfPage":{"@id":"https:\/\/kapitalis.com\/tunisie\/2021\/12\/20\/tunisie-report-du-proces-de-seifeddine-makhlouf\/#primaryimage"},"image":{"@id":"https:\/\/kapitalis.com\/tunisie\/2021\/12\/20\/tunisie-report-du-proces-de-seifeddine-makhlouf\/#primaryimage"},"thumbnailUrl":"http:\/\/kapitalis.com\/tunisie\/wp-content\/uploads\/2020\/07\/Seifeddine-Makhlouf-1.jpg","datePublished":"2021-12-20T12:04:58+00:00","dateModified":"2021-12-20T12:06:06+00:00","breadcrumb":{"@id":"https:\/\/kapitalis.com\/tunisie\/2021\/12\/20\/tunisie-report-du-proces-de-seifeddine-makhlouf\/#breadcrumb"},"inLanguage":"fr-FR","potentialAction":[{"@type":"ReadAction","target":["https:\/\/kapitalis.com\/tunisie\/2021\/12\/20\/tunisie-report-du-proces-de-seifeddine-makhlouf\/"]}]},{"@type":"ImageObject","inLanguage":"fr-FR","@id":"https:\/\/kapitalis.com\/tunisie\/2021\/12\/20\/tunisie-report-du-proces-de-seifeddine-makhlouf\/#primaryimage","url":"","contentUrl":""},{"@type":"BreadcrumbList","@id":"https:\/\/kapitalis.com\/tunisie\/2021\/12\/20\/tunisie-report-du-proces-de-seifeddine-makhlouf\/#breadcrumb","itemListElement":[{"@type":"ListItem","position":1,"name":"Accueil","item":"https:\/\/kapitalis.com\/tunisie\/"},{"@type":"ListItem","position":2,"name":"Tunisie : Report du proc\u00e8s de Seifeddine Makhlouf"}]},{"@type":"WebSite","@id":"https:\/\/kapitalis.com\/tunisie\/#website","url":"https:\/\/kapitalis.com\/tunisie\/","name":"Kapitalis","description":"L&#039;actualit\u00e9 en Tunisie et dans le monde","publisher":{"@id":"https:\/\/kapitalis.com\/tunisie\/#organization"},"potentialAction":[{"@type":"SearchAction","target":{"@type":"EntryPoint","urlTemplate":"https:\/\/kapitalis.com\/tunisie\/?s={search_term_string}"},"query-input":{"@type":"PropertyValueSpecification","valueRequired":true,"valueName":"search_term_string"}}],"inLanguage":"fr-FR"},{"@type":"Organization","@id":"https:\/\/kapitalis.com\/tunisie\/#organization","name":"Kapitalis","url":"https:\/\/kapitalis.com\/tunisie\/","logo":{"@type":"ImageObject","inLanguage":"fr-FR","@id":"https:\/\/kapitalis.com\/tunisie\/#\/schema\/logo\/image\/","url":"https:\/\/kapitalis.com\/tunisie\/wp-content\/uploads\/2022\/05\/Kapitalis-big-size.png","contentUrl":"https:\/\/kapitalis.com\/tunisie\/wp-content\/uploads\/2022\/05\/Kapitalis-big-size.png","width":5000,"height":1500,"caption":"Kapitalis"},"image":{"@id":"https:\/\/kapitalis.com\/tunisie\/#\/schema\/logo\/image\/"},"sameAs":["https:\/\/www.facebook.com\/KapitalisInfo\/","https:\/\/x.com\/KapitalisInfo","https:\/\/www.youtube.com\/channel\/UC-yDYrHyfFBWWZaOw3FPg9Q"]},{"@type":"Person","@id":"https:\/\/kapitalis.com\/tunisie\/#\/schema\/person\/b35b8d631961131107263178aeb8019e","name":"Cherif Benyounes","url":"https:\/\/kapitalis.com\/tunisie\/author\/cherif\/"}]}},"_links":{"self":[{"href":"https:\/\/kapitalis.com\/tunisie\/wp-json\/wp\/v2\/posts\/374124","targetHints":{"allow":["GET"]}}],"collection":[{"href":"https:\/\/kapitalis.com\/tunisie\/wp-json\/wp\/v2\/posts"}],"about":[{"href":"https:\/\/kapitalis.com\/tunisie\/wp-json\/wp\/v2\/types\/post"}],"author":[{"embeddable":true,"href":"https:\/\/kapitalis.com\/tunisie\/wp-json\/wp\/v2\/users\/24"}],"replies":[{"embeddable":true,"href":"https:\/\/kapitalis.com\/tunisie\/wp-json\/wp\/v2\/comments?post=374124"}],"version-history":[{"count":0,"href":"https:\/\/kapitalis.com\/tunisie\/wp-json\/wp\/v2\/posts\/374124\/revisions"}],"wp:attachment":[{"href":"https:\/\/kapitalis.com\/tunisie\/wp-json\/wp\/v2\/media?parent=374124"}],"wp:term":[{"taxonomy":"category","embeddable":true,"href":"https:\/\/kapitalis.com\/tunisie\/wp-json\/wp\/v2\/categories?post=374124"},{"taxonomy":"post_tag","embeddable":true,"href":"https:\/\/kapitalis.com\/tunisie\/wp-json\/wp\/v2\/tags?post=374124"}],"curies":[{"name":"wp","href":"https:\/\/api.w.org\/{rel}","templated":true}]}}