{"id":374639,"date":"2021-12-24T13:43:14","date_gmt":"2021-12-24T12:43:14","guid":{"rendered":"http:\/\/kapitalis.com\/tunisie\/?p=374639"},"modified":"2021-12-24T13:46:58","modified_gmt":"2021-12-24T12:46:58","slug":"theatre-municipal-de-tunis-deux-concerts-symphoniques-pour-feter-le-nouvel-an","status":"publish","type":"post","link":"https:\/\/kapitalis.com\/tunisie\/2021\/12\/24\/theatre-municipal-de-tunis-deux-concerts-symphoniques-pour-feter-le-nouvel-an\/","title":{"rendered":"Th\u00e9\u00e2tre municipal de Tunis : Deux concerts symphoniques pour f\u00eater le nouvel an"},"content":{"rendered":"\n<div class=\"wp-block-image\"><figure class=\"aligncenter size-full\"><img decoding=\"async\" src=\"http:\/\/kapitalis.com\/tunisie\/wp-content\/uploads\/2021\/12\/Untitled-3-5.jpg\" alt=\"\" class=\"wp-image-374644\"\/><\/figure><\/div>\n\n\n\n<p><em><strong>Comme \u00e0 l\u2019accoutum\u00e9, le Th\u00e9\u00e2tre municipal de Tunis accueillera non pas un mais deux concerts du nouvel an qui seront assur\u00e9s par le Carthage Symphony Orchestra.<\/strong><\/em><\/p>\n\n\n\n<!--more-->\n\n\n\n<p>Initi\u00e9 en Tunisie par le maestro Hafedh Makni depuis l\u2019ann\u00e9e 2013, le concert du nouvel an est devenu un rendez-vous incontournable pour les amoureux de la musique classique. L\u2019\u00e9v\u00e9nement qui s\u2019inspire du c\u00e9l\u00e8bre concert du nouvel an de Vienne, a continu\u00e9 \u00e0 avoir lieu toujours au Th\u00e9\u00e2tre municipal de Tunis m\u00eame avec le Carthage Symphony Orchestra, fond\u00e9 en 218 par Hafedh Makni.<\/p>\n\n\n\n<p>L\u2019Orchestre invite le public \u00e0 deux concerts qui auront lieu le samedi 1<sup>er<\/sup> janvier 2022 avec deux programmes diff\u00e9rents. Le premier concert commencera \u00e0 16h avec un programme centr\u00e9 autour de la musique autrichienne, avec des valses, des polkas et des marches de Strauss. Le deuxi\u00e8me concert d\u00e9butera \u00e0 19h et sera pens\u00e9 comme un voyage autour des musiques du monde\u00a0: Vienne, Am\u00e9rique latine, Russie, pays orientaux \u2026<\/p>\n\n\n\n<p class=\"has-text-align-right\"><strong>F.B<\/strong><\/p>\n","protected":false},"excerpt":{"rendered":"<p>Comme \u00e0 l\u2019accoutum\u00e9, le Th\u00e9\u00e2tre municipal de Tunis accueillera non pas un mais deux concerts du nouvel an qui seront assur\u00e9s par le Carthage Symphony Orchestra.<\/p>\n","protected":false},"author":26,"featured_media":374644,"comment_status":"open","ping_status":"open","sticky":false,"template":"","format":"standard","meta":{"footnotes":""},"categories":[994,2433],"tags":[71621,86040,23335,6474,62643],"class_list":["post-374639","post","type-post","status-publish","format-standard","has-post-thumbnail","hentry","category-culture","category-tunisie","tag-carthage-symphony-orchestra","tag-concert-nouvel-an","tag-hafedh-makni","tag-theatre-municipal-de-tunis","tag-tunisie"],"yoast_head":"<!-- This site is optimized with the Yoast SEO plugin v26.6 - https:\/\/yoast.com\/wordpress\/plugins\/seo\/ -->\n<title>Th\u00e9\u00e2tre municipal de Tunis : Deux concerts symphoniques pour f\u00eater le nouvel an - Kapitalis<\/title>\n<meta name=\"robots\" content=\"index, follow, max-snippet:-1, max-image-preview:large, max-video-preview:-1\" \/>\n<link rel=\"canonical\" href=\"https:\/\/kapitalis.com\/tunisie\/2021\/12\/24\/theatre-municipal-de-tunis-deux-concerts-symphoniques-pour-feter-le-nouvel-an\/\" \/>\n<meta property=\"og:locale\" content=\"fr_FR\" \/>\n<meta property=\"og:type\" content=\"article\" \/>\n<meta property=\"og:title\" content=\"Th\u00e9\u00e2tre municipal de Tunis : Deux concerts symphoniques pour f\u00eater le nouvel an - Kapitalis\" \/>\n<meta property=\"og:description\" content=\"Comme \u00e0 l\u2019accoutum\u00e9, le Th\u00e9\u00e2tre municipal de Tunis accueillera non pas un mais deux concerts du nouvel an qui seront assur\u00e9s par le Carthage Symphony Orchestra.\" \/>\n<meta property=\"og:url\" content=\"https:\/\/kapitalis.com\/tunisie\/2021\/12\/24\/theatre-municipal-de-tunis-deux-concerts-symphoniques-pour-feter-le-nouvel-an\/\" \/>\n<meta property=\"og:site_name\" content=\"Kapitalis\" \/>\n<meta property=\"article:publisher\" content=\"https:\/\/www.facebook.com\/KapitalisInfo\/\" \/>\n<meta property=\"article:published_time\" content=\"2021-12-24T12:43:14+00:00\" \/>\n<meta property=\"article:modified_time\" content=\"2021-12-24T12:46:58+00:00\" \/>\n<meta property=\"og:image\" content=\"https:\/\/kapitalis.com\/tunisie\/wp-content\/uploads\/2022\/05\/kapitalis-logo-fb.png\" \/>\n\t<meta property=\"og:image:width\" content=\"1200\" \/>\n\t<meta property=\"og:image:height\" content=\"630\" \/>\n\t<meta property=\"og:image:type\" content=\"image\/png\" \/>\n<meta name=\"author\" content=\"Fawz BenAli\" \/>\n<meta name=\"twitter:card\" content=\"summary_large_image\" \/>\n<meta name=\"twitter:creator\" content=\"@KapitalisInfo\" \/>\n<meta name=\"twitter:site\" content=\"@KapitalisInfo\" \/>\n<meta name=\"twitter:label1\" content=\"\u00c9crit par\" \/>\n\t<meta name=\"twitter:data1\" content=\"Fawz BenAli\" \/>\n\t<meta name=\"twitter:label2\" content=\"Dur\u00e9e de lecture estim\u00e9e\" \/>\n\t<meta name=\"twitter:data2\" content=\"1 minute\" \/>\n<script type=\"application\/ld+json\" class=\"yoast-schema-graph\">{\"@context\":\"https:\/\/schema.org\",\"@graph\":[{\"@type\":\"Article\",\"@id\":\"https:\/\/kapitalis.com\/tunisie\/2021\/12\/24\/theatre-municipal-de-tunis-deux-concerts-symphoniques-pour-feter-le-nouvel-an\/#article\",\"isPartOf\":{\"@id\":\"https:\/\/kapitalis.com\/tunisie\/2021\/12\/24\/theatre-municipal-de-tunis-deux-concerts-symphoniques-pour-feter-le-nouvel-an\/\"},\"author\":{\"name\":\"Fawz BenAli\",\"@id\":\"https:\/\/kapitalis.com\/tunisie\/#\/schema\/person\/73a5ecc1f6ae540c6ed91342eadca948\"},\"headline\":\"Th\u00e9\u00e2tre municipal de Tunis : Deux concerts symphoniques pour f\u00eater le nouvel an\",\"datePublished\":\"2021-12-24T12:43:14+00:00\",\"dateModified\":\"2021-12-24T12:46:58+00:00\",\"mainEntityOfPage\":{\"@id\":\"https:\/\/kapitalis.com\/tunisie\/2021\/12\/24\/theatre-municipal-de-tunis-deux-concerts-symphoniques-pour-feter-le-nouvel-an\/\"},\"wordCount\":180,\"commentCount\":0,\"publisher\":{\"@id\":\"https:\/\/kapitalis.com\/tunisie\/#organization\"},\"image\":{\"@id\":\"https:\/\/kapitalis.com\/tunisie\/2021\/12\/24\/theatre-municipal-de-tunis-deux-concerts-symphoniques-pour-feter-le-nouvel-an\/#primaryimage\"},\"thumbnailUrl\":\"\",\"keywords\":[\"Carthage Symphony Orchestra\",\"concert nouvel an\",\"Hafedh Makni\",\"Th\u00e9\u00e2tre municipal de Tunis\",\"Tunisie\"],\"articleSection\":[\"CULTURE\",\"Tunisie\"],\"inLanguage\":\"fr-FR\",\"potentialAction\":[{\"@type\":\"CommentAction\",\"name\":\"Comment\",\"target\":[\"https:\/\/kapitalis.com\/tunisie\/2021\/12\/24\/theatre-municipal-de-tunis-deux-concerts-symphoniques-pour-feter-le-nouvel-an\/#respond\"]}]},{\"@type\":\"WebPage\",\"@id\":\"https:\/\/kapitalis.com\/tunisie\/2021\/12\/24\/theatre-municipal-de-tunis-deux-concerts-symphoniques-pour-feter-le-nouvel-an\/\",\"url\":\"https:\/\/kapitalis.com\/tunisie\/2021\/12\/24\/theatre-municipal-de-tunis-deux-concerts-symphoniques-pour-feter-le-nouvel-an\/\",\"name\":\"Th\u00e9\u00e2tre municipal de Tunis : Deux concerts symphoniques pour f\u00eater le nouvel an - Kapitalis\",\"isPartOf\":{\"@id\":\"https:\/\/kapitalis.com\/tunisie\/#website\"},\"primaryImageOfPage\":{\"@id\":\"https:\/\/kapitalis.com\/tunisie\/2021\/12\/24\/theatre-municipal-de-tunis-deux-concerts-symphoniques-pour-feter-le-nouvel-an\/#primaryimage\"},\"image\":{\"@id\":\"https:\/\/kapitalis.com\/tunisie\/2021\/12\/24\/theatre-municipal-de-tunis-deux-concerts-symphoniques-pour-feter-le-nouvel-an\/#primaryimage\"},\"thumbnailUrl\":\"\",\"datePublished\":\"2021-12-24T12:43:14+00:00\",\"dateModified\":\"2021-12-24T12:46:58+00:00\",\"breadcrumb\":{\"@id\":\"https:\/\/kapitalis.com\/tunisie\/2021\/12\/24\/theatre-municipal-de-tunis-deux-concerts-symphoniques-pour-feter-le-nouvel-an\/#breadcrumb\"},\"inLanguage\":\"fr-FR\",\"potentialAction\":[{\"@type\":\"ReadAction\",\"target\":[\"https:\/\/kapitalis.com\/tunisie\/2021\/12\/24\/theatre-municipal-de-tunis-deux-concerts-symphoniques-pour-feter-le-nouvel-an\/\"]}]},{\"@type\":\"ImageObject\",\"inLanguage\":\"fr-FR\",\"@id\":\"https:\/\/kapitalis.com\/tunisie\/2021\/12\/24\/theatre-municipal-de-tunis-deux-concerts-symphoniques-pour-feter-le-nouvel-an\/#primaryimage\",\"url\":\"\",\"contentUrl\":\"\"},{\"@type\":\"BreadcrumbList\",\"@id\":\"https:\/\/kapitalis.com\/tunisie\/2021\/12\/24\/theatre-municipal-de-tunis-deux-concerts-symphoniques-pour-feter-le-nouvel-an\/#breadcrumb\",\"itemListElement\":[{\"@type\":\"ListItem\",\"position\":1,\"name\":\"Accueil\",\"item\":\"https:\/\/kapitalis.com\/tunisie\/\"},{\"@type\":\"ListItem\",\"position\":2,\"name\":\"Th\u00e9\u00e2tre municipal de Tunis : Deux concerts symphoniques pour f\u00eater le nouvel an\"}]},{\"@type\":\"WebSite\",\"@id\":\"https:\/\/kapitalis.com\/tunisie\/#website\",\"url\":\"https:\/\/kapitalis.com\/tunisie\/\",\"name\":\"Kapitalis\",\"description\":\"L&#039;actualit\u00e9 en Tunisie et dans le monde\",\"publisher\":{\"@id\":\"https:\/\/kapitalis.com\/tunisie\/#organization\"},\"potentialAction\":[{\"@type\":\"SearchAction\",\"target\":{\"@type\":\"EntryPoint\",\"urlTemplate\":\"https:\/\/kapitalis.com\/tunisie\/?s={search_term_string}\"},\"query-input\":{\"@type\":\"PropertyValueSpecification\",\"valueRequired\":true,\"valueName\":\"search_term_string\"}}],\"inLanguage\":\"fr-FR\"},{\"@type\":\"Organization\",\"@id\":\"https:\/\/kapitalis.com\/tunisie\/#organization\",\"name\":\"Kapitalis\",\"url\":\"https:\/\/kapitalis.com\/tunisie\/\",\"logo\":{\"@type\":\"ImageObject\",\"inLanguage\":\"fr-FR\",\"@id\":\"https:\/\/kapitalis.com\/tunisie\/#\/schema\/logo\/image\/\",\"url\":\"https:\/\/kapitalis.com\/tunisie\/wp-content\/uploads\/2022\/05\/Kapitalis-big-size.png\",\"contentUrl\":\"https:\/\/kapitalis.com\/tunisie\/wp-content\/uploads\/2022\/05\/Kapitalis-big-size.png\",\"width\":5000,\"height\":1500,\"caption\":\"Kapitalis\"},\"image\":{\"@id\":\"https:\/\/kapitalis.com\/tunisie\/#\/schema\/logo\/image\/\"},\"sameAs\":[\"https:\/\/www.facebook.com\/KapitalisInfo\/\",\"https:\/\/x.com\/KapitalisInfo\",\"https:\/\/www.youtube.com\/channel\/UC-yDYrHyfFBWWZaOw3FPg9Q\"]},{\"@type\":\"Person\",\"@id\":\"https:\/\/kapitalis.com\/tunisie\/#\/schema\/person\/73a5ecc1f6ae540c6ed91342eadca948\",\"name\":\"Fawz BenAli\",\"url\":\"https:\/\/kapitalis.com\/tunisie\/author\/fawz\/\"}]}<\/script>\n<!-- \/ Yoast SEO plugin. -->","yoast_head_json":{"title":"Th\u00e9\u00e2tre municipal de Tunis : Deux concerts symphoniques pour f\u00eater le nouvel an - Kapitalis","robots":{"index":"index","follow":"follow","max-snippet":"max-snippet:-1","max-image-preview":"max-image-preview:large","max-video-preview":"max-video-preview:-1"},"canonical":"https:\/\/kapitalis.com\/tunisie\/2021\/12\/24\/theatre-municipal-de-tunis-deux-concerts-symphoniques-pour-feter-le-nouvel-an\/","og_locale":"fr_FR","og_type":"article","og_title":"Th\u00e9\u00e2tre municipal de Tunis : Deux concerts symphoniques pour f\u00eater le nouvel an - Kapitalis","og_description":"Comme \u00e0 l\u2019accoutum\u00e9, le Th\u00e9\u00e2tre municipal de Tunis accueillera non pas un mais deux concerts du nouvel an qui seront assur\u00e9s par le Carthage Symphony Orchestra.","og_url":"https:\/\/kapitalis.com\/tunisie\/2021\/12\/24\/theatre-municipal-de-tunis-deux-concerts-symphoniques-pour-feter-le-nouvel-an\/","og_site_name":"Kapitalis","article_publisher":"https:\/\/www.facebook.com\/KapitalisInfo\/","article_published_time":"2021-12-24T12:43:14+00:00","article_modified_time":"2021-12-24T12:46:58+00:00","og_image":[{"width":1200,"height":630,"url":"https:\/\/kapitalis.com\/tunisie\/wp-content\/uploads\/2022\/05\/kapitalis-logo-fb.png","type":"image\/png"}],"author":"Fawz BenAli","twitter_card":"summary_large_image","twitter_creator":"@KapitalisInfo","twitter_site":"@KapitalisInfo","twitter_misc":{"\u00c9crit par":"Fawz BenAli","Dur\u00e9e de lecture estim\u00e9e":"1 minute"},"schema":{"@context":"https:\/\/schema.org","@graph":[{"@type":"Article","@id":"https:\/\/kapitalis.com\/tunisie\/2021\/12\/24\/theatre-municipal-de-tunis-deux-concerts-symphoniques-pour-feter-le-nouvel-an\/#article","isPartOf":{"@id":"https:\/\/kapitalis.com\/tunisie\/2021\/12\/24\/theatre-municipal-de-tunis-deux-concerts-symphoniques-pour-feter-le-nouvel-an\/"},"author":{"name":"Fawz BenAli","@id":"https:\/\/kapitalis.com\/tunisie\/#\/schema\/person\/73a5ecc1f6ae540c6ed91342eadca948"},"headline":"Th\u00e9\u00e2tre municipal de Tunis : Deux concerts symphoniques pour f\u00eater le nouvel an","datePublished":"2021-12-24T12:43:14+00:00","dateModified":"2021-12-24T12:46:58+00:00","mainEntityOfPage":{"@id":"https:\/\/kapitalis.com\/tunisie\/2021\/12\/24\/theatre-municipal-de-tunis-deux-concerts-symphoniques-pour-feter-le-nouvel-an\/"},"wordCount":180,"commentCount":0,"publisher":{"@id":"https:\/\/kapitalis.com\/tunisie\/#organization"},"image":{"@id":"https:\/\/kapitalis.com\/tunisie\/2021\/12\/24\/theatre-municipal-de-tunis-deux-concerts-symphoniques-pour-feter-le-nouvel-an\/#primaryimage"},"thumbnailUrl":"","keywords":["Carthage Symphony Orchestra","concert nouvel an","Hafedh Makni","Th\u00e9\u00e2tre municipal de Tunis","Tunisie"],"articleSection":["CULTURE","Tunisie"],"inLanguage":"fr-FR","potentialAction":[{"@type":"CommentAction","name":"Comment","target":["https:\/\/kapitalis.com\/tunisie\/2021\/12\/24\/theatre-municipal-de-tunis-deux-concerts-symphoniques-pour-feter-le-nouvel-an\/#respond"]}]},{"@type":"WebPage","@id":"https:\/\/kapitalis.com\/tunisie\/2021\/12\/24\/theatre-municipal-de-tunis-deux-concerts-symphoniques-pour-feter-le-nouvel-an\/","url":"https:\/\/kapitalis.com\/tunisie\/2021\/12\/24\/theatre-municipal-de-tunis-deux-concerts-symphoniques-pour-feter-le-nouvel-an\/","name":"Th\u00e9\u00e2tre municipal de Tunis : Deux concerts symphoniques pour f\u00eater le nouvel an - Kapitalis","isPartOf":{"@id":"https:\/\/kapitalis.com\/tunisie\/#website"},"primaryImageOfPage":{"@id":"https:\/\/kapitalis.com\/tunisie\/2021\/12\/24\/theatre-municipal-de-tunis-deux-concerts-symphoniques-pour-feter-le-nouvel-an\/#primaryimage"},"image":{"@id":"https:\/\/kapitalis.com\/tunisie\/2021\/12\/24\/theatre-municipal-de-tunis-deux-concerts-symphoniques-pour-feter-le-nouvel-an\/#primaryimage"},"thumbnailUrl":"","datePublished":"2021-12-24T12:43:14+00:00","dateModified":"2021-12-24T12:46:58+00:00","breadcrumb":{"@id":"https:\/\/kapitalis.com\/tunisie\/2021\/12\/24\/theatre-municipal-de-tunis-deux-concerts-symphoniques-pour-feter-le-nouvel-an\/#breadcrumb"},"inLanguage":"fr-FR","potentialAction":[{"@type":"ReadAction","target":["https:\/\/kapitalis.com\/tunisie\/2021\/12\/24\/theatre-municipal-de-tunis-deux-concerts-symphoniques-pour-feter-le-nouvel-an\/"]}]},{"@type":"ImageObject","inLanguage":"fr-FR","@id":"https:\/\/kapitalis.com\/tunisie\/2021\/12\/24\/theatre-municipal-de-tunis-deux-concerts-symphoniques-pour-feter-le-nouvel-an\/#primaryimage","url":"","contentUrl":""},{"@type":"BreadcrumbList","@id":"https:\/\/kapitalis.com\/tunisie\/2021\/12\/24\/theatre-municipal-de-tunis-deux-concerts-symphoniques-pour-feter-le-nouvel-an\/#breadcrumb","itemListElement":[{"@type":"ListItem","position":1,"name":"Accueil","item":"https:\/\/kapitalis.com\/tunisie\/"},{"@type":"ListItem","position":2,"name":"Th\u00e9\u00e2tre municipal de Tunis : Deux concerts symphoniques pour f\u00eater le nouvel an"}]},{"@type":"WebSite","@id":"https:\/\/kapitalis.com\/tunisie\/#website","url":"https:\/\/kapitalis.com\/tunisie\/","name":"Kapitalis","description":"L&#039;actualit\u00e9 en Tunisie et dans le monde","publisher":{"@id":"https:\/\/kapitalis.com\/tunisie\/#organization"},"potentialAction":[{"@type":"SearchAction","target":{"@type":"EntryPoint","urlTemplate":"https:\/\/kapitalis.com\/tunisie\/?s={search_term_string}"},"query-input":{"@type":"PropertyValueSpecification","valueRequired":true,"valueName":"search_term_string"}}],"inLanguage":"fr-FR"},{"@type":"Organization","@id":"https:\/\/kapitalis.com\/tunisie\/#organization","name":"Kapitalis","url":"https:\/\/kapitalis.com\/tunisie\/","logo":{"@type":"ImageObject","inLanguage":"fr-FR","@id":"https:\/\/kapitalis.com\/tunisie\/#\/schema\/logo\/image\/","url":"https:\/\/kapitalis.com\/tunisie\/wp-content\/uploads\/2022\/05\/Kapitalis-big-size.png","contentUrl":"https:\/\/kapitalis.com\/tunisie\/wp-content\/uploads\/2022\/05\/Kapitalis-big-size.png","width":5000,"height":1500,"caption":"Kapitalis"},"image":{"@id":"https:\/\/kapitalis.com\/tunisie\/#\/schema\/logo\/image\/"},"sameAs":["https:\/\/www.facebook.com\/KapitalisInfo\/","https:\/\/x.com\/KapitalisInfo","https:\/\/www.youtube.com\/channel\/UC-yDYrHyfFBWWZaOw3FPg9Q"]},{"@type":"Person","@id":"https:\/\/kapitalis.com\/tunisie\/#\/schema\/person\/73a5ecc1f6ae540c6ed91342eadca948","name":"Fawz BenAli","url":"https:\/\/kapitalis.com\/tunisie\/author\/fawz\/"}]}},"_links":{"self":[{"href":"https:\/\/kapitalis.com\/tunisie\/wp-json\/wp\/v2\/posts\/374639","targetHints":{"allow":["GET"]}}],"collection":[{"href":"https:\/\/kapitalis.com\/tunisie\/wp-json\/wp\/v2\/posts"}],"about":[{"href":"https:\/\/kapitalis.com\/tunisie\/wp-json\/wp\/v2\/types\/post"}],"author":[{"embeddable":true,"href":"https:\/\/kapitalis.com\/tunisie\/wp-json\/wp\/v2\/users\/26"}],"replies":[{"embeddable":true,"href":"https:\/\/kapitalis.com\/tunisie\/wp-json\/wp\/v2\/comments?post=374639"}],"version-history":[{"count":0,"href":"https:\/\/kapitalis.com\/tunisie\/wp-json\/wp\/v2\/posts\/374639\/revisions"}],"wp:featuredmedia":[{"embeddable":true,"href":"https:\/\/kapitalis.com\/tunisie\/wp-json\/wp\/v2\/media\/374644"}],"wp:attachment":[{"href":"https:\/\/kapitalis.com\/tunisie\/wp-json\/wp\/v2\/media?parent=374639"}],"wp:term":[{"taxonomy":"category","embeddable":true,"href":"https:\/\/kapitalis.com\/tunisie\/wp-json\/wp\/v2\/categories?post=374639"},{"taxonomy":"post_tag","embeddable":true,"href":"https:\/\/kapitalis.com\/tunisie\/wp-json\/wp\/v2\/tags?post=374639"}],"curies":[{"name":"wp","href":"https:\/\/api.w.org\/{rel}","templated":true}]}}