{"id":374675,"date":"2021-12-24T20:06:26","date_gmt":"2021-12-24T19:06:26","guid":{"rendered":"http:\/\/kapitalis.com\/tunisie\/?p=374675"},"modified":"2021-12-24T20:09:47","modified_gmt":"2021-12-24T19:09:47","slug":"covid-point-sur-la-campagne-de-vaccination-en-tunisie-3","status":"publish","type":"post","link":"https:\/\/kapitalis.com\/tunisie\/2021\/12\/24\/covid-point-sur-la-campagne-de-vaccination-en-tunisie-3\/","title":{"rendered":"Covid : Point sur la campagne de vaccination en Tunisie"},"content":{"rendered":"\n<div class=\"wp-block-image\"><figure class=\"aligncenter size-full\"><img decoding=\"async\" src=\"http:\/\/kapitalis.com\/tunisie\/wp-content\/uploads\/2021\/06\/vaccin-tunisie-covid.jpg\" alt=\"\" class=\"wp-image-350936\"\/><\/figure><\/div>\n\n\n\n<p><strong><em>Le minist\u00e8re de la Sant\u00e9 a annonc\u00e9 aujourd\u2019hui, que la campagne de vaccination contre le coronavirus en Tunisie a permis jusqu\u2019au 23 d\u00e9cembre 2021, d\u2018administrer au total 11.597.734 doses de vaccins, sachant que 5.635.108 personnes ont termin\u00e9 leur sch\u00e9ma vaccinal.<\/em><\/strong><\/p>\n\n\n\n<!--more-->\n\n\n\n<p>Dans son rapport relatif \u00e0 la campagne nationale de vaccination, le minist\u00e8re ajoute que parmi les personnes vaccin\u00e9es on compte 751.944 ayant re\u00e7u la 3e dose, et ce sur un total de 7.427.093 personnes enregistr\u00e9es sur Evax.<\/p>\n\n\n\n<p>Notons qu&rsquo;une 8e journ\u00e9e de vaccination massive sera organis\u00e9e demain dans toutes les r\u00e9gions du pays et qu&rsquo;elle concernera les personnes \u00e2g\u00e9es de 12 ans et plus, aussi bien pour recevoir la 1\u00e8re, que la 2e ou la 3e dose du vaccin anti-Covid.<\/p>\n\n\n\n<p class=\"has-text-align-right\"><strong>Y. N.<\/strong><\/p>\n","protected":false},"excerpt":{"rendered":"<p>Le minist\u00e8re de la Sant\u00e9 a annonc\u00e9 aujourd\u2019hui, que la campagne de vaccination contre le coronavirus en Tunisie a permis jusqu\u2019au 23 d\u00e9cembre 2021, d\u2018administrer au total 11.597.734 doses de vaccins, sachant que 5.635.108 personnes ont termin\u00e9 leur sch\u00e9ma vaccinal.<\/p>\n","protected":false},"author":6,"featured_media":0,"comment_status":"open","ping_status":"open","sticky":false,"template":"","format":"standard","meta":{"footnotes":""},"categories":[998,2433],"tags":[75291,810,94769,62643,8168,10035],"class_list":["post-374675","post","type-post","status-publish","format-standard","hentry","category-societe","category-tunisie","tag-covid-19","tag-sante","tag-schema-vaccinal","tag-tunisie","tag-vaccin","tag-vaccination"],"yoast_head":"<!-- This site is optimized with the Yoast SEO plugin v26.6 - https:\/\/yoast.com\/wordpress\/plugins\/seo\/ -->\n<title>Covid : Point sur la campagne de vaccination en Tunisie - Kapitalis<\/title>\n<meta name=\"robots\" content=\"index, follow, max-snippet:-1, max-image-preview:large, max-video-preview:-1\" \/>\n<link rel=\"canonical\" href=\"https:\/\/kapitalis.com\/tunisie\/2021\/12\/24\/covid-point-sur-la-campagne-de-vaccination-en-tunisie-3\/\" \/>\n<meta property=\"og:locale\" content=\"fr_FR\" \/>\n<meta property=\"og:type\" content=\"article\" \/>\n<meta property=\"og:title\" content=\"Covid : Point sur la campagne de vaccination en Tunisie - Kapitalis\" \/>\n<meta property=\"og:description\" content=\"Le minist\u00e8re de la Sant\u00e9 a annonc\u00e9 aujourd\u2019hui, que la campagne de vaccination contre le coronavirus en Tunisie a permis jusqu\u2019au 23 d\u00e9cembre 2021, d\u2018administrer au total 11.597.734 doses de vaccins, sachant que 5.635.108 personnes ont termin\u00e9 leur sch\u00e9ma vaccinal.\" \/>\n<meta property=\"og:url\" content=\"https:\/\/kapitalis.com\/tunisie\/2021\/12\/24\/covid-point-sur-la-campagne-de-vaccination-en-tunisie-3\/\" \/>\n<meta property=\"og:site_name\" content=\"Kapitalis\" \/>\n<meta property=\"article:publisher\" content=\"https:\/\/www.facebook.com\/KapitalisInfo\/\" \/>\n<meta property=\"article:published_time\" content=\"2021-12-24T19:06:26+00:00\" \/>\n<meta property=\"article:modified_time\" content=\"2021-12-24T19:09:47+00:00\" \/>\n<meta property=\"og:image\" content=\"http:\/\/kapitalis.com\/tunisie\/wp-content\/uploads\/2021\/06\/vaccin-tunisie-covid.jpg\" \/>\n<meta name=\"author\" content=\"Yusra NY\" \/>\n<meta name=\"twitter:card\" content=\"summary_large_image\" \/>\n<meta name=\"twitter:creator\" content=\"@KapitalisInfo\" \/>\n<meta name=\"twitter:site\" content=\"@KapitalisInfo\" \/>\n<meta name=\"twitter:label1\" content=\"\u00c9crit par\" \/>\n\t<meta name=\"twitter:data1\" content=\"Yusra NY\" \/>\n\t<meta name=\"twitter:label2\" content=\"Dur\u00e9e de lecture estim\u00e9e\" \/>\n\t<meta name=\"twitter:data2\" content=\"1 minute\" \/>\n<script type=\"application\/ld+json\" class=\"yoast-schema-graph\">{\"@context\":\"https:\/\/schema.org\",\"@graph\":[{\"@type\":\"Article\",\"@id\":\"https:\/\/kapitalis.com\/tunisie\/2021\/12\/24\/covid-point-sur-la-campagne-de-vaccination-en-tunisie-3\/#article\",\"isPartOf\":{\"@id\":\"https:\/\/kapitalis.com\/tunisie\/2021\/12\/24\/covid-point-sur-la-campagne-de-vaccination-en-tunisie-3\/\"},\"author\":{\"name\":\"Yusra NY\",\"@id\":\"https:\/\/kapitalis.com\/tunisie\/#\/schema\/person\/74bbde0154d49d790a92aaeac5bc01d5\"},\"headline\":\"Covid : Point sur la campagne de vaccination en Tunisie\",\"datePublished\":\"2021-12-24T19:06:26+00:00\",\"dateModified\":\"2021-12-24T19:09:47+00:00\",\"mainEntityOfPage\":{\"@id\":\"https:\/\/kapitalis.com\/tunisie\/2021\/12\/24\/covid-point-sur-la-campagne-de-vaccination-en-tunisie-3\/\"},\"wordCount\":137,\"commentCount\":0,\"publisher\":{\"@id\":\"https:\/\/kapitalis.com\/tunisie\/#organization\"},\"image\":{\"@id\":\"https:\/\/kapitalis.com\/tunisie\/2021\/12\/24\/covid-point-sur-la-campagne-de-vaccination-en-tunisie-3\/#primaryimage\"},\"thumbnailUrl\":\"http:\/\/kapitalis.com\/tunisie\/wp-content\/uploads\/2021\/06\/vaccin-tunisie-covid.jpg\",\"keywords\":[\"Covid-19\",\"Sant\u00e9\",\"sch\u00e9ma vaccinal\",\"Tunisie\",\"vaccin\",\"vaccination\"],\"articleSection\":[\"SOCIETE\",\"Tunisie\"],\"inLanguage\":\"fr-FR\",\"potentialAction\":[{\"@type\":\"CommentAction\",\"name\":\"Comment\",\"target\":[\"https:\/\/kapitalis.com\/tunisie\/2021\/12\/24\/covid-point-sur-la-campagne-de-vaccination-en-tunisie-3\/#respond\"]}]},{\"@type\":\"WebPage\",\"@id\":\"https:\/\/kapitalis.com\/tunisie\/2021\/12\/24\/covid-point-sur-la-campagne-de-vaccination-en-tunisie-3\/\",\"url\":\"https:\/\/kapitalis.com\/tunisie\/2021\/12\/24\/covid-point-sur-la-campagne-de-vaccination-en-tunisie-3\/\",\"name\":\"Covid : Point sur la campagne de vaccination en Tunisie - Kapitalis\",\"isPartOf\":{\"@id\":\"https:\/\/kapitalis.com\/tunisie\/#website\"},\"primaryImageOfPage\":{\"@id\":\"https:\/\/kapitalis.com\/tunisie\/2021\/12\/24\/covid-point-sur-la-campagne-de-vaccination-en-tunisie-3\/#primaryimage\"},\"image\":{\"@id\":\"https:\/\/kapitalis.com\/tunisie\/2021\/12\/24\/covid-point-sur-la-campagne-de-vaccination-en-tunisie-3\/#primaryimage\"},\"thumbnailUrl\":\"http:\/\/kapitalis.com\/tunisie\/wp-content\/uploads\/2021\/06\/vaccin-tunisie-covid.jpg\",\"datePublished\":\"2021-12-24T19:06:26+00:00\",\"dateModified\":\"2021-12-24T19:09:47+00:00\",\"breadcrumb\":{\"@id\":\"https:\/\/kapitalis.com\/tunisie\/2021\/12\/24\/covid-point-sur-la-campagne-de-vaccination-en-tunisie-3\/#breadcrumb\"},\"inLanguage\":\"fr-FR\",\"potentialAction\":[{\"@type\":\"ReadAction\",\"target\":[\"https:\/\/kapitalis.com\/tunisie\/2021\/12\/24\/covid-point-sur-la-campagne-de-vaccination-en-tunisie-3\/\"]}]},{\"@type\":\"ImageObject\",\"inLanguage\":\"fr-FR\",\"@id\":\"https:\/\/kapitalis.com\/tunisie\/2021\/12\/24\/covid-point-sur-la-campagne-de-vaccination-en-tunisie-3\/#primaryimage\",\"url\":\"\",\"contentUrl\":\"\"},{\"@type\":\"BreadcrumbList\",\"@id\":\"https:\/\/kapitalis.com\/tunisie\/2021\/12\/24\/covid-point-sur-la-campagne-de-vaccination-en-tunisie-3\/#breadcrumb\",\"itemListElement\":[{\"@type\":\"ListItem\",\"position\":1,\"name\":\"Accueil\",\"item\":\"https:\/\/kapitalis.com\/tunisie\/\"},{\"@type\":\"ListItem\",\"position\":2,\"name\":\"Covid : Point sur la campagne de vaccination en Tunisie\"}]},{\"@type\":\"WebSite\",\"@id\":\"https:\/\/kapitalis.com\/tunisie\/#website\",\"url\":\"https:\/\/kapitalis.com\/tunisie\/\",\"name\":\"Kapitalis\",\"description\":\"L&#039;actualit\u00e9 en Tunisie et dans le monde\",\"publisher\":{\"@id\":\"https:\/\/kapitalis.com\/tunisie\/#organization\"},\"potentialAction\":[{\"@type\":\"SearchAction\",\"target\":{\"@type\":\"EntryPoint\",\"urlTemplate\":\"https:\/\/kapitalis.com\/tunisie\/?s={search_term_string}\"},\"query-input\":{\"@type\":\"PropertyValueSpecification\",\"valueRequired\":true,\"valueName\":\"search_term_string\"}}],\"inLanguage\":\"fr-FR\"},{\"@type\":\"Organization\",\"@id\":\"https:\/\/kapitalis.com\/tunisie\/#organization\",\"name\":\"Kapitalis\",\"url\":\"https:\/\/kapitalis.com\/tunisie\/\",\"logo\":{\"@type\":\"ImageObject\",\"inLanguage\":\"fr-FR\",\"@id\":\"https:\/\/kapitalis.com\/tunisie\/#\/schema\/logo\/image\/\",\"url\":\"https:\/\/kapitalis.com\/tunisie\/wp-content\/uploads\/2022\/05\/Kapitalis-big-size.png\",\"contentUrl\":\"https:\/\/kapitalis.com\/tunisie\/wp-content\/uploads\/2022\/05\/Kapitalis-big-size.png\",\"width\":5000,\"height\":1500,\"caption\":\"Kapitalis\"},\"image\":{\"@id\":\"https:\/\/kapitalis.com\/tunisie\/#\/schema\/logo\/image\/\"},\"sameAs\":[\"https:\/\/www.facebook.com\/KapitalisInfo\/\",\"https:\/\/x.com\/KapitalisInfo\",\"https:\/\/www.youtube.com\/channel\/UC-yDYrHyfFBWWZaOw3FPg9Q\"]},{\"@type\":\"Person\",\"@id\":\"https:\/\/kapitalis.com\/tunisie\/#\/schema\/person\/74bbde0154d49d790a92aaeac5bc01d5\",\"name\":\"Yusra NY\",\"url\":\"https:\/\/kapitalis.com\/tunisie\/author\/yuza_adam\/\"}]}<\/script>\n<!-- \/ Yoast SEO plugin. -->","yoast_head_json":{"title":"Covid : Point sur la campagne de vaccination en Tunisie - Kapitalis","robots":{"index":"index","follow":"follow","max-snippet":"max-snippet:-1","max-image-preview":"max-image-preview:large","max-video-preview":"max-video-preview:-1"},"canonical":"https:\/\/kapitalis.com\/tunisie\/2021\/12\/24\/covid-point-sur-la-campagne-de-vaccination-en-tunisie-3\/","og_locale":"fr_FR","og_type":"article","og_title":"Covid : Point sur la campagne de vaccination en Tunisie - Kapitalis","og_description":"Le minist\u00e8re de la Sant\u00e9 a annonc\u00e9 aujourd\u2019hui, que la campagne de vaccination contre le coronavirus en Tunisie a permis jusqu\u2019au 23 d\u00e9cembre 2021, d\u2018administrer au total 11.597.734 doses de vaccins, sachant que 5.635.108 personnes ont termin\u00e9 leur sch\u00e9ma vaccinal.","og_url":"https:\/\/kapitalis.com\/tunisie\/2021\/12\/24\/covid-point-sur-la-campagne-de-vaccination-en-tunisie-3\/","og_site_name":"Kapitalis","article_publisher":"https:\/\/www.facebook.com\/KapitalisInfo\/","article_published_time":"2021-12-24T19:06:26+00:00","article_modified_time":"2021-12-24T19:09:47+00:00","og_image":[{"url":"http:\/\/kapitalis.com\/tunisie\/wp-content\/uploads\/2021\/06\/vaccin-tunisie-covid.jpg","type":"","width":"","height":""}],"author":"Yusra NY","twitter_card":"summary_large_image","twitter_creator":"@KapitalisInfo","twitter_site":"@KapitalisInfo","twitter_misc":{"\u00c9crit par":"Yusra NY","Dur\u00e9e de lecture estim\u00e9e":"1 minute"},"schema":{"@context":"https:\/\/schema.org","@graph":[{"@type":"Article","@id":"https:\/\/kapitalis.com\/tunisie\/2021\/12\/24\/covid-point-sur-la-campagne-de-vaccination-en-tunisie-3\/#article","isPartOf":{"@id":"https:\/\/kapitalis.com\/tunisie\/2021\/12\/24\/covid-point-sur-la-campagne-de-vaccination-en-tunisie-3\/"},"author":{"name":"Yusra NY","@id":"https:\/\/kapitalis.com\/tunisie\/#\/schema\/person\/74bbde0154d49d790a92aaeac5bc01d5"},"headline":"Covid : Point sur la campagne de vaccination en Tunisie","datePublished":"2021-12-24T19:06:26+00:00","dateModified":"2021-12-24T19:09:47+00:00","mainEntityOfPage":{"@id":"https:\/\/kapitalis.com\/tunisie\/2021\/12\/24\/covid-point-sur-la-campagne-de-vaccination-en-tunisie-3\/"},"wordCount":137,"commentCount":0,"publisher":{"@id":"https:\/\/kapitalis.com\/tunisie\/#organization"},"image":{"@id":"https:\/\/kapitalis.com\/tunisie\/2021\/12\/24\/covid-point-sur-la-campagne-de-vaccination-en-tunisie-3\/#primaryimage"},"thumbnailUrl":"http:\/\/kapitalis.com\/tunisie\/wp-content\/uploads\/2021\/06\/vaccin-tunisie-covid.jpg","keywords":["Covid-19","Sant\u00e9","sch\u00e9ma vaccinal","Tunisie","vaccin","vaccination"],"articleSection":["SOCIETE","Tunisie"],"inLanguage":"fr-FR","potentialAction":[{"@type":"CommentAction","name":"Comment","target":["https:\/\/kapitalis.com\/tunisie\/2021\/12\/24\/covid-point-sur-la-campagne-de-vaccination-en-tunisie-3\/#respond"]}]},{"@type":"WebPage","@id":"https:\/\/kapitalis.com\/tunisie\/2021\/12\/24\/covid-point-sur-la-campagne-de-vaccination-en-tunisie-3\/","url":"https:\/\/kapitalis.com\/tunisie\/2021\/12\/24\/covid-point-sur-la-campagne-de-vaccination-en-tunisie-3\/","name":"Covid : Point sur la campagne de vaccination en Tunisie - Kapitalis","isPartOf":{"@id":"https:\/\/kapitalis.com\/tunisie\/#website"},"primaryImageOfPage":{"@id":"https:\/\/kapitalis.com\/tunisie\/2021\/12\/24\/covid-point-sur-la-campagne-de-vaccination-en-tunisie-3\/#primaryimage"},"image":{"@id":"https:\/\/kapitalis.com\/tunisie\/2021\/12\/24\/covid-point-sur-la-campagne-de-vaccination-en-tunisie-3\/#primaryimage"},"thumbnailUrl":"http:\/\/kapitalis.com\/tunisie\/wp-content\/uploads\/2021\/06\/vaccin-tunisie-covid.jpg","datePublished":"2021-12-24T19:06:26+00:00","dateModified":"2021-12-24T19:09:47+00:00","breadcrumb":{"@id":"https:\/\/kapitalis.com\/tunisie\/2021\/12\/24\/covid-point-sur-la-campagne-de-vaccination-en-tunisie-3\/#breadcrumb"},"inLanguage":"fr-FR","potentialAction":[{"@type":"ReadAction","target":["https:\/\/kapitalis.com\/tunisie\/2021\/12\/24\/covid-point-sur-la-campagne-de-vaccination-en-tunisie-3\/"]}]},{"@type":"ImageObject","inLanguage":"fr-FR","@id":"https:\/\/kapitalis.com\/tunisie\/2021\/12\/24\/covid-point-sur-la-campagne-de-vaccination-en-tunisie-3\/#primaryimage","url":"","contentUrl":""},{"@type":"BreadcrumbList","@id":"https:\/\/kapitalis.com\/tunisie\/2021\/12\/24\/covid-point-sur-la-campagne-de-vaccination-en-tunisie-3\/#breadcrumb","itemListElement":[{"@type":"ListItem","position":1,"name":"Accueil","item":"https:\/\/kapitalis.com\/tunisie\/"},{"@type":"ListItem","position":2,"name":"Covid : Point sur la campagne de vaccination en Tunisie"}]},{"@type":"WebSite","@id":"https:\/\/kapitalis.com\/tunisie\/#website","url":"https:\/\/kapitalis.com\/tunisie\/","name":"Kapitalis","description":"L&#039;actualit\u00e9 en Tunisie et dans le monde","publisher":{"@id":"https:\/\/kapitalis.com\/tunisie\/#organization"},"potentialAction":[{"@type":"SearchAction","target":{"@type":"EntryPoint","urlTemplate":"https:\/\/kapitalis.com\/tunisie\/?s={search_term_string}"},"query-input":{"@type":"PropertyValueSpecification","valueRequired":true,"valueName":"search_term_string"}}],"inLanguage":"fr-FR"},{"@type":"Organization","@id":"https:\/\/kapitalis.com\/tunisie\/#organization","name":"Kapitalis","url":"https:\/\/kapitalis.com\/tunisie\/","logo":{"@type":"ImageObject","inLanguage":"fr-FR","@id":"https:\/\/kapitalis.com\/tunisie\/#\/schema\/logo\/image\/","url":"https:\/\/kapitalis.com\/tunisie\/wp-content\/uploads\/2022\/05\/Kapitalis-big-size.png","contentUrl":"https:\/\/kapitalis.com\/tunisie\/wp-content\/uploads\/2022\/05\/Kapitalis-big-size.png","width":5000,"height":1500,"caption":"Kapitalis"},"image":{"@id":"https:\/\/kapitalis.com\/tunisie\/#\/schema\/logo\/image\/"},"sameAs":["https:\/\/www.facebook.com\/KapitalisInfo\/","https:\/\/x.com\/KapitalisInfo","https:\/\/www.youtube.com\/channel\/UC-yDYrHyfFBWWZaOw3FPg9Q"]},{"@type":"Person","@id":"https:\/\/kapitalis.com\/tunisie\/#\/schema\/person\/74bbde0154d49d790a92aaeac5bc01d5","name":"Yusra NY","url":"https:\/\/kapitalis.com\/tunisie\/author\/yuza_adam\/"}]}},"_links":{"self":[{"href":"https:\/\/kapitalis.com\/tunisie\/wp-json\/wp\/v2\/posts\/374675","targetHints":{"allow":["GET"]}}],"collection":[{"href":"https:\/\/kapitalis.com\/tunisie\/wp-json\/wp\/v2\/posts"}],"about":[{"href":"https:\/\/kapitalis.com\/tunisie\/wp-json\/wp\/v2\/types\/post"}],"author":[{"embeddable":true,"href":"https:\/\/kapitalis.com\/tunisie\/wp-json\/wp\/v2\/users\/6"}],"replies":[{"embeddable":true,"href":"https:\/\/kapitalis.com\/tunisie\/wp-json\/wp\/v2\/comments?post=374675"}],"version-history":[{"count":0,"href":"https:\/\/kapitalis.com\/tunisie\/wp-json\/wp\/v2\/posts\/374675\/revisions"}],"wp:attachment":[{"href":"https:\/\/kapitalis.com\/tunisie\/wp-json\/wp\/v2\/media?parent=374675"}],"wp:term":[{"taxonomy":"category","embeddable":true,"href":"https:\/\/kapitalis.com\/tunisie\/wp-json\/wp\/v2\/categories?post=374675"},{"taxonomy":"post_tag","embeddable":true,"href":"https:\/\/kapitalis.com\/tunisie\/wp-json\/wp\/v2\/tags?post=374675"}],"curies":[{"name":"wp","href":"https:\/\/api.w.org\/{rel}","templated":true}]}}