{"id":374681,"date":"2021-12-25T00:00:46","date_gmt":"2021-12-24T23:00:46","guid":{"rendered":"http:\/\/kapitalis.com\/tunisie\/?p=374681"},"modified":"2021-12-25T00:04:52","modified_gmt":"2021-12-24T23:04:52","slug":"tunisie-abir-moussi-exprime-son-soutien-a-bochra-belhaj-hmida","status":"publish","type":"post","link":"https:\/\/kapitalis.com\/tunisie\/2021\/12\/25\/tunisie-abir-moussi-exprime-son-soutien-a-bochra-belhaj-hmida\/","title":{"rendered":"Tunisie : Abir Moussi exprime son soutien \u00e0 Bochra Belhaj Hmida"},"content":{"rendered":"\n<div class=\"wp-block-image\"><figure class=\"aligncenter size-full\"><img decoding=\"async\" src=\"http:\/\/kapitalis.com\/tunisie\/wp-content\/uploads\/2021\/12\/Abir-Moussi-Bochra-Bochra-Belhaj-Hmida.jpg\" alt=\"\" class=\"wp-image-374683\"\/><\/figure><\/div>\n\n\n\n<p><strong><em>La pr\u00e9sidente du Parti destourien libre (PDL) Abir Moussi a exprim\u00e9 son soutien \u00e0 l&rsquo;avocate et militante Bochra Belhaj Hmida, qui a \u00e9t\u00e9 condamn\u00e9e, par d\u00e9faut, \u00e0 6 mois de prison ferme dans une affaire qui remonte \u00e0 2012 suite \u00e0 une plainte d\u00e9pos\u00e9e par Tarek Dhiab lorsqu&rsquo;il \u00e9tait ministre de la Jeunesse et des Sports.<\/em><\/strong><\/p>\n\n\n\n<!--more-->\n\n\n\n<p>Abir Moussi a annonc\u00e9 qu&rsquo;elle soutient sa cons\u0153ur, ind\u00e9pendamment des positions que celles-ci a prises et ind\u00e9pendamment des fausses informations qu&rsquo;elle a diffus\u00e9es \u00e0 son propos, a-t-elle ajout\u00e9 lors de son allocution, prononc\u00e9e dans la soir\u00e9e de ce vendredi 24 d\u00e9cembre 2021, lors du sit-in qu&rsquo;elle m\u00e8ne, depuis plus de 10 jours, avec son parti pr\u00e8s du si\u00e8ge des Oul\u00e9mas musulmans \u00e0 Tunis.<\/p>\n\n\n\n<p>\u00ab<em>Je ne pense pas que cette affaire soit une priorit\u00e9, ni qu&rsquo;elle concerne la lutte contre la corruption.. Je ne peux qu&rsquo;\u00eatre solidaire, mon parti et moi soutenons Bochra Belhaj Hmida<\/em>\u00bb, a-t-elle ajout\u00e9.<\/p>\n\n\n\n<p>Notons que Tarek Dhiab a indiqu\u00e9 de son c\u00f4t\u00e9, qu&rsquo;il avait oubli\u00e9 cette affaire et qu\u2019il compte abandonner les poursuites contre l\u2019avocate et militante, selon un post publi\u00e9 par Abdellatif Mekki.<\/p>\n\n\n\n<p class=\"has-text-align-right\"><strong>Y. N.<\/strong><\/p>\n\n\n\n<figure class=\"wp-block-embed is-type-wp-embed is-provider-kapitalis wp-block-embed-kapitalis\"><div class=\"wp-block-embed__wrapper\">\n<blockquote class=\"wp-embedded-content\" data-secret=\"m4XZhtWQdn\"><a href=\"https:\/\/kapitalis.com\/tunisie\/2021\/12\/24\/vague-de-soutien-avec-bochra-belhaj-hmida-condamnee-a-6-mois-de-prison-dans-une-affaire-qui-remonte-a-2012\/\">Vague de soutien avec Bochra Belhaj Hmida, condamn\u00e9e \u00e0 6 mois de prison dans une affaire qui remonte \u00e0 2012<\/a><\/blockquote><iframe loading=\"lazy\" class=\"wp-embedded-content\" sandbox=\"allow-scripts\" security=\"restricted\" style=\"position: absolute; clip: rect(1px, 1px, 1px, 1px);\" title=\"\u00ab\u00a0Vague de soutien avec Bochra Belhaj Hmida, condamn\u00e9e \u00e0 6 mois de prison dans une affaire qui remonte \u00e0 2012\u00a0\u00bb &#8212; Kapitalis\" src=\"https:\/\/kapitalis.com\/tunisie\/2021\/12\/24\/vague-de-soutien-avec-bochra-belhaj-hmida-condamnee-a-6-mois-de-prison-dans-une-affaire-qui-remonte-a-2012\/embed\/#?secret=S7JMVznkoA#?secret=m4XZhtWQdn\" data-secret=\"m4XZhtWQdn\" width=\"600\" height=\"338\" frameborder=\"0\" marginwidth=\"0\" marginheight=\"0\" scrolling=\"no\"><\/iframe>\n<\/div><\/figure>\n","protected":false},"excerpt":{"rendered":"<p>La pr\u00e9sidente du Parti destourien libre (PDL) Abir Moussi a exprim\u00e9 son soutien \u00e0 l&rsquo;avocate et militante Bochra Belhaj Hmida, qui a \u00e9t\u00e9 condamn\u00e9e, par d\u00e9faut, \u00e0 6 mois de prison ferme dans une affaire qui remonte \u00e0 2012 suite \u00e0 une plainte d\u00e9pos\u00e9e par Tarek Dhiab lorsqu&rsquo;il \u00e9tait ministre de la Jeunesse et des&#8230;<\/p>\n","protected":false},"author":6,"featured_media":374683,"comment_status":"open","ping_status":"open","sticky":false,"template":"","format":"standard","meta":{"footnotes":""},"categories":[997,2433],"tags":[15144,4576,33536,96025,62643],"class_list":["post-374681","post","type-post","status-publish","format-standard","has-post-thumbnail","hentry","category-politique","category-tunisie","tag-abir-moussi","tag-bochra-belhaj-hmida","tag-pdl","tag-tarek-dhiab","tag-tunisie"],"yoast_head":"<!-- This site is optimized with the Yoast SEO plugin v26.6 - https:\/\/yoast.com\/wordpress\/plugins\/seo\/ -->\n<title>Tunisie : Abir Moussi exprime son soutien \u00e0 Bochra Belhaj Hmida - Kapitalis<\/title>\n<meta name=\"robots\" content=\"index, follow, max-snippet:-1, max-image-preview:large, max-video-preview:-1\" \/>\n<link rel=\"canonical\" href=\"https:\/\/kapitalis.com\/tunisie\/2021\/12\/25\/tunisie-abir-moussi-exprime-son-soutien-a-bochra-belhaj-hmida\/\" \/>\n<meta property=\"og:locale\" content=\"fr_FR\" \/>\n<meta property=\"og:type\" content=\"article\" \/>\n<meta property=\"og:title\" content=\"Tunisie : Abir Moussi exprime son soutien \u00e0 Bochra Belhaj Hmida - Kapitalis\" \/>\n<meta property=\"og:description\" content=\"La pr\u00e9sidente du Parti destourien libre (PDL) Abir Moussi a exprim\u00e9 son soutien \u00e0 l&rsquo;avocate et militante Bochra Belhaj Hmida, qui a \u00e9t\u00e9 condamn\u00e9e, par d\u00e9faut, \u00e0 6 mois de prison ferme dans une affaire qui remonte \u00e0 2012 suite \u00e0 une plainte d\u00e9pos\u00e9e par Tarek Dhiab lorsqu&rsquo;il \u00e9tait ministre de la Jeunesse et des...\" \/>\n<meta property=\"og:url\" content=\"https:\/\/kapitalis.com\/tunisie\/2021\/12\/25\/tunisie-abir-moussi-exprime-son-soutien-a-bochra-belhaj-hmida\/\" \/>\n<meta property=\"og:site_name\" content=\"Kapitalis\" \/>\n<meta property=\"article:publisher\" content=\"https:\/\/www.facebook.com\/KapitalisInfo\/\" \/>\n<meta property=\"article:published_time\" content=\"2021-12-24T23:00:46+00:00\" \/>\n<meta property=\"article:modified_time\" content=\"2021-12-24T23:04:52+00:00\" \/>\n<meta property=\"og:image\" content=\"https:\/\/kapitalis.com\/tunisie\/wp-content\/uploads\/2022\/05\/kapitalis-logo-fb.png\" \/>\n\t<meta property=\"og:image:width\" content=\"1200\" \/>\n\t<meta property=\"og:image:height\" content=\"630\" \/>\n\t<meta property=\"og:image:type\" content=\"image\/png\" \/>\n<meta name=\"author\" content=\"Yusra NY\" \/>\n<meta name=\"twitter:card\" content=\"summary_large_image\" \/>\n<meta name=\"twitter:creator\" content=\"@KapitalisInfo\" \/>\n<meta name=\"twitter:site\" content=\"@KapitalisInfo\" \/>\n<meta name=\"twitter:label1\" content=\"\u00c9crit par\" \/>\n\t<meta name=\"twitter:data1\" content=\"Yusra NY\" \/>\n\t<meta name=\"twitter:label2\" content=\"Dur\u00e9e de lecture estim\u00e9e\" \/>\n\t<meta name=\"twitter:data2\" content=\"1 minute\" \/>\n<script type=\"application\/ld+json\" class=\"yoast-schema-graph\">{\"@context\":\"https:\/\/schema.org\",\"@graph\":[{\"@type\":\"Article\",\"@id\":\"https:\/\/kapitalis.com\/tunisie\/2021\/12\/25\/tunisie-abir-moussi-exprime-son-soutien-a-bochra-belhaj-hmida\/#article\",\"isPartOf\":{\"@id\":\"https:\/\/kapitalis.com\/tunisie\/2021\/12\/25\/tunisie-abir-moussi-exprime-son-soutien-a-bochra-belhaj-hmida\/\"},\"author\":{\"name\":\"Yusra NY\",\"@id\":\"https:\/\/kapitalis.com\/tunisie\/#\/schema\/person\/74bbde0154d49d790a92aaeac5bc01d5\"},\"headline\":\"Tunisie : Abir Moussi exprime son soutien \u00e0 Bochra Belhaj Hmida\",\"datePublished\":\"2021-12-24T23:00:46+00:00\",\"dateModified\":\"2021-12-24T23:04:52+00:00\",\"mainEntityOfPage\":{\"@id\":\"https:\/\/kapitalis.com\/tunisie\/2021\/12\/25\/tunisie-abir-moussi-exprime-son-soutien-a-bochra-belhaj-hmida\/\"},\"wordCount\":209,\"commentCount\":1,\"publisher\":{\"@id\":\"https:\/\/kapitalis.com\/tunisie\/#organization\"},\"image\":{\"@id\":\"https:\/\/kapitalis.com\/tunisie\/2021\/12\/25\/tunisie-abir-moussi-exprime-son-soutien-a-bochra-belhaj-hmida\/#primaryimage\"},\"thumbnailUrl\":\"\",\"keywords\":[\"Abir Moussi\",\"Bochra Belhaj Hmida\",\"PDL\",\"Tarek Dhiab\",\"Tunisie\"],\"articleSection\":[\"POLITIQUE\",\"Tunisie\"],\"inLanguage\":\"fr-FR\",\"potentialAction\":[{\"@type\":\"CommentAction\",\"name\":\"Comment\",\"target\":[\"https:\/\/kapitalis.com\/tunisie\/2021\/12\/25\/tunisie-abir-moussi-exprime-son-soutien-a-bochra-belhaj-hmida\/#respond\"]}]},{\"@type\":\"WebPage\",\"@id\":\"https:\/\/kapitalis.com\/tunisie\/2021\/12\/25\/tunisie-abir-moussi-exprime-son-soutien-a-bochra-belhaj-hmida\/\",\"url\":\"https:\/\/kapitalis.com\/tunisie\/2021\/12\/25\/tunisie-abir-moussi-exprime-son-soutien-a-bochra-belhaj-hmida\/\",\"name\":\"Tunisie : Abir Moussi exprime son soutien \u00e0 Bochra Belhaj Hmida - Kapitalis\",\"isPartOf\":{\"@id\":\"https:\/\/kapitalis.com\/tunisie\/#website\"},\"primaryImageOfPage\":{\"@id\":\"https:\/\/kapitalis.com\/tunisie\/2021\/12\/25\/tunisie-abir-moussi-exprime-son-soutien-a-bochra-belhaj-hmida\/#primaryimage\"},\"image\":{\"@id\":\"https:\/\/kapitalis.com\/tunisie\/2021\/12\/25\/tunisie-abir-moussi-exprime-son-soutien-a-bochra-belhaj-hmida\/#primaryimage\"},\"thumbnailUrl\":\"\",\"datePublished\":\"2021-12-24T23:00:46+00:00\",\"dateModified\":\"2021-12-24T23:04:52+00:00\",\"breadcrumb\":{\"@id\":\"https:\/\/kapitalis.com\/tunisie\/2021\/12\/25\/tunisie-abir-moussi-exprime-son-soutien-a-bochra-belhaj-hmida\/#breadcrumb\"},\"inLanguage\":\"fr-FR\",\"potentialAction\":[{\"@type\":\"ReadAction\",\"target\":[\"https:\/\/kapitalis.com\/tunisie\/2021\/12\/25\/tunisie-abir-moussi-exprime-son-soutien-a-bochra-belhaj-hmida\/\"]}]},{\"@type\":\"ImageObject\",\"inLanguage\":\"fr-FR\",\"@id\":\"https:\/\/kapitalis.com\/tunisie\/2021\/12\/25\/tunisie-abir-moussi-exprime-son-soutien-a-bochra-belhaj-hmida\/#primaryimage\",\"url\":\"\",\"contentUrl\":\"\"},{\"@type\":\"BreadcrumbList\",\"@id\":\"https:\/\/kapitalis.com\/tunisie\/2021\/12\/25\/tunisie-abir-moussi-exprime-son-soutien-a-bochra-belhaj-hmida\/#breadcrumb\",\"itemListElement\":[{\"@type\":\"ListItem\",\"position\":1,\"name\":\"Accueil\",\"item\":\"https:\/\/kapitalis.com\/tunisie\/\"},{\"@type\":\"ListItem\",\"position\":2,\"name\":\"Tunisie : Abir Moussi exprime son soutien \u00e0 Bochra Belhaj Hmida\"}]},{\"@type\":\"WebSite\",\"@id\":\"https:\/\/kapitalis.com\/tunisie\/#website\",\"url\":\"https:\/\/kapitalis.com\/tunisie\/\",\"name\":\"Kapitalis\",\"description\":\"L&#039;actualit\u00e9 en Tunisie et dans le monde\",\"publisher\":{\"@id\":\"https:\/\/kapitalis.com\/tunisie\/#organization\"},\"potentialAction\":[{\"@type\":\"SearchAction\",\"target\":{\"@type\":\"EntryPoint\",\"urlTemplate\":\"https:\/\/kapitalis.com\/tunisie\/?s={search_term_string}\"},\"query-input\":{\"@type\":\"PropertyValueSpecification\",\"valueRequired\":true,\"valueName\":\"search_term_string\"}}],\"inLanguage\":\"fr-FR\"},{\"@type\":\"Organization\",\"@id\":\"https:\/\/kapitalis.com\/tunisie\/#organization\",\"name\":\"Kapitalis\",\"url\":\"https:\/\/kapitalis.com\/tunisie\/\",\"logo\":{\"@type\":\"ImageObject\",\"inLanguage\":\"fr-FR\",\"@id\":\"https:\/\/kapitalis.com\/tunisie\/#\/schema\/logo\/image\/\",\"url\":\"https:\/\/kapitalis.com\/tunisie\/wp-content\/uploads\/2022\/05\/Kapitalis-big-size.png\",\"contentUrl\":\"https:\/\/kapitalis.com\/tunisie\/wp-content\/uploads\/2022\/05\/Kapitalis-big-size.png\",\"width\":5000,\"height\":1500,\"caption\":\"Kapitalis\"},\"image\":{\"@id\":\"https:\/\/kapitalis.com\/tunisie\/#\/schema\/logo\/image\/\"},\"sameAs\":[\"https:\/\/www.facebook.com\/KapitalisInfo\/\",\"https:\/\/x.com\/KapitalisInfo\",\"https:\/\/www.youtube.com\/channel\/UC-yDYrHyfFBWWZaOw3FPg9Q\"]},{\"@type\":\"Person\",\"@id\":\"https:\/\/kapitalis.com\/tunisie\/#\/schema\/person\/74bbde0154d49d790a92aaeac5bc01d5\",\"name\":\"Yusra NY\",\"url\":\"https:\/\/kapitalis.com\/tunisie\/author\/yuza_adam\/\"}]}<\/script>\n<!-- \/ Yoast SEO plugin. -->","yoast_head_json":{"title":"Tunisie : Abir Moussi exprime son soutien \u00e0 Bochra Belhaj Hmida - Kapitalis","robots":{"index":"index","follow":"follow","max-snippet":"max-snippet:-1","max-image-preview":"max-image-preview:large","max-video-preview":"max-video-preview:-1"},"canonical":"https:\/\/kapitalis.com\/tunisie\/2021\/12\/25\/tunisie-abir-moussi-exprime-son-soutien-a-bochra-belhaj-hmida\/","og_locale":"fr_FR","og_type":"article","og_title":"Tunisie : Abir Moussi exprime son soutien \u00e0 Bochra Belhaj Hmida - Kapitalis","og_description":"La pr\u00e9sidente du Parti destourien libre (PDL) Abir Moussi a exprim\u00e9 son soutien \u00e0 l&rsquo;avocate et militante Bochra Belhaj Hmida, qui a \u00e9t\u00e9 condamn\u00e9e, par d\u00e9faut, \u00e0 6 mois de prison ferme dans une affaire qui remonte \u00e0 2012 suite \u00e0 une plainte d\u00e9pos\u00e9e par Tarek Dhiab lorsqu&rsquo;il \u00e9tait ministre de la Jeunesse et des...","og_url":"https:\/\/kapitalis.com\/tunisie\/2021\/12\/25\/tunisie-abir-moussi-exprime-son-soutien-a-bochra-belhaj-hmida\/","og_site_name":"Kapitalis","article_publisher":"https:\/\/www.facebook.com\/KapitalisInfo\/","article_published_time":"2021-12-24T23:00:46+00:00","article_modified_time":"2021-12-24T23:04:52+00:00","og_image":[{"width":1200,"height":630,"url":"https:\/\/kapitalis.com\/tunisie\/wp-content\/uploads\/2022\/05\/kapitalis-logo-fb.png","type":"image\/png"}],"author":"Yusra NY","twitter_card":"summary_large_image","twitter_creator":"@KapitalisInfo","twitter_site":"@KapitalisInfo","twitter_misc":{"\u00c9crit par":"Yusra NY","Dur\u00e9e de lecture estim\u00e9e":"1 minute"},"schema":{"@context":"https:\/\/schema.org","@graph":[{"@type":"Article","@id":"https:\/\/kapitalis.com\/tunisie\/2021\/12\/25\/tunisie-abir-moussi-exprime-son-soutien-a-bochra-belhaj-hmida\/#article","isPartOf":{"@id":"https:\/\/kapitalis.com\/tunisie\/2021\/12\/25\/tunisie-abir-moussi-exprime-son-soutien-a-bochra-belhaj-hmida\/"},"author":{"name":"Yusra NY","@id":"https:\/\/kapitalis.com\/tunisie\/#\/schema\/person\/74bbde0154d49d790a92aaeac5bc01d5"},"headline":"Tunisie : Abir Moussi exprime son soutien \u00e0 Bochra Belhaj Hmida","datePublished":"2021-12-24T23:00:46+00:00","dateModified":"2021-12-24T23:04:52+00:00","mainEntityOfPage":{"@id":"https:\/\/kapitalis.com\/tunisie\/2021\/12\/25\/tunisie-abir-moussi-exprime-son-soutien-a-bochra-belhaj-hmida\/"},"wordCount":209,"commentCount":1,"publisher":{"@id":"https:\/\/kapitalis.com\/tunisie\/#organization"},"image":{"@id":"https:\/\/kapitalis.com\/tunisie\/2021\/12\/25\/tunisie-abir-moussi-exprime-son-soutien-a-bochra-belhaj-hmida\/#primaryimage"},"thumbnailUrl":"","keywords":["Abir Moussi","Bochra Belhaj Hmida","PDL","Tarek Dhiab","Tunisie"],"articleSection":["POLITIQUE","Tunisie"],"inLanguage":"fr-FR","potentialAction":[{"@type":"CommentAction","name":"Comment","target":["https:\/\/kapitalis.com\/tunisie\/2021\/12\/25\/tunisie-abir-moussi-exprime-son-soutien-a-bochra-belhaj-hmida\/#respond"]}]},{"@type":"WebPage","@id":"https:\/\/kapitalis.com\/tunisie\/2021\/12\/25\/tunisie-abir-moussi-exprime-son-soutien-a-bochra-belhaj-hmida\/","url":"https:\/\/kapitalis.com\/tunisie\/2021\/12\/25\/tunisie-abir-moussi-exprime-son-soutien-a-bochra-belhaj-hmida\/","name":"Tunisie : Abir Moussi exprime son soutien \u00e0 Bochra Belhaj Hmida - Kapitalis","isPartOf":{"@id":"https:\/\/kapitalis.com\/tunisie\/#website"},"primaryImageOfPage":{"@id":"https:\/\/kapitalis.com\/tunisie\/2021\/12\/25\/tunisie-abir-moussi-exprime-son-soutien-a-bochra-belhaj-hmida\/#primaryimage"},"image":{"@id":"https:\/\/kapitalis.com\/tunisie\/2021\/12\/25\/tunisie-abir-moussi-exprime-son-soutien-a-bochra-belhaj-hmida\/#primaryimage"},"thumbnailUrl":"","datePublished":"2021-12-24T23:00:46+00:00","dateModified":"2021-12-24T23:04:52+00:00","breadcrumb":{"@id":"https:\/\/kapitalis.com\/tunisie\/2021\/12\/25\/tunisie-abir-moussi-exprime-son-soutien-a-bochra-belhaj-hmida\/#breadcrumb"},"inLanguage":"fr-FR","potentialAction":[{"@type":"ReadAction","target":["https:\/\/kapitalis.com\/tunisie\/2021\/12\/25\/tunisie-abir-moussi-exprime-son-soutien-a-bochra-belhaj-hmida\/"]}]},{"@type":"ImageObject","inLanguage":"fr-FR","@id":"https:\/\/kapitalis.com\/tunisie\/2021\/12\/25\/tunisie-abir-moussi-exprime-son-soutien-a-bochra-belhaj-hmida\/#primaryimage","url":"","contentUrl":""},{"@type":"BreadcrumbList","@id":"https:\/\/kapitalis.com\/tunisie\/2021\/12\/25\/tunisie-abir-moussi-exprime-son-soutien-a-bochra-belhaj-hmida\/#breadcrumb","itemListElement":[{"@type":"ListItem","position":1,"name":"Accueil","item":"https:\/\/kapitalis.com\/tunisie\/"},{"@type":"ListItem","position":2,"name":"Tunisie : Abir Moussi exprime son soutien \u00e0 Bochra Belhaj Hmida"}]},{"@type":"WebSite","@id":"https:\/\/kapitalis.com\/tunisie\/#website","url":"https:\/\/kapitalis.com\/tunisie\/","name":"Kapitalis","description":"L&#039;actualit\u00e9 en Tunisie et dans le monde","publisher":{"@id":"https:\/\/kapitalis.com\/tunisie\/#organization"},"potentialAction":[{"@type":"SearchAction","target":{"@type":"EntryPoint","urlTemplate":"https:\/\/kapitalis.com\/tunisie\/?s={search_term_string}"},"query-input":{"@type":"PropertyValueSpecification","valueRequired":true,"valueName":"search_term_string"}}],"inLanguage":"fr-FR"},{"@type":"Organization","@id":"https:\/\/kapitalis.com\/tunisie\/#organization","name":"Kapitalis","url":"https:\/\/kapitalis.com\/tunisie\/","logo":{"@type":"ImageObject","inLanguage":"fr-FR","@id":"https:\/\/kapitalis.com\/tunisie\/#\/schema\/logo\/image\/","url":"https:\/\/kapitalis.com\/tunisie\/wp-content\/uploads\/2022\/05\/Kapitalis-big-size.png","contentUrl":"https:\/\/kapitalis.com\/tunisie\/wp-content\/uploads\/2022\/05\/Kapitalis-big-size.png","width":5000,"height":1500,"caption":"Kapitalis"},"image":{"@id":"https:\/\/kapitalis.com\/tunisie\/#\/schema\/logo\/image\/"},"sameAs":["https:\/\/www.facebook.com\/KapitalisInfo\/","https:\/\/x.com\/KapitalisInfo","https:\/\/www.youtube.com\/channel\/UC-yDYrHyfFBWWZaOw3FPg9Q"]},{"@type":"Person","@id":"https:\/\/kapitalis.com\/tunisie\/#\/schema\/person\/74bbde0154d49d790a92aaeac5bc01d5","name":"Yusra NY","url":"https:\/\/kapitalis.com\/tunisie\/author\/yuza_adam\/"}]}},"_links":{"self":[{"href":"https:\/\/kapitalis.com\/tunisie\/wp-json\/wp\/v2\/posts\/374681","targetHints":{"allow":["GET"]}}],"collection":[{"href":"https:\/\/kapitalis.com\/tunisie\/wp-json\/wp\/v2\/posts"}],"about":[{"href":"https:\/\/kapitalis.com\/tunisie\/wp-json\/wp\/v2\/types\/post"}],"author":[{"embeddable":true,"href":"https:\/\/kapitalis.com\/tunisie\/wp-json\/wp\/v2\/users\/6"}],"replies":[{"embeddable":true,"href":"https:\/\/kapitalis.com\/tunisie\/wp-json\/wp\/v2\/comments?post=374681"}],"version-history":[{"count":0,"href":"https:\/\/kapitalis.com\/tunisie\/wp-json\/wp\/v2\/posts\/374681\/revisions"}],"wp:featuredmedia":[{"embeddable":true,"href":"https:\/\/kapitalis.com\/tunisie\/wp-json\/wp\/v2\/media\/374683"}],"wp:attachment":[{"href":"https:\/\/kapitalis.com\/tunisie\/wp-json\/wp\/v2\/media?parent=374681"}],"wp:term":[{"taxonomy":"category","embeddable":true,"href":"https:\/\/kapitalis.com\/tunisie\/wp-json\/wp\/v2\/categories?post=374681"},{"taxonomy":"post_tag","embeddable":true,"href":"https:\/\/kapitalis.com\/tunisie\/wp-json\/wp\/v2\/tags?post=374681"}],"curies":[{"name":"wp","href":"https:\/\/api.w.org\/{rel}","templated":true}]}}