{"id":374786,"date":"2021-12-26T09:16:08","date_gmt":"2021-12-26T08:16:08","guid":{"rendered":"http:\/\/kapitalis.com\/tunisie\/?p=374786"},"modified":"2021-12-26T09:17:43","modified_gmt":"2021-12-26T08:17:43","slug":"khalil-baroumi-fait-porter-a-kais-saied-la-responsabilite-du-bilan-calamiteux-dennahdha","status":"publish","type":"post","link":"https:\/\/kapitalis.com\/tunisie\/2021\/12\/26\/khalil-baroumi-fait-porter-a-kais-saied-la-responsabilite-du-bilan-calamiteux-dennahdha\/","title":{"rendered":"Khalil Baroumi fait porter \u00e0 Ka\u00efs Sa\u00efed la responsabilit\u00e9 du bilan calamiteux d&rsquo;Ennahdha"},"content":{"rendered":"\n<div class=\"wp-block-image\"><figure class=\"aligncenter size-full\"><img decoding=\"async\" src=\"http:\/\/kapitalis.com\/tunisie\/wp-content\/uploads\/2021\/12\/Khalil-Baroumi.jpg\" alt=\"\" class=\"wp-image-374788\"\/><\/figure><\/div>\n\n\n\n<p><strong><em>Les islamistes ont beau jeu aujourd&rsquo;hui de s&rsquo;opposer au pr\u00e9sident Ka\u00efs Sa\u00efed et de critiquer les mesures d&rsquo;aust\u00e9rit\u00e9 qu&rsquo;il a \u00e9t\u00e9 contraint de prendre, alors qu&rsquo;ils sont eux-m\u00eames \u00e0 l&rsquo;origine de la situation financi\u00e8re catastrophique o\u00f9 se trouve aujourd&rsquo;hui la Tunisie, au terme de dix ans de pouvoir d&rsquo;Ennahdha, caract\u00e9ris\u00e9 par la gabegie, la mauvaise gouvernance et la dilapidation des ressources du pays.<\/em><\/strong><\/p>\n\n\n\n<!--more-->\n\n\n\n<p><em>\u00abNous sommes actuellement en Tunisie dans un Etat sans loi, un Etat sans constitution et dans lequel la loi n&rsquo;est pas respect\u00e9e\u00bb, <\/em>a d\u00e9clar\u00e9 Khalil Baroumi hier, samedi 25 d\u00e9cembre 2021, dans l&rsquo;\u00e9mission <em>\u00abLe Grand d\u00e9bat\u00bb,<\/em> sur <a href=\"https:\/\/www.shemsfm.net\/ar\/%D8%A7%D9%84%D8%A3%D8%AE%D8%A8%D8%A7%D8%B1_%D8%B4%D9%85%D8%B3-%D8%A7%D9%84%D8%A7%D8%AE%D8%A8%D8%A7%D8%B1\/334631\/%D8%AE%D9%84%D9%8A%D9%84-%D8%A8%D8%B1%D8%B9%D9%88%D9%85%D9%8A-%D9%86%D8%AD%D9%86-%D9%81%D9%8A-%D8%AF%D9%88%D9%84%D8%A9-%D8%A7%D9%84%D9%85%D8%B1%D8%A7%D8%B3%D9%8A%D9%85-%D9%88%D8%A7%D9%84%D8%A3%D9%88%D8%A7%D9%85%D8%B1-%D9%88%D8%AF%D9%88%D9%84%D8%A9-%D8%AF%D9%88%D9%86-%D9%82%D8%A7%D9%86%D9%88%D9%86\" target=\"_blank\" rel=\"noreferrer noopener\">Shems FM<\/a>, par allusion aux <em>\u00abmesures d&rsquo;exception\u00bb<\/em> annonc\u00e9es le 25 juillet dernier par le pr\u00e9sident Sa\u00efed en vertu desquelles ce dernier a pris en main tous les pouvoirs.<\/p>\n\n\n\n<p><em>\u00abLe pr\u00e9sident de la r\u00e9publique, \u00e0 chaque fois qu&rsquo;il prend la parole, harc\u00e8le la justice, dans un pays o\u00f9 les lois continuent d&rsquo;\u00eatre viol\u00e9es et la constitution n&rsquo;est pas respect\u00e9e\u00bb,<\/em> a ajout\u00e9 l&rsquo;ancien dirigeant du mouvement Ennahdha, dont il a r\u00e9cemment d\u00e9missionn\u00e9, en affirmant que <em>\u00abla p\u00e9riode actuelle se caract\u00e9rise par l&rsquo;assujettissement de tous les appareils de l&rsquo;Etat \u00e0 l&rsquo;autorit\u00e9 absolue d&rsquo;un seul homme et ce pour harceler les opposants.\u00bb<\/em><\/p>\n\n\n\n<p><em>\u00abLe pr\u00e9sident de la r\u00e9publique vend des illusions au peuple\u00bb,<\/em> a aussi d\u00e9clar\u00e9 Khalil Baroumi, ajoutant qu&rsquo;<em>\u00abil ressort clairement des discours du pr\u00e9sident que l&rsquo;ann\u00e9e prochaine va \u00eatre tr\u00e8s difficile et que ce sera le citoyen qui payera le prix fort\u00bb, <\/em>dans une allusion \u00e0 la loi de finances et au budget de l&rsquo;Etat pour 2022, adopt\u00e9s sans discussion, et qui pr\u00e9voient des hausses d&rsquo;imp\u00f4ts et des mesures d&rsquo;aust\u00e9rit\u00e9.<\/p>\n\n\n\n<p>Bien entendu, comme la plupart des dirigeants islamistes, Khalil Baroumi ne fait aucune autocritique, alors que les difficult\u00e9s financi\u00e8res actuelles de la Tunisie sont la cons\u00e9quence directe d&rsquo;une d\u00e9cennie de gabegie, de mauvaise gouvernance et de dilapidation des ressources nationales sous la conduite du parti Ennahdha, dont il fut, jusqu&rsquo;\u00e0 il y a quelques semaines, l&rsquo;un des principaux porte-paroles, ayant \u00e9t\u00e9 pendant plusieurs ann\u00e9es l&rsquo;un des plus proches collaborateurs de son pr\u00e9sident Rached Ghannouchi.<\/p>\n\n\n\n<p>D&rsquo;ailleurs, pour justifier les mesures d&rsquo;aust\u00e9rit\u00e9 qu&rsquo;il a \u00e9t\u00e9 contraint de prendre, Ka\u00efs Sa\u00efed avait parl\u00e9 \u00e0 juste titre de <em>\u00abcalamiteux h\u00e9ritage\u00bb,<\/em> par allusion \u00e0 la situation catastrophique o\u00f9 les islamistes, pass\u00e9s aujourd&rsquo;hui dans l&rsquo;opposition, ont laiss\u00e9 la Tunisie.<\/p>\n\n\n\n<p class=\"has-text-align-right\"><strong>I. B.<\/strong><\/p>\n","protected":false},"excerpt":{"rendered":"<p>Les islamistes ont beau jeu aujourd&rsquo;hui de s&rsquo;opposer au pr\u00e9sident Ka\u00efs Sa\u00efed et de critiquer les mesures d&rsquo;aust\u00e9rit\u00e9 qu&rsquo;il a \u00e9t\u00e9 contraint de prendre, alors qu&rsquo;ils sont eux-m\u00eames \u00e0 l&rsquo;origine de la situation financi\u00e8re catastrophique o\u00f9 se trouve aujourd&rsquo;hui la Tunisie, au terme de dix ans de pouvoir d&rsquo;Ennahdha, caract\u00e9ris\u00e9 par la gabegie, la mauvaise&#8230;<\/p>\n","protected":false},"author":8,"featured_media":374788,"comment_status":"open","ping_status":"open","sticky":false,"template":"","format":"standard","meta":{"footnotes":""},"categories":[997,2433],"tags":[49543,76012,84218,758,62643],"class_list":["post-374786","post","type-post","status-publish","format-standard","has-post-thumbnail","hentry","category-politique","category-tunisie","tag-ennahdha","tag-kais-saied-2","tag-khalil-baroumi","tag-rached-ghannouchi","tag-tunisie"],"yoast_head":"<!-- This site is optimized with the Yoast SEO plugin v26.6 - https:\/\/yoast.com\/wordpress\/plugins\/seo\/ -->\n<title>Khalil Baroumi fait porter \u00e0 Ka\u00efs Sa\u00efed la responsabilit\u00e9 du bilan calamiteux d&#039;Ennahdha - Kapitalis<\/title>\n<meta name=\"robots\" content=\"index, follow, max-snippet:-1, max-image-preview:large, max-video-preview:-1\" \/>\n<link rel=\"canonical\" href=\"https:\/\/kapitalis.com\/tunisie\/2021\/12\/26\/khalil-baroumi-fait-porter-a-kais-saied-la-responsabilite-du-bilan-calamiteux-dennahdha\/\" \/>\n<meta property=\"og:locale\" content=\"fr_FR\" \/>\n<meta property=\"og:type\" content=\"article\" \/>\n<meta property=\"og:title\" content=\"Khalil Baroumi fait porter \u00e0 Ka\u00efs Sa\u00efed la responsabilit\u00e9 du bilan calamiteux d&#039;Ennahdha - Kapitalis\" \/>\n<meta property=\"og:description\" content=\"Les islamistes ont beau jeu aujourd&rsquo;hui de s&rsquo;opposer au pr\u00e9sident Ka\u00efs Sa\u00efed et de critiquer les mesures d&rsquo;aust\u00e9rit\u00e9 qu&rsquo;il a \u00e9t\u00e9 contraint de prendre, alors qu&rsquo;ils sont eux-m\u00eames \u00e0 l&rsquo;origine de la situation financi\u00e8re catastrophique o\u00f9 se trouve aujourd&rsquo;hui la Tunisie, au terme de dix ans de pouvoir d&rsquo;Ennahdha, caract\u00e9ris\u00e9 par la gabegie, la mauvaise...\" \/>\n<meta property=\"og:url\" content=\"https:\/\/kapitalis.com\/tunisie\/2021\/12\/26\/khalil-baroumi-fait-porter-a-kais-saied-la-responsabilite-du-bilan-calamiteux-dennahdha\/\" \/>\n<meta property=\"og:site_name\" content=\"Kapitalis\" \/>\n<meta property=\"article:publisher\" content=\"https:\/\/www.facebook.com\/KapitalisInfo\/\" \/>\n<meta property=\"article:published_time\" content=\"2021-12-26T08:16:08+00:00\" \/>\n<meta property=\"article:modified_time\" content=\"2021-12-26T08:17:43+00:00\" \/>\n<meta property=\"og:image\" content=\"https:\/\/kapitalis.com\/tunisie\/wp-content\/uploads\/2022\/05\/kapitalis-logo-fb.png\" \/>\n\t<meta property=\"og:image:width\" content=\"1200\" \/>\n\t<meta property=\"og:image:height\" content=\"630\" \/>\n\t<meta property=\"og:image:type\" content=\"image\/png\" \/>\n<meta name=\"author\" content=\"webmaster kapitalis\" \/>\n<meta name=\"twitter:card\" content=\"summary_large_image\" \/>\n<meta name=\"twitter:creator\" content=\"@KapitalisInfo\" \/>\n<meta name=\"twitter:site\" content=\"@KapitalisInfo\" \/>\n<meta name=\"twitter:label1\" content=\"\u00c9crit par\" \/>\n\t<meta name=\"twitter:data1\" content=\"webmaster kapitalis\" \/>\n\t<meta name=\"twitter:label2\" content=\"Dur\u00e9e de lecture estim\u00e9e\" \/>\n\t<meta name=\"twitter:data2\" content=\"2 minutes\" \/>\n<script type=\"application\/ld+json\" class=\"yoast-schema-graph\">{\"@context\":\"https:\/\/schema.org\",\"@graph\":[{\"@type\":\"Article\",\"@id\":\"https:\/\/kapitalis.com\/tunisie\/2021\/12\/26\/khalil-baroumi-fait-porter-a-kais-saied-la-responsabilite-du-bilan-calamiteux-dennahdha\/#article\",\"isPartOf\":{\"@id\":\"https:\/\/kapitalis.com\/tunisie\/2021\/12\/26\/khalil-baroumi-fait-porter-a-kais-saied-la-responsabilite-du-bilan-calamiteux-dennahdha\/\"},\"author\":{\"name\":\"webmaster kapitalis\",\"@id\":\"https:\/\/kapitalis.com\/tunisie\/#\/schema\/person\/d71f33a9ca44f7bad4698210b480c8e9\"},\"headline\":\"Khalil Baroumi fait porter \u00e0 Ka\u00efs Sa\u00efed la responsabilit\u00e9 du bilan calamiteux d&rsquo;Ennahdha\",\"datePublished\":\"2021-12-26T08:16:08+00:00\",\"dateModified\":\"2021-12-26T08:17:43+00:00\",\"mainEntityOfPage\":{\"@id\":\"https:\/\/kapitalis.com\/tunisie\/2021\/12\/26\/khalil-baroumi-fait-porter-a-kais-saied-la-responsabilite-du-bilan-calamiteux-dennahdha\/\"},\"wordCount\":433,\"commentCount\":8,\"publisher\":{\"@id\":\"https:\/\/kapitalis.com\/tunisie\/#organization\"},\"image\":{\"@id\":\"https:\/\/kapitalis.com\/tunisie\/2021\/12\/26\/khalil-baroumi-fait-porter-a-kais-saied-la-responsabilite-du-bilan-calamiteux-dennahdha\/#primaryimage\"},\"thumbnailUrl\":\"\",\"keywords\":[\"Ennahdha\",\"Ka\u00efs Sa\u00efed\",\"Khalil Baroumi\",\"Rached Ghannouchi\",\"Tunisie\"],\"articleSection\":[\"POLITIQUE\",\"Tunisie\"],\"inLanguage\":\"fr-FR\",\"potentialAction\":[{\"@type\":\"CommentAction\",\"name\":\"Comment\",\"target\":[\"https:\/\/kapitalis.com\/tunisie\/2021\/12\/26\/khalil-baroumi-fait-porter-a-kais-saied-la-responsabilite-du-bilan-calamiteux-dennahdha\/#respond\"]}]},{\"@type\":\"WebPage\",\"@id\":\"https:\/\/kapitalis.com\/tunisie\/2021\/12\/26\/khalil-baroumi-fait-porter-a-kais-saied-la-responsabilite-du-bilan-calamiteux-dennahdha\/\",\"url\":\"https:\/\/kapitalis.com\/tunisie\/2021\/12\/26\/khalil-baroumi-fait-porter-a-kais-saied-la-responsabilite-du-bilan-calamiteux-dennahdha\/\",\"name\":\"Khalil Baroumi fait porter \u00e0 Ka\u00efs Sa\u00efed la responsabilit\u00e9 du bilan calamiteux d'Ennahdha - Kapitalis\",\"isPartOf\":{\"@id\":\"https:\/\/kapitalis.com\/tunisie\/#website\"},\"primaryImageOfPage\":{\"@id\":\"https:\/\/kapitalis.com\/tunisie\/2021\/12\/26\/khalil-baroumi-fait-porter-a-kais-saied-la-responsabilite-du-bilan-calamiteux-dennahdha\/#primaryimage\"},\"image\":{\"@id\":\"https:\/\/kapitalis.com\/tunisie\/2021\/12\/26\/khalil-baroumi-fait-porter-a-kais-saied-la-responsabilite-du-bilan-calamiteux-dennahdha\/#primaryimage\"},\"thumbnailUrl\":\"\",\"datePublished\":\"2021-12-26T08:16:08+00:00\",\"dateModified\":\"2021-12-26T08:17:43+00:00\",\"breadcrumb\":{\"@id\":\"https:\/\/kapitalis.com\/tunisie\/2021\/12\/26\/khalil-baroumi-fait-porter-a-kais-saied-la-responsabilite-du-bilan-calamiteux-dennahdha\/#breadcrumb\"},\"inLanguage\":\"fr-FR\",\"potentialAction\":[{\"@type\":\"ReadAction\",\"target\":[\"https:\/\/kapitalis.com\/tunisie\/2021\/12\/26\/khalil-baroumi-fait-porter-a-kais-saied-la-responsabilite-du-bilan-calamiteux-dennahdha\/\"]}]},{\"@type\":\"ImageObject\",\"inLanguage\":\"fr-FR\",\"@id\":\"https:\/\/kapitalis.com\/tunisie\/2021\/12\/26\/khalil-baroumi-fait-porter-a-kais-saied-la-responsabilite-du-bilan-calamiteux-dennahdha\/#primaryimage\",\"url\":\"\",\"contentUrl\":\"\"},{\"@type\":\"BreadcrumbList\",\"@id\":\"https:\/\/kapitalis.com\/tunisie\/2021\/12\/26\/khalil-baroumi-fait-porter-a-kais-saied-la-responsabilite-du-bilan-calamiteux-dennahdha\/#breadcrumb\",\"itemListElement\":[{\"@type\":\"ListItem\",\"position\":1,\"name\":\"Accueil\",\"item\":\"https:\/\/kapitalis.com\/tunisie\/\"},{\"@type\":\"ListItem\",\"position\":2,\"name\":\"Khalil Baroumi fait porter \u00e0 Ka\u00efs Sa\u00efed la responsabilit\u00e9 du bilan calamiteux d&rsquo;Ennahdha\"}]},{\"@type\":\"WebSite\",\"@id\":\"https:\/\/kapitalis.com\/tunisie\/#website\",\"url\":\"https:\/\/kapitalis.com\/tunisie\/\",\"name\":\"Kapitalis\",\"description\":\"L&#039;actualit\u00e9 en Tunisie et dans le monde\",\"publisher\":{\"@id\":\"https:\/\/kapitalis.com\/tunisie\/#organization\"},\"potentialAction\":[{\"@type\":\"SearchAction\",\"target\":{\"@type\":\"EntryPoint\",\"urlTemplate\":\"https:\/\/kapitalis.com\/tunisie\/?s={search_term_string}\"},\"query-input\":{\"@type\":\"PropertyValueSpecification\",\"valueRequired\":true,\"valueName\":\"search_term_string\"}}],\"inLanguage\":\"fr-FR\"},{\"@type\":\"Organization\",\"@id\":\"https:\/\/kapitalis.com\/tunisie\/#organization\",\"name\":\"Kapitalis\",\"url\":\"https:\/\/kapitalis.com\/tunisie\/\",\"logo\":{\"@type\":\"ImageObject\",\"inLanguage\":\"fr-FR\",\"@id\":\"https:\/\/kapitalis.com\/tunisie\/#\/schema\/logo\/image\/\",\"url\":\"https:\/\/kapitalis.com\/tunisie\/wp-content\/uploads\/2022\/05\/Kapitalis-big-size.png\",\"contentUrl\":\"https:\/\/kapitalis.com\/tunisie\/wp-content\/uploads\/2022\/05\/Kapitalis-big-size.png\",\"width\":5000,\"height\":1500,\"caption\":\"Kapitalis\"},\"image\":{\"@id\":\"https:\/\/kapitalis.com\/tunisie\/#\/schema\/logo\/image\/\"},\"sameAs\":[\"https:\/\/www.facebook.com\/KapitalisInfo\/\",\"https:\/\/x.com\/KapitalisInfo\",\"https:\/\/www.youtube.com\/channel\/UC-yDYrHyfFBWWZaOw3FPg9Q\"]},{\"@type\":\"Person\",\"@id\":\"https:\/\/kapitalis.com\/tunisie\/#\/schema\/person\/d71f33a9ca44f7bad4698210b480c8e9\",\"name\":\"webmaster kapitalis\",\"url\":\"https:\/\/kapitalis.com\/tunisie\/author\/webmaster-kapitalis\/\"}]}<\/script>\n<!-- \/ Yoast SEO plugin. -->","yoast_head_json":{"title":"Khalil Baroumi fait porter \u00e0 Ka\u00efs Sa\u00efed la responsabilit\u00e9 du bilan calamiteux d'Ennahdha - Kapitalis","robots":{"index":"index","follow":"follow","max-snippet":"max-snippet:-1","max-image-preview":"max-image-preview:large","max-video-preview":"max-video-preview:-1"},"canonical":"https:\/\/kapitalis.com\/tunisie\/2021\/12\/26\/khalil-baroumi-fait-porter-a-kais-saied-la-responsabilite-du-bilan-calamiteux-dennahdha\/","og_locale":"fr_FR","og_type":"article","og_title":"Khalil Baroumi fait porter \u00e0 Ka\u00efs Sa\u00efed la responsabilit\u00e9 du bilan calamiteux d'Ennahdha - Kapitalis","og_description":"Les islamistes ont beau jeu aujourd&rsquo;hui de s&rsquo;opposer au pr\u00e9sident Ka\u00efs Sa\u00efed et de critiquer les mesures d&rsquo;aust\u00e9rit\u00e9 qu&rsquo;il a \u00e9t\u00e9 contraint de prendre, alors qu&rsquo;ils sont eux-m\u00eames \u00e0 l&rsquo;origine de la situation financi\u00e8re catastrophique o\u00f9 se trouve aujourd&rsquo;hui la Tunisie, au terme de dix ans de pouvoir d&rsquo;Ennahdha, caract\u00e9ris\u00e9 par la gabegie, la mauvaise...","og_url":"https:\/\/kapitalis.com\/tunisie\/2021\/12\/26\/khalil-baroumi-fait-porter-a-kais-saied-la-responsabilite-du-bilan-calamiteux-dennahdha\/","og_site_name":"Kapitalis","article_publisher":"https:\/\/www.facebook.com\/KapitalisInfo\/","article_published_time":"2021-12-26T08:16:08+00:00","article_modified_time":"2021-12-26T08:17:43+00:00","og_image":[{"width":1200,"height":630,"url":"https:\/\/kapitalis.com\/tunisie\/wp-content\/uploads\/2022\/05\/kapitalis-logo-fb.png","type":"image\/png"}],"author":"webmaster kapitalis","twitter_card":"summary_large_image","twitter_creator":"@KapitalisInfo","twitter_site":"@KapitalisInfo","twitter_misc":{"\u00c9crit par":"webmaster kapitalis","Dur\u00e9e de lecture estim\u00e9e":"2 minutes"},"schema":{"@context":"https:\/\/schema.org","@graph":[{"@type":"Article","@id":"https:\/\/kapitalis.com\/tunisie\/2021\/12\/26\/khalil-baroumi-fait-porter-a-kais-saied-la-responsabilite-du-bilan-calamiteux-dennahdha\/#article","isPartOf":{"@id":"https:\/\/kapitalis.com\/tunisie\/2021\/12\/26\/khalil-baroumi-fait-porter-a-kais-saied-la-responsabilite-du-bilan-calamiteux-dennahdha\/"},"author":{"name":"webmaster kapitalis","@id":"https:\/\/kapitalis.com\/tunisie\/#\/schema\/person\/d71f33a9ca44f7bad4698210b480c8e9"},"headline":"Khalil Baroumi fait porter \u00e0 Ka\u00efs Sa\u00efed la responsabilit\u00e9 du bilan calamiteux d&rsquo;Ennahdha","datePublished":"2021-12-26T08:16:08+00:00","dateModified":"2021-12-26T08:17:43+00:00","mainEntityOfPage":{"@id":"https:\/\/kapitalis.com\/tunisie\/2021\/12\/26\/khalil-baroumi-fait-porter-a-kais-saied-la-responsabilite-du-bilan-calamiteux-dennahdha\/"},"wordCount":433,"commentCount":8,"publisher":{"@id":"https:\/\/kapitalis.com\/tunisie\/#organization"},"image":{"@id":"https:\/\/kapitalis.com\/tunisie\/2021\/12\/26\/khalil-baroumi-fait-porter-a-kais-saied-la-responsabilite-du-bilan-calamiteux-dennahdha\/#primaryimage"},"thumbnailUrl":"","keywords":["Ennahdha","Ka\u00efs Sa\u00efed","Khalil Baroumi","Rached Ghannouchi","Tunisie"],"articleSection":["POLITIQUE","Tunisie"],"inLanguage":"fr-FR","potentialAction":[{"@type":"CommentAction","name":"Comment","target":["https:\/\/kapitalis.com\/tunisie\/2021\/12\/26\/khalil-baroumi-fait-porter-a-kais-saied-la-responsabilite-du-bilan-calamiteux-dennahdha\/#respond"]}]},{"@type":"WebPage","@id":"https:\/\/kapitalis.com\/tunisie\/2021\/12\/26\/khalil-baroumi-fait-porter-a-kais-saied-la-responsabilite-du-bilan-calamiteux-dennahdha\/","url":"https:\/\/kapitalis.com\/tunisie\/2021\/12\/26\/khalil-baroumi-fait-porter-a-kais-saied-la-responsabilite-du-bilan-calamiteux-dennahdha\/","name":"Khalil Baroumi fait porter \u00e0 Ka\u00efs Sa\u00efed la responsabilit\u00e9 du bilan calamiteux d'Ennahdha - Kapitalis","isPartOf":{"@id":"https:\/\/kapitalis.com\/tunisie\/#website"},"primaryImageOfPage":{"@id":"https:\/\/kapitalis.com\/tunisie\/2021\/12\/26\/khalil-baroumi-fait-porter-a-kais-saied-la-responsabilite-du-bilan-calamiteux-dennahdha\/#primaryimage"},"image":{"@id":"https:\/\/kapitalis.com\/tunisie\/2021\/12\/26\/khalil-baroumi-fait-porter-a-kais-saied-la-responsabilite-du-bilan-calamiteux-dennahdha\/#primaryimage"},"thumbnailUrl":"","datePublished":"2021-12-26T08:16:08+00:00","dateModified":"2021-12-26T08:17:43+00:00","breadcrumb":{"@id":"https:\/\/kapitalis.com\/tunisie\/2021\/12\/26\/khalil-baroumi-fait-porter-a-kais-saied-la-responsabilite-du-bilan-calamiteux-dennahdha\/#breadcrumb"},"inLanguage":"fr-FR","potentialAction":[{"@type":"ReadAction","target":["https:\/\/kapitalis.com\/tunisie\/2021\/12\/26\/khalil-baroumi-fait-porter-a-kais-saied-la-responsabilite-du-bilan-calamiteux-dennahdha\/"]}]},{"@type":"ImageObject","inLanguage":"fr-FR","@id":"https:\/\/kapitalis.com\/tunisie\/2021\/12\/26\/khalil-baroumi-fait-porter-a-kais-saied-la-responsabilite-du-bilan-calamiteux-dennahdha\/#primaryimage","url":"","contentUrl":""},{"@type":"BreadcrumbList","@id":"https:\/\/kapitalis.com\/tunisie\/2021\/12\/26\/khalil-baroumi-fait-porter-a-kais-saied-la-responsabilite-du-bilan-calamiteux-dennahdha\/#breadcrumb","itemListElement":[{"@type":"ListItem","position":1,"name":"Accueil","item":"https:\/\/kapitalis.com\/tunisie\/"},{"@type":"ListItem","position":2,"name":"Khalil Baroumi fait porter \u00e0 Ka\u00efs Sa\u00efed la responsabilit\u00e9 du bilan calamiteux d&rsquo;Ennahdha"}]},{"@type":"WebSite","@id":"https:\/\/kapitalis.com\/tunisie\/#website","url":"https:\/\/kapitalis.com\/tunisie\/","name":"Kapitalis","description":"L&#039;actualit\u00e9 en Tunisie et dans le monde","publisher":{"@id":"https:\/\/kapitalis.com\/tunisie\/#organization"},"potentialAction":[{"@type":"SearchAction","target":{"@type":"EntryPoint","urlTemplate":"https:\/\/kapitalis.com\/tunisie\/?s={search_term_string}"},"query-input":{"@type":"PropertyValueSpecification","valueRequired":true,"valueName":"search_term_string"}}],"inLanguage":"fr-FR"},{"@type":"Organization","@id":"https:\/\/kapitalis.com\/tunisie\/#organization","name":"Kapitalis","url":"https:\/\/kapitalis.com\/tunisie\/","logo":{"@type":"ImageObject","inLanguage":"fr-FR","@id":"https:\/\/kapitalis.com\/tunisie\/#\/schema\/logo\/image\/","url":"https:\/\/kapitalis.com\/tunisie\/wp-content\/uploads\/2022\/05\/Kapitalis-big-size.png","contentUrl":"https:\/\/kapitalis.com\/tunisie\/wp-content\/uploads\/2022\/05\/Kapitalis-big-size.png","width":5000,"height":1500,"caption":"Kapitalis"},"image":{"@id":"https:\/\/kapitalis.com\/tunisie\/#\/schema\/logo\/image\/"},"sameAs":["https:\/\/www.facebook.com\/KapitalisInfo\/","https:\/\/x.com\/KapitalisInfo","https:\/\/www.youtube.com\/channel\/UC-yDYrHyfFBWWZaOw3FPg9Q"]},{"@type":"Person","@id":"https:\/\/kapitalis.com\/tunisie\/#\/schema\/person\/d71f33a9ca44f7bad4698210b480c8e9","name":"webmaster kapitalis","url":"https:\/\/kapitalis.com\/tunisie\/author\/webmaster-kapitalis\/"}]}},"_links":{"self":[{"href":"https:\/\/kapitalis.com\/tunisie\/wp-json\/wp\/v2\/posts\/374786","targetHints":{"allow":["GET"]}}],"collection":[{"href":"https:\/\/kapitalis.com\/tunisie\/wp-json\/wp\/v2\/posts"}],"about":[{"href":"https:\/\/kapitalis.com\/tunisie\/wp-json\/wp\/v2\/types\/post"}],"author":[{"embeddable":true,"href":"https:\/\/kapitalis.com\/tunisie\/wp-json\/wp\/v2\/users\/8"}],"replies":[{"embeddable":true,"href":"https:\/\/kapitalis.com\/tunisie\/wp-json\/wp\/v2\/comments?post=374786"}],"version-history":[{"count":0,"href":"https:\/\/kapitalis.com\/tunisie\/wp-json\/wp\/v2\/posts\/374786\/revisions"}],"wp:featuredmedia":[{"embeddable":true,"href":"https:\/\/kapitalis.com\/tunisie\/wp-json\/wp\/v2\/media\/374788"}],"wp:attachment":[{"href":"https:\/\/kapitalis.com\/tunisie\/wp-json\/wp\/v2\/media?parent=374786"}],"wp:term":[{"taxonomy":"category","embeddable":true,"href":"https:\/\/kapitalis.com\/tunisie\/wp-json\/wp\/v2\/categories?post=374786"},{"taxonomy":"post_tag","embeddable":true,"href":"https:\/\/kapitalis.com\/tunisie\/wp-json\/wp\/v2\/tags?post=374786"}],"curies":[{"name":"wp","href":"https:\/\/api.w.org\/{rel}","templated":true}]}}