{"id":374997,"date":"2021-12-28T11:21:28","date_gmt":"2021-12-28T10:21:28","guid":{"rendered":"http:\/\/kapitalis.com\/tunisie\/?p=374997"},"modified":"2021-12-28T11:24:12","modified_gmt":"2021-12-28T10:24:12","slug":"tunisie-un-non-lieu-pour-sami-tahri-suite-a-la-plainte-de-imed-daimi","status":"publish","type":"post","link":"https:\/\/kapitalis.com\/tunisie\/2021\/12\/28\/tunisie-un-non-lieu-pour-sami-tahri-suite-a-la-plainte-de-imed-daimi\/","title":{"rendered":"Tunisie : Un non lieu pour Sami Tahri suite \u00e0 la plainte de Imed Da\u00efmi"},"content":{"rendered":"\n<div class=\"wp-block-image\"><figure class=\"aligncenter size-full\"><img decoding=\"async\" src=\"http:\/\/kapitalis.com\/tunisie\/wp-content\/uploads\/2021\/11\/sami-tahhri-imed-daimi.jpg\" alt=\"\" class=\"wp-image-370765\"\/><\/figure><\/div>\n\n\n\n<p><strong><em>La Chambre correctionnelle du Tribunal de premi\u00e8re instance de Tunis a d\u00e9cid\u00e9 un non lieu au profit du porte-parole et secr\u00e9taire g\u00e9n\u00e9ral adjoint de l&rsquo;Union g\u00e9n\u00e9rale tunisienne du travail (UGTT), Sami Tahri, suite \u00e0 la plainte d\u00e9pos\u00e9e \u00e0 son encontre par le pr\u00e9sident de l&rsquo;observatoire \u00abRaqabah\u00bb, Imed Da\u00efmi.<\/em><\/strong><\/p>\n\n\n\n<!--more-->\n\n\n\n<p>C&rsquo;est ce que rapporte, ce mardi 28 d\u00e9cembre 2021, la radio Mosa\u00efque FM.<\/p>\n\n\n\n<p>Rappelons que Da\u00efmi avait port\u00e9 plainte contre Tahri, pour diffamation, fausses all\u00e9gations et offense \u00e0 autrui via les r\u00e9seaux sociaux, sur fond d\u2019un commentaire du syndicaliste sur la page de l\u2019ancien directeur du cabinet pr\u00e9sidentiel de Moncef Marzouki, dans lequel il a dit que \u00ab<em>les membres de la famille Da\u00efmi \u00e9taient des voleurs et des blanchisseurs d\u2019argent<\/em>\u00bb, en r\u00e9f\u00e9rence aux fonds du Golfe re\u00e7us par l\u2019association \u00ab<em>Tounes Al-Khairia<\/em>\u00bb, dirig\u00e9e par le fr\u00e8re de Imed Da\u00efmi.<\/p>\n\n\n\n<p>Rappelons aussi que, dans ce pays qui fonctionne avec le principe du deux poids deux mesures, l&rsquo;avocate Bochra Belhaj Hmida a \u00e9cop\u00e9, la semaine derni\u00e8re, de 6 mois de prison pour avoir accus\u00e9, en 2012, l&rsquo;ancien ministre Tarek Dhiab de corruption. <\/p>\n\n\n\n<p class=\"has-text-align-right\"><strong>C. B. Y.<\/strong><\/p>\n","protected":false},"excerpt":{"rendered":"<p>La Chambre correctionnelle du Tribunal de premi\u00e8re instance de Tunis a d\u00e9cid\u00e9 un non lieu au profit du porte-parole et secr\u00e9taire g\u00e9n\u00e9ral adjoint de l&rsquo;Union g\u00e9n\u00e9rale tunisienne du travail (UGTT), Sami Tahri, suite \u00e0 la plainte d\u00e9pos\u00e9e \u00e0 son encontre par le pr\u00e9sident de l&rsquo;observatoire \u00abRaqabah\u00bb, Imed Da\u00efmi.<\/p>\n","protected":false},"author":24,"featured_media":0,"comment_status":"open","ping_status":"open","sticky":false,"template":"","format":"standard","meta":{"footnotes":""},"categories":[997,2433],"tags":[75892,11862,95113,936],"class_list":["post-374997","post","type-post","status-publish","format-standard","hentry","category-politique","category-tunisie","tag-imed-daimi-2","tag-sami-tahri","tag-tounes-al-khairia","tag-ugtt"],"yoast_head":"<!-- This site is optimized with the Yoast SEO plugin v26.6 - https:\/\/yoast.com\/wordpress\/plugins\/seo\/ -->\n<title>Tunisie : Un non lieu pour Sami Tahri suite \u00e0 la plainte de Imed Da\u00efmi - Kapitalis<\/title>\n<meta name=\"robots\" content=\"index, follow, max-snippet:-1, max-image-preview:large, max-video-preview:-1\" \/>\n<link rel=\"canonical\" href=\"https:\/\/kapitalis.com\/tunisie\/2021\/12\/28\/tunisie-un-non-lieu-pour-sami-tahri-suite-a-la-plainte-de-imed-daimi\/\" \/>\n<meta property=\"og:locale\" content=\"fr_FR\" \/>\n<meta property=\"og:type\" content=\"article\" \/>\n<meta property=\"og:title\" content=\"Tunisie : Un non lieu pour Sami Tahri suite \u00e0 la plainte de Imed Da\u00efmi - Kapitalis\" \/>\n<meta property=\"og:description\" content=\"La Chambre correctionnelle du Tribunal de premi\u00e8re instance de Tunis a d\u00e9cid\u00e9 un non lieu au profit du porte-parole et secr\u00e9taire g\u00e9n\u00e9ral adjoint de l&rsquo;Union g\u00e9n\u00e9rale tunisienne du travail (UGTT), Sami Tahri, suite \u00e0 la plainte d\u00e9pos\u00e9e \u00e0 son encontre par le pr\u00e9sident de l&rsquo;observatoire \u00abRaqabah\u00bb, Imed Da\u00efmi.\" \/>\n<meta property=\"og:url\" content=\"https:\/\/kapitalis.com\/tunisie\/2021\/12\/28\/tunisie-un-non-lieu-pour-sami-tahri-suite-a-la-plainte-de-imed-daimi\/\" \/>\n<meta property=\"og:site_name\" content=\"Kapitalis\" \/>\n<meta property=\"article:publisher\" content=\"https:\/\/www.facebook.com\/KapitalisInfo\/\" \/>\n<meta property=\"article:published_time\" content=\"2021-12-28T10:21:28+00:00\" \/>\n<meta property=\"article:modified_time\" content=\"2021-12-28T10:24:12+00:00\" \/>\n<meta property=\"og:image\" content=\"http:\/\/kapitalis.com\/tunisie\/wp-content\/uploads\/2021\/11\/sami-tahhri-imed-daimi.jpg\" \/>\n<meta name=\"author\" content=\"Cherif Benyounes\" \/>\n<meta name=\"twitter:card\" content=\"summary_large_image\" \/>\n<meta name=\"twitter:creator\" content=\"@KapitalisInfo\" \/>\n<meta name=\"twitter:site\" content=\"@KapitalisInfo\" \/>\n<meta name=\"twitter:label1\" content=\"\u00c9crit par\" \/>\n\t<meta name=\"twitter:data1\" content=\"Cherif Benyounes\" \/>\n\t<meta name=\"twitter:label2\" content=\"Dur\u00e9e de lecture estim\u00e9e\" \/>\n\t<meta name=\"twitter:data2\" content=\"1 minute\" \/>\n<script type=\"application\/ld+json\" class=\"yoast-schema-graph\">{\"@context\":\"https:\/\/schema.org\",\"@graph\":[{\"@type\":\"Article\",\"@id\":\"https:\/\/kapitalis.com\/tunisie\/2021\/12\/28\/tunisie-un-non-lieu-pour-sami-tahri-suite-a-la-plainte-de-imed-daimi\/#article\",\"isPartOf\":{\"@id\":\"https:\/\/kapitalis.com\/tunisie\/2021\/12\/28\/tunisie-un-non-lieu-pour-sami-tahri-suite-a-la-plainte-de-imed-daimi\/\"},\"author\":{\"name\":\"Cherif Benyounes\",\"@id\":\"https:\/\/kapitalis.com\/tunisie\/#\/schema\/person\/b35b8d631961131107263178aeb8019e\"},\"headline\":\"Tunisie : Un non lieu pour Sami Tahri suite \u00e0 la plainte de Imed Da\u00efmi\",\"datePublished\":\"2021-12-28T10:21:28+00:00\",\"dateModified\":\"2021-12-28T10:24:12+00:00\",\"mainEntityOfPage\":{\"@id\":\"https:\/\/kapitalis.com\/tunisie\/2021\/12\/28\/tunisie-un-non-lieu-pour-sami-tahri-suite-a-la-plainte-de-imed-daimi\/\"},\"wordCount\":216,\"commentCount\":0,\"publisher\":{\"@id\":\"https:\/\/kapitalis.com\/tunisie\/#organization\"},\"image\":{\"@id\":\"https:\/\/kapitalis.com\/tunisie\/2021\/12\/28\/tunisie-un-non-lieu-pour-sami-tahri-suite-a-la-plainte-de-imed-daimi\/#primaryimage\"},\"thumbnailUrl\":\"http:\/\/kapitalis.com\/tunisie\/wp-content\/uploads\/2021\/11\/sami-tahhri-imed-daimi.jpg\",\"keywords\":[\"Imed Da\u00efmi\",\"Sami Tahri\",\"Tounes Al-Khairia\",\"UGTT\"],\"articleSection\":[\"POLITIQUE\",\"Tunisie\"],\"inLanguage\":\"fr-FR\",\"potentialAction\":[{\"@type\":\"CommentAction\",\"name\":\"Comment\",\"target\":[\"https:\/\/kapitalis.com\/tunisie\/2021\/12\/28\/tunisie-un-non-lieu-pour-sami-tahri-suite-a-la-plainte-de-imed-daimi\/#respond\"]}]},{\"@type\":\"WebPage\",\"@id\":\"https:\/\/kapitalis.com\/tunisie\/2021\/12\/28\/tunisie-un-non-lieu-pour-sami-tahri-suite-a-la-plainte-de-imed-daimi\/\",\"url\":\"https:\/\/kapitalis.com\/tunisie\/2021\/12\/28\/tunisie-un-non-lieu-pour-sami-tahri-suite-a-la-plainte-de-imed-daimi\/\",\"name\":\"Tunisie : Un non lieu pour Sami Tahri suite \u00e0 la plainte de Imed Da\u00efmi - Kapitalis\",\"isPartOf\":{\"@id\":\"https:\/\/kapitalis.com\/tunisie\/#website\"},\"primaryImageOfPage\":{\"@id\":\"https:\/\/kapitalis.com\/tunisie\/2021\/12\/28\/tunisie-un-non-lieu-pour-sami-tahri-suite-a-la-plainte-de-imed-daimi\/#primaryimage\"},\"image\":{\"@id\":\"https:\/\/kapitalis.com\/tunisie\/2021\/12\/28\/tunisie-un-non-lieu-pour-sami-tahri-suite-a-la-plainte-de-imed-daimi\/#primaryimage\"},\"thumbnailUrl\":\"http:\/\/kapitalis.com\/tunisie\/wp-content\/uploads\/2021\/11\/sami-tahhri-imed-daimi.jpg\",\"datePublished\":\"2021-12-28T10:21:28+00:00\",\"dateModified\":\"2021-12-28T10:24:12+00:00\",\"breadcrumb\":{\"@id\":\"https:\/\/kapitalis.com\/tunisie\/2021\/12\/28\/tunisie-un-non-lieu-pour-sami-tahri-suite-a-la-plainte-de-imed-daimi\/#breadcrumb\"},\"inLanguage\":\"fr-FR\",\"potentialAction\":[{\"@type\":\"ReadAction\",\"target\":[\"https:\/\/kapitalis.com\/tunisie\/2021\/12\/28\/tunisie-un-non-lieu-pour-sami-tahri-suite-a-la-plainte-de-imed-daimi\/\"]}]},{\"@type\":\"ImageObject\",\"inLanguage\":\"fr-FR\",\"@id\":\"https:\/\/kapitalis.com\/tunisie\/2021\/12\/28\/tunisie-un-non-lieu-pour-sami-tahri-suite-a-la-plainte-de-imed-daimi\/#primaryimage\",\"url\":\"\",\"contentUrl\":\"\"},{\"@type\":\"BreadcrumbList\",\"@id\":\"https:\/\/kapitalis.com\/tunisie\/2021\/12\/28\/tunisie-un-non-lieu-pour-sami-tahri-suite-a-la-plainte-de-imed-daimi\/#breadcrumb\",\"itemListElement\":[{\"@type\":\"ListItem\",\"position\":1,\"name\":\"Accueil\",\"item\":\"https:\/\/kapitalis.com\/tunisie\/\"},{\"@type\":\"ListItem\",\"position\":2,\"name\":\"Tunisie : Un non lieu pour Sami Tahri suite \u00e0 la plainte de Imed Da\u00efmi\"}]},{\"@type\":\"WebSite\",\"@id\":\"https:\/\/kapitalis.com\/tunisie\/#website\",\"url\":\"https:\/\/kapitalis.com\/tunisie\/\",\"name\":\"Kapitalis\",\"description\":\"L&#039;actualit\u00e9 en Tunisie et dans le monde\",\"publisher\":{\"@id\":\"https:\/\/kapitalis.com\/tunisie\/#organization\"},\"potentialAction\":[{\"@type\":\"SearchAction\",\"target\":{\"@type\":\"EntryPoint\",\"urlTemplate\":\"https:\/\/kapitalis.com\/tunisie\/?s={search_term_string}\"},\"query-input\":{\"@type\":\"PropertyValueSpecification\",\"valueRequired\":true,\"valueName\":\"search_term_string\"}}],\"inLanguage\":\"fr-FR\"},{\"@type\":\"Organization\",\"@id\":\"https:\/\/kapitalis.com\/tunisie\/#organization\",\"name\":\"Kapitalis\",\"url\":\"https:\/\/kapitalis.com\/tunisie\/\",\"logo\":{\"@type\":\"ImageObject\",\"inLanguage\":\"fr-FR\",\"@id\":\"https:\/\/kapitalis.com\/tunisie\/#\/schema\/logo\/image\/\",\"url\":\"https:\/\/kapitalis.com\/tunisie\/wp-content\/uploads\/2022\/05\/Kapitalis-big-size.png\",\"contentUrl\":\"https:\/\/kapitalis.com\/tunisie\/wp-content\/uploads\/2022\/05\/Kapitalis-big-size.png\",\"width\":5000,\"height\":1500,\"caption\":\"Kapitalis\"},\"image\":{\"@id\":\"https:\/\/kapitalis.com\/tunisie\/#\/schema\/logo\/image\/\"},\"sameAs\":[\"https:\/\/www.facebook.com\/KapitalisInfo\/\",\"https:\/\/x.com\/KapitalisInfo\",\"https:\/\/www.youtube.com\/channel\/UC-yDYrHyfFBWWZaOw3FPg9Q\"]},{\"@type\":\"Person\",\"@id\":\"https:\/\/kapitalis.com\/tunisie\/#\/schema\/person\/b35b8d631961131107263178aeb8019e\",\"name\":\"Cherif Benyounes\",\"url\":\"https:\/\/kapitalis.com\/tunisie\/author\/cherif\/\"}]}<\/script>\n<!-- \/ Yoast SEO plugin. -->","yoast_head_json":{"title":"Tunisie : Un non lieu pour Sami Tahri suite \u00e0 la plainte de Imed Da\u00efmi - Kapitalis","robots":{"index":"index","follow":"follow","max-snippet":"max-snippet:-1","max-image-preview":"max-image-preview:large","max-video-preview":"max-video-preview:-1"},"canonical":"https:\/\/kapitalis.com\/tunisie\/2021\/12\/28\/tunisie-un-non-lieu-pour-sami-tahri-suite-a-la-plainte-de-imed-daimi\/","og_locale":"fr_FR","og_type":"article","og_title":"Tunisie : Un non lieu pour Sami Tahri suite \u00e0 la plainte de Imed Da\u00efmi - Kapitalis","og_description":"La Chambre correctionnelle du Tribunal de premi\u00e8re instance de Tunis a d\u00e9cid\u00e9 un non lieu au profit du porte-parole et secr\u00e9taire g\u00e9n\u00e9ral adjoint de l&rsquo;Union g\u00e9n\u00e9rale tunisienne du travail (UGTT), Sami Tahri, suite \u00e0 la plainte d\u00e9pos\u00e9e \u00e0 son encontre par le pr\u00e9sident de l&rsquo;observatoire \u00abRaqabah\u00bb, Imed Da\u00efmi.","og_url":"https:\/\/kapitalis.com\/tunisie\/2021\/12\/28\/tunisie-un-non-lieu-pour-sami-tahri-suite-a-la-plainte-de-imed-daimi\/","og_site_name":"Kapitalis","article_publisher":"https:\/\/www.facebook.com\/KapitalisInfo\/","article_published_time":"2021-12-28T10:21:28+00:00","article_modified_time":"2021-12-28T10:24:12+00:00","og_image":[{"url":"http:\/\/kapitalis.com\/tunisie\/wp-content\/uploads\/2021\/11\/sami-tahhri-imed-daimi.jpg","type":"","width":"","height":""}],"author":"Cherif Benyounes","twitter_card":"summary_large_image","twitter_creator":"@KapitalisInfo","twitter_site":"@KapitalisInfo","twitter_misc":{"\u00c9crit par":"Cherif Benyounes","Dur\u00e9e de lecture estim\u00e9e":"1 minute"},"schema":{"@context":"https:\/\/schema.org","@graph":[{"@type":"Article","@id":"https:\/\/kapitalis.com\/tunisie\/2021\/12\/28\/tunisie-un-non-lieu-pour-sami-tahri-suite-a-la-plainte-de-imed-daimi\/#article","isPartOf":{"@id":"https:\/\/kapitalis.com\/tunisie\/2021\/12\/28\/tunisie-un-non-lieu-pour-sami-tahri-suite-a-la-plainte-de-imed-daimi\/"},"author":{"name":"Cherif Benyounes","@id":"https:\/\/kapitalis.com\/tunisie\/#\/schema\/person\/b35b8d631961131107263178aeb8019e"},"headline":"Tunisie : Un non lieu pour Sami Tahri suite \u00e0 la plainte de Imed Da\u00efmi","datePublished":"2021-12-28T10:21:28+00:00","dateModified":"2021-12-28T10:24:12+00:00","mainEntityOfPage":{"@id":"https:\/\/kapitalis.com\/tunisie\/2021\/12\/28\/tunisie-un-non-lieu-pour-sami-tahri-suite-a-la-plainte-de-imed-daimi\/"},"wordCount":216,"commentCount":0,"publisher":{"@id":"https:\/\/kapitalis.com\/tunisie\/#organization"},"image":{"@id":"https:\/\/kapitalis.com\/tunisie\/2021\/12\/28\/tunisie-un-non-lieu-pour-sami-tahri-suite-a-la-plainte-de-imed-daimi\/#primaryimage"},"thumbnailUrl":"http:\/\/kapitalis.com\/tunisie\/wp-content\/uploads\/2021\/11\/sami-tahhri-imed-daimi.jpg","keywords":["Imed Da\u00efmi","Sami Tahri","Tounes Al-Khairia","UGTT"],"articleSection":["POLITIQUE","Tunisie"],"inLanguage":"fr-FR","potentialAction":[{"@type":"CommentAction","name":"Comment","target":["https:\/\/kapitalis.com\/tunisie\/2021\/12\/28\/tunisie-un-non-lieu-pour-sami-tahri-suite-a-la-plainte-de-imed-daimi\/#respond"]}]},{"@type":"WebPage","@id":"https:\/\/kapitalis.com\/tunisie\/2021\/12\/28\/tunisie-un-non-lieu-pour-sami-tahri-suite-a-la-plainte-de-imed-daimi\/","url":"https:\/\/kapitalis.com\/tunisie\/2021\/12\/28\/tunisie-un-non-lieu-pour-sami-tahri-suite-a-la-plainte-de-imed-daimi\/","name":"Tunisie : Un non lieu pour Sami Tahri suite \u00e0 la plainte de Imed Da\u00efmi - Kapitalis","isPartOf":{"@id":"https:\/\/kapitalis.com\/tunisie\/#website"},"primaryImageOfPage":{"@id":"https:\/\/kapitalis.com\/tunisie\/2021\/12\/28\/tunisie-un-non-lieu-pour-sami-tahri-suite-a-la-plainte-de-imed-daimi\/#primaryimage"},"image":{"@id":"https:\/\/kapitalis.com\/tunisie\/2021\/12\/28\/tunisie-un-non-lieu-pour-sami-tahri-suite-a-la-plainte-de-imed-daimi\/#primaryimage"},"thumbnailUrl":"http:\/\/kapitalis.com\/tunisie\/wp-content\/uploads\/2021\/11\/sami-tahhri-imed-daimi.jpg","datePublished":"2021-12-28T10:21:28+00:00","dateModified":"2021-12-28T10:24:12+00:00","breadcrumb":{"@id":"https:\/\/kapitalis.com\/tunisie\/2021\/12\/28\/tunisie-un-non-lieu-pour-sami-tahri-suite-a-la-plainte-de-imed-daimi\/#breadcrumb"},"inLanguage":"fr-FR","potentialAction":[{"@type":"ReadAction","target":["https:\/\/kapitalis.com\/tunisie\/2021\/12\/28\/tunisie-un-non-lieu-pour-sami-tahri-suite-a-la-plainte-de-imed-daimi\/"]}]},{"@type":"ImageObject","inLanguage":"fr-FR","@id":"https:\/\/kapitalis.com\/tunisie\/2021\/12\/28\/tunisie-un-non-lieu-pour-sami-tahri-suite-a-la-plainte-de-imed-daimi\/#primaryimage","url":"","contentUrl":""},{"@type":"BreadcrumbList","@id":"https:\/\/kapitalis.com\/tunisie\/2021\/12\/28\/tunisie-un-non-lieu-pour-sami-tahri-suite-a-la-plainte-de-imed-daimi\/#breadcrumb","itemListElement":[{"@type":"ListItem","position":1,"name":"Accueil","item":"https:\/\/kapitalis.com\/tunisie\/"},{"@type":"ListItem","position":2,"name":"Tunisie : Un non lieu pour Sami Tahri suite \u00e0 la plainte de Imed Da\u00efmi"}]},{"@type":"WebSite","@id":"https:\/\/kapitalis.com\/tunisie\/#website","url":"https:\/\/kapitalis.com\/tunisie\/","name":"Kapitalis","description":"L&#039;actualit\u00e9 en Tunisie et dans le monde","publisher":{"@id":"https:\/\/kapitalis.com\/tunisie\/#organization"},"potentialAction":[{"@type":"SearchAction","target":{"@type":"EntryPoint","urlTemplate":"https:\/\/kapitalis.com\/tunisie\/?s={search_term_string}"},"query-input":{"@type":"PropertyValueSpecification","valueRequired":true,"valueName":"search_term_string"}}],"inLanguage":"fr-FR"},{"@type":"Organization","@id":"https:\/\/kapitalis.com\/tunisie\/#organization","name":"Kapitalis","url":"https:\/\/kapitalis.com\/tunisie\/","logo":{"@type":"ImageObject","inLanguage":"fr-FR","@id":"https:\/\/kapitalis.com\/tunisie\/#\/schema\/logo\/image\/","url":"https:\/\/kapitalis.com\/tunisie\/wp-content\/uploads\/2022\/05\/Kapitalis-big-size.png","contentUrl":"https:\/\/kapitalis.com\/tunisie\/wp-content\/uploads\/2022\/05\/Kapitalis-big-size.png","width":5000,"height":1500,"caption":"Kapitalis"},"image":{"@id":"https:\/\/kapitalis.com\/tunisie\/#\/schema\/logo\/image\/"},"sameAs":["https:\/\/www.facebook.com\/KapitalisInfo\/","https:\/\/x.com\/KapitalisInfo","https:\/\/www.youtube.com\/channel\/UC-yDYrHyfFBWWZaOw3FPg9Q"]},{"@type":"Person","@id":"https:\/\/kapitalis.com\/tunisie\/#\/schema\/person\/b35b8d631961131107263178aeb8019e","name":"Cherif Benyounes","url":"https:\/\/kapitalis.com\/tunisie\/author\/cherif\/"}]}},"_links":{"self":[{"href":"https:\/\/kapitalis.com\/tunisie\/wp-json\/wp\/v2\/posts\/374997","targetHints":{"allow":["GET"]}}],"collection":[{"href":"https:\/\/kapitalis.com\/tunisie\/wp-json\/wp\/v2\/posts"}],"about":[{"href":"https:\/\/kapitalis.com\/tunisie\/wp-json\/wp\/v2\/types\/post"}],"author":[{"embeddable":true,"href":"https:\/\/kapitalis.com\/tunisie\/wp-json\/wp\/v2\/users\/24"}],"replies":[{"embeddable":true,"href":"https:\/\/kapitalis.com\/tunisie\/wp-json\/wp\/v2\/comments?post=374997"}],"version-history":[{"count":0,"href":"https:\/\/kapitalis.com\/tunisie\/wp-json\/wp\/v2\/posts\/374997\/revisions"}],"wp:attachment":[{"href":"https:\/\/kapitalis.com\/tunisie\/wp-json\/wp\/v2\/media?parent=374997"}],"wp:term":[{"taxonomy":"category","embeddable":true,"href":"https:\/\/kapitalis.com\/tunisie\/wp-json\/wp\/v2\/categories?post=374997"},{"taxonomy":"post_tag","embeddable":true,"href":"https:\/\/kapitalis.com\/tunisie\/wp-json\/wp\/v2\/tags?post=374997"}],"curies":[{"name":"wp","href":"https:\/\/api.w.org\/{rel}","templated":true}]}}