{"id":375388,"date":"2021-12-31T09:16:14","date_gmt":"2021-12-31T08:16:14","guid":{"rendered":"http:\/\/kapitalis.com\/tunisie\/?p=375388"},"modified":"2021-12-31T09:18:52","modified_gmt":"2021-12-31T08:18:52","slug":"le-musee-militaire-national-tunisien-fete-son-35e-anniversaire-et-ouvre-ses-portes-au-public","status":"publish","type":"post","link":"https:\/\/kapitalis.com\/tunisie\/2021\/12\/31\/le-musee-militaire-national-tunisien-fete-son-35e-anniversaire-et-ouvre-ses-portes-au-public\/","title":{"rendered":"Le Mus\u00e9e militaire national tunisien f\u00eate son 35e anniversaire et ouvre ses portes au public"},"content":{"rendered":"\n<div class=\"wp-block-image\"><figure class=\"aligncenter size-full\"><img decoding=\"async\" src=\"http:\/\/kapitalis.com\/tunisie\/wp-content\/uploads\/2021\/12\/Untitled-1-18.jpg\" alt=\"\" class=\"wp-image-375390\"\/><\/figure><\/div>\n\n\n\n<p><em><strong>A l\u2019occasion de la c\u00e9l\u00e9bration du 35<sup>e<\/sup> anniversaire de sa cr\u00e9ation, le Mus\u00e9e militaire national organise des journ\u00e9es portes ouvertes du 31 d\u00e9cembre 2021 au 2 janvier 2022.<\/strong><\/em><\/p>\n\n\n\n<!--more-->\n\n\n\n<p>Construit en 1798 sous le r\u00e8gne du Bey Hamouda Pacha Al-Husseini et&nbsp;ouvert en d\u00e9cembre 1986, le Mus\u00e9e national militaire tient \u00e0 faire revivre le patrimoine militaire tunisien et les diff\u00e9rentes \u00e9pop\u00e9es que la Tunisie a connues \u00e0 travers la grande Histoire.<\/p>\n\n\n\n<p>Les mus\u00e9es militaires (Mus\u00e9e National Militaire \u00ab Palais de la Rose \u00bb, le Mus\u00e9e Militaire de la Ligne de D\u00e9fense Marath et le Mus\u00e9e de M\u00e9moire Commune tuniso-alg\u00e9rienne) ouvrent leurs portes exceptionnellement au public pour des visites gratuites d\u00e8s aujourd\u2019hui et jusqu\u2019au 2 janvier 2022, de 9h jusqu&rsquo;\u00e0 14h.<\/p>\n\n\n\n<p>Le Mus\u00e9e national militaire contient actuellement de pr\u00e9cieuses collections arch\u00e9ologiques s&rsquo;\u00e9levant \u00e0 23 000 pi\u00e8ces (armes blanches, armes \u00e0 feu, peintures \u00e0 l&rsquo;huile, gravures, mod\u00e8les de bataille, maquettes de navires de guerre, boucliers, canons, armes lourdes&#8230;) appartenant \u00e0 presque toutes les \u00e9poques de l&rsquo;histoire militaire tunisienne. .<\/p>\n\n\n\n<p>Les armes repr\u00e9sentent la plus grande partie des pi\u00e8ces du mus\u00e9e, et la plupart de ces armes datent du XIXe si\u00e8cle, elles ont \u00e9t\u00e9 utilis\u00e9es par l&rsquo;arm\u00e9e tunisienne lors de la guerre de Crim\u00e9e (1854-1856) aux c\u00f4t\u00e9s de l&rsquo;Empire ottoman contre l&rsquo;Empire russe.<\/p>\n\n\n\n<p>Ces collections ont \u00e9t\u00e9 r\u00e9parties dans les diff\u00e9rentes salles d&rsquo;exposition selon l&rsquo;encha\u00eenement historique des diff\u00e9rentes \u00e9tapes historiques militaires que le pays tunisien a connues au cours de trois mille ans.<\/p>\n","protected":false},"excerpt":{"rendered":"<p>A l\u2019occasion de la c\u00e9l\u00e9bration du 35e anniversaire de sa cr\u00e9ation, le Mus\u00e9e militaire national organise des journ\u00e9es portes ouvertes du 31 d\u00e9cembre 2021 au 2 janvier 2022.<\/p>\n","protected":false},"author":26,"featured_media":375390,"comment_status":"open","ping_status":"open","sticky":false,"template":"","format":"standard","meta":{"footnotes":""},"categories":[994,2433],"tags":[96172,96173,62643],"class_list":["post-375388","post","type-post","status-publish","format-standard","has-post-thumbnail","hentry","category-culture","category-tunisie","tag-musee-national-militaire","tag-palais-de-la-rose","tag-tunisie"],"yoast_head":"<!-- This site is optimized with the Yoast SEO plugin v26.6 - https:\/\/yoast.com\/wordpress\/plugins\/seo\/ -->\n<title>Le Mus\u00e9e militaire national tunisien f\u00eate son 35e anniversaire et ouvre ses portes au public - Kapitalis<\/title>\n<meta name=\"robots\" content=\"index, follow, max-snippet:-1, max-image-preview:large, max-video-preview:-1\" \/>\n<link rel=\"canonical\" href=\"https:\/\/kapitalis.com\/tunisie\/2021\/12\/31\/le-musee-militaire-national-tunisien-fete-son-35e-anniversaire-et-ouvre-ses-portes-au-public\/\" \/>\n<meta property=\"og:locale\" content=\"fr_FR\" \/>\n<meta property=\"og:type\" content=\"article\" \/>\n<meta property=\"og:title\" content=\"Le Mus\u00e9e militaire national tunisien f\u00eate son 35e anniversaire et ouvre ses portes au public - Kapitalis\" \/>\n<meta property=\"og:description\" content=\"A l\u2019occasion de la c\u00e9l\u00e9bration du 35e anniversaire de sa cr\u00e9ation, le Mus\u00e9e militaire national organise des journ\u00e9es portes ouvertes du 31 d\u00e9cembre 2021 au 2 janvier 2022.\" \/>\n<meta property=\"og:url\" content=\"https:\/\/kapitalis.com\/tunisie\/2021\/12\/31\/le-musee-militaire-national-tunisien-fete-son-35e-anniversaire-et-ouvre-ses-portes-au-public\/\" \/>\n<meta property=\"og:site_name\" content=\"Kapitalis\" \/>\n<meta property=\"article:publisher\" content=\"https:\/\/www.facebook.com\/KapitalisInfo\/\" \/>\n<meta property=\"article:published_time\" content=\"2021-12-31T08:16:14+00:00\" \/>\n<meta property=\"article:modified_time\" content=\"2021-12-31T08:18:52+00:00\" \/>\n<meta property=\"og:image\" content=\"https:\/\/kapitalis.com\/tunisie\/wp-content\/uploads\/2022\/05\/kapitalis-logo-fb.png\" \/>\n\t<meta property=\"og:image:width\" content=\"1200\" \/>\n\t<meta property=\"og:image:height\" content=\"630\" \/>\n\t<meta property=\"og:image:type\" content=\"image\/png\" \/>\n<meta name=\"author\" content=\"Fawz BenAli\" \/>\n<meta name=\"twitter:card\" content=\"summary_large_image\" \/>\n<meta name=\"twitter:creator\" content=\"@KapitalisInfo\" \/>\n<meta name=\"twitter:site\" content=\"@KapitalisInfo\" \/>\n<meta name=\"twitter:label1\" content=\"\u00c9crit par\" \/>\n\t<meta name=\"twitter:data1\" content=\"Fawz BenAli\" \/>\n\t<meta name=\"twitter:label2\" content=\"Dur\u00e9e de lecture estim\u00e9e\" \/>\n\t<meta name=\"twitter:data2\" content=\"1 minute\" \/>\n<script type=\"application\/ld+json\" class=\"yoast-schema-graph\">{\"@context\":\"https:\/\/schema.org\",\"@graph\":[{\"@type\":\"Article\",\"@id\":\"https:\/\/kapitalis.com\/tunisie\/2021\/12\/31\/le-musee-militaire-national-tunisien-fete-son-35e-anniversaire-et-ouvre-ses-portes-au-public\/#article\",\"isPartOf\":{\"@id\":\"https:\/\/kapitalis.com\/tunisie\/2021\/12\/31\/le-musee-militaire-national-tunisien-fete-son-35e-anniversaire-et-ouvre-ses-portes-au-public\/\"},\"author\":{\"name\":\"Fawz BenAli\",\"@id\":\"https:\/\/kapitalis.com\/tunisie\/#\/schema\/person\/73a5ecc1f6ae540c6ed91342eadca948\"},\"headline\":\"Le Mus\u00e9e militaire national tunisien f\u00eate son 35e anniversaire et ouvre ses portes au public\",\"datePublished\":\"2021-12-31T08:16:14+00:00\",\"dateModified\":\"2021-12-31T08:18:52+00:00\",\"mainEntityOfPage\":{\"@id\":\"https:\/\/kapitalis.com\/tunisie\/2021\/12\/31\/le-musee-militaire-national-tunisien-fete-son-35e-anniversaire-et-ouvre-ses-portes-au-public\/\"},\"wordCount\":279,\"commentCount\":0,\"publisher\":{\"@id\":\"https:\/\/kapitalis.com\/tunisie\/#organization\"},\"image\":{\"@id\":\"https:\/\/kapitalis.com\/tunisie\/2021\/12\/31\/le-musee-militaire-national-tunisien-fete-son-35e-anniversaire-et-ouvre-ses-portes-au-public\/#primaryimage\"},\"thumbnailUrl\":\"\",\"keywords\":[\"Mus\u00e9e national militaire\",\"Palais de la Rose\",\"Tunisie\"],\"articleSection\":[\"CULTURE\",\"Tunisie\"],\"inLanguage\":\"fr-FR\",\"potentialAction\":[{\"@type\":\"CommentAction\",\"name\":\"Comment\",\"target\":[\"https:\/\/kapitalis.com\/tunisie\/2021\/12\/31\/le-musee-militaire-national-tunisien-fete-son-35e-anniversaire-et-ouvre-ses-portes-au-public\/#respond\"]}]},{\"@type\":\"WebPage\",\"@id\":\"https:\/\/kapitalis.com\/tunisie\/2021\/12\/31\/le-musee-militaire-national-tunisien-fete-son-35e-anniversaire-et-ouvre-ses-portes-au-public\/\",\"url\":\"https:\/\/kapitalis.com\/tunisie\/2021\/12\/31\/le-musee-militaire-national-tunisien-fete-son-35e-anniversaire-et-ouvre-ses-portes-au-public\/\",\"name\":\"Le Mus\u00e9e militaire national tunisien f\u00eate son 35e anniversaire et ouvre ses portes au public - Kapitalis\",\"isPartOf\":{\"@id\":\"https:\/\/kapitalis.com\/tunisie\/#website\"},\"primaryImageOfPage\":{\"@id\":\"https:\/\/kapitalis.com\/tunisie\/2021\/12\/31\/le-musee-militaire-national-tunisien-fete-son-35e-anniversaire-et-ouvre-ses-portes-au-public\/#primaryimage\"},\"image\":{\"@id\":\"https:\/\/kapitalis.com\/tunisie\/2021\/12\/31\/le-musee-militaire-national-tunisien-fete-son-35e-anniversaire-et-ouvre-ses-portes-au-public\/#primaryimage\"},\"thumbnailUrl\":\"\",\"datePublished\":\"2021-12-31T08:16:14+00:00\",\"dateModified\":\"2021-12-31T08:18:52+00:00\",\"breadcrumb\":{\"@id\":\"https:\/\/kapitalis.com\/tunisie\/2021\/12\/31\/le-musee-militaire-national-tunisien-fete-son-35e-anniversaire-et-ouvre-ses-portes-au-public\/#breadcrumb\"},\"inLanguage\":\"fr-FR\",\"potentialAction\":[{\"@type\":\"ReadAction\",\"target\":[\"https:\/\/kapitalis.com\/tunisie\/2021\/12\/31\/le-musee-militaire-national-tunisien-fete-son-35e-anniversaire-et-ouvre-ses-portes-au-public\/\"]}]},{\"@type\":\"ImageObject\",\"inLanguage\":\"fr-FR\",\"@id\":\"https:\/\/kapitalis.com\/tunisie\/2021\/12\/31\/le-musee-militaire-national-tunisien-fete-son-35e-anniversaire-et-ouvre-ses-portes-au-public\/#primaryimage\",\"url\":\"\",\"contentUrl\":\"\"},{\"@type\":\"BreadcrumbList\",\"@id\":\"https:\/\/kapitalis.com\/tunisie\/2021\/12\/31\/le-musee-militaire-national-tunisien-fete-son-35e-anniversaire-et-ouvre-ses-portes-au-public\/#breadcrumb\",\"itemListElement\":[{\"@type\":\"ListItem\",\"position\":1,\"name\":\"Accueil\",\"item\":\"https:\/\/kapitalis.com\/tunisie\/\"},{\"@type\":\"ListItem\",\"position\":2,\"name\":\"Le Mus\u00e9e militaire national tunisien f\u00eate son 35e anniversaire et ouvre ses portes au public\"}]},{\"@type\":\"WebSite\",\"@id\":\"https:\/\/kapitalis.com\/tunisie\/#website\",\"url\":\"https:\/\/kapitalis.com\/tunisie\/\",\"name\":\"Kapitalis\",\"description\":\"L&#039;actualit\u00e9 en Tunisie et dans le monde\",\"publisher\":{\"@id\":\"https:\/\/kapitalis.com\/tunisie\/#organization\"},\"potentialAction\":[{\"@type\":\"SearchAction\",\"target\":{\"@type\":\"EntryPoint\",\"urlTemplate\":\"https:\/\/kapitalis.com\/tunisie\/?s={search_term_string}\"},\"query-input\":{\"@type\":\"PropertyValueSpecification\",\"valueRequired\":true,\"valueName\":\"search_term_string\"}}],\"inLanguage\":\"fr-FR\"},{\"@type\":\"Organization\",\"@id\":\"https:\/\/kapitalis.com\/tunisie\/#organization\",\"name\":\"Kapitalis\",\"url\":\"https:\/\/kapitalis.com\/tunisie\/\",\"logo\":{\"@type\":\"ImageObject\",\"inLanguage\":\"fr-FR\",\"@id\":\"https:\/\/kapitalis.com\/tunisie\/#\/schema\/logo\/image\/\",\"url\":\"https:\/\/kapitalis.com\/tunisie\/wp-content\/uploads\/2022\/05\/Kapitalis-big-size.png\",\"contentUrl\":\"https:\/\/kapitalis.com\/tunisie\/wp-content\/uploads\/2022\/05\/Kapitalis-big-size.png\",\"width\":5000,\"height\":1500,\"caption\":\"Kapitalis\"},\"image\":{\"@id\":\"https:\/\/kapitalis.com\/tunisie\/#\/schema\/logo\/image\/\"},\"sameAs\":[\"https:\/\/www.facebook.com\/KapitalisInfo\/\",\"https:\/\/x.com\/KapitalisInfo\",\"https:\/\/www.youtube.com\/channel\/UC-yDYrHyfFBWWZaOw3FPg9Q\"]},{\"@type\":\"Person\",\"@id\":\"https:\/\/kapitalis.com\/tunisie\/#\/schema\/person\/73a5ecc1f6ae540c6ed91342eadca948\",\"name\":\"Fawz BenAli\",\"url\":\"https:\/\/kapitalis.com\/tunisie\/author\/fawz\/\"}]}<\/script>\n<!-- \/ Yoast SEO plugin. -->","yoast_head_json":{"title":"Le Mus\u00e9e militaire national tunisien f\u00eate son 35e anniversaire et ouvre ses portes au public - Kapitalis","robots":{"index":"index","follow":"follow","max-snippet":"max-snippet:-1","max-image-preview":"max-image-preview:large","max-video-preview":"max-video-preview:-1"},"canonical":"https:\/\/kapitalis.com\/tunisie\/2021\/12\/31\/le-musee-militaire-national-tunisien-fete-son-35e-anniversaire-et-ouvre-ses-portes-au-public\/","og_locale":"fr_FR","og_type":"article","og_title":"Le Mus\u00e9e militaire national tunisien f\u00eate son 35e anniversaire et ouvre ses portes au public - Kapitalis","og_description":"A l\u2019occasion de la c\u00e9l\u00e9bration du 35e anniversaire de sa cr\u00e9ation, le Mus\u00e9e militaire national organise des journ\u00e9es portes ouvertes du 31 d\u00e9cembre 2021 au 2 janvier 2022.","og_url":"https:\/\/kapitalis.com\/tunisie\/2021\/12\/31\/le-musee-militaire-national-tunisien-fete-son-35e-anniversaire-et-ouvre-ses-portes-au-public\/","og_site_name":"Kapitalis","article_publisher":"https:\/\/www.facebook.com\/KapitalisInfo\/","article_published_time":"2021-12-31T08:16:14+00:00","article_modified_time":"2021-12-31T08:18:52+00:00","og_image":[{"width":1200,"height":630,"url":"https:\/\/kapitalis.com\/tunisie\/wp-content\/uploads\/2022\/05\/kapitalis-logo-fb.png","type":"image\/png"}],"author":"Fawz BenAli","twitter_card":"summary_large_image","twitter_creator":"@KapitalisInfo","twitter_site":"@KapitalisInfo","twitter_misc":{"\u00c9crit par":"Fawz BenAli","Dur\u00e9e de lecture estim\u00e9e":"1 minute"},"schema":{"@context":"https:\/\/schema.org","@graph":[{"@type":"Article","@id":"https:\/\/kapitalis.com\/tunisie\/2021\/12\/31\/le-musee-militaire-national-tunisien-fete-son-35e-anniversaire-et-ouvre-ses-portes-au-public\/#article","isPartOf":{"@id":"https:\/\/kapitalis.com\/tunisie\/2021\/12\/31\/le-musee-militaire-national-tunisien-fete-son-35e-anniversaire-et-ouvre-ses-portes-au-public\/"},"author":{"name":"Fawz BenAli","@id":"https:\/\/kapitalis.com\/tunisie\/#\/schema\/person\/73a5ecc1f6ae540c6ed91342eadca948"},"headline":"Le Mus\u00e9e militaire national tunisien f\u00eate son 35e anniversaire et ouvre ses portes au public","datePublished":"2021-12-31T08:16:14+00:00","dateModified":"2021-12-31T08:18:52+00:00","mainEntityOfPage":{"@id":"https:\/\/kapitalis.com\/tunisie\/2021\/12\/31\/le-musee-militaire-national-tunisien-fete-son-35e-anniversaire-et-ouvre-ses-portes-au-public\/"},"wordCount":279,"commentCount":0,"publisher":{"@id":"https:\/\/kapitalis.com\/tunisie\/#organization"},"image":{"@id":"https:\/\/kapitalis.com\/tunisie\/2021\/12\/31\/le-musee-militaire-national-tunisien-fete-son-35e-anniversaire-et-ouvre-ses-portes-au-public\/#primaryimage"},"thumbnailUrl":"","keywords":["Mus\u00e9e national militaire","Palais de la Rose","Tunisie"],"articleSection":["CULTURE","Tunisie"],"inLanguage":"fr-FR","potentialAction":[{"@type":"CommentAction","name":"Comment","target":["https:\/\/kapitalis.com\/tunisie\/2021\/12\/31\/le-musee-militaire-national-tunisien-fete-son-35e-anniversaire-et-ouvre-ses-portes-au-public\/#respond"]}]},{"@type":"WebPage","@id":"https:\/\/kapitalis.com\/tunisie\/2021\/12\/31\/le-musee-militaire-national-tunisien-fete-son-35e-anniversaire-et-ouvre-ses-portes-au-public\/","url":"https:\/\/kapitalis.com\/tunisie\/2021\/12\/31\/le-musee-militaire-national-tunisien-fete-son-35e-anniversaire-et-ouvre-ses-portes-au-public\/","name":"Le Mus\u00e9e militaire national tunisien f\u00eate son 35e anniversaire et ouvre ses portes au public - Kapitalis","isPartOf":{"@id":"https:\/\/kapitalis.com\/tunisie\/#website"},"primaryImageOfPage":{"@id":"https:\/\/kapitalis.com\/tunisie\/2021\/12\/31\/le-musee-militaire-national-tunisien-fete-son-35e-anniversaire-et-ouvre-ses-portes-au-public\/#primaryimage"},"image":{"@id":"https:\/\/kapitalis.com\/tunisie\/2021\/12\/31\/le-musee-militaire-national-tunisien-fete-son-35e-anniversaire-et-ouvre-ses-portes-au-public\/#primaryimage"},"thumbnailUrl":"","datePublished":"2021-12-31T08:16:14+00:00","dateModified":"2021-12-31T08:18:52+00:00","breadcrumb":{"@id":"https:\/\/kapitalis.com\/tunisie\/2021\/12\/31\/le-musee-militaire-national-tunisien-fete-son-35e-anniversaire-et-ouvre-ses-portes-au-public\/#breadcrumb"},"inLanguage":"fr-FR","potentialAction":[{"@type":"ReadAction","target":["https:\/\/kapitalis.com\/tunisie\/2021\/12\/31\/le-musee-militaire-national-tunisien-fete-son-35e-anniversaire-et-ouvre-ses-portes-au-public\/"]}]},{"@type":"ImageObject","inLanguage":"fr-FR","@id":"https:\/\/kapitalis.com\/tunisie\/2021\/12\/31\/le-musee-militaire-national-tunisien-fete-son-35e-anniversaire-et-ouvre-ses-portes-au-public\/#primaryimage","url":"","contentUrl":""},{"@type":"BreadcrumbList","@id":"https:\/\/kapitalis.com\/tunisie\/2021\/12\/31\/le-musee-militaire-national-tunisien-fete-son-35e-anniversaire-et-ouvre-ses-portes-au-public\/#breadcrumb","itemListElement":[{"@type":"ListItem","position":1,"name":"Accueil","item":"https:\/\/kapitalis.com\/tunisie\/"},{"@type":"ListItem","position":2,"name":"Le Mus\u00e9e militaire national tunisien f\u00eate son 35e anniversaire et ouvre ses portes au public"}]},{"@type":"WebSite","@id":"https:\/\/kapitalis.com\/tunisie\/#website","url":"https:\/\/kapitalis.com\/tunisie\/","name":"Kapitalis","description":"L&#039;actualit\u00e9 en Tunisie et dans le monde","publisher":{"@id":"https:\/\/kapitalis.com\/tunisie\/#organization"},"potentialAction":[{"@type":"SearchAction","target":{"@type":"EntryPoint","urlTemplate":"https:\/\/kapitalis.com\/tunisie\/?s={search_term_string}"},"query-input":{"@type":"PropertyValueSpecification","valueRequired":true,"valueName":"search_term_string"}}],"inLanguage":"fr-FR"},{"@type":"Organization","@id":"https:\/\/kapitalis.com\/tunisie\/#organization","name":"Kapitalis","url":"https:\/\/kapitalis.com\/tunisie\/","logo":{"@type":"ImageObject","inLanguage":"fr-FR","@id":"https:\/\/kapitalis.com\/tunisie\/#\/schema\/logo\/image\/","url":"https:\/\/kapitalis.com\/tunisie\/wp-content\/uploads\/2022\/05\/Kapitalis-big-size.png","contentUrl":"https:\/\/kapitalis.com\/tunisie\/wp-content\/uploads\/2022\/05\/Kapitalis-big-size.png","width":5000,"height":1500,"caption":"Kapitalis"},"image":{"@id":"https:\/\/kapitalis.com\/tunisie\/#\/schema\/logo\/image\/"},"sameAs":["https:\/\/www.facebook.com\/KapitalisInfo\/","https:\/\/x.com\/KapitalisInfo","https:\/\/www.youtube.com\/channel\/UC-yDYrHyfFBWWZaOw3FPg9Q"]},{"@type":"Person","@id":"https:\/\/kapitalis.com\/tunisie\/#\/schema\/person\/73a5ecc1f6ae540c6ed91342eadca948","name":"Fawz BenAli","url":"https:\/\/kapitalis.com\/tunisie\/author\/fawz\/"}]}},"_links":{"self":[{"href":"https:\/\/kapitalis.com\/tunisie\/wp-json\/wp\/v2\/posts\/375388","targetHints":{"allow":["GET"]}}],"collection":[{"href":"https:\/\/kapitalis.com\/tunisie\/wp-json\/wp\/v2\/posts"}],"about":[{"href":"https:\/\/kapitalis.com\/tunisie\/wp-json\/wp\/v2\/types\/post"}],"author":[{"embeddable":true,"href":"https:\/\/kapitalis.com\/tunisie\/wp-json\/wp\/v2\/users\/26"}],"replies":[{"embeddable":true,"href":"https:\/\/kapitalis.com\/tunisie\/wp-json\/wp\/v2\/comments?post=375388"}],"version-history":[{"count":0,"href":"https:\/\/kapitalis.com\/tunisie\/wp-json\/wp\/v2\/posts\/375388\/revisions"}],"wp:featuredmedia":[{"embeddable":true,"href":"https:\/\/kapitalis.com\/tunisie\/wp-json\/wp\/v2\/media\/375390"}],"wp:attachment":[{"href":"https:\/\/kapitalis.com\/tunisie\/wp-json\/wp\/v2\/media?parent=375388"}],"wp:term":[{"taxonomy":"category","embeddable":true,"href":"https:\/\/kapitalis.com\/tunisie\/wp-json\/wp\/v2\/categories?post=375388"},{"taxonomy":"post_tag","embeddable":true,"href":"https:\/\/kapitalis.com\/tunisie\/wp-json\/wp\/v2\/tags?post=375388"}],"curies":[{"name":"wp","href":"https:\/\/api.w.org\/{rel}","templated":true}]}}