{"id":375642,"date":"2022-01-03T14:39:30","date_gmt":"2022-01-03T13:39:30","guid":{"rendered":"http:\/\/kapitalis.com\/tunisie\/?p=375642"},"modified":"2022-01-03T14:42:49","modified_gmt":"2022-01-03T13:42:49","slug":"nouveau-cycle-de-representations-de-la-derniere-grand-prix-des-jtc-2021","status":"publish","type":"post","link":"https:\/\/kapitalis.com\/tunisie\/2022\/01\/03\/nouveau-cycle-de-representations-de-la-derniere-grand-prix-des-jtc-2021\/","title":{"rendered":"Nouveau cycle de repr\u00e9sentations de \u00ab\u00a0La derni\u00e8re\u00a0\u00bb (Grand Prix des JTC 2021)"},"content":{"rendered":"\n<div class=\"wp-block-image\"><figure class=\"aligncenter size-full\"><img decoding=\"async\" src=\"http:\/\/kapitalis.com\/tunisie\/wp-content\/uploads\/2022\/01\/Untitled-6.jpg\" alt=\"\" class=\"wp-image-375648\"\/><\/figure><\/div>\n\n\n\n<p><strong><em>La pi\u00e8ce de th\u00e9\u00e2tre tunisienne \u00ab\u00a0La derni\u00e8re\u00a0\u00bb de Wafa Taboubi sera repr\u00e9sent\u00e9e les samedi et dimanche prochains \u00e0 la salle le Rio au Centre-ville de Tunis.<\/em><\/strong><\/p>\n\n\n\n<!--more-->\n\n\n\n<p>S\u00e9lectionn\u00e9e dans la comp\u00e9tition officielle de la 22<sup>e<\/sup> \u00e9dition des Journ\u00e9es th\u00e9\u00e2trales de Carthage (JTC 2021), \u00ab&nbsp;la nouvelle pi\u00e8ce de th\u00e9\u00e2tre tunisienne \u00ab&nbsp;La derni\u00e8re&nbsp;\u00bb \u00e9crite et mise en sc\u00e8ne par l\u2019artiste Wafa Taboubi, avait remport\u00e9 le grand prix de cette derni\u00e8re \u00e9dition, \u00e0 savoir le Prix de la meilleure \u0153uvre.<\/p>\n\n\n\n<p>Apr\u00e8s plus d\u2019un an et demi de mise en arr\u00eat de la vie culturelle ayant emp\u00each\u00e9 entre-autres les metteurs en sc\u00e8ne \u00e0 pr\u00e9senter leurs derni\u00e8res cr\u00e9ations, les salles de th\u00e9\u00e2tre sont de nouveau ouvertes pour accueillir les nombreuses nouvelles pi\u00e8ces qui ont \u00e9t\u00e9 r\u00e9alis\u00e9es durant les deux derni\u00e8res ann\u00e9es, dont \u00ab&nbsp;La derni\u00e8re&nbsp;\u00bb de Wafa Taboubi qui a fortement s\u00e9duit le jury des JTC 2021 autant au niveau de l\u2019\u00e9criture, de la mise en sc\u00e8ne, de l\u2019interpr\u00e9tation que de la lumi\u00e8re et de la sc\u00e9nographie.<\/p>\n\n\n\n<p>Cette cr\u00e9ation de 80 minutes met en sc\u00e8ne deux personnages interpr\u00e9t\u00e9s par Meriem Ben Hamida et Oussama Kochkar. Elle sera repr\u00e9sent\u00e9e au public \u00e0 la salle Le Rio le samedi 8 janvier \u00e0 20h et le dimanche 9 janvier \u00e0 17h.<\/p>\n\n\n\n<p class=\"has-text-align-right\"><strong>F.B<\/strong><\/p>\n","protected":false},"excerpt":{"rendered":"<p>La pi\u00e8ce de th\u00e9\u00e2tre tunisienne \u00ab\u00a0La derni\u00e8re\u00a0\u00bb de Wafa Taboubi sera repr\u00e9sent\u00e9e les samedi et dimanche prochains \u00e0 la salle le Rio au Centre-ville de Tunis.<\/p>\n","protected":false},"author":26,"featured_media":375648,"comment_status":"open","ping_status":"open","sticky":false,"template":"","format":"standard","meta":{"footnotes":""},"categories":[994,2433],"tags":[25458,76231,62643,95684],"class_list":["post-375642","post","type-post","status-publish","format-standard","has-post-thumbnail","hentry","category-culture","category-tunisie","tag-cine-theatre-le-rio","tag-theatre-tunisien","tag-tunisie","tag-wafa-taboubi"],"yoast_head":"<!-- This site is optimized with the Yoast SEO plugin v26.6 - https:\/\/yoast.com\/wordpress\/plugins\/seo\/ -->\n<title>Nouveau cycle de repr\u00e9sentations de &quot;La derni\u00e8re&quot; (Grand Prix des JTC 2021) - Kapitalis<\/title>\n<meta name=\"robots\" content=\"index, follow, max-snippet:-1, max-image-preview:large, max-video-preview:-1\" \/>\n<link rel=\"canonical\" href=\"https:\/\/kapitalis.com\/tunisie\/2022\/01\/03\/nouveau-cycle-de-representations-de-la-derniere-grand-prix-des-jtc-2021\/\" \/>\n<meta property=\"og:locale\" content=\"fr_FR\" \/>\n<meta property=\"og:type\" content=\"article\" \/>\n<meta property=\"og:title\" content=\"Nouveau cycle de repr\u00e9sentations de &quot;La derni\u00e8re&quot; (Grand Prix des JTC 2021) - Kapitalis\" \/>\n<meta property=\"og:description\" content=\"La pi\u00e8ce de th\u00e9\u00e2tre tunisienne \u00ab\u00a0La derni\u00e8re\u00a0\u00bb de Wafa Taboubi sera repr\u00e9sent\u00e9e les samedi et dimanche prochains \u00e0 la salle le Rio au Centre-ville de Tunis.\" \/>\n<meta property=\"og:url\" content=\"https:\/\/kapitalis.com\/tunisie\/2022\/01\/03\/nouveau-cycle-de-representations-de-la-derniere-grand-prix-des-jtc-2021\/\" \/>\n<meta property=\"og:site_name\" content=\"Kapitalis\" \/>\n<meta property=\"article:publisher\" content=\"https:\/\/www.facebook.com\/KapitalisInfo\/\" \/>\n<meta property=\"article:published_time\" content=\"2022-01-03T13:39:30+00:00\" \/>\n<meta property=\"article:modified_time\" content=\"2022-01-03T13:42:49+00:00\" \/>\n<meta property=\"og:image\" content=\"https:\/\/kapitalis.com\/tunisie\/wp-content\/uploads\/2022\/05\/kapitalis-logo-fb.png\" \/>\n\t<meta property=\"og:image:width\" content=\"1200\" \/>\n\t<meta property=\"og:image:height\" content=\"630\" \/>\n\t<meta property=\"og:image:type\" content=\"image\/png\" \/>\n<meta name=\"author\" content=\"Fawz BenAli\" \/>\n<meta name=\"twitter:card\" content=\"summary_large_image\" \/>\n<meta name=\"twitter:creator\" content=\"@KapitalisInfo\" \/>\n<meta name=\"twitter:site\" content=\"@KapitalisInfo\" \/>\n<meta name=\"twitter:label1\" content=\"\u00c9crit par\" \/>\n\t<meta name=\"twitter:data1\" content=\"Fawz BenAli\" \/>\n\t<meta name=\"twitter:label2\" content=\"Dur\u00e9e de lecture estim\u00e9e\" \/>\n\t<meta name=\"twitter:data2\" content=\"1 minute\" \/>\n<script type=\"application\/ld+json\" class=\"yoast-schema-graph\">{\"@context\":\"https:\/\/schema.org\",\"@graph\":[{\"@type\":\"Article\",\"@id\":\"https:\/\/kapitalis.com\/tunisie\/2022\/01\/03\/nouveau-cycle-de-representations-de-la-derniere-grand-prix-des-jtc-2021\/#article\",\"isPartOf\":{\"@id\":\"https:\/\/kapitalis.com\/tunisie\/2022\/01\/03\/nouveau-cycle-de-representations-de-la-derniere-grand-prix-des-jtc-2021\/\"},\"author\":{\"name\":\"Fawz BenAli\",\"@id\":\"https:\/\/kapitalis.com\/tunisie\/#\/schema\/person\/73a5ecc1f6ae540c6ed91342eadca948\"},\"headline\":\"Nouveau cycle de repr\u00e9sentations de \u00ab\u00a0La derni\u00e8re\u00a0\u00bb (Grand Prix des JTC 2021)\",\"datePublished\":\"2022-01-03T13:39:30+00:00\",\"dateModified\":\"2022-01-03T13:42:49+00:00\",\"mainEntityOfPage\":{\"@id\":\"https:\/\/kapitalis.com\/tunisie\/2022\/01\/03\/nouveau-cycle-de-representations-de-la-derniere-grand-prix-des-jtc-2021\/\"},\"wordCount\":254,\"commentCount\":0,\"publisher\":{\"@id\":\"https:\/\/kapitalis.com\/tunisie\/#organization\"},\"image\":{\"@id\":\"https:\/\/kapitalis.com\/tunisie\/2022\/01\/03\/nouveau-cycle-de-representations-de-la-derniere-grand-prix-des-jtc-2021\/#primaryimage\"},\"thumbnailUrl\":\"\",\"keywords\":[\"cin\u00e9-th\u00e9\u00e2tre Le Rio\",\"th\u00e9\u00e2tre tunisien\",\"Tunisie\",\"Wafa Taboubi\"],\"articleSection\":[\"CULTURE\",\"Tunisie\"],\"inLanguage\":\"fr-FR\",\"potentialAction\":[{\"@type\":\"CommentAction\",\"name\":\"Comment\",\"target\":[\"https:\/\/kapitalis.com\/tunisie\/2022\/01\/03\/nouveau-cycle-de-representations-de-la-derniere-grand-prix-des-jtc-2021\/#respond\"]}]},{\"@type\":\"WebPage\",\"@id\":\"https:\/\/kapitalis.com\/tunisie\/2022\/01\/03\/nouveau-cycle-de-representations-de-la-derniere-grand-prix-des-jtc-2021\/\",\"url\":\"https:\/\/kapitalis.com\/tunisie\/2022\/01\/03\/nouveau-cycle-de-representations-de-la-derniere-grand-prix-des-jtc-2021\/\",\"name\":\"Nouveau cycle de repr\u00e9sentations de \\\"La derni\u00e8re\\\" (Grand Prix des JTC 2021) - Kapitalis\",\"isPartOf\":{\"@id\":\"https:\/\/kapitalis.com\/tunisie\/#website\"},\"primaryImageOfPage\":{\"@id\":\"https:\/\/kapitalis.com\/tunisie\/2022\/01\/03\/nouveau-cycle-de-representations-de-la-derniere-grand-prix-des-jtc-2021\/#primaryimage\"},\"image\":{\"@id\":\"https:\/\/kapitalis.com\/tunisie\/2022\/01\/03\/nouveau-cycle-de-representations-de-la-derniere-grand-prix-des-jtc-2021\/#primaryimage\"},\"thumbnailUrl\":\"\",\"datePublished\":\"2022-01-03T13:39:30+00:00\",\"dateModified\":\"2022-01-03T13:42:49+00:00\",\"breadcrumb\":{\"@id\":\"https:\/\/kapitalis.com\/tunisie\/2022\/01\/03\/nouveau-cycle-de-representations-de-la-derniere-grand-prix-des-jtc-2021\/#breadcrumb\"},\"inLanguage\":\"fr-FR\",\"potentialAction\":[{\"@type\":\"ReadAction\",\"target\":[\"https:\/\/kapitalis.com\/tunisie\/2022\/01\/03\/nouveau-cycle-de-representations-de-la-derniere-grand-prix-des-jtc-2021\/\"]}]},{\"@type\":\"ImageObject\",\"inLanguage\":\"fr-FR\",\"@id\":\"https:\/\/kapitalis.com\/tunisie\/2022\/01\/03\/nouveau-cycle-de-representations-de-la-derniere-grand-prix-des-jtc-2021\/#primaryimage\",\"url\":\"\",\"contentUrl\":\"\"},{\"@type\":\"BreadcrumbList\",\"@id\":\"https:\/\/kapitalis.com\/tunisie\/2022\/01\/03\/nouveau-cycle-de-representations-de-la-derniere-grand-prix-des-jtc-2021\/#breadcrumb\",\"itemListElement\":[{\"@type\":\"ListItem\",\"position\":1,\"name\":\"Accueil\",\"item\":\"https:\/\/kapitalis.com\/tunisie\/\"},{\"@type\":\"ListItem\",\"position\":2,\"name\":\"Nouveau cycle de repr\u00e9sentations de \u00ab\u00a0La derni\u00e8re\u00a0\u00bb (Grand Prix des JTC 2021)\"}]},{\"@type\":\"WebSite\",\"@id\":\"https:\/\/kapitalis.com\/tunisie\/#website\",\"url\":\"https:\/\/kapitalis.com\/tunisie\/\",\"name\":\"Kapitalis\",\"description\":\"L&#039;actualit\u00e9 en Tunisie et dans le monde\",\"publisher\":{\"@id\":\"https:\/\/kapitalis.com\/tunisie\/#organization\"},\"potentialAction\":[{\"@type\":\"SearchAction\",\"target\":{\"@type\":\"EntryPoint\",\"urlTemplate\":\"https:\/\/kapitalis.com\/tunisie\/?s={search_term_string}\"},\"query-input\":{\"@type\":\"PropertyValueSpecification\",\"valueRequired\":true,\"valueName\":\"search_term_string\"}}],\"inLanguage\":\"fr-FR\"},{\"@type\":\"Organization\",\"@id\":\"https:\/\/kapitalis.com\/tunisie\/#organization\",\"name\":\"Kapitalis\",\"url\":\"https:\/\/kapitalis.com\/tunisie\/\",\"logo\":{\"@type\":\"ImageObject\",\"inLanguage\":\"fr-FR\",\"@id\":\"https:\/\/kapitalis.com\/tunisie\/#\/schema\/logo\/image\/\",\"url\":\"https:\/\/kapitalis.com\/tunisie\/wp-content\/uploads\/2022\/05\/Kapitalis-big-size.png\",\"contentUrl\":\"https:\/\/kapitalis.com\/tunisie\/wp-content\/uploads\/2022\/05\/Kapitalis-big-size.png\",\"width\":5000,\"height\":1500,\"caption\":\"Kapitalis\"},\"image\":{\"@id\":\"https:\/\/kapitalis.com\/tunisie\/#\/schema\/logo\/image\/\"},\"sameAs\":[\"https:\/\/www.facebook.com\/KapitalisInfo\/\",\"https:\/\/x.com\/KapitalisInfo\",\"https:\/\/www.youtube.com\/channel\/UC-yDYrHyfFBWWZaOw3FPg9Q\"]},{\"@type\":\"Person\",\"@id\":\"https:\/\/kapitalis.com\/tunisie\/#\/schema\/person\/73a5ecc1f6ae540c6ed91342eadca948\",\"name\":\"Fawz BenAli\",\"url\":\"https:\/\/kapitalis.com\/tunisie\/author\/fawz\/\"}]}<\/script>\n<!-- \/ Yoast SEO plugin. -->","yoast_head_json":{"title":"Nouveau cycle de repr\u00e9sentations de \"La derni\u00e8re\" (Grand Prix des JTC 2021) - Kapitalis","robots":{"index":"index","follow":"follow","max-snippet":"max-snippet:-1","max-image-preview":"max-image-preview:large","max-video-preview":"max-video-preview:-1"},"canonical":"https:\/\/kapitalis.com\/tunisie\/2022\/01\/03\/nouveau-cycle-de-representations-de-la-derniere-grand-prix-des-jtc-2021\/","og_locale":"fr_FR","og_type":"article","og_title":"Nouveau cycle de repr\u00e9sentations de \"La derni\u00e8re\" (Grand Prix des JTC 2021) - Kapitalis","og_description":"La pi\u00e8ce de th\u00e9\u00e2tre tunisienne \u00ab\u00a0La derni\u00e8re\u00a0\u00bb de Wafa Taboubi sera repr\u00e9sent\u00e9e les samedi et dimanche prochains \u00e0 la salle le Rio au Centre-ville de Tunis.","og_url":"https:\/\/kapitalis.com\/tunisie\/2022\/01\/03\/nouveau-cycle-de-representations-de-la-derniere-grand-prix-des-jtc-2021\/","og_site_name":"Kapitalis","article_publisher":"https:\/\/www.facebook.com\/KapitalisInfo\/","article_published_time":"2022-01-03T13:39:30+00:00","article_modified_time":"2022-01-03T13:42:49+00:00","og_image":[{"width":1200,"height":630,"url":"https:\/\/kapitalis.com\/tunisie\/wp-content\/uploads\/2022\/05\/kapitalis-logo-fb.png","type":"image\/png"}],"author":"Fawz BenAli","twitter_card":"summary_large_image","twitter_creator":"@KapitalisInfo","twitter_site":"@KapitalisInfo","twitter_misc":{"\u00c9crit par":"Fawz BenAli","Dur\u00e9e de lecture estim\u00e9e":"1 minute"},"schema":{"@context":"https:\/\/schema.org","@graph":[{"@type":"Article","@id":"https:\/\/kapitalis.com\/tunisie\/2022\/01\/03\/nouveau-cycle-de-representations-de-la-derniere-grand-prix-des-jtc-2021\/#article","isPartOf":{"@id":"https:\/\/kapitalis.com\/tunisie\/2022\/01\/03\/nouveau-cycle-de-representations-de-la-derniere-grand-prix-des-jtc-2021\/"},"author":{"name":"Fawz BenAli","@id":"https:\/\/kapitalis.com\/tunisie\/#\/schema\/person\/73a5ecc1f6ae540c6ed91342eadca948"},"headline":"Nouveau cycle de repr\u00e9sentations de \u00ab\u00a0La derni\u00e8re\u00a0\u00bb (Grand Prix des JTC 2021)","datePublished":"2022-01-03T13:39:30+00:00","dateModified":"2022-01-03T13:42:49+00:00","mainEntityOfPage":{"@id":"https:\/\/kapitalis.com\/tunisie\/2022\/01\/03\/nouveau-cycle-de-representations-de-la-derniere-grand-prix-des-jtc-2021\/"},"wordCount":254,"commentCount":0,"publisher":{"@id":"https:\/\/kapitalis.com\/tunisie\/#organization"},"image":{"@id":"https:\/\/kapitalis.com\/tunisie\/2022\/01\/03\/nouveau-cycle-de-representations-de-la-derniere-grand-prix-des-jtc-2021\/#primaryimage"},"thumbnailUrl":"","keywords":["cin\u00e9-th\u00e9\u00e2tre Le Rio","th\u00e9\u00e2tre tunisien","Tunisie","Wafa Taboubi"],"articleSection":["CULTURE","Tunisie"],"inLanguage":"fr-FR","potentialAction":[{"@type":"CommentAction","name":"Comment","target":["https:\/\/kapitalis.com\/tunisie\/2022\/01\/03\/nouveau-cycle-de-representations-de-la-derniere-grand-prix-des-jtc-2021\/#respond"]}]},{"@type":"WebPage","@id":"https:\/\/kapitalis.com\/tunisie\/2022\/01\/03\/nouveau-cycle-de-representations-de-la-derniere-grand-prix-des-jtc-2021\/","url":"https:\/\/kapitalis.com\/tunisie\/2022\/01\/03\/nouveau-cycle-de-representations-de-la-derniere-grand-prix-des-jtc-2021\/","name":"Nouveau cycle de repr\u00e9sentations de \"La derni\u00e8re\" (Grand Prix des JTC 2021) - Kapitalis","isPartOf":{"@id":"https:\/\/kapitalis.com\/tunisie\/#website"},"primaryImageOfPage":{"@id":"https:\/\/kapitalis.com\/tunisie\/2022\/01\/03\/nouveau-cycle-de-representations-de-la-derniere-grand-prix-des-jtc-2021\/#primaryimage"},"image":{"@id":"https:\/\/kapitalis.com\/tunisie\/2022\/01\/03\/nouveau-cycle-de-representations-de-la-derniere-grand-prix-des-jtc-2021\/#primaryimage"},"thumbnailUrl":"","datePublished":"2022-01-03T13:39:30+00:00","dateModified":"2022-01-03T13:42:49+00:00","breadcrumb":{"@id":"https:\/\/kapitalis.com\/tunisie\/2022\/01\/03\/nouveau-cycle-de-representations-de-la-derniere-grand-prix-des-jtc-2021\/#breadcrumb"},"inLanguage":"fr-FR","potentialAction":[{"@type":"ReadAction","target":["https:\/\/kapitalis.com\/tunisie\/2022\/01\/03\/nouveau-cycle-de-representations-de-la-derniere-grand-prix-des-jtc-2021\/"]}]},{"@type":"ImageObject","inLanguage":"fr-FR","@id":"https:\/\/kapitalis.com\/tunisie\/2022\/01\/03\/nouveau-cycle-de-representations-de-la-derniere-grand-prix-des-jtc-2021\/#primaryimage","url":"","contentUrl":""},{"@type":"BreadcrumbList","@id":"https:\/\/kapitalis.com\/tunisie\/2022\/01\/03\/nouveau-cycle-de-representations-de-la-derniere-grand-prix-des-jtc-2021\/#breadcrumb","itemListElement":[{"@type":"ListItem","position":1,"name":"Accueil","item":"https:\/\/kapitalis.com\/tunisie\/"},{"@type":"ListItem","position":2,"name":"Nouveau cycle de repr\u00e9sentations de \u00ab\u00a0La derni\u00e8re\u00a0\u00bb (Grand Prix des JTC 2021)"}]},{"@type":"WebSite","@id":"https:\/\/kapitalis.com\/tunisie\/#website","url":"https:\/\/kapitalis.com\/tunisie\/","name":"Kapitalis","description":"L&#039;actualit\u00e9 en Tunisie et dans le monde","publisher":{"@id":"https:\/\/kapitalis.com\/tunisie\/#organization"},"potentialAction":[{"@type":"SearchAction","target":{"@type":"EntryPoint","urlTemplate":"https:\/\/kapitalis.com\/tunisie\/?s={search_term_string}"},"query-input":{"@type":"PropertyValueSpecification","valueRequired":true,"valueName":"search_term_string"}}],"inLanguage":"fr-FR"},{"@type":"Organization","@id":"https:\/\/kapitalis.com\/tunisie\/#organization","name":"Kapitalis","url":"https:\/\/kapitalis.com\/tunisie\/","logo":{"@type":"ImageObject","inLanguage":"fr-FR","@id":"https:\/\/kapitalis.com\/tunisie\/#\/schema\/logo\/image\/","url":"https:\/\/kapitalis.com\/tunisie\/wp-content\/uploads\/2022\/05\/Kapitalis-big-size.png","contentUrl":"https:\/\/kapitalis.com\/tunisie\/wp-content\/uploads\/2022\/05\/Kapitalis-big-size.png","width":5000,"height":1500,"caption":"Kapitalis"},"image":{"@id":"https:\/\/kapitalis.com\/tunisie\/#\/schema\/logo\/image\/"},"sameAs":["https:\/\/www.facebook.com\/KapitalisInfo\/","https:\/\/x.com\/KapitalisInfo","https:\/\/www.youtube.com\/channel\/UC-yDYrHyfFBWWZaOw3FPg9Q"]},{"@type":"Person","@id":"https:\/\/kapitalis.com\/tunisie\/#\/schema\/person\/73a5ecc1f6ae540c6ed91342eadca948","name":"Fawz BenAli","url":"https:\/\/kapitalis.com\/tunisie\/author\/fawz\/"}]}},"_links":{"self":[{"href":"https:\/\/kapitalis.com\/tunisie\/wp-json\/wp\/v2\/posts\/375642","targetHints":{"allow":["GET"]}}],"collection":[{"href":"https:\/\/kapitalis.com\/tunisie\/wp-json\/wp\/v2\/posts"}],"about":[{"href":"https:\/\/kapitalis.com\/tunisie\/wp-json\/wp\/v2\/types\/post"}],"author":[{"embeddable":true,"href":"https:\/\/kapitalis.com\/tunisie\/wp-json\/wp\/v2\/users\/26"}],"replies":[{"embeddable":true,"href":"https:\/\/kapitalis.com\/tunisie\/wp-json\/wp\/v2\/comments?post=375642"}],"version-history":[{"count":0,"href":"https:\/\/kapitalis.com\/tunisie\/wp-json\/wp\/v2\/posts\/375642\/revisions"}],"wp:featuredmedia":[{"embeddable":true,"href":"https:\/\/kapitalis.com\/tunisie\/wp-json\/wp\/v2\/media\/375648"}],"wp:attachment":[{"href":"https:\/\/kapitalis.com\/tunisie\/wp-json\/wp\/v2\/media?parent=375642"}],"wp:term":[{"taxonomy":"category","embeddable":true,"href":"https:\/\/kapitalis.com\/tunisie\/wp-json\/wp\/v2\/categories?post=375642"},{"taxonomy":"post_tag","embeddable":true,"href":"https:\/\/kapitalis.com\/tunisie\/wp-json\/wp\/v2\/tags?post=375642"}],"curies":[{"name":"wp","href":"https:\/\/api.w.org\/{rel}","templated":true}]}}