{"id":375723,"date":"2022-01-03T23:13:40","date_gmt":"2022-01-03T22:13:40","guid":{"rendered":"http:\/\/kapitalis.com\/tunisie\/?p=375723"},"modified":"2022-01-03T23:45:03","modified_gmt":"2022-01-03T22:45:03","slug":"me-raddaoui-denonce-les-islamistes-polluent-la-maison-de-lavocat-et-nous-allons-la-proteger","status":"publish","type":"post","link":"https:\/\/kapitalis.com\/tunisie\/2022\/01\/03\/me-raddaoui-denonce-les-islamistes-polluent-la-maison-de-lavocat-et-nous-allons-la-proteger\/","title":{"rendered":"Me Raddaoui d\u00e9nonce : \u00abLes islamistes polluent la Maison de l&rsquo;avocat et nous allons la prot\u00e9ger\u00bb"},"content":{"rendered":"\n<div class=\"wp-block-image\"><figure class=\"aligncenter size-full\"><img decoding=\"async\" src=\"http:\/\/kapitalis.com\/tunisie\/wp-content\/uploads\/2022\/01\/Avocats-Ridha-Raddaoui.jpg\" alt=\"\" class=\"wp-image-375730\"\/><\/figure><\/div>\n\n\n\n<p><em><strong>Plusieurs avocats \u00e0 l&rsquo;instar des membres du comit\u00e9 de d\u00e9fense des martyrs Chokri Bela\u00efd et Mohamed Brahmi ont manifest\u00e9 ce soir, mardi 3 janvier 2022, devant la Maison de l&rsquo;avocat \u00e0 Tunis, o\u00f9 des proches de Bhiri et Baldi (en r\u00e9sidence surveill\u00e9e) sont en sit-in : \u00abCeux qui ont les mains salies par le sang des martyrs n&rsquo;ont rien \u00e0 faire ici\u2026 Les terroristes doivent faire face \u00e0 la justice\u00bb, a notamment lanc\u00e9 Me Ridha Raddaoui, membre dudit comit\u00e9.<\/strong><\/em><\/p>\n\n\n\n<!--more-->\n\n\n\n<p>Les avocats se sont rassembl\u00e9s devant La Maison de l&rsquo;avocat apr\u00e8s avoir eu \u00e9cho d&rsquo;une information, indiquant que le chef du parti islamiste Ennahdha, Rached Ghannouchi, compte s&rsquo;y rendre pour soutenir les proches de Bhiri, notamment l&rsquo; \u00e9pouse de ce dernier, l&rsquo;avocate Sa\u00efda Akremi, en sit-in depuis l&rsquo;arrestation de son \u00e9poux et confr\u00e8re, plac\u00e9 en r\u00e9sidence surveill\u00e9e, depuis jeudi dernier, notamment pour suspicion de lien avec l&rsquo;affaire de l\u2019octroi ill\u00e9gal de passeports et de carte d&rsquo;identit\u00e9 tunisiens \u00e0 des \u00e9trangers dont des Syriens; \u00ab<em>une affaire fortement suspect\u00e9e d&rsquo;\u00eatre \u00e0 caract\u00e8re terroriste\u00bb<\/em>, selon le ministre de l&rsquo;Int\u00e9rieur, Taoufik Charfeddine.<\/p>\n\n\n\n<p>\u00ab<em>Ghannnouchi assassin !<\/em>\u00bb; \u00ab<em>Les avocats sont libres et que le terrorisme d\u00e9gage<\/em>\u00bb, \u00ab<em>Chokri est toujours vivant<\/em>\u00bb ont notamment lanc\u00e9 les manifestants en appelant l&rsquo;Ordre national des avocats \u00e0 intervenir et \u00e0 emp\u00eacher toute personne \u00e9trang\u00e8re \u00e0 la fonction de se rendre \u00e0 la Maison de l&rsquo;avocat, et \u00e0 tenir les avocats loin des tiraillements politiques : <em>\u00abLe doyen doit \u00e9loigner de notre propri\u00e9t\u00e9 ceux qui ont les mains salies par le sang des martyrs des institutions militaire et s\u00e9curitaire ainsi que celui de notre confr\u00e8re Chokri\u2026Ils n&rsquo;ont rien \u00e0 faire ici et nous allons leur faire face et les emp\u00eacher de polluer la Maison de l&rsquo;avocat\u00bb<\/em>.<\/p>\n\n\n\n<p>Estimant que les islamistes instrumentalisent la Maison de l&rsquo;avocat, ainsi que la fonction, les manifestants ont affirm\u00e9 qu&rsquo;ils vont prot\u00e9ger leur propri\u00e9t\u00e9 par tous les moyens l\u00e9gaux et qu&rsquo;ils ne laisseront personne y entrer sans y \u00eatre autoris\u00e9, tout en appelant le doyen des avocats \u00e0 intervenir et \u00e0 mettre un terme \u00e0 ces abus.<\/p>\n\n\n\n<p class=\"has-text-align-right\"><strong>Y. N.<\/strong><\/p>\n\n\n\n<figure class=\"wp-block-embed is-type-wp-embed is-provider-kapitalis wp-block-embed-kapitalis\"><div class=\"wp-block-embed__wrapper\">\n<blockquote class=\"wp-embedded-content\" data-secret=\"fzDin5A6rF\"><a href=\"https:\/\/kapitalis.com\/tunisie\/2022\/01\/03\/visite-de-bhiri-le-batonnier-des-avocats-bouderbela-dement-la-version-de-mme-bhiri-video\/\">Visite de Bhiri : Le b\u00e2tonnier des avocats Bouderbela d\u00e9ment la version de Mme Bhiri (Vid\u00e9o)<\/a><\/blockquote><iframe loading=\"lazy\" class=\"wp-embedded-content\" sandbox=\"allow-scripts\" security=\"restricted\" style=\"position: absolute; clip: rect(1px, 1px, 1px, 1px);\" title=\"\u00ab\u00a0Visite de Bhiri : Le b\u00e2tonnier des avocats Bouderbela d\u00e9ment la version de Mme Bhiri (Vid\u00e9o)\u00a0\u00bb &#8212; Kapitalis\" src=\"https:\/\/kapitalis.com\/tunisie\/2022\/01\/03\/visite-de-bhiri-le-batonnier-des-avocats-bouderbela-dement-la-version-de-mme-bhiri-video\/embed\/#?secret=QurU3qcd2V#?secret=fzDin5A6rF\" data-secret=\"fzDin5A6rF\" width=\"600\" height=\"338\" frameborder=\"0\" marginwidth=\"0\" marginheight=\"0\" scrolling=\"no\"><\/iframe>\n<\/div><\/figure>\n","protected":false},"excerpt":{"rendered":"<p>Plusieurs avocats \u00e0 l&rsquo;instar des membres du comit\u00e9 de d\u00e9fense des martyrs Chokri Bela\u00efd et Mohamed Brahmi ont manifest\u00e9 ce soir, mardi 3 janvier 2022, devant la Maison de l&rsquo;avocat \u00e0 Tunis, o\u00f9 des proches de Bhiri et Baldi (en r\u00e9sidence surveill\u00e9e) sont en sit-in : \u00abCeux qui ont les mains salies par le sang&#8230;<\/p>\n","protected":false},"author":6,"featured_media":375730,"comment_status":"open","ping_status":"open","sticky":false,"template":"","format":"standard","meta":{"footnotes":""},"categories":[997,2433],"tags":[80370,80570,49543,96244,96243,625,96242,62643],"class_list":["post-375723","post","type-post","status-publish","format-standard","has-post-thumbnail","hentry","category-politique","category-tunisie","tag-bhiri","tag-chokri-belaid-2","tag-ennahdha","tag-ghannouhci","tag-maison-de-lavocat","tag-mohamed-brahmi","tag-raddaoui","tag-tunisie"],"yoast_head":"<!-- This site is optimized with the Yoast SEO plugin v26.6 - https:\/\/yoast.com\/wordpress\/plugins\/seo\/ -->\n<title>Me Raddaoui d\u00e9nonce : \u00abLes islamistes polluent la Maison de l&#039;avocat et nous allons la prot\u00e9ger\u00bb - Kapitalis<\/title>\n<meta name=\"robots\" content=\"index, follow, max-snippet:-1, max-image-preview:large, max-video-preview:-1\" \/>\n<link rel=\"canonical\" href=\"https:\/\/kapitalis.com\/tunisie\/2022\/01\/03\/me-raddaoui-denonce-les-islamistes-polluent-la-maison-de-lavocat-et-nous-allons-la-proteger\/\" \/>\n<meta property=\"og:locale\" content=\"fr_FR\" \/>\n<meta property=\"og:type\" content=\"article\" \/>\n<meta property=\"og:title\" content=\"Me Raddaoui d\u00e9nonce : \u00abLes islamistes polluent la Maison de l&#039;avocat et nous allons la prot\u00e9ger\u00bb - Kapitalis\" \/>\n<meta property=\"og:description\" content=\"Plusieurs avocats \u00e0 l&rsquo;instar des membres du comit\u00e9 de d\u00e9fense des martyrs Chokri Bela\u00efd et Mohamed Brahmi ont manifest\u00e9 ce soir, mardi 3 janvier 2022, devant la Maison de l&rsquo;avocat \u00e0 Tunis, o\u00f9 des proches de Bhiri et Baldi (en r\u00e9sidence surveill\u00e9e) sont en sit-in : \u00abCeux qui ont les mains salies par le sang...\" \/>\n<meta property=\"og:url\" content=\"https:\/\/kapitalis.com\/tunisie\/2022\/01\/03\/me-raddaoui-denonce-les-islamistes-polluent-la-maison-de-lavocat-et-nous-allons-la-proteger\/\" \/>\n<meta property=\"og:site_name\" content=\"Kapitalis\" \/>\n<meta property=\"article:publisher\" content=\"https:\/\/www.facebook.com\/KapitalisInfo\/\" \/>\n<meta property=\"article:published_time\" content=\"2022-01-03T22:13:40+00:00\" \/>\n<meta property=\"article:modified_time\" content=\"2022-01-03T22:45:03+00:00\" \/>\n<meta property=\"og:image\" content=\"https:\/\/kapitalis.com\/tunisie\/wp-content\/uploads\/2022\/05\/kapitalis-logo-fb.png\" \/>\n\t<meta property=\"og:image:width\" content=\"1200\" \/>\n\t<meta property=\"og:image:height\" content=\"630\" \/>\n\t<meta property=\"og:image:type\" content=\"image\/png\" \/>\n<meta name=\"author\" content=\"Yusra NY\" \/>\n<meta name=\"twitter:card\" content=\"summary_large_image\" \/>\n<meta name=\"twitter:creator\" content=\"@KapitalisInfo\" \/>\n<meta name=\"twitter:site\" content=\"@KapitalisInfo\" \/>\n<meta name=\"twitter:label1\" content=\"\u00c9crit par\" \/>\n\t<meta name=\"twitter:data1\" content=\"Yusra NY\" \/>\n\t<meta name=\"twitter:label2\" content=\"Dur\u00e9e de lecture estim\u00e9e\" \/>\n\t<meta name=\"twitter:data2\" content=\"2 minutes\" \/>\n<script type=\"application\/ld+json\" class=\"yoast-schema-graph\">{\"@context\":\"https:\/\/schema.org\",\"@graph\":[{\"@type\":\"Article\",\"@id\":\"https:\/\/kapitalis.com\/tunisie\/2022\/01\/03\/me-raddaoui-denonce-les-islamistes-polluent-la-maison-de-lavocat-et-nous-allons-la-proteger\/#article\",\"isPartOf\":{\"@id\":\"https:\/\/kapitalis.com\/tunisie\/2022\/01\/03\/me-raddaoui-denonce-les-islamistes-polluent-la-maison-de-lavocat-et-nous-allons-la-proteger\/\"},\"author\":{\"name\":\"Yusra NY\",\"@id\":\"https:\/\/kapitalis.com\/tunisie\/#\/schema\/person\/74bbde0154d49d790a92aaeac5bc01d5\"},\"headline\":\"Me Raddaoui d\u00e9nonce : \u00abLes islamistes polluent la Maison de l&rsquo;avocat et nous allons la prot\u00e9ger\u00bb\",\"datePublished\":\"2022-01-03T22:13:40+00:00\",\"dateModified\":\"2022-01-03T22:45:03+00:00\",\"mainEntityOfPage\":{\"@id\":\"https:\/\/kapitalis.com\/tunisie\/2022\/01\/03\/me-raddaoui-denonce-les-islamistes-polluent-la-maison-de-lavocat-et-nous-allons-la-proteger\/\"},\"wordCount\":369,\"commentCount\":3,\"publisher\":{\"@id\":\"https:\/\/kapitalis.com\/tunisie\/#organization\"},\"image\":{\"@id\":\"https:\/\/kapitalis.com\/tunisie\/2022\/01\/03\/me-raddaoui-denonce-les-islamistes-polluent-la-maison-de-lavocat-et-nous-allons-la-proteger\/#primaryimage\"},\"thumbnailUrl\":\"\",\"keywords\":[\"Bhiri\",\"chokri bela\u00efd\",\"Ennahdha\",\"Ghannouhci\",\"Maison de l&#039;avocat\",\"Mohamed Brahmi\",\"Raddaoui\",\"Tunisie\"],\"articleSection\":[\"POLITIQUE\",\"Tunisie\"],\"inLanguage\":\"fr-FR\",\"potentialAction\":[{\"@type\":\"CommentAction\",\"name\":\"Comment\",\"target\":[\"https:\/\/kapitalis.com\/tunisie\/2022\/01\/03\/me-raddaoui-denonce-les-islamistes-polluent-la-maison-de-lavocat-et-nous-allons-la-proteger\/#respond\"]}]},{\"@type\":\"WebPage\",\"@id\":\"https:\/\/kapitalis.com\/tunisie\/2022\/01\/03\/me-raddaoui-denonce-les-islamistes-polluent-la-maison-de-lavocat-et-nous-allons-la-proteger\/\",\"url\":\"https:\/\/kapitalis.com\/tunisie\/2022\/01\/03\/me-raddaoui-denonce-les-islamistes-polluent-la-maison-de-lavocat-et-nous-allons-la-proteger\/\",\"name\":\"Me Raddaoui d\u00e9nonce : \u00abLes islamistes polluent la Maison de l'avocat et nous allons la prot\u00e9ger\u00bb - Kapitalis\",\"isPartOf\":{\"@id\":\"https:\/\/kapitalis.com\/tunisie\/#website\"},\"primaryImageOfPage\":{\"@id\":\"https:\/\/kapitalis.com\/tunisie\/2022\/01\/03\/me-raddaoui-denonce-les-islamistes-polluent-la-maison-de-lavocat-et-nous-allons-la-proteger\/#primaryimage\"},\"image\":{\"@id\":\"https:\/\/kapitalis.com\/tunisie\/2022\/01\/03\/me-raddaoui-denonce-les-islamistes-polluent-la-maison-de-lavocat-et-nous-allons-la-proteger\/#primaryimage\"},\"thumbnailUrl\":\"\",\"datePublished\":\"2022-01-03T22:13:40+00:00\",\"dateModified\":\"2022-01-03T22:45:03+00:00\",\"breadcrumb\":{\"@id\":\"https:\/\/kapitalis.com\/tunisie\/2022\/01\/03\/me-raddaoui-denonce-les-islamistes-polluent-la-maison-de-lavocat-et-nous-allons-la-proteger\/#breadcrumb\"},\"inLanguage\":\"fr-FR\",\"potentialAction\":[{\"@type\":\"ReadAction\",\"target\":[\"https:\/\/kapitalis.com\/tunisie\/2022\/01\/03\/me-raddaoui-denonce-les-islamistes-polluent-la-maison-de-lavocat-et-nous-allons-la-proteger\/\"]}]},{\"@type\":\"ImageObject\",\"inLanguage\":\"fr-FR\",\"@id\":\"https:\/\/kapitalis.com\/tunisie\/2022\/01\/03\/me-raddaoui-denonce-les-islamistes-polluent-la-maison-de-lavocat-et-nous-allons-la-proteger\/#primaryimage\",\"url\":\"\",\"contentUrl\":\"\"},{\"@type\":\"BreadcrumbList\",\"@id\":\"https:\/\/kapitalis.com\/tunisie\/2022\/01\/03\/me-raddaoui-denonce-les-islamistes-polluent-la-maison-de-lavocat-et-nous-allons-la-proteger\/#breadcrumb\",\"itemListElement\":[{\"@type\":\"ListItem\",\"position\":1,\"name\":\"Accueil\",\"item\":\"https:\/\/kapitalis.com\/tunisie\/\"},{\"@type\":\"ListItem\",\"position\":2,\"name\":\"Me Raddaoui d\u00e9nonce : \u00abLes islamistes polluent la Maison de l&rsquo;avocat et nous allons la prot\u00e9ger\u00bb\"}]},{\"@type\":\"WebSite\",\"@id\":\"https:\/\/kapitalis.com\/tunisie\/#website\",\"url\":\"https:\/\/kapitalis.com\/tunisie\/\",\"name\":\"Kapitalis\",\"description\":\"L&#039;actualit\u00e9 en Tunisie et dans le monde\",\"publisher\":{\"@id\":\"https:\/\/kapitalis.com\/tunisie\/#organization\"},\"potentialAction\":[{\"@type\":\"SearchAction\",\"target\":{\"@type\":\"EntryPoint\",\"urlTemplate\":\"https:\/\/kapitalis.com\/tunisie\/?s={search_term_string}\"},\"query-input\":{\"@type\":\"PropertyValueSpecification\",\"valueRequired\":true,\"valueName\":\"search_term_string\"}}],\"inLanguage\":\"fr-FR\"},{\"@type\":\"Organization\",\"@id\":\"https:\/\/kapitalis.com\/tunisie\/#organization\",\"name\":\"Kapitalis\",\"url\":\"https:\/\/kapitalis.com\/tunisie\/\",\"logo\":{\"@type\":\"ImageObject\",\"inLanguage\":\"fr-FR\",\"@id\":\"https:\/\/kapitalis.com\/tunisie\/#\/schema\/logo\/image\/\",\"url\":\"https:\/\/kapitalis.com\/tunisie\/wp-content\/uploads\/2022\/05\/Kapitalis-big-size.png\",\"contentUrl\":\"https:\/\/kapitalis.com\/tunisie\/wp-content\/uploads\/2022\/05\/Kapitalis-big-size.png\",\"width\":5000,\"height\":1500,\"caption\":\"Kapitalis\"},\"image\":{\"@id\":\"https:\/\/kapitalis.com\/tunisie\/#\/schema\/logo\/image\/\"},\"sameAs\":[\"https:\/\/www.facebook.com\/KapitalisInfo\/\",\"https:\/\/x.com\/KapitalisInfo\",\"https:\/\/www.youtube.com\/channel\/UC-yDYrHyfFBWWZaOw3FPg9Q\"]},{\"@type\":\"Person\",\"@id\":\"https:\/\/kapitalis.com\/tunisie\/#\/schema\/person\/74bbde0154d49d790a92aaeac5bc01d5\",\"name\":\"Yusra NY\",\"url\":\"https:\/\/kapitalis.com\/tunisie\/author\/yuza_adam\/\"}]}<\/script>\n<!-- \/ Yoast SEO plugin. -->","yoast_head_json":{"title":"Me Raddaoui d\u00e9nonce : \u00abLes islamistes polluent la Maison de l'avocat et nous allons la prot\u00e9ger\u00bb - Kapitalis","robots":{"index":"index","follow":"follow","max-snippet":"max-snippet:-1","max-image-preview":"max-image-preview:large","max-video-preview":"max-video-preview:-1"},"canonical":"https:\/\/kapitalis.com\/tunisie\/2022\/01\/03\/me-raddaoui-denonce-les-islamistes-polluent-la-maison-de-lavocat-et-nous-allons-la-proteger\/","og_locale":"fr_FR","og_type":"article","og_title":"Me Raddaoui d\u00e9nonce : \u00abLes islamistes polluent la Maison de l'avocat et nous allons la prot\u00e9ger\u00bb - Kapitalis","og_description":"Plusieurs avocats \u00e0 l&rsquo;instar des membres du comit\u00e9 de d\u00e9fense des martyrs Chokri Bela\u00efd et Mohamed Brahmi ont manifest\u00e9 ce soir, mardi 3 janvier 2022, devant la Maison de l&rsquo;avocat \u00e0 Tunis, o\u00f9 des proches de Bhiri et Baldi (en r\u00e9sidence surveill\u00e9e) sont en sit-in : \u00abCeux qui ont les mains salies par le sang...","og_url":"https:\/\/kapitalis.com\/tunisie\/2022\/01\/03\/me-raddaoui-denonce-les-islamistes-polluent-la-maison-de-lavocat-et-nous-allons-la-proteger\/","og_site_name":"Kapitalis","article_publisher":"https:\/\/www.facebook.com\/KapitalisInfo\/","article_published_time":"2022-01-03T22:13:40+00:00","article_modified_time":"2022-01-03T22:45:03+00:00","og_image":[{"width":1200,"height":630,"url":"https:\/\/kapitalis.com\/tunisie\/wp-content\/uploads\/2022\/05\/kapitalis-logo-fb.png","type":"image\/png"}],"author":"Yusra NY","twitter_card":"summary_large_image","twitter_creator":"@KapitalisInfo","twitter_site":"@KapitalisInfo","twitter_misc":{"\u00c9crit par":"Yusra NY","Dur\u00e9e de lecture estim\u00e9e":"2 minutes"},"schema":{"@context":"https:\/\/schema.org","@graph":[{"@type":"Article","@id":"https:\/\/kapitalis.com\/tunisie\/2022\/01\/03\/me-raddaoui-denonce-les-islamistes-polluent-la-maison-de-lavocat-et-nous-allons-la-proteger\/#article","isPartOf":{"@id":"https:\/\/kapitalis.com\/tunisie\/2022\/01\/03\/me-raddaoui-denonce-les-islamistes-polluent-la-maison-de-lavocat-et-nous-allons-la-proteger\/"},"author":{"name":"Yusra NY","@id":"https:\/\/kapitalis.com\/tunisie\/#\/schema\/person\/74bbde0154d49d790a92aaeac5bc01d5"},"headline":"Me Raddaoui d\u00e9nonce : \u00abLes islamistes polluent la Maison de l&rsquo;avocat et nous allons la prot\u00e9ger\u00bb","datePublished":"2022-01-03T22:13:40+00:00","dateModified":"2022-01-03T22:45:03+00:00","mainEntityOfPage":{"@id":"https:\/\/kapitalis.com\/tunisie\/2022\/01\/03\/me-raddaoui-denonce-les-islamistes-polluent-la-maison-de-lavocat-et-nous-allons-la-proteger\/"},"wordCount":369,"commentCount":3,"publisher":{"@id":"https:\/\/kapitalis.com\/tunisie\/#organization"},"image":{"@id":"https:\/\/kapitalis.com\/tunisie\/2022\/01\/03\/me-raddaoui-denonce-les-islamistes-polluent-la-maison-de-lavocat-et-nous-allons-la-proteger\/#primaryimage"},"thumbnailUrl":"","keywords":["Bhiri","chokri bela\u00efd","Ennahdha","Ghannouhci","Maison de l&#039;avocat","Mohamed Brahmi","Raddaoui","Tunisie"],"articleSection":["POLITIQUE","Tunisie"],"inLanguage":"fr-FR","potentialAction":[{"@type":"CommentAction","name":"Comment","target":["https:\/\/kapitalis.com\/tunisie\/2022\/01\/03\/me-raddaoui-denonce-les-islamistes-polluent-la-maison-de-lavocat-et-nous-allons-la-proteger\/#respond"]}]},{"@type":"WebPage","@id":"https:\/\/kapitalis.com\/tunisie\/2022\/01\/03\/me-raddaoui-denonce-les-islamistes-polluent-la-maison-de-lavocat-et-nous-allons-la-proteger\/","url":"https:\/\/kapitalis.com\/tunisie\/2022\/01\/03\/me-raddaoui-denonce-les-islamistes-polluent-la-maison-de-lavocat-et-nous-allons-la-proteger\/","name":"Me Raddaoui d\u00e9nonce : \u00abLes islamistes polluent la Maison de l'avocat et nous allons la prot\u00e9ger\u00bb - Kapitalis","isPartOf":{"@id":"https:\/\/kapitalis.com\/tunisie\/#website"},"primaryImageOfPage":{"@id":"https:\/\/kapitalis.com\/tunisie\/2022\/01\/03\/me-raddaoui-denonce-les-islamistes-polluent-la-maison-de-lavocat-et-nous-allons-la-proteger\/#primaryimage"},"image":{"@id":"https:\/\/kapitalis.com\/tunisie\/2022\/01\/03\/me-raddaoui-denonce-les-islamistes-polluent-la-maison-de-lavocat-et-nous-allons-la-proteger\/#primaryimage"},"thumbnailUrl":"","datePublished":"2022-01-03T22:13:40+00:00","dateModified":"2022-01-03T22:45:03+00:00","breadcrumb":{"@id":"https:\/\/kapitalis.com\/tunisie\/2022\/01\/03\/me-raddaoui-denonce-les-islamistes-polluent-la-maison-de-lavocat-et-nous-allons-la-proteger\/#breadcrumb"},"inLanguage":"fr-FR","potentialAction":[{"@type":"ReadAction","target":["https:\/\/kapitalis.com\/tunisie\/2022\/01\/03\/me-raddaoui-denonce-les-islamistes-polluent-la-maison-de-lavocat-et-nous-allons-la-proteger\/"]}]},{"@type":"ImageObject","inLanguage":"fr-FR","@id":"https:\/\/kapitalis.com\/tunisie\/2022\/01\/03\/me-raddaoui-denonce-les-islamistes-polluent-la-maison-de-lavocat-et-nous-allons-la-proteger\/#primaryimage","url":"","contentUrl":""},{"@type":"BreadcrumbList","@id":"https:\/\/kapitalis.com\/tunisie\/2022\/01\/03\/me-raddaoui-denonce-les-islamistes-polluent-la-maison-de-lavocat-et-nous-allons-la-proteger\/#breadcrumb","itemListElement":[{"@type":"ListItem","position":1,"name":"Accueil","item":"https:\/\/kapitalis.com\/tunisie\/"},{"@type":"ListItem","position":2,"name":"Me Raddaoui d\u00e9nonce : \u00abLes islamistes polluent la Maison de l&rsquo;avocat et nous allons la prot\u00e9ger\u00bb"}]},{"@type":"WebSite","@id":"https:\/\/kapitalis.com\/tunisie\/#website","url":"https:\/\/kapitalis.com\/tunisie\/","name":"Kapitalis","description":"L&#039;actualit\u00e9 en Tunisie et dans le monde","publisher":{"@id":"https:\/\/kapitalis.com\/tunisie\/#organization"},"potentialAction":[{"@type":"SearchAction","target":{"@type":"EntryPoint","urlTemplate":"https:\/\/kapitalis.com\/tunisie\/?s={search_term_string}"},"query-input":{"@type":"PropertyValueSpecification","valueRequired":true,"valueName":"search_term_string"}}],"inLanguage":"fr-FR"},{"@type":"Organization","@id":"https:\/\/kapitalis.com\/tunisie\/#organization","name":"Kapitalis","url":"https:\/\/kapitalis.com\/tunisie\/","logo":{"@type":"ImageObject","inLanguage":"fr-FR","@id":"https:\/\/kapitalis.com\/tunisie\/#\/schema\/logo\/image\/","url":"https:\/\/kapitalis.com\/tunisie\/wp-content\/uploads\/2022\/05\/Kapitalis-big-size.png","contentUrl":"https:\/\/kapitalis.com\/tunisie\/wp-content\/uploads\/2022\/05\/Kapitalis-big-size.png","width":5000,"height":1500,"caption":"Kapitalis"},"image":{"@id":"https:\/\/kapitalis.com\/tunisie\/#\/schema\/logo\/image\/"},"sameAs":["https:\/\/www.facebook.com\/KapitalisInfo\/","https:\/\/x.com\/KapitalisInfo","https:\/\/www.youtube.com\/channel\/UC-yDYrHyfFBWWZaOw3FPg9Q"]},{"@type":"Person","@id":"https:\/\/kapitalis.com\/tunisie\/#\/schema\/person\/74bbde0154d49d790a92aaeac5bc01d5","name":"Yusra NY","url":"https:\/\/kapitalis.com\/tunisie\/author\/yuza_adam\/"}]}},"_links":{"self":[{"href":"https:\/\/kapitalis.com\/tunisie\/wp-json\/wp\/v2\/posts\/375723","targetHints":{"allow":["GET"]}}],"collection":[{"href":"https:\/\/kapitalis.com\/tunisie\/wp-json\/wp\/v2\/posts"}],"about":[{"href":"https:\/\/kapitalis.com\/tunisie\/wp-json\/wp\/v2\/types\/post"}],"author":[{"embeddable":true,"href":"https:\/\/kapitalis.com\/tunisie\/wp-json\/wp\/v2\/users\/6"}],"replies":[{"embeddable":true,"href":"https:\/\/kapitalis.com\/tunisie\/wp-json\/wp\/v2\/comments?post=375723"}],"version-history":[{"count":0,"href":"https:\/\/kapitalis.com\/tunisie\/wp-json\/wp\/v2\/posts\/375723\/revisions"}],"wp:featuredmedia":[{"embeddable":true,"href":"https:\/\/kapitalis.com\/tunisie\/wp-json\/wp\/v2\/media\/375730"}],"wp:attachment":[{"href":"https:\/\/kapitalis.com\/tunisie\/wp-json\/wp\/v2\/media?parent=375723"}],"wp:term":[{"taxonomy":"category","embeddable":true,"href":"https:\/\/kapitalis.com\/tunisie\/wp-json\/wp\/v2\/categories?post=375723"},{"taxonomy":"post_tag","embeddable":true,"href":"https:\/\/kapitalis.com\/tunisie\/wp-json\/wp\/v2\/tags?post=375723"}],"curies":[{"name":"wp","href":"https:\/\/api.w.org\/{rel}","templated":true}]}}