{"id":375739,"date":"2022-01-04T09:45:14","date_gmt":"2022-01-04T08:45:14","guid":{"rendered":"http:\/\/kapitalis.com\/tunisie\/?p=375739"},"modified":"2022-01-04T09:47:49","modified_gmt":"2022-01-04T08:47:49","slug":"la-main-tunisienne-le-geste-en-heritage-une-exposition-des-metiers-de-lartisanat-a-lonat","status":"publish","type":"post","link":"https:\/\/kapitalis.com\/tunisie\/2022\/01\/04\/la-main-tunisienne-le-geste-en-heritage-une-exposition-des-metiers-de-lartisanat-a-lonat\/","title":{"rendered":"\u00ab La main tunisienne, le geste en h\u00e9ritage \u00bb : Une exposition des m\u00e9tiers de l\u2019artisanat \u00e0 l\u2019ONAT"},"content":{"rendered":"\n<div class=\"wp-block-image\"><figure class=\"aligncenter size-full\"><img decoding=\"async\" src=\"http:\/\/kapitalis.com\/tunisie\/wp-content\/uploads\/2022\/01\/Untitled-7.jpg\" alt=\"\" class=\"wp-image-375743\"\/><\/figure><\/div>\n\n\n\n<p><strong><em>L\u2019Office national de l\u2019Artisanat tunisien (ONAT) accueille en ce moment et jusqu\u2019au 17 janvier l\u2019exposition \u00ab\u00a0La main tunisienne, le geste en h\u00e9ritage\u00a0\u00bb qui met \u00e0 l\u2019honneur le savoir faire des artisans tunisiens.<\/em><\/strong><\/p>\n\n\n\n<!--more-->\n\n\n\n<p>Organis\u00e9e par la Fondation Rambourg et l\u2019Office national de l\u2019Artisanat (ONAT), l\u2019exposition collective \u00ab&nbsp;La main tunisienne, le geste en h\u00e9ritage&nbsp;\u00bb est le fruit de r\u00e9sidences de co-cr\u00e9ation artisanale ayant r\u00e9uni une trentaine d\u2019artisans et de designers tunisiens et \u00e9trangers.<\/p>\n\n\n\n<p>L\u2019exposition comprend sept espaces diff\u00e9rents d\u00e9di\u00e9s aux diff\u00e9rentes disciplines repr\u00e9sent\u00e9es (c\u00e9ramique, mosa\u00efque, poterie, verrerie, dinanderie \u2026). \u00ab\u00a0Ce voyage dans les m\u00e9tiers refl\u00e8te avec noblesse la richesse du territoire et de l\u2019identit\u00e9 tunisienne\u00a0\u00bb, indique la Fondation Rambourg qui s\u2019est associ\u00e9e \u00e0 l\u2019ONAT pour organiser cette exposition plurielle qui s\u2019inscrit dans le cadre du programme d\u2019appui au secteur de l\u2019artisanat tunisien et qui se poursuit jusqu\u2019au 17 janvier au si\u00e8ge de l\u2019ONAT au Denden.<\/p>\n\n\n\n<p class=\"has-text-align-right\"><strong>F.B<\/strong><\/p>\n","protected":false},"excerpt":{"rendered":"<p>L\u2019Office national de l\u2019Artisanat tunisien (ONAT) accueille en ce moment et jusqu\u2019au 17 janvier l\u2019exposition \u00ab\u00a0La main tunisienne, le geste en h\u00e9ritage\u00a0\u00bb qui met \u00e0 l\u2019honneur le savoir faire des artisans tunisiens.<\/p>\n","protected":false},"author":26,"featured_media":375743,"comment_status":"open","ping_status":"open","sticky":false,"template":"","format":"standard","meta":{"footnotes":""},"categories":[993,994,2433],"tags":[6144,96246,17889,96245,9201,62643],"class_list":["post-375739","post","type-post","status-publish","format-standard","has-post-thumbnail","hentry","category-conso","category-culture","category-tunisie","tag-artisanat-tunisien","tag-exposition-artisanale","tag-fondation-rambourg","tag-la-main-tunisienne","tag-onat","tag-tunisie"],"yoast_head":"<!-- This site is optimized with the Yoast SEO plugin v26.6 - https:\/\/yoast.com\/wordpress\/plugins\/seo\/ -->\n<title>\u00ab La main tunisienne, le geste en h\u00e9ritage \u00bb : Une exposition des m\u00e9tiers de l\u2019artisanat \u00e0 l\u2019ONAT - Kapitalis<\/title>\n<meta name=\"robots\" content=\"index, follow, max-snippet:-1, max-image-preview:large, max-video-preview:-1\" \/>\n<link rel=\"canonical\" href=\"https:\/\/kapitalis.com\/tunisie\/2022\/01\/04\/la-main-tunisienne-le-geste-en-heritage-une-exposition-des-metiers-de-lartisanat-a-lonat\/\" \/>\n<meta property=\"og:locale\" content=\"fr_FR\" \/>\n<meta property=\"og:type\" content=\"article\" \/>\n<meta property=\"og:title\" content=\"\u00ab La main tunisienne, le geste en h\u00e9ritage \u00bb : Une exposition des m\u00e9tiers de l\u2019artisanat \u00e0 l\u2019ONAT - Kapitalis\" \/>\n<meta property=\"og:description\" content=\"L\u2019Office national de l\u2019Artisanat tunisien (ONAT) accueille en ce moment et jusqu\u2019au 17 janvier l\u2019exposition \u00ab\u00a0La main tunisienne, le geste en h\u00e9ritage\u00a0\u00bb qui met \u00e0 l\u2019honneur le savoir faire des artisans tunisiens.\" \/>\n<meta property=\"og:url\" content=\"https:\/\/kapitalis.com\/tunisie\/2022\/01\/04\/la-main-tunisienne-le-geste-en-heritage-une-exposition-des-metiers-de-lartisanat-a-lonat\/\" \/>\n<meta property=\"og:site_name\" content=\"Kapitalis\" \/>\n<meta property=\"article:publisher\" content=\"https:\/\/www.facebook.com\/KapitalisInfo\/\" \/>\n<meta property=\"article:published_time\" content=\"2022-01-04T08:45:14+00:00\" \/>\n<meta property=\"article:modified_time\" content=\"2022-01-04T08:47:49+00:00\" \/>\n<meta property=\"og:image\" content=\"https:\/\/kapitalis.com\/tunisie\/wp-content\/uploads\/2022\/05\/kapitalis-logo-fb.png\" \/>\n\t<meta property=\"og:image:width\" content=\"1200\" \/>\n\t<meta property=\"og:image:height\" content=\"630\" \/>\n\t<meta property=\"og:image:type\" content=\"image\/png\" \/>\n<meta name=\"author\" content=\"Fawz BenAli\" \/>\n<meta name=\"twitter:card\" content=\"summary_large_image\" \/>\n<meta name=\"twitter:creator\" content=\"@KapitalisInfo\" \/>\n<meta name=\"twitter:site\" content=\"@KapitalisInfo\" \/>\n<meta name=\"twitter:label1\" content=\"\u00c9crit par\" \/>\n\t<meta name=\"twitter:data1\" content=\"Fawz BenAli\" \/>\n\t<meta name=\"twitter:label2\" content=\"Dur\u00e9e de lecture estim\u00e9e\" \/>\n\t<meta name=\"twitter:data2\" content=\"1 minute\" \/>\n<script type=\"application\/ld+json\" class=\"yoast-schema-graph\">{\"@context\":\"https:\/\/schema.org\",\"@graph\":[{\"@type\":\"Article\",\"@id\":\"https:\/\/kapitalis.com\/tunisie\/2022\/01\/04\/la-main-tunisienne-le-geste-en-heritage-une-exposition-des-metiers-de-lartisanat-a-lonat\/#article\",\"isPartOf\":{\"@id\":\"https:\/\/kapitalis.com\/tunisie\/2022\/01\/04\/la-main-tunisienne-le-geste-en-heritage-une-exposition-des-metiers-de-lartisanat-a-lonat\/\"},\"author\":{\"name\":\"Fawz BenAli\",\"@id\":\"https:\/\/kapitalis.com\/tunisie\/#\/schema\/person\/73a5ecc1f6ae540c6ed91342eadca948\"},\"headline\":\"\u00ab La main tunisienne, le geste en h\u00e9ritage \u00bb : Une exposition des m\u00e9tiers de l\u2019artisanat \u00e0 l\u2019ONAT\",\"datePublished\":\"2022-01-04T08:45:14+00:00\",\"dateModified\":\"2022-01-04T08:47:49+00:00\",\"mainEntityOfPage\":{\"@id\":\"https:\/\/kapitalis.com\/tunisie\/2022\/01\/04\/la-main-tunisienne-le-geste-en-heritage-une-exposition-des-metiers-de-lartisanat-a-lonat\/\"},\"wordCount\":196,\"commentCount\":0,\"publisher\":{\"@id\":\"https:\/\/kapitalis.com\/tunisie\/#organization\"},\"image\":{\"@id\":\"https:\/\/kapitalis.com\/tunisie\/2022\/01\/04\/la-main-tunisienne-le-geste-en-heritage-une-exposition-des-metiers-de-lartisanat-a-lonat\/#primaryimage\"},\"thumbnailUrl\":\"\",\"keywords\":[\"artisanat tunisien\",\"exposition artisanale\",\"Fondation Rambourg\",\"La main tunisienne\",\"Onat\",\"Tunisie\"],\"articleSection\":[\"CONSO\",\"CULTURE\",\"Tunisie\"],\"inLanguage\":\"fr-FR\",\"potentialAction\":[{\"@type\":\"CommentAction\",\"name\":\"Comment\",\"target\":[\"https:\/\/kapitalis.com\/tunisie\/2022\/01\/04\/la-main-tunisienne-le-geste-en-heritage-une-exposition-des-metiers-de-lartisanat-a-lonat\/#respond\"]}]},{\"@type\":\"WebPage\",\"@id\":\"https:\/\/kapitalis.com\/tunisie\/2022\/01\/04\/la-main-tunisienne-le-geste-en-heritage-une-exposition-des-metiers-de-lartisanat-a-lonat\/\",\"url\":\"https:\/\/kapitalis.com\/tunisie\/2022\/01\/04\/la-main-tunisienne-le-geste-en-heritage-une-exposition-des-metiers-de-lartisanat-a-lonat\/\",\"name\":\"\u00ab La main tunisienne, le geste en h\u00e9ritage \u00bb : Une exposition des m\u00e9tiers de l\u2019artisanat \u00e0 l\u2019ONAT - Kapitalis\",\"isPartOf\":{\"@id\":\"https:\/\/kapitalis.com\/tunisie\/#website\"},\"primaryImageOfPage\":{\"@id\":\"https:\/\/kapitalis.com\/tunisie\/2022\/01\/04\/la-main-tunisienne-le-geste-en-heritage-une-exposition-des-metiers-de-lartisanat-a-lonat\/#primaryimage\"},\"image\":{\"@id\":\"https:\/\/kapitalis.com\/tunisie\/2022\/01\/04\/la-main-tunisienne-le-geste-en-heritage-une-exposition-des-metiers-de-lartisanat-a-lonat\/#primaryimage\"},\"thumbnailUrl\":\"\",\"datePublished\":\"2022-01-04T08:45:14+00:00\",\"dateModified\":\"2022-01-04T08:47:49+00:00\",\"breadcrumb\":{\"@id\":\"https:\/\/kapitalis.com\/tunisie\/2022\/01\/04\/la-main-tunisienne-le-geste-en-heritage-une-exposition-des-metiers-de-lartisanat-a-lonat\/#breadcrumb\"},\"inLanguage\":\"fr-FR\",\"potentialAction\":[{\"@type\":\"ReadAction\",\"target\":[\"https:\/\/kapitalis.com\/tunisie\/2022\/01\/04\/la-main-tunisienne-le-geste-en-heritage-une-exposition-des-metiers-de-lartisanat-a-lonat\/\"]}]},{\"@type\":\"ImageObject\",\"inLanguage\":\"fr-FR\",\"@id\":\"https:\/\/kapitalis.com\/tunisie\/2022\/01\/04\/la-main-tunisienne-le-geste-en-heritage-une-exposition-des-metiers-de-lartisanat-a-lonat\/#primaryimage\",\"url\":\"\",\"contentUrl\":\"\"},{\"@type\":\"BreadcrumbList\",\"@id\":\"https:\/\/kapitalis.com\/tunisie\/2022\/01\/04\/la-main-tunisienne-le-geste-en-heritage-une-exposition-des-metiers-de-lartisanat-a-lonat\/#breadcrumb\",\"itemListElement\":[{\"@type\":\"ListItem\",\"position\":1,\"name\":\"Accueil\",\"item\":\"https:\/\/kapitalis.com\/tunisie\/\"},{\"@type\":\"ListItem\",\"position\":2,\"name\":\"\u00ab La main tunisienne, le geste en h\u00e9ritage \u00bb : Une exposition des m\u00e9tiers de l\u2019artisanat \u00e0 l\u2019ONAT\"}]},{\"@type\":\"WebSite\",\"@id\":\"https:\/\/kapitalis.com\/tunisie\/#website\",\"url\":\"https:\/\/kapitalis.com\/tunisie\/\",\"name\":\"Kapitalis\",\"description\":\"L&#039;actualit\u00e9 en Tunisie et dans le monde\",\"publisher\":{\"@id\":\"https:\/\/kapitalis.com\/tunisie\/#organization\"},\"potentialAction\":[{\"@type\":\"SearchAction\",\"target\":{\"@type\":\"EntryPoint\",\"urlTemplate\":\"https:\/\/kapitalis.com\/tunisie\/?s={search_term_string}\"},\"query-input\":{\"@type\":\"PropertyValueSpecification\",\"valueRequired\":true,\"valueName\":\"search_term_string\"}}],\"inLanguage\":\"fr-FR\"},{\"@type\":\"Organization\",\"@id\":\"https:\/\/kapitalis.com\/tunisie\/#organization\",\"name\":\"Kapitalis\",\"url\":\"https:\/\/kapitalis.com\/tunisie\/\",\"logo\":{\"@type\":\"ImageObject\",\"inLanguage\":\"fr-FR\",\"@id\":\"https:\/\/kapitalis.com\/tunisie\/#\/schema\/logo\/image\/\",\"url\":\"https:\/\/kapitalis.com\/tunisie\/wp-content\/uploads\/2022\/05\/Kapitalis-big-size.png\",\"contentUrl\":\"https:\/\/kapitalis.com\/tunisie\/wp-content\/uploads\/2022\/05\/Kapitalis-big-size.png\",\"width\":5000,\"height\":1500,\"caption\":\"Kapitalis\"},\"image\":{\"@id\":\"https:\/\/kapitalis.com\/tunisie\/#\/schema\/logo\/image\/\"},\"sameAs\":[\"https:\/\/www.facebook.com\/KapitalisInfo\/\",\"https:\/\/x.com\/KapitalisInfo\",\"https:\/\/www.youtube.com\/channel\/UC-yDYrHyfFBWWZaOw3FPg9Q\"]},{\"@type\":\"Person\",\"@id\":\"https:\/\/kapitalis.com\/tunisie\/#\/schema\/person\/73a5ecc1f6ae540c6ed91342eadca948\",\"name\":\"Fawz BenAli\",\"url\":\"https:\/\/kapitalis.com\/tunisie\/author\/fawz\/\"}]}<\/script>\n<!-- \/ Yoast SEO plugin. -->","yoast_head_json":{"title":"\u00ab La main tunisienne, le geste en h\u00e9ritage \u00bb : Une exposition des m\u00e9tiers de l\u2019artisanat \u00e0 l\u2019ONAT - Kapitalis","robots":{"index":"index","follow":"follow","max-snippet":"max-snippet:-1","max-image-preview":"max-image-preview:large","max-video-preview":"max-video-preview:-1"},"canonical":"https:\/\/kapitalis.com\/tunisie\/2022\/01\/04\/la-main-tunisienne-le-geste-en-heritage-une-exposition-des-metiers-de-lartisanat-a-lonat\/","og_locale":"fr_FR","og_type":"article","og_title":"\u00ab La main tunisienne, le geste en h\u00e9ritage \u00bb : Une exposition des m\u00e9tiers de l\u2019artisanat \u00e0 l\u2019ONAT - Kapitalis","og_description":"L\u2019Office national de l\u2019Artisanat tunisien (ONAT) accueille en ce moment et jusqu\u2019au 17 janvier l\u2019exposition \u00ab\u00a0La main tunisienne, le geste en h\u00e9ritage\u00a0\u00bb qui met \u00e0 l\u2019honneur le savoir faire des artisans tunisiens.","og_url":"https:\/\/kapitalis.com\/tunisie\/2022\/01\/04\/la-main-tunisienne-le-geste-en-heritage-une-exposition-des-metiers-de-lartisanat-a-lonat\/","og_site_name":"Kapitalis","article_publisher":"https:\/\/www.facebook.com\/KapitalisInfo\/","article_published_time":"2022-01-04T08:45:14+00:00","article_modified_time":"2022-01-04T08:47:49+00:00","og_image":[{"width":1200,"height":630,"url":"https:\/\/kapitalis.com\/tunisie\/wp-content\/uploads\/2022\/05\/kapitalis-logo-fb.png","type":"image\/png"}],"author":"Fawz BenAli","twitter_card":"summary_large_image","twitter_creator":"@KapitalisInfo","twitter_site":"@KapitalisInfo","twitter_misc":{"\u00c9crit par":"Fawz BenAli","Dur\u00e9e de lecture estim\u00e9e":"1 minute"},"schema":{"@context":"https:\/\/schema.org","@graph":[{"@type":"Article","@id":"https:\/\/kapitalis.com\/tunisie\/2022\/01\/04\/la-main-tunisienne-le-geste-en-heritage-une-exposition-des-metiers-de-lartisanat-a-lonat\/#article","isPartOf":{"@id":"https:\/\/kapitalis.com\/tunisie\/2022\/01\/04\/la-main-tunisienne-le-geste-en-heritage-une-exposition-des-metiers-de-lartisanat-a-lonat\/"},"author":{"name":"Fawz BenAli","@id":"https:\/\/kapitalis.com\/tunisie\/#\/schema\/person\/73a5ecc1f6ae540c6ed91342eadca948"},"headline":"\u00ab La main tunisienne, le geste en h\u00e9ritage \u00bb : Une exposition des m\u00e9tiers de l\u2019artisanat \u00e0 l\u2019ONAT","datePublished":"2022-01-04T08:45:14+00:00","dateModified":"2022-01-04T08:47:49+00:00","mainEntityOfPage":{"@id":"https:\/\/kapitalis.com\/tunisie\/2022\/01\/04\/la-main-tunisienne-le-geste-en-heritage-une-exposition-des-metiers-de-lartisanat-a-lonat\/"},"wordCount":196,"commentCount":0,"publisher":{"@id":"https:\/\/kapitalis.com\/tunisie\/#organization"},"image":{"@id":"https:\/\/kapitalis.com\/tunisie\/2022\/01\/04\/la-main-tunisienne-le-geste-en-heritage-une-exposition-des-metiers-de-lartisanat-a-lonat\/#primaryimage"},"thumbnailUrl":"","keywords":["artisanat tunisien","exposition artisanale","Fondation Rambourg","La main tunisienne","Onat","Tunisie"],"articleSection":["CONSO","CULTURE","Tunisie"],"inLanguage":"fr-FR","potentialAction":[{"@type":"CommentAction","name":"Comment","target":["https:\/\/kapitalis.com\/tunisie\/2022\/01\/04\/la-main-tunisienne-le-geste-en-heritage-une-exposition-des-metiers-de-lartisanat-a-lonat\/#respond"]}]},{"@type":"WebPage","@id":"https:\/\/kapitalis.com\/tunisie\/2022\/01\/04\/la-main-tunisienne-le-geste-en-heritage-une-exposition-des-metiers-de-lartisanat-a-lonat\/","url":"https:\/\/kapitalis.com\/tunisie\/2022\/01\/04\/la-main-tunisienne-le-geste-en-heritage-une-exposition-des-metiers-de-lartisanat-a-lonat\/","name":"\u00ab La main tunisienne, le geste en h\u00e9ritage \u00bb : Une exposition des m\u00e9tiers de l\u2019artisanat \u00e0 l\u2019ONAT - Kapitalis","isPartOf":{"@id":"https:\/\/kapitalis.com\/tunisie\/#website"},"primaryImageOfPage":{"@id":"https:\/\/kapitalis.com\/tunisie\/2022\/01\/04\/la-main-tunisienne-le-geste-en-heritage-une-exposition-des-metiers-de-lartisanat-a-lonat\/#primaryimage"},"image":{"@id":"https:\/\/kapitalis.com\/tunisie\/2022\/01\/04\/la-main-tunisienne-le-geste-en-heritage-une-exposition-des-metiers-de-lartisanat-a-lonat\/#primaryimage"},"thumbnailUrl":"","datePublished":"2022-01-04T08:45:14+00:00","dateModified":"2022-01-04T08:47:49+00:00","breadcrumb":{"@id":"https:\/\/kapitalis.com\/tunisie\/2022\/01\/04\/la-main-tunisienne-le-geste-en-heritage-une-exposition-des-metiers-de-lartisanat-a-lonat\/#breadcrumb"},"inLanguage":"fr-FR","potentialAction":[{"@type":"ReadAction","target":["https:\/\/kapitalis.com\/tunisie\/2022\/01\/04\/la-main-tunisienne-le-geste-en-heritage-une-exposition-des-metiers-de-lartisanat-a-lonat\/"]}]},{"@type":"ImageObject","inLanguage":"fr-FR","@id":"https:\/\/kapitalis.com\/tunisie\/2022\/01\/04\/la-main-tunisienne-le-geste-en-heritage-une-exposition-des-metiers-de-lartisanat-a-lonat\/#primaryimage","url":"","contentUrl":""},{"@type":"BreadcrumbList","@id":"https:\/\/kapitalis.com\/tunisie\/2022\/01\/04\/la-main-tunisienne-le-geste-en-heritage-une-exposition-des-metiers-de-lartisanat-a-lonat\/#breadcrumb","itemListElement":[{"@type":"ListItem","position":1,"name":"Accueil","item":"https:\/\/kapitalis.com\/tunisie\/"},{"@type":"ListItem","position":2,"name":"\u00ab La main tunisienne, le geste en h\u00e9ritage \u00bb : Une exposition des m\u00e9tiers de l\u2019artisanat \u00e0 l\u2019ONAT"}]},{"@type":"WebSite","@id":"https:\/\/kapitalis.com\/tunisie\/#website","url":"https:\/\/kapitalis.com\/tunisie\/","name":"Kapitalis","description":"L&#039;actualit\u00e9 en Tunisie et dans le monde","publisher":{"@id":"https:\/\/kapitalis.com\/tunisie\/#organization"},"potentialAction":[{"@type":"SearchAction","target":{"@type":"EntryPoint","urlTemplate":"https:\/\/kapitalis.com\/tunisie\/?s={search_term_string}"},"query-input":{"@type":"PropertyValueSpecification","valueRequired":true,"valueName":"search_term_string"}}],"inLanguage":"fr-FR"},{"@type":"Organization","@id":"https:\/\/kapitalis.com\/tunisie\/#organization","name":"Kapitalis","url":"https:\/\/kapitalis.com\/tunisie\/","logo":{"@type":"ImageObject","inLanguage":"fr-FR","@id":"https:\/\/kapitalis.com\/tunisie\/#\/schema\/logo\/image\/","url":"https:\/\/kapitalis.com\/tunisie\/wp-content\/uploads\/2022\/05\/Kapitalis-big-size.png","contentUrl":"https:\/\/kapitalis.com\/tunisie\/wp-content\/uploads\/2022\/05\/Kapitalis-big-size.png","width":5000,"height":1500,"caption":"Kapitalis"},"image":{"@id":"https:\/\/kapitalis.com\/tunisie\/#\/schema\/logo\/image\/"},"sameAs":["https:\/\/www.facebook.com\/KapitalisInfo\/","https:\/\/x.com\/KapitalisInfo","https:\/\/www.youtube.com\/channel\/UC-yDYrHyfFBWWZaOw3FPg9Q"]},{"@type":"Person","@id":"https:\/\/kapitalis.com\/tunisie\/#\/schema\/person\/73a5ecc1f6ae540c6ed91342eadca948","name":"Fawz BenAli","url":"https:\/\/kapitalis.com\/tunisie\/author\/fawz\/"}]}},"_links":{"self":[{"href":"https:\/\/kapitalis.com\/tunisie\/wp-json\/wp\/v2\/posts\/375739","targetHints":{"allow":["GET"]}}],"collection":[{"href":"https:\/\/kapitalis.com\/tunisie\/wp-json\/wp\/v2\/posts"}],"about":[{"href":"https:\/\/kapitalis.com\/tunisie\/wp-json\/wp\/v2\/types\/post"}],"author":[{"embeddable":true,"href":"https:\/\/kapitalis.com\/tunisie\/wp-json\/wp\/v2\/users\/26"}],"replies":[{"embeddable":true,"href":"https:\/\/kapitalis.com\/tunisie\/wp-json\/wp\/v2\/comments?post=375739"}],"version-history":[{"count":0,"href":"https:\/\/kapitalis.com\/tunisie\/wp-json\/wp\/v2\/posts\/375739\/revisions"}],"wp:featuredmedia":[{"embeddable":true,"href":"https:\/\/kapitalis.com\/tunisie\/wp-json\/wp\/v2\/media\/375743"}],"wp:attachment":[{"href":"https:\/\/kapitalis.com\/tunisie\/wp-json\/wp\/v2\/media?parent=375739"}],"wp:term":[{"taxonomy":"category","embeddable":true,"href":"https:\/\/kapitalis.com\/tunisie\/wp-json\/wp\/v2\/categories?post=375739"},{"taxonomy":"post_tag","embeddable":true,"href":"https:\/\/kapitalis.com\/tunisie\/wp-json\/wp\/v2\/tags?post=375739"}],"curies":[{"name":"wp","href":"https:\/\/api.w.org\/{rel}","templated":true}]}}