{"id":3758,"date":"2015-06-11T17:54:08","date_gmt":"2015-06-11T16:54:08","guid":{"rendered":"http:\/\/kapitalis.com\/tunisie\/?p=3758"},"modified":"2016-01-26T19:10:12","modified_gmt":"2016-01-26T18:10:12","slug":"les-journees-de-tunis-organisees-par-lobs","status":"publish","type":"post","link":"https:\/\/kapitalis.com\/tunisie\/2015\/06\/11\/les-journees-de-tunis-organisees-par-lobs\/","title":{"rendered":"Les Journ\u00e9es de Tunis organis\u00e9es par \u2018\u2018L\u2019Obs\u2019\u2019"},"content":{"rendered":"<p><a href=\"http:\/\/kapitalis.com\/tunisie\/wp-content\/uploads\/2015\/06\/Journees-Obs.jpg\"><img loading=\"lazy\" decoding=\"async\" class=\"aligncenter size-full wp-image-3759\" src=\"http:\/\/kapitalis.com\/tunisie\/wp-content\/uploads\/2015\/06\/Journees-Obs.jpg\" alt=\"Journees-Obs\" width=\"626\" height=\"380\" \/><\/a><em><strong>Le \u2018\u2018L\u2019Obs\u2019\u2019 organise les Journ\u00e9es de Tunis sur \u00ables d\u00e9fis de la d\u00e9mocratie\u00bb, les 15 et 16 juin 2015, au Palais des Congr\u00e8s, avenue Mohamed V, Tunis.<\/strong><\/em><\/p>\n<p><!--more--><\/p>\n<p>Dans le texte de pr\u00e9sentation de cette rencontre, Jean Daniel \u00e9crit: \u00ab<em>Il y a quelque chose de path\u00e9tique et de rafra\u00eechissant \u00e0 la fois dans le fait de se r\u00e9unir pour parler de la d\u00e9mocratie en Tunisie. C\u2019est un pays m\u00e9diterran\u00e9en, hautement symbolique et que ses l\u00e9gendes rapprochent de la Gr\u00e8ce. Il a les dimensions dont Jean-Jacques Rousseau r\u00eavait pour sa R\u00e9publique id\u00e9ale. Il est \u00e0 l\u2019origine de plusieurs mouvements en faveur d\u2019une r\u00e9forme de l\u2019islam. Il est le moins violent et le plus artiste d\u2019un Maghreb qui commence \u00e0 la Mauritanie et qui finit en Cyr\u00e9na\u00efque. Et puis, gr\u00e2ce \u00e0 cette rencontre \u00e9tonnante entre deux hommes comme Bourguiba et Mend\u00e8s France, il a plong\u00e9 dans la modernit\u00e9 avec une priorit\u00e9 dans la d\u00e9colonisation de l\u2019empire fran\u00e7ais. Bref, avec tout ce qui s\u2019est pass\u00e9 depuis l\u2019immolation de Mohamed Bouazizi le 17 d\u00e9cembre 2010, et avec la victoire des femmes sur les djihadistes, il a donn\u00e9 l\u2019exemple de la d\u00e9mocratie.\u00bb<\/em><\/p>\n<p>Tout en avouant n\u2019\u00eatre pas objectif en parlant de la Tunisie auquel l\u2019attachent <em>\u00abdes sentiments qui ressemblent \u00e0 des racines\u00bb<\/em>, par allusion \u00e0 ses d\u00e9buts de journalistes \u00e0 Tunis, Jean Daniel situe le th\u00e8me du d\u00e9bat : <em>\u00abl\u2019instauration de la d\u00e9mocratie, c\u2019est-\u00e0-dire du transfert de pouvoir depuis les souverains au peuple.\u00bb<\/em><\/p>\n<p>Puis il ajoute, plus loin :<em> \u00abC\u2019est ce que nous vivons de passionnant en Tunisie. Le peuple est consult\u00e9, mais il y a une Constitution pour l\u2019emp\u00eacher de faire un mauvais usage de sa libert\u00e9. C\u2019est le grand d\u00e9bat, non seulement en Tunisie, mais aussi en France.\u00bb<\/em><\/p>\n<p>Parmi les participants \u00e0 ce forum, on annonce Jean Daniel, fondateur \u00e9ditorialiste du \u2018\u2018Nouvel Observateur\u2019\u2019, Yassine Brahim, ministre du D\u00e9veloppement, de l\u2019Investissement et de la Coop\u00e9ration internationale, Massimo D\u2019Alema, vice-pr\u00e9sident du conseil des ministres italien (2006-2008), pr\u00e9sident de la fondation FEPS, Bertrand Delano\u00eb, maire de Paris (2001-2014), Wided Bouchamaoui, pr\u00e9sidente de l\u2019Utica, William Bourdon, avocat sp\u00e9cialiste des droits de l\u2019homme, l\u2019\u00e9crivain et psychanalyste Fethi Benslama, directeur de l\u2019UFR d\u2019Etudes psychanalytiques universit\u00e9 Paris VII, le g\u00e9o-politologue Pascal Boniface, fondateur et directeur de l\u2019Institut de relations internationales et strat\u00e9giques (Iris), la photographe H\u00e9la Ammar et l\u2019actrice Anissa Daoud.<\/p>\n<p>Mais aussi Bernard Kouchner, ministre des Affaires \u00e9trang\u00e8res et europ\u00e9ennes (2007-2010); Jack Lang, ancien ministre de la Culture et de l\u2019Education nationale, pr\u00e9sident de l\u2019Institut du Monde arabe, Houcine Jaziri, secr\u00e9taire d\u2019Etat charg\u00e9 de l\u2019Immigration (2011-2014), Marie Lemonnier, journaliste au service soci\u00e9t\u00e9 \u2018\u2018l\u2019Obs\u2019\u2019; Harlem D\u00e9sir, secr\u00e9taire d\u2019\u00c9tat aux affaires europ\u00e9ennes; Bernard Guetta, \u00e9ditorialiste France-Inter, Zied Ladhari, ministre de la Formation professionnelle et de l\u2019Emploi, Hamadi Redissi, juriste, \u00e9crivain et professeur de sciences politiques \u00e0 l\u2019universit\u00e9 de Tunis; Pierre Haski, coordinateur de \u2018\u2018Rue89\u2019\u2019, Guy Sitbon, journaliste et \u00e9crivain, Slim Chaker, ministre des Finances; Selma Elloumi Rekik, ministre du Tourisme et de l\u2019Artisanat, Eric Woerth , d\u00e9put\u00e9, ministre du Budget (2007-2010), Latifa Lakhdar, ministre de la Culture et de la Sauvegarde du patrimoine; Pascal Picq, pal\u00e9oanthropologue, ma\u00eetre de conf\u00e9rences du Coll\u00e8ge de France; Habib Kazdaghli, doyen de la facult\u00e9 des lettres de la Manouba; N\u00e9ji Jalloul, ministre de l\u2019Education; Farah Hached, pr\u00e9sidente du Labo d\u00e9mocratique; Radhi Meddeb, pr\u00e9sident de l&rsquo;Ipemed, Kamel Jendoubi, ministre aupr\u00e8s du chef du gouvernement charg\u00e9 des Relations avec les institutions constitutionnelles et la soci\u00e9t\u00e9 civile, Herv\u00e9 Morin, d\u00e9put\u00e9, pr\u00e9sident\u00a0 du Nouveau Centre, ministre de la D\u00e9fense (2007-2010); Plantu, dessinateur \u2018\u2018Le Monde\u2019\u2019, et David Thomson, grand reporter RFI, auteur des \u2018\u2018Fran\u00e7ais jihadistes\u2019\u2019.<\/p>\n<p style=\"text-align: right;\"><strong>I. B.<\/strong><\/p>\n<p style=\"text-align: left;\"><em><strong><a href=\"http:\/\/tempsreel.nouvelobs.com\/edito\/20150610.OBS0535\/les-journees-de-tunis-la-democratie-comme-ideal-et-comme-destin.html\" target=\"_blank\">Lire le programme.<\/a><\/strong><\/em><\/p>\n","protected":false},"excerpt":{"rendered":"<p>Le \u2018\u2018L\u2019Obs\u2019\u2019 organise les Journ\u00e9es de Tunis sur \u00ables d\u00e9fis de la d\u00e9mocratie\u00bb, les 15 et 16 juin 2015, au Palais des Congr\u00e8s, avenue Mohamed V, Tunis.<\/p>\n","protected":false},"author":5,"featured_media":3759,"comment_status":"open","ping_status":"open","sticky":false,"template":"","format":"standard","meta":{"footnotes":""},"categories":[996],"tags":[271,500,541],"class_list":["post-3758","post","type-post","status-publish","format-standard","has-post-thumbnail","hentry","category-media","tag-democratie","tag-islam","tag-liberte"],"yoast_head":"<!-- This site is optimized with the Yoast SEO plugin v26.6 - https:\/\/yoast.com\/wordpress\/plugins\/seo\/ -->\n<title>Les Journ\u00e9es de Tunis organis\u00e9es par \u2018\u2018L\u2019Obs\u2019\u2019 - Kapitalis<\/title>\n<meta name=\"robots\" content=\"index, follow, max-snippet:-1, max-image-preview:large, max-video-preview:-1\" \/>\n<link rel=\"canonical\" href=\"https:\/\/kapitalis.com\/tunisie\/2015\/06\/11\/les-journees-de-tunis-organisees-par-lobs\/\" \/>\n<meta property=\"og:locale\" content=\"fr_FR\" \/>\n<meta property=\"og:type\" content=\"article\" \/>\n<meta property=\"og:title\" content=\"Les Journ\u00e9es de Tunis organis\u00e9es par \u2018\u2018L\u2019Obs\u2019\u2019 - Kapitalis\" \/>\n<meta property=\"og:description\" content=\"Le \u2018\u2018L\u2019Obs\u2019\u2019 organise les Journ\u00e9es de Tunis sur \u00ables d\u00e9fis de la d\u00e9mocratie\u00bb, les 15 et 16 juin 2015, au Palais des Congr\u00e8s, avenue Mohamed V, Tunis.\" \/>\n<meta property=\"og:url\" content=\"https:\/\/kapitalis.com\/tunisie\/2015\/06\/11\/les-journees-de-tunis-organisees-par-lobs\/\" \/>\n<meta property=\"og:site_name\" content=\"Kapitalis\" \/>\n<meta property=\"article:publisher\" content=\"https:\/\/www.facebook.com\/KapitalisInfo\/\" \/>\n<meta property=\"article:published_time\" content=\"2015-06-11T16:54:08+00:00\" \/>\n<meta property=\"article:modified_time\" content=\"2016-01-26T18:10:12+00:00\" \/>\n<meta property=\"og:image\" content=\"https:\/\/kapitalis.com\/tunisie\/wp-content\/uploads\/2022\/05\/kapitalis-logo-fb.png\" \/>\n\t<meta property=\"og:image:width\" content=\"1200\" \/>\n\t<meta property=\"og:image:height\" content=\"630\" \/>\n\t<meta property=\"og:image:type\" content=\"image\/png\" \/>\n<meta name=\"author\" content=\"Ridha Elkefi\" \/>\n<meta name=\"twitter:card\" content=\"summary_large_image\" \/>\n<meta name=\"twitter:creator\" content=\"@KapitalisInfo\" \/>\n<meta name=\"twitter:site\" content=\"@KapitalisInfo\" \/>\n<meta name=\"twitter:label1\" content=\"\u00c9crit par\" \/>\n\t<meta name=\"twitter:data1\" content=\"Ridha Elkefi\" \/>\n\t<meta name=\"twitter:label2\" content=\"Dur\u00e9e de lecture estim\u00e9e\" \/>\n\t<meta name=\"twitter:data2\" content=\"3 minutes\" \/>\n<script type=\"application\/ld+json\" class=\"yoast-schema-graph\">{\"@context\":\"https:\/\/schema.org\",\"@graph\":[{\"@type\":\"Article\",\"@id\":\"https:\/\/kapitalis.com\/tunisie\/2015\/06\/11\/les-journees-de-tunis-organisees-par-lobs\/#article\",\"isPartOf\":{\"@id\":\"https:\/\/kapitalis.com\/tunisie\/2015\/06\/11\/les-journees-de-tunis-organisees-par-lobs\/\"},\"author\":{\"name\":\"Ridha Elkefi\",\"@id\":\"https:\/\/kapitalis.com\/tunisie\/#\/schema\/person\/16627fc9b2fc0116230e88af071eebab\"},\"headline\":\"Les Journ\u00e9es de Tunis organis\u00e9es par \u2018\u2018L\u2019Obs\u2019\u2019\",\"datePublished\":\"2015-06-11T16:54:08+00:00\",\"dateModified\":\"2016-01-26T18:10:12+00:00\",\"mainEntityOfPage\":{\"@id\":\"https:\/\/kapitalis.com\/tunisie\/2015\/06\/11\/les-journees-de-tunis-organisees-par-lobs\/\"},\"wordCount\":681,\"commentCount\":0,\"publisher\":{\"@id\":\"https:\/\/kapitalis.com\/tunisie\/#organization\"},\"image\":{\"@id\":\"https:\/\/kapitalis.com\/tunisie\/2015\/06\/11\/les-journees-de-tunis-organisees-par-lobs\/#primaryimage\"},\"thumbnailUrl\":\"\",\"keywords\":[\"d\u00e9mocratie\",\"islam\",\"libert\u00e9\"],\"articleSection\":[\"MEDIA\"],\"inLanguage\":\"fr-FR\",\"potentialAction\":[{\"@type\":\"CommentAction\",\"name\":\"Comment\",\"target\":[\"https:\/\/kapitalis.com\/tunisie\/2015\/06\/11\/les-journees-de-tunis-organisees-par-lobs\/#respond\"]}]},{\"@type\":\"WebPage\",\"@id\":\"https:\/\/kapitalis.com\/tunisie\/2015\/06\/11\/les-journees-de-tunis-organisees-par-lobs\/\",\"url\":\"https:\/\/kapitalis.com\/tunisie\/2015\/06\/11\/les-journees-de-tunis-organisees-par-lobs\/\",\"name\":\"Les Journ\u00e9es de Tunis organis\u00e9es par \u2018\u2018L\u2019Obs\u2019\u2019 - Kapitalis\",\"isPartOf\":{\"@id\":\"https:\/\/kapitalis.com\/tunisie\/#website\"},\"primaryImageOfPage\":{\"@id\":\"https:\/\/kapitalis.com\/tunisie\/2015\/06\/11\/les-journees-de-tunis-organisees-par-lobs\/#primaryimage\"},\"image\":{\"@id\":\"https:\/\/kapitalis.com\/tunisie\/2015\/06\/11\/les-journees-de-tunis-organisees-par-lobs\/#primaryimage\"},\"thumbnailUrl\":\"\",\"datePublished\":\"2015-06-11T16:54:08+00:00\",\"dateModified\":\"2016-01-26T18:10:12+00:00\",\"breadcrumb\":{\"@id\":\"https:\/\/kapitalis.com\/tunisie\/2015\/06\/11\/les-journees-de-tunis-organisees-par-lobs\/#breadcrumb\"},\"inLanguage\":\"fr-FR\",\"potentialAction\":[{\"@type\":\"ReadAction\",\"target\":[\"https:\/\/kapitalis.com\/tunisie\/2015\/06\/11\/les-journees-de-tunis-organisees-par-lobs\/\"]}]},{\"@type\":\"ImageObject\",\"inLanguage\":\"fr-FR\",\"@id\":\"https:\/\/kapitalis.com\/tunisie\/2015\/06\/11\/les-journees-de-tunis-organisees-par-lobs\/#primaryimage\",\"url\":\"\",\"contentUrl\":\"\"},{\"@type\":\"BreadcrumbList\",\"@id\":\"https:\/\/kapitalis.com\/tunisie\/2015\/06\/11\/les-journees-de-tunis-organisees-par-lobs\/#breadcrumb\",\"itemListElement\":[{\"@type\":\"ListItem\",\"position\":1,\"name\":\"Accueil\",\"item\":\"https:\/\/kapitalis.com\/tunisie\/\"},{\"@type\":\"ListItem\",\"position\":2,\"name\":\"Les Journ\u00e9es de Tunis organis\u00e9es par \u2018\u2018L\u2019Obs\u2019\u2019\"}]},{\"@type\":\"WebSite\",\"@id\":\"https:\/\/kapitalis.com\/tunisie\/#website\",\"url\":\"https:\/\/kapitalis.com\/tunisie\/\",\"name\":\"Kapitalis\",\"description\":\"L&#039;actualit\u00e9 en Tunisie et dans le monde\",\"publisher\":{\"@id\":\"https:\/\/kapitalis.com\/tunisie\/#organization\"},\"potentialAction\":[{\"@type\":\"SearchAction\",\"target\":{\"@type\":\"EntryPoint\",\"urlTemplate\":\"https:\/\/kapitalis.com\/tunisie\/?s={search_term_string}\"},\"query-input\":{\"@type\":\"PropertyValueSpecification\",\"valueRequired\":true,\"valueName\":\"search_term_string\"}}],\"inLanguage\":\"fr-FR\"},{\"@type\":\"Organization\",\"@id\":\"https:\/\/kapitalis.com\/tunisie\/#organization\",\"name\":\"Kapitalis\",\"url\":\"https:\/\/kapitalis.com\/tunisie\/\",\"logo\":{\"@type\":\"ImageObject\",\"inLanguage\":\"fr-FR\",\"@id\":\"https:\/\/kapitalis.com\/tunisie\/#\/schema\/logo\/image\/\",\"url\":\"https:\/\/kapitalis.com\/tunisie\/wp-content\/uploads\/2022\/05\/Kapitalis-big-size.png\",\"contentUrl\":\"https:\/\/kapitalis.com\/tunisie\/wp-content\/uploads\/2022\/05\/Kapitalis-big-size.png\",\"width\":5000,\"height\":1500,\"caption\":\"Kapitalis\"},\"image\":{\"@id\":\"https:\/\/kapitalis.com\/tunisie\/#\/schema\/logo\/image\/\"},\"sameAs\":[\"https:\/\/www.facebook.com\/KapitalisInfo\/\",\"https:\/\/x.com\/KapitalisInfo\",\"https:\/\/www.youtube.com\/channel\/UC-yDYrHyfFBWWZaOw3FPg9Q\"]},{\"@type\":\"Person\",\"@id\":\"https:\/\/kapitalis.com\/tunisie\/#\/schema\/person\/16627fc9b2fc0116230e88af071eebab\",\"name\":\"Ridha Elkefi\",\"url\":\"https:\/\/kapitalis.com\/tunisie\/author\/ridha-kefi\/\"}]}<\/script>\n<!-- \/ Yoast SEO plugin. -->","yoast_head_json":{"title":"Les Journ\u00e9es de Tunis organis\u00e9es par \u2018\u2018L\u2019Obs\u2019\u2019 - Kapitalis","robots":{"index":"index","follow":"follow","max-snippet":"max-snippet:-1","max-image-preview":"max-image-preview:large","max-video-preview":"max-video-preview:-1"},"canonical":"https:\/\/kapitalis.com\/tunisie\/2015\/06\/11\/les-journees-de-tunis-organisees-par-lobs\/","og_locale":"fr_FR","og_type":"article","og_title":"Les Journ\u00e9es de Tunis organis\u00e9es par \u2018\u2018L\u2019Obs\u2019\u2019 - Kapitalis","og_description":"Le \u2018\u2018L\u2019Obs\u2019\u2019 organise les Journ\u00e9es de Tunis sur \u00ables d\u00e9fis de la d\u00e9mocratie\u00bb, les 15 et 16 juin 2015, au Palais des Congr\u00e8s, avenue Mohamed V, Tunis.","og_url":"https:\/\/kapitalis.com\/tunisie\/2015\/06\/11\/les-journees-de-tunis-organisees-par-lobs\/","og_site_name":"Kapitalis","article_publisher":"https:\/\/www.facebook.com\/KapitalisInfo\/","article_published_time":"2015-06-11T16:54:08+00:00","article_modified_time":"2016-01-26T18:10:12+00:00","og_image":[{"width":1200,"height":630,"url":"https:\/\/kapitalis.com\/tunisie\/wp-content\/uploads\/2022\/05\/kapitalis-logo-fb.png","type":"image\/png"}],"author":"Ridha Elkefi","twitter_card":"summary_large_image","twitter_creator":"@KapitalisInfo","twitter_site":"@KapitalisInfo","twitter_misc":{"\u00c9crit par":"Ridha Elkefi","Dur\u00e9e de lecture estim\u00e9e":"3 minutes"},"schema":{"@context":"https:\/\/schema.org","@graph":[{"@type":"Article","@id":"https:\/\/kapitalis.com\/tunisie\/2015\/06\/11\/les-journees-de-tunis-organisees-par-lobs\/#article","isPartOf":{"@id":"https:\/\/kapitalis.com\/tunisie\/2015\/06\/11\/les-journees-de-tunis-organisees-par-lobs\/"},"author":{"name":"Ridha Elkefi","@id":"https:\/\/kapitalis.com\/tunisie\/#\/schema\/person\/16627fc9b2fc0116230e88af071eebab"},"headline":"Les Journ\u00e9es de Tunis organis\u00e9es par \u2018\u2018L\u2019Obs\u2019\u2019","datePublished":"2015-06-11T16:54:08+00:00","dateModified":"2016-01-26T18:10:12+00:00","mainEntityOfPage":{"@id":"https:\/\/kapitalis.com\/tunisie\/2015\/06\/11\/les-journees-de-tunis-organisees-par-lobs\/"},"wordCount":681,"commentCount":0,"publisher":{"@id":"https:\/\/kapitalis.com\/tunisie\/#organization"},"image":{"@id":"https:\/\/kapitalis.com\/tunisie\/2015\/06\/11\/les-journees-de-tunis-organisees-par-lobs\/#primaryimage"},"thumbnailUrl":"","keywords":["d\u00e9mocratie","islam","libert\u00e9"],"articleSection":["MEDIA"],"inLanguage":"fr-FR","potentialAction":[{"@type":"CommentAction","name":"Comment","target":["https:\/\/kapitalis.com\/tunisie\/2015\/06\/11\/les-journees-de-tunis-organisees-par-lobs\/#respond"]}]},{"@type":"WebPage","@id":"https:\/\/kapitalis.com\/tunisie\/2015\/06\/11\/les-journees-de-tunis-organisees-par-lobs\/","url":"https:\/\/kapitalis.com\/tunisie\/2015\/06\/11\/les-journees-de-tunis-organisees-par-lobs\/","name":"Les Journ\u00e9es de Tunis organis\u00e9es par \u2018\u2018L\u2019Obs\u2019\u2019 - Kapitalis","isPartOf":{"@id":"https:\/\/kapitalis.com\/tunisie\/#website"},"primaryImageOfPage":{"@id":"https:\/\/kapitalis.com\/tunisie\/2015\/06\/11\/les-journees-de-tunis-organisees-par-lobs\/#primaryimage"},"image":{"@id":"https:\/\/kapitalis.com\/tunisie\/2015\/06\/11\/les-journees-de-tunis-organisees-par-lobs\/#primaryimage"},"thumbnailUrl":"","datePublished":"2015-06-11T16:54:08+00:00","dateModified":"2016-01-26T18:10:12+00:00","breadcrumb":{"@id":"https:\/\/kapitalis.com\/tunisie\/2015\/06\/11\/les-journees-de-tunis-organisees-par-lobs\/#breadcrumb"},"inLanguage":"fr-FR","potentialAction":[{"@type":"ReadAction","target":["https:\/\/kapitalis.com\/tunisie\/2015\/06\/11\/les-journees-de-tunis-organisees-par-lobs\/"]}]},{"@type":"ImageObject","inLanguage":"fr-FR","@id":"https:\/\/kapitalis.com\/tunisie\/2015\/06\/11\/les-journees-de-tunis-organisees-par-lobs\/#primaryimage","url":"","contentUrl":""},{"@type":"BreadcrumbList","@id":"https:\/\/kapitalis.com\/tunisie\/2015\/06\/11\/les-journees-de-tunis-organisees-par-lobs\/#breadcrumb","itemListElement":[{"@type":"ListItem","position":1,"name":"Accueil","item":"https:\/\/kapitalis.com\/tunisie\/"},{"@type":"ListItem","position":2,"name":"Les Journ\u00e9es de Tunis organis\u00e9es par \u2018\u2018L\u2019Obs\u2019\u2019"}]},{"@type":"WebSite","@id":"https:\/\/kapitalis.com\/tunisie\/#website","url":"https:\/\/kapitalis.com\/tunisie\/","name":"Kapitalis","description":"L&#039;actualit\u00e9 en Tunisie et dans le monde","publisher":{"@id":"https:\/\/kapitalis.com\/tunisie\/#organization"},"potentialAction":[{"@type":"SearchAction","target":{"@type":"EntryPoint","urlTemplate":"https:\/\/kapitalis.com\/tunisie\/?s={search_term_string}"},"query-input":{"@type":"PropertyValueSpecification","valueRequired":true,"valueName":"search_term_string"}}],"inLanguage":"fr-FR"},{"@type":"Organization","@id":"https:\/\/kapitalis.com\/tunisie\/#organization","name":"Kapitalis","url":"https:\/\/kapitalis.com\/tunisie\/","logo":{"@type":"ImageObject","inLanguage":"fr-FR","@id":"https:\/\/kapitalis.com\/tunisie\/#\/schema\/logo\/image\/","url":"https:\/\/kapitalis.com\/tunisie\/wp-content\/uploads\/2022\/05\/Kapitalis-big-size.png","contentUrl":"https:\/\/kapitalis.com\/tunisie\/wp-content\/uploads\/2022\/05\/Kapitalis-big-size.png","width":5000,"height":1500,"caption":"Kapitalis"},"image":{"@id":"https:\/\/kapitalis.com\/tunisie\/#\/schema\/logo\/image\/"},"sameAs":["https:\/\/www.facebook.com\/KapitalisInfo\/","https:\/\/x.com\/KapitalisInfo","https:\/\/www.youtube.com\/channel\/UC-yDYrHyfFBWWZaOw3FPg9Q"]},{"@type":"Person","@id":"https:\/\/kapitalis.com\/tunisie\/#\/schema\/person\/16627fc9b2fc0116230e88af071eebab","name":"Ridha Elkefi","url":"https:\/\/kapitalis.com\/tunisie\/author\/ridha-kefi\/"}]}},"_links":{"self":[{"href":"https:\/\/kapitalis.com\/tunisie\/wp-json\/wp\/v2\/posts\/3758","targetHints":{"allow":["GET"]}}],"collection":[{"href":"https:\/\/kapitalis.com\/tunisie\/wp-json\/wp\/v2\/posts"}],"about":[{"href":"https:\/\/kapitalis.com\/tunisie\/wp-json\/wp\/v2\/types\/post"}],"author":[{"embeddable":true,"href":"https:\/\/kapitalis.com\/tunisie\/wp-json\/wp\/v2\/users\/5"}],"replies":[{"embeddable":true,"href":"https:\/\/kapitalis.com\/tunisie\/wp-json\/wp\/v2\/comments?post=3758"}],"version-history":[{"count":0,"href":"https:\/\/kapitalis.com\/tunisie\/wp-json\/wp\/v2\/posts\/3758\/revisions"}],"wp:featuredmedia":[{"embeddable":true,"href":"https:\/\/kapitalis.com\/tunisie\/wp-json\/wp\/v2\/media\/3759"}],"wp:attachment":[{"href":"https:\/\/kapitalis.com\/tunisie\/wp-json\/wp\/v2\/media?parent=3758"}],"wp:term":[{"taxonomy":"category","embeddable":true,"href":"https:\/\/kapitalis.com\/tunisie\/wp-json\/wp\/v2\/categories?post=3758"},{"taxonomy":"post_tag","embeddable":true,"href":"https:\/\/kapitalis.com\/tunisie\/wp-json\/wp\/v2\/tags?post=3758"}],"curies":[{"name":"wp","href":"https:\/\/api.w.org\/{rel}","templated":true}]}}