{"id":375891,"date":"2022-01-05T12:05:10","date_gmt":"2022-01-05T11:05:10","guid":{"rendered":"http:\/\/kapitalis.com\/tunisie\/?p=375891"},"modified":"2022-01-05T12:07:53","modified_gmt":"2022-01-05T11:07:53","slug":"streams-de-mehdi-hmili-selectionne-au-festival-international-du-film-de-calcutta-en-inde","status":"publish","type":"post","link":"https:\/\/kapitalis.com\/tunisie\/2022\/01\/05\/streams-de-mehdi-hmili-selectionne-au-festival-international-du-film-de-calcutta-en-inde\/","title":{"rendered":"\u00ab\u00a0Streams\u00a0\u00bb de Mehdi Hmili s\u00e9lectionn\u00e9 au Festival international du Film de Calcutta en Inde"},"content":{"rendered":"\n<div class=\"wp-block-image\"><figure class=\"aligncenter size-full\"><img decoding=\"async\" src=\"http:\/\/kapitalis.com\/tunisie\/wp-content\/uploads\/2022\/01\/Untitled-2-1.jpg\" alt=\"\" class=\"wp-image-375898\"\/><\/figure><\/div>\n\n\n\n<p><em><strong>Apr\u00e8s avoir \u00e9t\u00e9 prim\u00e9 au Festival international du Film du Caire, le film tunisien \u00ab\u00a0Streams\u00a0\u00bb de Mehdi Hmili fera partie de la comp\u00e9tition internationale du Festival de Calcutta en Inde.<\/strong><\/em><\/p>\n\n\n\n<!--more-->\n\n\n\n<p>La 27<sup>e<\/sup> \u00e9dition du Festival international du Film de Calcutta aura lieu du 7 au 14 janvier 2022. Il s\u2019agit d\u2019un festival de cin\u00e9ma comp\u00e9titif fond\u00e9 en 1995 et reconnu par la F\u00e9d\u00e9ration internationale des Associations de Producteurs de Films \u00e0 Paris (FIAPF).<\/p>\n\n\n\n<p>Le festival compte cette ann\u00e9e la participation du film tunisien \u00ab&nbsp;Streams&nbsp;\u00bb, \u00e9crit et r\u00e9alis\u00e9 par Mehdi Hmili, qui vient d\u2019\u00eatre s\u00e9lectionn\u00e9 dans la comp\u00e9tition internationale de la 27<sup>e<\/sup> \u00e9dition.<\/p>\n\n\n\n<p>\u00ab\u00a0Streams\u00a0\u00bb est le deuxi\u00e8me long-m\u00e9trage de Mehdi Hmili apr\u00e8s \u00ab\u00a0Thala mon amour\u00a0\u00bb qui \u00e9tait sorti en 2016. Le film avait \u00e9galement fait partie de la comp\u00e9tition officielle de la derni\u00e8re \u00e9dition du Festival international du Film du Caire o\u00f9 il a remport\u00e9 le Prix de la meilleure interpr\u00e9tation f\u00e9minine gr\u00e2ce \u00e0 la performance de Afef Ben Mahmoud.<\/p>\n\n\n\n<p>Aucune date n\u2019a \u00e9t\u00e9 encore communiqu\u00e9e pour la sortie tunisienne du film.<\/p>\n\n\n\n<p class=\"has-text-align-right\"><strong>F.B<\/strong><\/p>\n","protected":false},"excerpt":{"rendered":"<p>Apr\u00e8s avoir \u00e9t\u00e9 prim\u00e9 au Festival international du Film du Caire, le film tunisien \u00ab\u00a0Streams\u00a0\u00bb de Mehdi Hmili fera partie de la comp\u00e9tition internationale du Festival de Calcutta en Inde.<\/p>\n","protected":false},"author":26,"featured_media":375898,"comment_status":"open","ping_status":"open","sticky":false,"template":"","format":"standard","meta":{"footnotes":""},"categories":[994,2433],"tags":[9668,96259,91738,91739,62643],"class_list":["post-375891","post","type-post","status-publish","format-standard","has-post-thumbnail","hentry","category-culture","category-tunisie","tag-cinema-tunisien","tag-festival-du-film-de-calcutta","tag-mehdi-hmili","tag-streams","tag-tunisie"],"yoast_head":"<!-- This site is optimized with the Yoast SEO plugin v26.6 - https:\/\/yoast.com\/wordpress\/plugins\/seo\/ -->\n<title>&quot;Streams&quot; de Mehdi Hmili s\u00e9lectionn\u00e9 au Festival international du Film de Calcutta en Inde - Kapitalis<\/title>\n<meta name=\"robots\" content=\"index, follow, max-snippet:-1, max-image-preview:large, max-video-preview:-1\" \/>\n<link rel=\"canonical\" href=\"https:\/\/kapitalis.com\/tunisie\/2022\/01\/05\/streams-de-mehdi-hmili-selectionne-au-festival-international-du-film-de-calcutta-en-inde\/\" \/>\n<meta property=\"og:locale\" content=\"fr_FR\" \/>\n<meta property=\"og:type\" content=\"article\" \/>\n<meta property=\"og:title\" content=\"&quot;Streams&quot; de Mehdi Hmili s\u00e9lectionn\u00e9 au Festival international du Film de Calcutta en Inde - Kapitalis\" \/>\n<meta property=\"og:description\" content=\"Apr\u00e8s avoir \u00e9t\u00e9 prim\u00e9 au Festival international du Film du Caire, le film tunisien \u00ab\u00a0Streams\u00a0\u00bb de Mehdi Hmili fera partie de la comp\u00e9tition internationale du Festival de Calcutta en Inde.\" \/>\n<meta property=\"og:url\" content=\"https:\/\/kapitalis.com\/tunisie\/2022\/01\/05\/streams-de-mehdi-hmili-selectionne-au-festival-international-du-film-de-calcutta-en-inde\/\" \/>\n<meta property=\"og:site_name\" content=\"Kapitalis\" \/>\n<meta property=\"article:publisher\" content=\"https:\/\/www.facebook.com\/KapitalisInfo\/\" \/>\n<meta property=\"article:published_time\" content=\"2022-01-05T11:05:10+00:00\" \/>\n<meta property=\"article:modified_time\" content=\"2022-01-05T11:07:53+00:00\" \/>\n<meta property=\"og:image\" content=\"https:\/\/kapitalis.com\/tunisie\/wp-content\/uploads\/2022\/05\/kapitalis-logo-fb.png\" \/>\n\t<meta property=\"og:image:width\" content=\"1200\" \/>\n\t<meta property=\"og:image:height\" content=\"630\" \/>\n\t<meta property=\"og:image:type\" content=\"image\/png\" \/>\n<meta name=\"author\" content=\"Fawz BenAli\" \/>\n<meta name=\"twitter:card\" content=\"summary_large_image\" \/>\n<meta name=\"twitter:creator\" content=\"@KapitalisInfo\" \/>\n<meta name=\"twitter:site\" content=\"@KapitalisInfo\" \/>\n<meta name=\"twitter:label1\" content=\"\u00c9crit par\" \/>\n\t<meta name=\"twitter:data1\" content=\"Fawz BenAli\" \/>\n\t<meta name=\"twitter:label2\" content=\"Dur\u00e9e de lecture estim\u00e9e\" \/>\n\t<meta name=\"twitter:data2\" content=\"1 minute\" \/>\n<script type=\"application\/ld+json\" class=\"yoast-schema-graph\">{\"@context\":\"https:\/\/schema.org\",\"@graph\":[{\"@type\":\"Article\",\"@id\":\"https:\/\/kapitalis.com\/tunisie\/2022\/01\/05\/streams-de-mehdi-hmili-selectionne-au-festival-international-du-film-de-calcutta-en-inde\/#article\",\"isPartOf\":{\"@id\":\"https:\/\/kapitalis.com\/tunisie\/2022\/01\/05\/streams-de-mehdi-hmili-selectionne-au-festival-international-du-film-de-calcutta-en-inde\/\"},\"author\":{\"name\":\"Fawz BenAli\",\"@id\":\"https:\/\/kapitalis.com\/tunisie\/#\/schema\/person\/73a5ecc1f6ae540c6ed91342eadca948\"},\"headline\":\"\u00ab\u00a0Streams\u00a0\u00bb de Mehdi Hmili s\u00e9lectionn\u00e9 au Festival international du Film de Calcutta en Inde\",\"datePublished\":\"2022-01-05T11:05:10+00:00\",\"dateModified\":\"2022-01-05T11:07:53+00:00\",\"mainEntityOfPage\":{\"@id\":\"https:\/\/kapitalis.com\/tunisie\/2022\/01\/05\/streams-de-mehdi-hmili-selectionne-au-festival-international-du-film-de-calcutta-en-inde\/\"},\"wordCount\":206,\"commentCount\":0,\"publisher\":{\"@id\":\"https:\/\/kapitalis.com\/tunisie\/#organization\"},\"image\":{\"@id\":\"https:\/\/kapitalis.com\/tunisie\/2022\/01\/05\/streams-de-mehdi-hmili-selectionne-au-festival-international-du-film-de-calcutta-en-inde\/#primaryimage\"},\"thumbnailUrl\":\"\",\"keywords\":[\"cin\u00e9ma tunisien\",\"Festival du Film de Calcutta\",\"Mehdi Hmili\",\"Streams\",\"Tunisie\"],\"articleSection\":[\"CULTURE\",\"Tunisie\"],\"inLanguage\":\"fr-FR\",\"potentialAction\":[{\"@type\":\"CommentAction\",\"name\":\"Comment\",\"target\":[\"https:\/\/kapitalis.com\/tunisie\/2022\/01\/05\/streams-de-mehdi-hmili-selectionne-au-festival-international-du-film-de-calcutta-en-inde\/#respond\"]}]},{\"@type\":\"WebPage\",\"@id\":\"https:\/\/kapitalis.com\/tunisie\/2022\/01\/05\/streams-de-mehdi-hmili-selectionne-au-festival-international-du-film-de-calcutta-en-inde\/\",\"url\":\"https:\/\/kapitalis.com\/tunisie\/2022\/01\/05\/streams-de-mehdi-hmili-selectionne-au-festival-international-du-film-de-calcutta-en-inde\/\",\"name\":\"\\\"Streams\\\" de Mehdi Hmili s\u00e9lectionn\u00e9 au Festival international du Film de Calcutta en Inde - Kapitalis\",\"isPartOf\":{\"@id\":\"https:\/\/kapitalis.com\/tunisie\/#website\"},\"primaryImageOfPage\":{\"@id\":\"https:\/\/kapitalis.com\/tunisie\/2022\/01\/05\/streams-de-mehdi-hmili-selectionne-au-festival-international-du-film-de-calcutta-en-inde\/#primaryimage\"},\"image\":{\"@id\":\"https:\/\/kapitalis.com\/tunisie\/2022\/01\/05\/streams-de-mehdi-hmili-selectionne-au-festival-international-du-film-de-calcutta-en-inde\/#primaryimage\"},\"thumbnailUrl\":\"\",\"datePublished\":\"2022-01-05T11:05:10+00:00\",\"dateModified\":\"2022-01-05T11:07:53+00:00\",\"breadcrumb\":{\"@id\":\"https:\/\/kapitalis.com\/tunisie\/2022\/01\/05\/streams-de-mehdi-hmili-selectionne-au-festival-international-du-film-de-calcutta-en-inde\/#breadcrumb\"},\"inLanguage\":\"fr-FR\",\"potentialAction\":[{\"@type\":\"ReadAction\",\"target\":[\"https:\/\/kapitalis.com\/tunisie\/2022\/01\/05\/streams-de-mehdi-hmili-selectionne-au-festival-international-du-film-de-calcutta-en-inde\/\"]}]},{\"@type\":\"ImageObject\",\"inLanguage\":\"fr-FR\",\"@id\":\"https:\/\/kapitalis.com\/tunisie\/2022\/01\/05\/streams-de-mehdi-hmili-selectionne-au-festival-international-du-film-de-calcutta-en-inde\/#primaryimage\",\"url\":\"\",\"contentUrl\":\"\"},{\"@type\":\"BreadcrumbList\",\"@id\":\"https:\/\/kapitalis.com\/tunisie\/2022\/01\/05\/streams-de-mehdi-hmili-selectionne-au-festival-international-du-film-de-calcutta-en-inde\/#breadcrumb\",\"itemListElement\":[{\"@type\":\"ListItem\",\"position\":1,\"name\":\"Accueil\",\"item\":\"https:\/\/kapitalis.com\/tunisie\/\"},{\"@type\":\"ListItem\",\"position\":2,\"name\":\"\u00ab\u00a0Streams\u00a0\u00bb de Mehdi Hmili s\u00e9lectionn\u00e9 au Festival international du Film de Calcutta en Inde\"}]},{\"@type\":\"WebSite\",\"@id\":\"https:\/\/kapitalis.com\/tunisie\/#website\",\"url\":\"https:\/\/kapitalis.com\/tunisie\/\",\"name\":\"Kapitalis\",\"description\":\"L&#039;actualit\u00e9 en Tunisie et dans le monde\",\"publisher\":{\"@id\":\"https:\/\/kapitalis.com\/tunisie\/#organization\"},\"potentialAction\":[{\"@type\":\"SearchAction\",\"target\":{\"@type\":\"EntryPoint\",\"urlTemplate\":\"https:\/\/kapitalis.com\/tunisie\/?s={search_term_string}\"},\"query-input\":{\"@type\":\"PropertyValueSpecification\",\"valueRequired\":true,\"valueName\":\"search_term_string\"}}],\"inLanguage\":\"fr-FR\"},{\"@type\":\"Organization\",\"@id\":\"https:\/\/kapitalis.com\/tunisie\/#organization\",\"name\":\"Kapitalis\",\"url\":\"https:\/\/kapitalis.com\/tunisie\/\",\"logo\":{\"@type\":\"ImageObject\",\"inLanguage\":\"fr-FR\",\"@id\":\"https:\/\/kapitalis.com\/tunisie\/#\/schema\/logo\/image\/\",\"url\":\"https:\/\/kapitalis.com\/tunisie\/wp-content\/uploads\/2022\/05\/Kapitalis-big-size.png\",\"contentUrl\":\"https:\/\/kapitalis.com\/tunisie\/wp-content\/uploads\/2022\/05\/Kapitalis-big-size.png\",\"width\":5000,\"height\":1500,\"caption\":\"Kapitalis\"},\"image\":{\"@id\":\"https:\/\/kapitalis.com\/tunisie\/#\/schema\/logo\/image\/\"},\"sameAs\":[\"https:\/\/www.facebook.com\/KapitalisInfo\/\",\"https:\/\/x.com\/KapitalisInfo\",\"https:\/\/www.youtube.com\/channel\/UC-yDYrHyfFBWWZaOw3FPg9Q\"]},{\"@type\":\"Person\",\"@id\":\"https:\/\/kapitalis.com\/tunisie\/#\/schema\/person\/73a5ecc1f6ae540c6ed91342eadca948\",\"name\":\"Fawz BenAli\",\"url\":\"https:\/\/kapitalis.com\/tunisie\/author\/fawz\/\"}]}<\/script>\n<!-- \/ Yoast SEO plugin. -->","yoast_head_json":{"title":"\"Streams\" de Mehdi Hmili s\u00e9lectionn\u00e9 au Festival international du Film de Calcutta en Inde - Kapitalis","robots":{"index":"index","follow":"follow","max-snippet":"max-snippet:-1","max-image-preview":"max-image-preview:large","max-video-preview":"max-video-preview:-1"},"canonical":"https:\/\/kapitalis.com\/tunisie\/2022\/01\/05\/streams-de-mehdi-hmili-selectionne-au-festival-international-du-film-de-calcutta-en-inde\/","og_locale":"fr_FR","og_type":"article","og_title":"\"Streams\" de Mehdi Hmili s\u00e9lectionn\u00e9 au Festival international du Film de Calcutta en Inde - Kapitalis","og_description":"Apr\u00e8s avoir \u00e9t\u00e9 prim\u00e9 au Festival international du Film du Caire, le film tunisien \u00ab\u00a0Streams\u00a0\u00bb de Mehdi Hmili fera partie de la comp\u00e9tition internationale du Festival de Calcutta en Inde.","og_url":"https:\/\/kapitalis.com\/tunisie\/2022\/01\/05\/streams-de-mehdi-hmili-selectionne-au-festival-international-du-film-de-calcutta-en-inde\/","og_site_name":"Kapitalis","article_publisher":"https:\/\/www.facebook.com\/KapitalisInfo\/","article_published_time":"2022-01-05T11:05:10+00:00","article_modified_time":"2022-01-05T11:07:53+00:00","og_image":[{"width":1200,"height":630,"url":"https:\/\/kapitalis.com\/tunisie\/wp-content\/uploads\/2022\/05\/kapitalis-logo-fb.png","type":"image\/png"}],"author":"Fawz BenAli","twitter_card":"summary_large_image","twitter_creator":"@KapitalisInfo","twitter_site":"@KapitalisInfo","twitter_misc":{"\u00c9crit par":"Fawz BenAli","Dur\u00e9e de lecture estim\u00e9e":"1 minute"},"schema":{"@context":"https:\/\/schema.org","@graph":[{"@type":"Article","@id":"https:\/\/kapitalis.com\/tunisie\/2022\/01\/05\/streams-de-mehdi-hmili-selectionne-au-festival-international-du-film-de-calcutta-en-inde\/#article","isPartOf":{"@id":"https:\/\/kapitalis.com\/tunisie\/2022\/01\/05\/streams-de-mehdi-hmili-selectionne-au-festival-international-du-film-de-calcutta-en-inde\/"},"author":{"name":"Fawz BenAli","@id":"https:\/\/kapitalis.com\/tunisie\/#\/schema\/person\/73a5ecc1f6ae540c6ed91342eadca948"},"headline":"\u00ab\u00a0Streams\u00a0\u00bb de Mehdi Hmili s\u00e9lectionn\u00e9 au Festival international du Film de Calcutta en Inde","datePublished":"2022-01-05T11:05:10+00:00","dateModified":"2022-01-05T11:07:53+00:00","mainEntityOfPage":{"@id":"https:\/\/kapitalis.com\/tunisie\/2022\/01\/05\/streams-de-mehdi-hmili-selectionne-au-festival-international-du-film-de-calcutta-en-inde\/"},"wordCount":206,"commentCount":0,"publisher":{"@id":"https:\/\/kapitalis.com\/tunisie\/#organization"},"image":{"@id":"https:\/\/kapitalis.com\/tunisie\/2022\/01\/05\/streams-de-mehdi-hmili-selectionne-au-festival-international-du-film-de-calcutta-en-inde\/#primaryimage"},"thumbnailUrl":"","keywords":["cin\u00e9ma tunisien","Festival du Film de Calcutta","Mehdi Hmili","Streams","Tunisie"],"articleSection":["CULTURE","Tunisie"],"inLanguage":"fr-FR","potentialAction":[{"@type":"CommentAction","name":"Comment","target":["https:\/\/kapitalis.com\/tunisie\/2022\/01\/05\/streams-de-mehdi-hmili-selectionne-au-festival-international-du-film-de-calcutta-en-inde\/#respond"]}]},{"@type":"WebPage","@id":"https:\/\/kapitalis.com\/tunisie\/2022\/01\/05\/streams-de-mehdi-hmili-selectionne-au-festival-international-du-film-de-calcutta-en-inde\/","url":"https:\/\/kapitalis.com\/tunisie\/2022\/01\/05\/streams-de-mehdi-hmili-selectionne-au-festival-international-du-film-de-calcutta-en-inde\/","name":"\"Streams\" de Mehdi Hmili s\u00e9lectionn\u00e9 au Festival international du Film de Calcutta en Inde - Kapitalis","isPartOf":{"@id":"https:\/\/kapitalis.com\/tunisie\/#website"},"primaryImageOfPage":{"@id":"https:\/\/kapitalis.com\/tunisie\/2022\/01\/05\/streams-de-mehdi-hmili-selectionne-au-festival-international-du-film-de-calcutta-en-inde\/#primaryimage"},"image":{"@id":"https:\/\/kapitalis.com\/tunisie\/2022\/01\/05\/streams-de-mehdi-hmili-selectionne-au-festival-international-du-film-de-calcutta-en-inde\/#primaryimage"},"thumbnailUrl":"","datePublished":"2022-01-05T11:05:10+00:00","dateModified":"2022-01-05T11:07:53+00:00","breadcrumb":{"@id":"https:\/\/kapitalis.com\/tunisie\/2022\/01\/05\/streams-de-mehdi-hmili-selectionne-au-festival-international-du-film-de-calcutta-en-inde\/#breadcrumb"},"inLanguage":"fr-FR","potentialAction":[{"@type":"ReadAction","target":["https:\/\/kapitalis.com\/tunisie\/2022\/01\/05\/streams-de-mehdi-hmili-selectionne-au-festival-international-du-film-de-calcutta-en-inde\/"]}]},{"@type":"ImageObject","inLanguage":"fr-FR","@id":"https:\/\/kapitalis.com\/tunisie\/2022\/01\/05\/streams-de-mehdi-hmili-selectionne-au-festival-international-du-film-de-calcutta-en-inde\/#primaryimage","url":"","contentUrl":""},{"@type":"BreadcrumbList","@id":"https:\/\/kapitalis.com\/tunisie\/2022\/01\/05\/streams-de-mehdi-hmili-selectionne-au-festival-international-du-film-de-calcutta-en-inde\/#breadcrumb","itemListElement":[{"@type":"ListItem","position":1,"name":"Accueil","item":"https:\/\/kapitalis.com\/tunisie\/"},{"@type":"ListItem","position":2,"name":"\u00ab\u00a0Streams\u00a0\u00bb de Mehdi Hmili s\u00e9lectionn\u00e9 au Festival international du Film de Calcutta en Inde"}]},{"@type":"WebSite","@id":"https:\/\/kapitalis.com\/tunisie\/#website","url":"https:\/\/kapitalis.com\/tunisie\/","name":"Kapitalis","description":"L&#039;actualit\u00e9 en Tunisie et dans le monde","publisher":{"@id":"https:\/\/kapitalis.com\/tunisie\/#organization"},"potentialAction":[{"@type":"SearchAction","target":{"@type":"EntryPoint","urlTemplate":"https:\/\/kapitalis.com\/tunisie\/?s={search_term_string}"},"query-input":{"@type":"PropertyValueSpecification","valueRequired":true,"valueName":"search_term_string"}}],"inLanguage":"fr-FR"},{"@type":"Organization","@id":"https:\/\/kapitalis.com\/tunisie\/#organization","name":"Kapitalis","url":"https:\/\/kapitalis.com\/tunisie\/","logo":{"@type":"ImageObject","inLanguage":"fr-FR","@id":"https:\/\/kapitalis.com\/tunisie\/#\/schema\/logo\/image\/","url":"https:\/\/kapitalis.com\/tunisie\/wp-content\/uploads\/2022\/05\/Kapitalis-big-size.png","contentUrl":"https:\/\/kapitalis.com\/tunisie\/wp-content\/uploads\/2022\/05\/Kapitalis-big-size.png","width":5000,"height":1500,"caption":"Kapitalis"},"image":{"@id":"https:\/\/kapitalis.com\/tunisie\/#\/schema\/logo\/image\/"},"sameAs":["https:\/\/www.facebook.com\/KapitalisInfo\/","https:\/\/x.com\/KapitalisInfo","https:\/\/www.youtube.com\/channel\/UC-yDYrHyfFBWWZaOw3FPg9Q"]},{"@type":"Person","@id":"https:\/\/kapitalis.com\/tunisie\/#\/schema\/person\/73a5ecc1f6ae540c6ed91342eadca948","name":"Fawz BenAli","url":"https:\/\/kapitalis.com\/tunisie\/author\/fawz\/"}]}},"_links":{"self":[{"href":"https:\/\/kapitalis.com\/tunisie\/wp-json\/wp\/v2\/posts\/375891","targetHints":{"allow":["GET"]}}],"collection":[{"href":"https:\/\/kapitalis.com\/tunisie\/wp-json\/wp\/v2\/posts"}],"about":[{"href":"https:\/\/kapitalis.com\/tunisie\/wp-json\/wp\/v2\/types\/post"}],"author":[{"embeddable":true,"href":"https:\/\/kapitalis.com\/tunisie\/wp-json\/wp\/v2\/users\/26"}],"replies":[{"embeddable":true,"href":"https:\/\/kapitalis.com\/tunisie\/wp-json\/wp\/v2\/comments?post=375891"}],"version-history":[{"count":0,"href":"https:\/\/kapitalis.com\/tunisie\/wp-json\/wp\/v2\/posts\/375891\/revisions"}],"wp:featuredmedia":[{"embeddable":true,"href":"https:\/\/kapitalis.com\/tunisie\/wp-json\/wp\/v2\/media\/375898"}],"wp:attachment":[{"href":"https:\/\/kapitalis.com\/tunisie\/wp-json\/wp\/v2\/media?parent=375891"}],"wp:term":[{"taxonomy":"category","embeddable":true,"href":"https:\/\/kapitalis.com\/tunisie\/wp-json\/wp\/v2\/categories?post=375891"},{"taxonomy":"post_tag","embeddable":true,"href":"https:\/\/kapitalis.com\/tunisie\/wp-json\/wp\/v2\/tags?post=375891"}],"curies":[{"name":"wp","href":"https:\/\/api.w.org\/{rel}","templated":true}]}}