{"id":375895,"date":"2022-01-05T12:09:28","date_gmt":"2022-01-05T11:09:28","guid":{"rendered":"http:\/\/kapitalis.com\/tunisie\/?p=375895"},"modified":"2022-01-05T12:11:18","modified_gmt":"2022-01-05T11:11:18","slug":"rachid-ammar-un-homme-dans-loeil-de-cyclone-de-lhistoire","status":"publish","type":"post","link":"https:\/\/kapitalis.com\/tunisie\/2022\/01\/05\/rachid-ammar-un-homme-dans-loeil-de-cyclone-de-lhistoire\/","title":{"rendered":"Rachid Ammar, un homme dans l&rsquo;\u0153il de cyclone de l&rsquo;histoire"},"content":{"rendered":"\n<div class=\"wp-block-image\"><figure class=\"aligncenter size-full\"><img decoding=\"async\" src=\"http:\/\/kapitalis.com\/tunisie\/wp-content\/uploads\/2022\/01\/Rachid-Ammar.jpg\" alt=\"\" class=\"wp-image-375900\"\/><\/figure><\/div>\n\n\n\n<p><strong><em>Rachid Ammar, l&rsquo;ancien chef d&rsquo;\u00e9tat major des arm\u00e9es, vient de sortir de son silence pour compara\u00eetre, lundi 3 janvier 2022, devant la chambres de la justice transitionnelle, et r\u00e9pondre des meurtres dont l&rsquo;arm\u00e9e nationale est accus\u00e9e durant les \u00e9v\u00e9nements des 25, 26 et 27 f\u00e9vrier 2011. Ce genre de proc\u00e8s sert \u00e0 r\u00e9tablir la v\u00e9rit\u00e9 historique et \u00e0 d\u00e9limiter les responsabilit\u00e9s, judiciaires et politiques, loin de tout esprit de revanche, de r\u00e8glement de compte ou d&rsquo;atteinte \u00e0 l&rsquo;honneur des acteurs politiques.<\/em><\/strong><\/p>\n\n\n\n<p>Par <strong>Ridha K\u00e9fi <\/strong><\/p>\n\n\n\n<!--more-->\n\n\n\n<div class=\"wp-block-image\"><figure class=\"alignleft size-full\"><img decoding=\"async\" src=\"http:\/\/kapitalis.com\/tunisie\/wp-content\/uploads\/2019\/03\/Ridha-Kefi.jpg\" alt=\"\" class=\"wp-image-203122\"\/><\/figure><\/div>\n\n\n\n<p>Le g\u00e9n\u00e9ral Rachid Ammar, le dernier chef d&rsquo;\u00e9tat major de l&rsquo;arm\u00e9e de terre sous Ben Ben Ali, aurait bien pu prendre le pouvoir au lendemain de la fuite de ce dernier, le 14 janvier 2011, les dirigeants politiques de l&rsquo;\u00e9poque, notamment Foued Mebazaa et Mohamed Ghannouchi, qui assur\u00e8rent quelque temps l&rsquo;int\u00e9rim \u00e0 la t\u00eate de l&rsquo;Etat, \u00e9taient dispos\u00e9s \u00e0 le lui c\u00e9der volontiers. Mais il a refus\u00e9 cat\u00e9goriquement de prendre les r\u00eanes du pouvoir, lan\u00e7ant aux politiques pr\u00e9sents, le soir m\u00eame de la fuite de Ben Ali, lors d&rsquo;une r\u00e9union de crise au minist\u00e8re de l&rsquo;Int\u00e9rieur:<em> \u00abLa succession politique est votre affaire. Mon r\u00f4le de chef de l&rsquo;arm\u00e9e est de garder les fronti\u00e8res\u00bb.<\/em><\/p>\n\n\n\n<h2 class=\"wp-block-heading\">L&rsquo;honneur sauf de l&rsquo;arm\u00e9e tunisienne<\/h2>\n\n\n\n<p>Lorsque, quelques semaines plus tard, lors des fameux sit-in devant le si\u00e8ge du gouvernement conduit par B\u00e9ji Ca\u00efd Essebsi, appel\u00e9s Kasbah I et Kasbah II, les manifestants l&rsquo;ont appel\u00e9 \u00e0 prendre en main la situation dans le pays, l&rsquo;officier sup\u00e9rieur a quitt\u00e9 son bureau situ\u00e9 \u00e0 une centaine de m\u00e8tres de l\u00e0 et est all\u00e9 \u00e0 la rencontre des manifestants, les appelant au calme et les invitant \u00e0 faire confiance aux nouvelles autorit\u00e9s, allant jusqu&rsquo;\u00e0 se porter garant du respect de leurs revendications.<\/p>\n\n\n\n<p>L&rsquo;homme, qui a ainsi r\u00e9tabli une situation mena\u00e7ant de d\u00e9g\u00e9n\u00e9rer, est ainsi rest\u00e9 fid\u00e8le \u00e0 une vieille tradition de l&rsquo;arm\u00e9e tunisienne, qui l&rsquo;honore \u00e0 la distingue de toutes les autres arm\u00e9es de la r\u00e9gion, laquelle consiste \u00e0 ne jamais se m\u00ealer des affaires politiques.<\/p>\n\n\n\n<p>Promu le 19 avril 2011 chef d&rsquo;Etat major des arm\u00e9es, poste cr\u00e9\u00e9 pour lui, Rachid Ammar quittera, le 24 juin 2013, ses fonctions en faisant valoir son droit \u00e0 la retraite, alors qu&rsquo;il aurait pu, comme cela est fr\u00e9quent dans les hautes fonctions publiques, demander une \u00abrallonge\u00bb de quelques ann\u00e9es. Et c&rsquo;est tout \u00e0 son honneur\u2026 D&rsquo;autant que depuis, et \u00e0 l&rsquo;exception de quelques rares sorties m\u00e9diatiques, on l&rsquo;a peu vu en public.<\/p>\n\n\n\n<p>C&rsquo;est donc, on l&rsquo;imagine, \u00e0 contrec\u0153ur que Rachid Ammar est sorti de sa r\u00e9serve pour compara\u00eetre, lundi 3 janvier 2022, devant la chambres de la justice transitionnelle, et r\u00e9pondre des meurtres dont est accus\u00e9e l&rsquo;arm\u00e9e nationale durant les \u00e9v\u00e9nements des 25, 26 et 27 f\u00e9vrier 2011.<\/p>\n\n\n\n<p>Personne n&rsquo;est certes au-dessus de la loi et Rachid Ammar \u00e9tait tenu d&rsquo;apporter son t\u00e9moignage personnel sur cette p\u00e9riode agit\u00e9e et sombre, d&rsquo;autant qu&rsquo;il en f\u00fbt l&rsquo;un de ses principaux acteurs. Il devait aussi t\u00e9moigner pour aider \u00e0 r\u00e9v\u00e9ler la v\u00e9rit\u00e9, \u00e0 d\u00e9finir les responsabilit\u00e9s dans les abus et les crimes commis, et ce pour que justice soit rendue aux victimes et pour que se fasse le n\u00e9cessaire travail de la m\u00e9moire.<\/p>\n\n\n\n<p>Cet exercice dont on imagine la gravit\u00e9 et l&rsquo;importance aux yeux du peuple, Rachid Ammar s&rsquo;y est pr\u00eat\u00e9 volontiers, en donnant sa version des \u00e9v\u00e9nements qu&rsquo;il a v\u00e9cu, comme acteur de premier ordre ou dont il e\u00fbt connaissance en tant que t\u00e9moin.<\/p>\n\n\n\n<h2 class=\"wp-block-heading\">Loin de tout esprit de revanche<\/h2>\n\n\n\n<p>Cependant et au-del\u00e0 des faits qu&rsquo;il a relat\u00e9s pendant son audience par le tribunal, et dont les principaux acteurs \u00e9taient le pr\u00e9sident de la r\u00e9publique Foued Mebazaa, le Premier ministre Mohamed Ghannouchi, le ministre de l&rsquo;Int\u00e9rieur Farhat Rajhi, le ministre de la D\u00e9fense Abdelkrim Zbidi, ou encore Fateh Maatoug, directeur g\u00e9n\u00e9ral des unit\u00e9s d&rsquo;intervention, Yassine Ta\u00efeb, directeur g\u00e9n\u00e9ral de la s\u00e9curit\u00e9 publique, Ahmed Chabir, directeur g\u00e9n\u00e9ral de la s\u00fbret\u00e9 nationale, Houssem Marzouki, officier des unit\u00e9s d&rsquo;intervention, et autres hauts responsables politiques et s\u00e9curitaires de l&rsquo;\u00e9poque dont les noms ont figur\u00e9 dans les rapports de l&rsquo;Instance V\u00e9rit\u00e9 et Dignit\u00e9 (IVD) ayant constitu\u00e9 la base de l&rsquo;instruction ouverte, ces proc\u00e8s ne devraient en aucune mani\u00e8re se transformer en une chasse de sorci\u00e8res, comme l&rsquo;a voulu la tr\u00e8s controvers\u00e9e pr\u00e9sidente de l&rsquo;IVD, Sihem Bensedrine, qui \u00e9tait davantage anim\u00e9e par un d\u00e9sir de revanche que par un r\u00e9el souci de v\u00e9rit\u00e9. <\/p>\n\n\n\n<p>Il ne s&rsquo;agit donc pas de vouer aux g\u00e9monies les hauts responsables qui ont eu \u00e0 conduire notre pays, dans les conditions difficiles et parfois violentes ayant accompagn\u00e9 les premi\u00e8res semaines de la transition post-14 janvier 2011, et lui ont \u00e9vit\u00e9 les bains de sang que les transitions similaires ayant eu lieu peu de temps apr\u00e8s dans diff\u00e9rents autres pays arabes, comme l&rsquo;Egypte, la Syrie, le Y\u00e9men ou la Libye. <\/p>\n\n\n\n<p>Il s&rsquo;agit plut\u00f4t d&rsquo;aider \u00e0 la r\u00e9v\u00e9lation de la v\u00e9rit\u00e9, tout en prenant connaissance des conditions dans lesquelles certaines d\u00e9cisions ont d\u00fb \u00eatre prises, parfois \u00e0 contrec\u0153ur et sous l&#8217;emprise de l&rsquo;urgence, et les difficult\u00e9s qu&rsquo;a connues leur mise en application dans l&rsquo;ambiance \u00e9lectrique de l&rsquo;\u00e9poque o\u00f9 les nerfs \u00e9taient \u00e0 fleur de peau et o\u00f9 certaines victimes \u00e9taient loin d&rsquo;\u00eatre irr\u00e9prochables, ayant souvent provoqu\u00e9 elles-m\u00eames les incidents qui leur ont valu la mort violente ou les graves blessures.<\/p>\n\n\n\n<p>Bref, il s&rsquo;agit de proc\u00e8s civils et civilis\u00e9s, o\u00f9 les \u00e9clairages judiciaires viennent r\u00e9tablir la v\u00e9rit\u00e9 historique, loin de tout esprit de revanche, de r\u00e8glement de compte politique ou d&rsquo;atteinte \u00e0 l&rsquo;honneur des hommes et des femmes que leurs missions a projet\u00e9s, \u00e0 un moment de leur parcours professionnel et humain, sur les devants de la sc\u00e8ne nationale, pour ne pas dire dans l&rsquo;\u0153il du cyclone de l&rsquo;histoire, laquelle, on le sait, est une grande mangeuse d&rsquo;hommes et de femmes.<\/p>\n","protected":false},"excerpt":{"rendered":"<p>Rachid Ammar, l&rsquo;ancien chef d&rsquo;\u00e9tat major des arm\u00e9es, vient de sortir de son silence pour compara\u00eetre, lundi 3 janvier 2022, devant la chambres de la justice transitionnelle, et r\u00e9pondre des meurtres dont l&rsquo;arm\u00e9e nationale est accus\u00e9e durant les \u00e9v\u00e9nements des 25, 26 et 27 f\u00e9vrier 2011. Ce genre de proc\u00e8s sert \u00e0 r\u00e9tablir la v\u00e9rit\u00e9&#8230;<\/p>\n","protected":false},"author":8,"featured_media":375900,"comment_status":"open","ping_status":"open","sticky":false,"template":"","format":"standard","meta":{"footnotes":""},"categories":[992,997,2433],"tags":[86497,4172,85456,65004,2299,4171,1793,62643],"class_list":["post-375895","post","type-post","status-publish","format-standard","has-post-thumbnail","hentry","category-a-la-une","category-politique","category-tunisie","tag-14-janvier-2011","tag-abdelkrim-zbidi","tag-farhat-rajhi","tag-foued-mebazaa","tag-mohamed-ghannouchi","tag-rachid-ammar","tag-sihem-bensedrine","tag-tunisie"],"yoast_head":"<!-- This site is optimized with the Yoast SEO plugin v26.6 - https:\/\/yoast.com\/wordpress\/plugins\/seo\/ -->\n<title>Rachid Ammar, un homme dans l&#039;\u0153il de cyclone de l&#039;histoire - Kapitalis<\/title>\n<meta name=\"robots\" content=\"index, follow, max-snippet:-1, max-image-preview:large, max-video-preview:-1\" \/>\n<link rel=\"canonical\" href=\"https:\/\/kapitalis.com\/tunisie\/2022\/01\/05\/rachid-ammar-un-homme-dans-loeil-de-cyclone-de-lhistoire\/\" \/>\n<meta property=\"og:locale\" content=\"fr_FR\" \/>\n<meta property=\"og:type\" content=\"article\" \/>\n<meta property=\"og:title\" content=\"Rachid Ammar, un homme dans l&#039;\u0153il de cyclone de l&#039;histoire - Kapitalis\" \/>\n<meta property=\"og:description\" content=\"Rachid Ammar, l&rsquo;ancien chef d&rsquo;\u00e9tat major des arm\u00e9es, vient de sortir de son silence pour compara\u00eetre, lundi 3 janvier 2022, devant la chambres de la justice transitionnelle, et r\u00e9pondre des meurtres dont l&rsquo;arm\u00e9e nationale est accus\u00e9e durant les \u00e9v\u00e9nements des 25, 26 et 27 f\u00e9vrier 2011. Ce genre de proc\u00e8s sert \u00e0 r\u00e9tablir la v\u00e9rit\u00e9...\" \/>\n<meta property=\"og:url\" content=\"https:\/\/kapitalis.com\/tunisie\/2022\/01\/05\/rachid-ammar-un-homme-dans-loeil-de-cyclone-de-lhistoire\/\" \/>\n<meta property=\"og:site_name\" content=\"Kapitalis\" \/>\n<meta property=\"article:publisher\" content=\"https:\/\/www.facebook.com\/KapitalisInfo\/\" \/>\n<meta property=\"article:published_time\" content=\"2022-01-05T11:09:28+00:00\" \/>\n<meta property=\"article:modified_time\" content=\"2022-01-05T11:11:18+00:00\" \/>\n<meta property=\"og:image\" content=\"https:\/\/kapitalis.com\/tunisie\/wp-content\/uploads\/2022\/05\/kapitalis-logo-fb.png\" \/>\n\t<meta property=\"og:image:width\" content=\"1200\" \/>\n\t<meta property=\"og:image:height\" content=\"630\" \/>\n\t<meta property=\"og:image:type\" content=\"image\/png\" \/>\n<meta name=\"author\" content=\"webmaster kapitalis\" \/>\n<meta name=\"twitter:card\" content=\"summary_large_image\" \/>\n<meta name=\"twitter:creator\" content=\"@KapitalisInfo\" \/>\n<meta name=\"twitter:site\" content=\"@KapitalisInfo\" \/>\n<meta name=\"twitter:label1\" content=\"\u00c9crit par\" \/>\n\t<meta name=\"twitter:data1\" content=\"webmaster kapitalis\" \/>\n\t<meta name=\"twitter:label2\" content=\"Dur\u00e9e de lecture estim\u00e9e\" \/>\n\t<meta name=\"twitter:data2\" content=\"5 minutes\" \/>\n<script type=\"application\/ld+json\" class=\"yoast-schema-graph\">{\"@context\":\"https:\/\/schema.org\",\"@graph\":[{\"@type\":\"Article\",\"@id\":\"https:\/\/kapitalis.com\/tunisie\/2022\/01\/05\/rachid-ammar-un-homme-dans-loeil-de-cyclone-de-lhistoire\/#article\",\"isPartOf\":{\"@id\":\"https:\/\/kapitalis.com\/tunisie\/2022\/01\/05\/rachid-ammar-un-homme-dans-loeil-de-cyclone-de-lhistoire\/\"},\"author\":{\"name\":\"webmaster kapitalis\",\"@id\":\"https:\/\/kapitalis.com\/tunisie\/#\/schema\/person\/d71f33a9ca44f7bad4698210b480c8e9\"},\"headline\":\"Rachid Ammar, un homme dans l&rsquo;\u0153il de cyclone de l&rsquo;histoire\",\"datePublished\":\"2022-01-05T11:09:28+00:00\",\"dateModified\":\"2022-01-05T11:11:18+00:00\",\"mainEntityOfPage\":{\"@id\":\"https:\/\/kapitalis.com\/tunisie\/2022\/01\/05\/rachid-ammar-un-homme-dans-loeil-de-cyclone-de-lhistoire\/\"},\"wordCount\":1048,\"commentCount\":2,\"publisher\":{\"@id\":\"https:\/\/kapitalis.com\/tunisie\/#organization\"},\"image\":{\"@id\":\"https:\/\/kapitalis.com\/tunisie\/2022\/01\/05\/rachid-ammar-un-homme-dans-loeil-de-cyclone-de-lhistoire\/#primaryimage\"},\"thumbnailUrl\":\"\",\"keywords\":[\"14 janvier 2011\",\"Abdelkrim Zbidi\",\"Farhat Rajhi\",\"Foued Mebazaa\",\"Mohamed Ghannouchi\",\"Rachid Ammar\",\"Sihem Bensedrine\",\"Tunisie\"],\"articleSection\":[\"A LA UNE\",\"POLITIQUE\",\"Tunisie\"],\"inLanguage\":\"fr-FR\",\"potentialAction\":[{\"@type\":\"CommentAction\",\"name\":\"Comment\",\"target\":[\"https:\/\/kapitalis.com\/tunisie\/2022\/01\/05\/rachid-ammar-un-homme-dans-loeil-de-cyclone-de-lhistoire\/#respond\"]}]},{\"@type\":\"WebPage\",\"@id\":\"https:\/\/kapitalis.com\/tunisie\/2022\/01\/05\/rachid-ammar-un-homme-dans-loeil-de-cyclone-de-lhistoire\/\",\"url\":\"https:\/\/kapitalis.com\/tunisie\/2022\/01\/05\/rachid-ammar-un-homme-dans-loeil-de-cyclone-de-lhistoire\/\",\"name\":\"Rachid Ammar, un homme dans l'\u0153il de cyclone de l'histoire - Kapitalis\",\"isPartOf\":{\"@id\":\"https:\/\/kapitalis.com\/tunisie\/#website\"},\"primaryImageOfPage\":{\"@id\":\"https:\/\/kapitalis.com\/tunisie\/2022\/01\/05\/rachid-ammar-un-homme-dans-loeil-de-cyclone-de-lhistoire\/#primaryimage\"},\"image\":{\"@id\":\"https:\/\/kapitalis.com\/tunisie\/2022\/01\/05\/rachid-ammar-un-homme-dans-loeil-de-cyclone-de-lhistoire\/#primaryimage\"},\"thumbnailUrl\":\"\",\"datePublished\":\"2022-01-05T11:09:28+00:00\",\"dateModified\":\"2022-01-05T11:11:18+00:00\",\"breadcrumb\":{\"@id\":\"https:\/\/kapitalis.com\/tunisie\/2022\/01\/05\/rachid-ammar-un-homme-dans-loeil-de-cyclone-de-lhistoire\/#breadcrumb\"},\"inLanguage\":\"fr-FR\",\"potentialAction\":[{\"@type\":\"ReadAction\",\"target\":[\"https:\/\/kapitalis.com\/tunisie\/2022\/01\/05\/rachid-ammar-un-homme-dans-loeil-de-cyclone-de-lhistoire\/\"]}]},{\"@type\":\"ImageObject\",\"inLanguage\":\"fr-FR\",\"@id\":\"https:\/\/kapitalis.com\/tunisie\/2022\/01\/05\/rachid-ammar-un-homme-dans-loeil-de-cyclone-de-lhistoire\/#primaryimage\",\"url\":\"\",\"contentUrl\":\"\"},{\"@type\":\"BreadcrumbList\",\"@id\":\"https:\/\/kapitalis.com\/tunisie\/2022\/01\/05\/rachid-ammar-un-homme-dans-loeil-de-cyclone-de-lhistoire\/#breadcrumb\",\"itemListElement\":[{\"@type\":\"ListItem\",\"position\":1,\"name\":\"Accueil\",\"item\":\"https:\/\/kapitalis.com\/tunisie\/\"},{\"@type\":\"ListItem\",\"position\":2,\"name\":\"Rachid Ammar, un homme dans l&rsquo;\u0153il de cyclone de l&rsquo;histoire\"}]},{\"@type\":\"WebSite\",\"@id\":\"https:\/\/kapitalis.com\/tunisie\/#website\",\"url\":\"https:\/\/kapitalis.com\/tunisie\/\",\"name\":\"Kapitalis\",\"description\":\"L&#039;actualit\u00e9 en Tunisie et dans le monde\",\"publisher\":{\"@id\":\"https:\/\/kapitalis.com\/tunisie\/#organization\"},\"potentialAction\":[{\"@type\":\"SearchAction\",\"target\":{\"@type\":\"EntryPoint\",\"urlTemplate\":\"https:\/\/kapitalis.com\/tunisie\/?s={search_term_string}\"},\"query-input\":{\"@type\":\"PropertyValueSpecification\",\"valueRequired\":true,\"valueName\":\"search_term_string\"}}],\"inLanguage\":\"fr-FR\"},{\"@type\":\"Organization\",\"@id\":\"https:\/\/kapitalis.com\/tunisie\/#organization\",\"name\":\"Kapitalis\",\"url\":\"https:\/\/kapitalis.com\/tunisie\/\",\"logo\":{\"@type\":\"ImageObject\",\"inLanguage\":\"fr-FR\",\"@id\":\"https:\/\/kapitalis.com\/tunisie\/#\/schema\/logo\/image\/\",\"url\":\"https:\/\/kapitalis.com\/tunisie\/wp-content\/uploads\/2022\/05\/Kapitalis-big-size.png\",\"contentUrl\":\"https:\/\/kapitalis.com\/tunisie\/wp-content\/uploads\/2022\/05\/Kapitalis-big-size.png\",\"width\":5000,\"height\":1500,\"caption\":\"Kapitalis\"},\"image\":{\"@id\":\"https:\/\/kapitalis.com\/tunisie\/#\/schema\/logo\/image\/\"},\"sameAs\":[\"https:\/\/www.facebook.com\/KapitalisInfo\/\",\"https:\/\/x.com\/KapitalisInfo\",\"https:\/\/www.youtube.com\/channel\/UC-yDYrHyfFBWWZaOw3FPg9Q\"]},{\"@type\":\"Person\",\"@id\":\"https:\/\/kapitalis.com\/tunisie\/#\/schema\/person\/d71f33a9ca44f7bad4698210b480c8e9\",\"name\":\"webmaster kapitalis\",\"url\":\"https:\/\/kapitalis.com\/tunisie\/author\/webmaster-kapitalis\/\"}]}<\/script>\n<!-- \/ Yoast SEO plugin. -->","yoast_head_json":{"title":"Rachid Ammar, un homme dans l'\u0153il de cyclone de l'histoire - Kapitalis","robots":{"index":"index","follow":"follow","max-snippet":"max-snippet:-1","max-image-preview":"max-image-preview:large","max-video-preview":"max-video-preview:-1"},"canonical":"https:\/\/kapitalis.com\/tunisie\/2022\/01\/05\/rachid-ammar-un-homme-dans-loeil-de-cyclone-de-lhistoire\/","og_locale":"fr_FR","og_type":"article","og_title":"Rachid Ammar, un homme dans l'\u0153il de cyclone de l'histoire - Kapitalis","og_description":"Rachid Ammar, l&rsquo;ancien chef d&rsquo;\u00e9tat major des arm\u00e9es, vient de sortir de son silence pour compara\u00eetre, lundi 3 janvier 2022, devant la chambres de la justice transitionnelle, et r\u00e9pondre des meurtres dont l&rsquo;arm\u00e9e nationale est accus\u00e9e durant les \u00e9v\u00e9nements des 25, 26 et 27 f\u00e9vrier 2011. Ce genre de proc\u00e8s sert \u00e0 r\u00e9tablir la v\u00e9rit\u00e9...","og_url":"https:\/\/kapitalis.com\/tunisie\/2022\/01\/05\/rachid-ammar-un-homme-dans-loeil-de-cyclone-de-lhistoire\/","og_site_name":"Kapitalis","article_publisher":"https:\/\/www.facebook.com\/KapitalisInfo\/","article_published_time":"2022-01-05T11:09:28+00:00","article_modified_time":"2022-01-05T11:11:18+00:00","og_image":[{"width":1200,"height":630,"url":"https:\/\/kapitalis.com\/tunisie\/wp-content\/uploads\/2022\/05\/kapitalis-logo-fb.png","type":"image\/png"}],"author":"webmaster kapitalis","twitter_card":"summary_large_image","twitter_creator":"@KapitalisInfo","twitter_site":"@KapitalisInfo","twitter_misc":{"\u00c9crit par":"webmaster kapitalis","Dur\u00e9e de lecture estim\u00e9e":"5 minutes"},"schema":{"@context":"https:\/\/schema.org","@graph":[{"@type":"Article","@id":"https:\/\/kapitalis.com\/tunisie\/2022\/01\/05\/rachid-ammar-un-homme-dans-loeil-de-cyclone-de-lhistoire\/#article","isPartOf":{"@id":"https:\/\/kapitalis.com\/tunisie\/2022\/01\/05\/rachid-ammar-un-homme-dans-loeil-de-cyclone-de-lhistoire\/"},"author":{"name":"webmaster kapitalis","@id":"https:\/\/kapitalis.com\/tunisie\/#\/schema\/person\/d71f33a9ca44f7bad4698210b480c8e9"},"headline":"Rachid Ammar, un homme dans l&rsquo;\u0153il de cyclone de l&rsquo;histoire","datePublished":"2022-01-05T11:09:28+00:00","dateModified":"2022-01-05T11:11:18+00:00","mainEntityOfPage":{"@id":"https:\/\/kapitalis.com\/tunisie\/2022\/01\/05\/rachid-ammar-un-homme-dans-loeil-de-cyclone-de-lhistoire\/"},"wordCount":1048,"commentCount":2,"publisher":{"@id":"https:\/\/kapitalis.com\/tunisie\/#organization"},"image":{"@id":"https:\/\/kapitalis.com\/tunisie\/2022\/01\/05\/rachid-ammar-un-homme-dans-loeil-de-cyclone-de-lhistoire\/#primaryimage"},"thumbnailUrl":"","keywords":["14 janvier 2011","Abdelkrim Zbidi","Farhat Rajhi","Foued Mebazaa","Mohamed Ghannouchi","Rachid Ammar","Sihem Bensedrine","Tunisie"],"articleSection":["A LA UNE","POLITIQUE","Tunisie"],"inLanguage":"fr-FR","potentialAction":[{"@type":"CommentAction","name":"Comment","target":["https:\/\/kapitalis.com\/tunisie\/2022\/01\/05\/rachid-ammar-un-homme-dans-loeil-de-cyclone-de-lhistoire\/#respond"]}]},{"@type":"WebPage","@id":"https:\/\/kapitalis.com\/tunisie\/2022\/01\/05\/rachid-ammar-un-homme-dans-loeil-de-cyclone-de-lhistoire\/","url":"https:\/\/kapitalis.com\/tunisie\/2022\/01\/05\/rachid-ammar-un-homme-dans-loeil-de-cyclone-de-lhistoire\/","name":"Rachid Ammar, un homme dans l'\u0153il de cyclone de l'histoire - Kapitalis","isPartOf":{"@id":"https:\/\/kapitalis.com\/tunisie\/#website"},"primaryImageOfPage":{"@id":"https:\/\/kapitalis.com\/tunisie\/2022\/01\/05\/rachid-ammar-un-homme-dans-loeil-de-cyclone-de-lhistoire\/#primaryimage"},"image":{"@id":"https:\/\/kapitalis.com\/tunisie\/2022\/01\/05\/rachid-ammar-un-homme-dans-loeil-de-cyclone-de-lhistoire\/#primaryimage"},"thumbnailUrl":"","datePublished":"2022-01-05T11:09:28+00:00","dateModified":"2022-01-05T11:11:18+00:00","breadcrumb":{"@id":"https:\/\/kapitalis.com\/tunisie\/2022\/01\/05\/rachid-ammar-un-homme-dans-loeil-de-cyclone-de-lhistoire\/#breadcrumb"},"inLanguage":"fr-FR","potentialAction":[{"@type":"ReadAction","target":["https:\/\/kapitalis.com\/tunisie\/2022\/01\/05\/rachid-ammar-un-homme-dans-loeil-de-cyclone-de-lhistoire\/"]}]},{"@type":"ImageObject","inLanguage":"fr-FR","@id":"https:\/\/kapitalis.com\/tunisie\/2022\/01\/05\/rachid-ammar-un-homme-dans-loeil-de-cyclone-de-lhistoire\/#primaryimage","url":"","contentUrl":""},{"@type":"BreadcrumbList","@id":"https:\/\/kapitalis.com\/tunisie\/2022\/01\/05\/rachid-ammar-un-homme-dans-loeil-de-cyclone-de-lhistoire\/#breadcrumb","itemListElement":[{"@type":"ListItem","position":1,"name":"Accueil","item":"https:\/\/kapitalis.com\/tunisie\/"},{"@type":"ListItem","position":2,"name":"Rachid Ammar, un homme dans l&rsquo;\u0153il de cyclone de l&rsquo;histoire"}]},{"@type":"WebSite","@id":"https:\/\/kapitalis.com\/tunisie\/#website","url":"https:\/\/kapitalis.com\/tunisie\/","name":"Kapitalis","description":"L&#039;actualit\u00e9 en Tunisie et dans le monde","publisher":{"@id":"https:\/\/kapitalis.com\/tunisie\/#organization"},"potentialAction":[{"@type":"SearchAction","target":{"@type":"EntryPoint","urlTemplate":"https:\/\/kapitalis.com\/tunisie\/?s={search_term_string}"},"query-input":{"@type":"PropertyValueSpecification","valueRequired":true,"valueName":"search_term_string"}}],"inLanguage":"fr-FR"},{"@type":"Organization","@id":"https:\/\/kapitalis.com\/tunisie\/#organization","name":"Kapitalis","url":"https:\/\/kapitalis.com\/tunisie\/","logo":{"@type":"ImageObject","inLanguage":"fr-FR","@id":"https:\/\/kapitalis.com\/tunisie\/#\/schema\/logo\/image\/","url":"https:\/\/kapitalis.com\/tunisie\/wp-content\/uploads\/2022\/05\/Kapitalis-big-size.png","contentUrl":"https:\/\/kapitalis.com\/tunisie\/wp-content\/uploads\/2022\/05\/Kapitalis-big-size.png","width":5000,"height":1500,"caption":"Kapitalis"},"image":{"@id":"https:\/\/kapitalis.com\/tunisie\/#\/schema\/logo\/image\/"},"sameAs":["https:\/\/www.facebook.com\/KapitalisInfo\/","https:\/\/x.com\/KapitalisInfo","https:\/\/www.youtube.com\/channel\/UC-yDYrHyfFBWWZaOw3FPg9Q"]},{"@type":"Person","@id":"https:\/\/kapitalis.com\/tunisie\/#\/schema\/person\/d71f33a9ca44f7bad4698210b480c8e9","name":"webmaster kapitalis","url":"https:\/\/kapitalis.com\/tunisie\/author\/webmaster-kapitalis\/"}]}},"_links":{"self":[{"href":"https:\/\/kapitalis.com\/tunisie\/wp-json\/wp\/v2\/posts\/375895","targetHints":{"allow":["GET"]}}],"collection":[{"href":"https:\/\/kapitalis.com\/tunisie\/wp-json\/wp\/v2\/posts"}],"about":[{"href":"https:\/\/kapitalis.com\/tunisie\/wp-json\/wp\/v2\/types\/post"}],"author":[{"embeddable":true,"href":"https:\/\/kapitalis.com\/tunisie\/wp-json\/wp\/v2\/users\/8"}],"replies":[{"embeddable":true,"href":"https:\/\/kapitalis.com\/tunisie\/wp-json\/wp\/v2\/comments?post=375895"}],"version-history":[{"count":0,"href":"https:\/\/kapitalis.com\/tunisie\/wp-json\/wp\/v2\/posts\/375895\/revisions"}],"wp:featuredmedia":[{"embeddable":true,"href":"https:\/\/kapitalis.com\/tunisie\/wp-json\/wp\/v2\/media\/375900"}],"wp:attachment":[{"href":"https:\/\/kapitalis.com\/tunisie\/wp-json\/wp\/v2\/media?parent=375895"}],"wp:term":[{"taxonomy":"category","embeddable":true,"href":"https:\/\/kapitalis.com\/tunisie\/wp-json\/wp\/v2\/categories?post=375895"},{"taxonomy":"post_tag","embeddable":true,"href":"https:\/\/kapitalis.com\/tunisie\/wp-json\/wp\/v2\/tags?post=375895"}],"curies":[{"name":"wp","href":"https:\/\/api.w.org\/{rel}","templated":true}]}}