{"id":376037,"date":"2022-01-06T14:47:29","date_gmt":"2022-01-06T13:47:29","guid":{"rendered":"http:\/\/kapitalis.com\/tunisie\/?p=376037"},"modified":"2022-01-06T14:52:27","modified_gmt":"2022-01-06T13:52:27","slug":"exposition-les-beys-husseinites-un-apercu-historique-du-regime-beylical-en-tunisie","status":"publish","type":"post","link":"https:\/\/kapitalis.com\/tunisie\/2022\/01\/06\/exposition-les-beys-husseinites-un-apercu-historique-du-regime-beylical-en-tunisie\/","title":{"rendered":"Exposition \u00ab\u00a0Les Beys Husseinites\u00a0\u00bb : Un aper\u00e7u historique du r\u00e9gime beylical en Tunisie"},"content":{"rendered":"\n<div class=\"wp-block-image\"><figure class=\"aligncenter size-full\"><img decoding=\"async\" src=\"http:\/\/kapitalis.com\/tunisie\/wp-content\/uploads\/2022\/01\/Untitled-2-2.jpg\" alt=\"\" class=\"wp-image-376038\"\/><\/figure><\/div>\n\n\n\n<p><em><strong>Le Centre des Arts, de la Culture et des Lettres \u00e0 Ksar Sa\u00efd accueille \u00e0 partir du 13 janvier l\u2019exposition \u00ab\u00a0Les Beys Husseinites\u00a0\u00bb. Un aper\u00e7u historique des diff\u00e9rentes p\u00e9riodes du r\u00e9gime beylical en Tunisie \u00e0 travers une collection d\u2019\u0153uvres in\u00e9dites.<\/strong><\/em><\/p>\n\n\n\n<!--more-->\n\n\n\n<p>Cr\u00e9\u00e9 en 2019 et implant\u00e9 au c\u0153ur du Bardo, le Centre des Arts, de la Culture et des Lettres est un \u00e9tablissement public dont le principal objectif est de restaurer, de conserver et de mettre en valeur le Palais Ksar Sa\u00efd.<\/p>\n\n\n\n<p>Le centre accueillera d\u00e8s jeudi prochain, 13 janvier, une nouvelle exposition intitul\u00e9e \u00ab&nbsp;Les Beys Husseinites&nbsp;\u00bb qui se poursuivra tout au long de l\u2019ann\u00e9e 2022, et qui r\u00e9unira une collection de tableaux in\u00e9dits r\u00e9alis\u00e9s par les artistes pionnier du r\u00e9gime beylical, \u00e0 savoir H\u00e9di Khayachi, Ahmed Osman, Noureddine Khayachi, Mohamed Mtimet et Mohamed Chedly Bey.<\/p>\n\n\n\n<p>Le public aura l\u2019occasion de voyager \u00e0 travers l\u2019Histoire des Beys \u00e0 travers une s\u00e9rie d\u2019\u0153uvres singuli\u00e8res qui ont \u00e9t\u00e9 restaur\u00e9es par l\u2019\u00e9quipe du laboratoire de conservation et de restauration des biens culturels. Une initiative qui s\u2019inscrit dans le cadre de la mise en valeur du patrimoine tunisien et de la collection du Palais Ksar Sa\u00efd.<\/p>\n\n\n\n<p>L\u2019inauguration aura lieu le mercredi 12 janvier en pr\u00e9sence de la ministre des Affaires culturelles Hayet Guettat Guermazi.<\/p>\n\n\n\n<p class=\"has-text-align-right\"><strong>F.B<\/strong><\/p>\n","protected":false},"excerpt":{"rendered":"<p>Le Centre des Arts, de la Culture et des Lettres \u00e0 Ksar Sa\u00efd accueille \u00e0 partir du 13 janvier l\u2019exposition \u00ab\u00a0Les Beys Husseinites\u00a0\u00bb. Un aper\u00e7u historique des diff\u00e9rentes p\u00e9riodes du r\u00e9gime beylical en Tunisie \u00e0 travers une collection d\u2019\u0153uvres in\u00e9dites.<\/p>\n","protected":false},"author":26,"featured_media":376038,"comment_status":"open","ping_status":"open","sticky":false,"template":"","format":"standard","meta":{"footnotes":""},"categories":[994,2433],"tags":[96286,96288,96287,96285,62643],"class_list":["post-376037","post","type-post","status-publish","format-standard","has-post-thumbnail","hentry","category-culture","category-tunisie","tag-centre-des-arts-de-la-culture-et-des-lettres","tag-exposition-historique","tag-les-beys-husseinites","tag-palais-ksar-said","tag-tunisie"],"yoast_head":"<!-- This site is optimized with the Yoast SEO plugin v26.6 - https:\/\/yoast.com\/wordpress\/plugins\/seo\/ -->\n<title>Exposition &quot;Les Beys Husseinites&quot; : Un aper\u00e7u historique du r\u00e9gime beylical en Tunisie - Kapitalis<\/title>\n<meta name=\"robots\" content=\"index, follow, max-snippet:-1, max-image-preview:large, max-video-preview:-1\" \/>\n<link rel=\"canonical\" href=\"https:\/\/kapitalis.com\/tunisie\/2022\/01\/06\/exposition-les-beys-husseinites-un-apercu-historique-du-regime-beylical-en-tunisie\/\" \/>\n<meta property=\"og:locale\" content=\"fr_FR\" \/>\n<meta property=\"og:type\" content=\"article\" \/>\n<meta property=\"og:title\" content=\"Exposition &quot;Les Beys Husseinites&quot; : Un aper\u00e7u historique du r\u00e9gime beylical en Tunisie - Kapitalis\" \/>\n<meta property=\"og:description\" content=\"Le Centre des Arts, de la Culture et des Lettres \u00e0 Ksar Sa\u00efd accueille \u00e0 partir du 13 janvier l\u2019exposition \u00ab\u00a0Les Beys Husseinites\u00a0\u00bb. Un aper\u00e7u historique des diff\u00e9rentes p\u00e9riodes du r\u00e9gime beylical en Tunisie \u00e0 travers une collection d\u2019\u0153uvres in\u00e9dites.\" \/>\n<meta property=\"og:url\" content=\"https:\/\/kapitalis.com\/tunisie\/2022\/01\/06\/exposition-les-beys-husseinites-un-apercu-historique-du-regime-beylical-en-tunisie\/\" \/>\n<meta property=\"og:site_name\" content=\"Kapitalis\" \/>\n<meta property=\"article:publisher\" content=\"https:\/\/www.facebook.com\/KapitalisInfo\/\" \/>\n<meta property=\"article:published_time\" content=\"2022-01-06T13:47:29+00:00\" \/>\n<meta property=\"article:modified_time\" content=\"2022-01-06T13:52:27+00:00\" \/>\n<meta property=\"og:image\" content=\"https:\/\/kapitalis.com\/tunisie\/wp-content\/uploads\/2022\/05\/kapitalis-logo-fb.png\" \/>\n\t<meta property=\"og:image:width\" content=\"1200\" \/>\n\t<meta property=\"og:image:height\" content=\"630\" \/>\n\t<meta property=\"og:image:type\" content=\"image\/png\" \/>\n<meta name=\"author\" content=\"Fawz BenAli\" \/>\n<meta name=\"twitter:card\" content=\"summary_large_image\" \/>\n<meta name=\"twitter:creator\" content=\"@KapitalisInfo\" \/>\n<meta name=\"twitter:site\" content=\"@KapitalisInfo\" \/>\n<meta name=\"twitter:label1\" content=\"\u00c9crit par\" \/>\n\t<meta name=\"twitter:data1\" content=\"Fawz BenAli\" \/>\n\t<meta name=\"twitter:label2\" content=\"Dur\u00e9e de lecture estim\u00e9e\" \/>\n\t<meta name=\"twitter:data2\" content=\"1 minute\" \/>\n<script type=\"application\/ld+json\" class=\"yoast-schema-graph\">{\"@context\":\"https:\/\/schema.org\",\"@graph\":[{\"@type\":\"Article\",\"@id\":\"https:\/\/kapitalis.com\/tunisie\/2022\/01\/06\/exposition-les-beys-husseinites-un-apercu-historique-du-regime-beylical-en-tunisie\/#article\",\"isPartOf\":{\"@id\":\"https:\/\/kapitalis.com\/tunisie\/2022\/01\/06\/exposition-les-beys-husseinites-un-apercu-historique-du-regime-beylical-en-tunisie\/\"},\"author\":{\"name\":\"Fawz BenAli\",\"@id\":\"https:\/\/kapitalis.com\/tunisie\/#\/schema\/person\/73a5ecc1f6ae540c6ed91342eadca948\"},\"headline\":\"Exposition \u00ab\u00a0Les Beys Husseinites\u00a0\u00bb : Un aper\u00e7u historique du r\u00e9gime beylical en Tunisie\",\"datePublished\":\"2022-01-06T13:47:29+00:00\",\"dateModified\":\"2022-01-06T13:52:27+00:00\",\"mainEntityOfPage\":{\"@id\":\"https:\/\/kapitalis.com\/tunisie\/2022\/01\/06\/exposition-les-beys-husseinites-un-apercu-historique-du-regime-beylical-en-tunisie\/\"},\"wordCount\":247,\"commentCount\":0,\"publisher\":{\"@id\":\"https:\/\/kapitalis.com\/tunisie\/#organization\"},\"image\":{\"@id\":\"https:\/\/kapitalis.com\/tunisie\/2022\/01\/06\/exposition-les-beys-husseinites-un-apercu-historique-du-regime-beylical-en-tunisie\/#primaryimage\"},\"thumbnailUrl\":\"\",\"keywords\":[\"Centre des Arts de la Culture et des Lettres\",\"exposition historique\",\"Les Beys husseinites\",\"Palais Ksar Sa\u00efd\",\"Tunisie\"],\"articleSection\":[\"CULTURE\",\"Tunisie\"],\"inLanguage\":\"fr-FR\",\"potentialAction\":[{\"@type\":\"CommentAction\",\"name\":\"Comment\",\"target\":[\"https:\/\/kapitalis.com\/tunisie\/2022\/01\/06\/exposition-les-beys-husseinites-un-apercu-historique-du-regime-beylical-en-tunisie\/#respond\"]}]},{\"@type\":\"WebPage\",\"@id\":\"https:\/\/kapitalis.com\/tunisie\/2022\/01\/06\/exposition-les-beys-husseinites-un-apercu-historique-du-regime-beylical-en-tunisie\/\",\"url\":\"https:\/\/kapitalis.com\/tunisie\/2022\/01\/06\/exposition-les-beys-husseinites-un-apercu-historique-du-regime-beylical-en-tunisie\/\",\"name\":\"Exposition \\\"Les Beys Husseinites\\\" : Un aper\u00e7u historique du r\u00e9gime beylical en Tunisie - Kapitalis\",\"isPartOf\":{\"@id\":\"https:\/\/kapitalis.com\/tunisie\/#website\"},\"primaryImageOfPage\":{\"@id\":\"https:\/\/kapitalis.com\/tunisie\/2022\/01\/06\/exposition-les-beys-husseinites-un-apercu-historique-du-regime-beylical-en-tunisie\/#primaryimage\"},\"image\":{\"@id\":\"https:\/\/kapitalis.com\/tunisie\/2022\/01\/06\/exposition-les-beys-husseinites-un-apercu-historique-du-regime-beylical-en-tunisie\/#primaryimage\"},\"thumbnailUrl\":\"\",\"datePublished\":\"2022-01-06T13:47:29+00:00\",\"dateModified\":\"2022-01-06T13:52:27+00:00\",\"breadcrumb\":{\"@id\":\"https:\/\/kapitalis.com\/tunisie\/2022\/01\/06\/exposition-les-beys-husseinites-un-apercu-historique-du-regime-beylical-en-tunisie\/#breadcrumb\"},\"inLanguage\":\"fr-FR\",\"potentialAction\":[{\"@type\":\"ReadAction\",\"target\":[\"https:\/\/kapitalis.com\/tunisie\/2022\/01\/06\/exposition-les-beys-husseinites-un-apercu-historique-du-regime-beylical-en-tunisie\/\"]}]},{\"@type\":\"ImageObject\",\"inLanguage\":\"fr-FR\",\"@id\":\"https:\/\/kapitalis.com\/tunisie\/2022\/01\/06\/exposition-les-beys-husseinites-un-apercu-historique-du-regime-beylical-en-tunisie\/#primaryimage\",\"url\":\"\",\"contentUrl\":\"\"},{\"@type\":\"BreadcrumbList\",\"@id\":\"https:\/\/kapitalis.com\/tunisie\/2022\/01\/06\/exposition-les-beys-husseinites-un-apercu-historique-du-regime-beylical-en-tunisie\/#breadcrumb\",\"itemListElement\":[{\"@type\":\"ListItem\",\"position\":1,\"name\":\"Accueil\",\"item\":\"https:\/\/kapitalis.com\/tunisie\/\"},{\"@type\":\"ListItem\",\"position\":2,\"name\":\"Exposition \u00ab\u00a0Les Beys Husseinites\u00a0\u00bb : Un aper\u00e7u historique du r\u00e9gime beylical en Tunisie\"}]},{\"@type\":\"WebSite\",\"@id\":\"https:\/\/kapitalis.com\/tunisie\/#website\",\"url\":\"https:\/\/kapitalis.com\/tunisie\/\",\"name\":\"Kapitalis\",\"description\":\"L&#039;actualit\u00e9 en Tunisie et dans le monde\",\"publisher\":{\"@id\":\"https:\/\/kapitalis.com\/tunisie\/#organization\"},\"potentialAction\":[{\"@type\":\"SearchAction\",\"target\":{\"@type\":\"EntryPoint\",\"urlTemplate\":\"https:\/\/kapitalis.com\/tunisie\/?s={search_term_string}\"},\"query-input\":{\"@type\":\"PropertyValueSpecification\",\"valueRequired\":true,\"valueName\":\"search_term_string\"}}],\"inLanguage\":\"fr-FR\"},{\"@type\":\"Organization\",\"@id\":\"https:\/\/kapitalis.com\/tunisie\/#organization\",\"name\":\"Kapitalis\",\"url\":\"https:\/\/kapitalis.com\/tunisie\/\",\"logo\":{\"@type\":\"ImageObject\",\"inLanguage\":\"fr-FR\",\"@id\":\"https:\/\/kapitalis.com\/tunisie\/#\/schema\/logo\/image\/\",\"url\":\"https:\/\/kapitalis.com\/tunisie\/wp-content\/uploads\/2022\/05\/Kapitalis-big-size.png\",\"contentUrl\":\"https:\/\/kapitalis.com\/tunisie\/wp-content\/uploads\/2022\/05\/Kapitalis-big-size.png\",\"width\":5000,\"height\":1500,\"caption\":\"Kapitalis\"},\"image\":{\"@id\":\"https:\/\/kapitalis.com\/tunisie\/#\/schema\/logo\/image\/\"},\"sameAs\":[\"https:\/\/www.facebook.com\/KapitalisInfo\/\",\"https:\/\/x.com\/KapitalisInfo\",\"https:\/\/www.youtube.com\/channel\/UC-yDYrHyfFBWWZaOw3FPg9Q\"]},{\"@type\":\"Person\",\"@id\":\"https:\/\/kapitalis.com\/tunisie\/#\/schema\/person\/73a5ecc1f6ae540c6ed91342eadca948\",\"name\":\"Fawz BenAli\",\"url\":\"https:\/\/kapitalis.com\/tunisie\/author\/fawz\/\"}]}<\/script>\n<!-- \/ Yoast SEO plugin. -->","yoast_head_json":{"title":"Exposition \"Les Beys Husseinites\" : Un aper\u00e7u historique du r\u00e9gime beylical en Tunisie - Kapitalis","robots":{"index":"index","follow":"follow","max-snippet":"max-snippet:-1","max-image-preview":"max-image-preview:large","max-video-preview":"max-video-preview:-1"},"canonical":"https:\/\/kapitalis.com\/tunisie\/2022\/01\/06\/exposition-les-beys-husseinites-un-apercu-historique-du-regime-beylical-en-tunisie\/","og_locale":"fr_FR","og_type":"article","og_title":"Exposition \"Les Beys Husseinites\" : Un aper\u00e7u historique du r\u00e9gime beylical en Tunisie - Kapitalis","og_description":"Le Centre des Arts, de la Culture et des Lettres \u00e0 Ksar Sa\u00efd accueille \u00e0 partir du 13 janvier l\u2019exposition \u00ab\u00a0Les Beys Husseinites\u00a0\u00bb. Un aper\u00e7u historique des diff\u00e9rentes p\u00e9riodes du r\u00e9gime beylical en Tunisie \u00e0 travers une collection d\u2019\u0153uvres in\u00e9dites.","og_url":"https:\/\/kapitalis.com\/tunisie\/2022\/01\/06\/exposition-les-beys-husseinites-un-apercu-historique-du-regime-beylical-en-tunisie\/","og_site_name":"Kapitalis","article_publisher":"https:\/\/www.facebook.com\/KapitalisInfo\/","article_published_time":"2022-01-06T13:47:29+00:00","article_modified_time":"2022-01-06T13:52:27+00:00","og_image":[{"width":1200,"height":630,"url":"https:\/\/kapitalis.com\/tunisie\/wp-content\/uploads\/2022\/05\/kapitalis-logo-fb.png","type":"image\/png"}],"author":"Fawz BenAli","twitter_card":"summary_large_image","twitter_creator":"@KapitalisInfo","twitter_site":"@KapitalisInfo","twitter_misc":{"\u00c9crit par":"Fawz BenAli","Dur\u00e9e de lecture estim\u00e9e":"1 minute"},"schema":{"@context":"https:\/\/schema.org","@graph":[{"@type":"Article","@id":"https:\/\/kapitalis.com\/tunisie\/2022\/01\/06\/exposition-les-beys-husseinites-un-apercu-historique-du-regime-beylical-en-tunisie\/#article","isPartOf":{"@id":"https:\/\/kapitalis.com\/tunisie\/2022\/01\/06\/exposition-les-beys-husseinites-un-apercu-historique-du-regime-beylical-en-tunisie\/"},"author":{"name":"Fawz BenAli","@id":"https:\/\/kapitalis.com\/tunisie\/#\/schema\/person\/73a5ecc1f6ae540c6ed91342eadca948"},"headline":"Exposition \u00ab\u00a0Les Beys Husseinites\u00a0\u00bb : Un aper\u00e7u historique du r\u00e9gime beylical en Tunisie","datePublished":"2022-01-06T13:47:29+00:00","dateModified":"2022-01-06T13:52:27+00:00","mainEntityOfPage":{"@id":"https:\/\/kapitalis.com\/tunisie\/2022\/01\/06\/exposition-les-beys-husseinites-un-apercu-historique-du-regime-beylical-en-tunisie\/"},"wordCount":247,"commentCount":0,"publisher":{"@id":"https:\/\/kapitalis.com\/tunisie\/#organization"},"image":{"@id":"https:\/\/kapitalis.com\/tunisie\/2022\/01\/06\/exposition-les-beys-husseinites-un-apercu-historique-du-regime-beylical-en-tunisie\/#primaryimage"},"thumbnailUrl":"","keywords":["Centre des Arts de la Culture et des Lettres","exposition historique","Les Beys husseinites","Palais Ksar Sa\u00efd","Tunisie"],"articleSection":["CULTURE","Tunisie"],"inLanguage":"fr-FR","potentialAction":[{"@type":"CommentAction","name":"Comment","target":["https:\/\/kapitalis.com\/tunisie\/2022\/01\/06\/exposition-les-beys-husseinites-un-apercu-historique-du-regime-beylical-en-tunisie\/#respond"]}]},{"@type":"WebPage","@id":"https:\/\/kapitalis.com\/tunisie\/2022\/01\/06\/exposition-les-beys-husseinites-un-apercu-historique-du-regime-beylical-en-tunisie\/","url":"https:\/\/kapitalis.com\/tunisie\/2022\/01\/06\/exposition-les-beys-husseinites-un-apercu-historique-du-regime-beylical-en-tunisie\/","name":"Exposition \"Les Beys Husseinites\" : Un aper\u00e7u historique du r\u00e9gime beylical en Tunisie - Kapitalis","isPartOf":{"@id":"https:\/\/kapitalis.com\/tunisie\/#website"},"primaryImageOfPage":{"@id":"https:\/\/kapitalis.com\/tunisie\/2022\/01\/06\/exposition-les-beys-husseinites-un-apercu-historique-du-regime-beylical-en-tunisie\/#primaryimage"},"image":{"@id":"https:\/\/kapitalis.com\/tunisie\/2022\/01\/06\/exposition-les-beys-husseinites-un-apercu-historique-du-regime-beylical-en-tunisie\/#primaryimage"},"thumbnailUrl":"","datePublished":"2022-01-06T13:47:29+00:00","dateModified":"2022-01-06T13:52:27+00:00","breadcrumb":{"@id":"https:\/\/kapitalis.com\/tunisie\/2022\/01\/06\/exposition-les-beys-husseinites-un-apercu-historique-du-regime-beylical-en-tunisie\/#breadcrumb"},"inLanguage":"fr-FR","potentialAction":[{"@type":"ReadAction","target":["https:\/\/kapitalis.com\/tunisie\/2022\/01\/06\/exposition-les-beys-husseinites-un-apercu-historique-du-regime-beylical-en-tunisie\/"]}]},{"@type":"ImageObject","inLanguage":"fr-FR","@id":"https:\/\/kapitalis.com\/tunisie\/2022\/01\/06\/exposition-les-beys-husseinites-un-apercu-historique-du-regime-beylical-en-tunisie\/#primaryimage","url":"","contentUrl":""},{"@type":"BreadcrumbList","@id":"https:\/\/kapitalis.com\/tunisie\/2022\/01\/06\/exposition-les-beys-husseinites-un-apercu-historique-du-regime-beylical-en-tunisie\/#breadcrumb","itemListElement":[{"@type":"ListItem","position":1,"name":"Accueil","item":"https:\/\/kapitalis.com\/tunisie\/"},{"@type":"ListItem","position":2,"name":"Exposition \u00ab\u00a0Les Beys Husseinites\u00a0\u00bb : Un aper\u00e7u historique du r\u00e9gime beylical en Tunisie"}]},{"@type":"WebSite","@id":"https:\/\/kapitalis.com\/tunisie\/#website","url":"https:\/\/kapitalis.com\/tunisie\/","name":"Kapitalis","description":"L&#039;actualit\u00e9 en Tunisie et dans le monde","publisher":{"@id":"https:\/\/kapitalis.com\/tunisie\/#organization"},"potentialAction":[{"@type":"SearchAction","target":{"@type":"EntryPoint","urlTemplate":"https:\/\/kapitalis.com\/tunisie\/?s={search_term_string}"},"query-input":{"@type":"PropertyValueSpecification","valueRequired":true,"valueName":"search_term_string"}}],"inLanguage":"fr-FR"},{"@type":"Organization","@id":"https:\/\/kapitalis.com\/tunisie\/#organization","name":"Kapitalis","url":"https:\/\/kapitalis.com\/tunisie\/","logo":{"@type":"ImageObject","inLanguage":"fr-FR","@id":"https:\/\/kapitalis.com\/tunisie\/#\/schema\/logo\/image\/","url":"https:\/\/kapitalis.com\/tunisie\/wp-content\/uploads\/2022\/05\/Kapitalis-big-size.png","contentUrl":"https:\/\/kapitalis.com\/tunisie\/wp-content\/uploads\/2022\/05\/Kapitalis-big-size.png","width":5000,"height":1500,"caption":"Kapitalis"},"image":{"@id":"https:\/\/kapitalis.com\/tunisie\/#\/schema\/logo\/image\/"},"sameAs":["https:\/\/www.facebook.com\/KapitalisInfo\/","https:\/\/x.com\/KapitalisInfo","https:\/\/www.youtube.com\/channel\/UC-yDYrHyfFBWWZaOw3FPg9Q"]},{"@type":"Person","@id":"https:\/\/kapitalis.com\/tunisie\/#\/schema\/person\/73a5ecc1f6ae540c6ed91342eadca948","name":"Fawz BenAli","url":"https:\/\/kapitalis.com\/tunisie\/author\/fawz\/"}]}},"_links":{"self":[{"href":"https:\/\/kapitalis.com\/tunisie\/wp-json\/wp\/v2\/posts\/376037","targetHints":{"allow":["GET"]}}],"collection":[{"href":"https:\/\/kapitalis.com\/tunisie\/wp-json\/wp\/v2\/posts"}],"about":[{"href":"https:\/\/kapitalis.com\/tunisie\/wp-json\/wp\/v2\/types\/post"}],"author":[{"embeddable":true,"href":"https:\/\/kapitalis.com\/tunisie\/wp-json\/wp\/v2\/users\/26"}],"replies":[{"embeddable":true,"href":"https:\/\/kapitalis.com\/tunisie\/wp-json\/wp\/v2\/comments?post=376037"}],"version-history":[{"count":0,"href":"https:\/\/kapitalis.com\/tunisie\/wp-json\/wp\/v2\/posts\/376037\/revisions"}],"wp:featuredmedia":[{"embeddable":true,"href":"https:\/\/kapitalis.com\/tunisie\/wp-json\/wp\/v2\/media\/376038"}],"wp:attachment":[{"href":"https:\/\/kapitalis.com\/tunisie\/wp-json\/wp\/v2\/media?parent=376037"}],"wp:term":[{"taxonomy":"category","embeddable":true,"href":"https:\/\/kapitalis.com\/tunisie\/wp-json\/wp\/v2\/categories?post=376037"},{"taxonomy":"post_tag","embeddable":true,"href":"https:\/\/kapitalis.com\/tunisie\/wp-json\/wp\/v2\/tags?post=376037"}],"curies":[{"name":"wp","href":"https:\/\/api.w.org\/{rel}","templated":true}]}}