{"id":376311,"date":"2022-01-09T09:19:05","date_gmt":"2022-01-09T08:19:05","guid":{"rendered":"http:\/\/kapitalis.com\/tunisie\/?p=376311"},"modified":"2022-01-09T09:21:27","modified_gmt":"2022-01-09T08:21:27","slug":"les-syndicats-de-la-steg-cherchent-ils-a-accelerer-la-faillite-de-lentreprise","status":"publish","type":"post","link":"https:\/\/kapitalis.com\/tunisie\/2022\/01\/09\/les-syndicats-de-la-steg-cherchent-ils-a-accelerer-la-faillite-de-lentreprise\/","title":{"rendered":"Les syndicats de la Steg cherchent-ils \u00e0 acc\u00e9l\u00e9rer la faillite de l&rsquo;entreprise ?"},"content":{"rendered":"\n<div class=\"wp-block-image\"><figure class=\"aligncenter size-full\"><img decoding=\"async\" src=\"http:\/\/kapitalis.com\/tunisie\/wp-content\/uploads\/2021\/06\/Steg.jpg\" alt=\"\" class=\"wp-image-351865\"\/><\/figure><\/div>\n\n\n\n<p><strong><em>Comme si la situation financi\u00e8re catastrophique de la Soci\u00e9t\u00e9 tunisienne d&rsquo;\u00e9lectricit\u00e9 et de gaz (Steg), qui souffre d&rsquo;un<a href=\"http:\/\/kapitalis.com\/tunisie\/2021\/11\/30\/la-steg-au-bord-de-la-rupture-a-cause-des-impayes-des-clients-prives-et-publics\/\" target=\"_blank\" rel=\"noreferrer noopener\"> \u00e9norme d\u00e9ficit<\/a>, \u00e0 l&rsquo;instar de toutes les autres entreprises publiques, ne suffisait \u00e0 ses malheurs, l&rsquo;Union g\u00e9n\u00e9rale tunisienne du travail (UGTT), dont la stupidit\u00e9 n&rsquo;a d&rsquo;\u00e9gal que l&rsquo;irresponsabilit\u00e9, semble s&rsquo;\u00eatre jur\u00e9e d&rsquo;acc\u00e9l\u00e9rer sa faillite.<\/em><\/strong><\/p>\n\n\n\n<!--more-->\n\n\n\n<p>En effet, la F\u00e9d\u00e9ration g\u00e9n\u00e9rale de l&rsquo;\u00e9lectricit\u00e9 et du gaz, affili\u00e9e \u00e0 la puissante centrale syndicale tunisienne, a menac\u00e9 de d\u00e9clencher une gr\u00e8ve, en laissant le soin d&rsquo;en fixer la date et la dur\u00e9e au bureau ex\u00e9cutif national de l&rsquo;UGTT. <\/p>\n\n\n\n<p>Cette d\u00e9cision a \u00e9t\u00e9 prise suite \u00e0 l&rsquo;\u00e9chec des n\u00e9gociations entre la direction de la soci\u00e9t\u00e9 et les syndicats sur les revendications des employ\u00e9s contenues dans la d\u00e9claration du dernier congr\u00e8s de ladite f\u00e9d\u00e9ration.<\/p>\n\n\n\n<p>Ces revendications concernent le paiement imm\u00e9diat de la prime d&rsquo;\u00e9conomie et de gestion, la r\u00e9vision des crit\u00e8res de calcul de cette prime, et la fixation d&rsquo;un d\u00e9lai pour l&rsquo;ouverture des n\u00e9gociations sociales sur les aspects financiers et r\u00e9glementaires.<\/p>\n\n\n\n<p>Les dirigeants du syndicat de la Steg ont \u00e9galement exig\u00e9 le retrait de la loi 2019 relative \u00e0 l&rsquo;incitation aux investissements, notamment les articles r\u00e9vis\u00e9s de la loi de 2015 relatifs aux \u00e9nergies renouvelables, tout en rappelant leur refus de la connexion des stations priv\u00e9es de production d&rsquo;\u00e9lectricit\u00e9 aux centrales \u00e9lectriques g\u00e9r\u00e9es par la soci\u00e9t\u00e9.<\/p>\n\n\n\n<p>Parmi les autres revendications avanc\u00e9es figurent la g\u00e9n\u00e9ralisation des v\u00eatements de travail tous les 1er mai, la mise \u00e0 disposition de moyens de s\u00e9curit\u00e9, l&rsquo;\u00e9mission d&rsquo;un l&rsquo;arr\u00eat\u00e9 r\u00e9glementant les missions et les grades professionnels, la r\u00e9vision de la structure organisationnelle, le r\u00e8glement du dossier des gardiens et l&rsquo;acc\u00e9l\u00e9ration de la mise en place du fonds social. Et quoi encore ? <\/p>\n\n\n\n<p>Si la soci\u00e9t\u00e9 \u00e9tait financi\u00e8rement \u00e9quilibr\u00e9e et si elle pouvait envisager d&rsquo;aggraver encore son d\u00e9ficit, sans devoir puiser encore dans l&rsquo;argent du contribuable pour combler une partie de son \u00e9norme d\u00e9ficit, ces revendications seraient acceptables et leur satisfaction envisageable, mais faire aujourd&rsquo;hui cette surench\u00e8re est insens\u00e9 voire suicidaire. C&rsquo;est comme si on scie la branche sur laquelle on est assis&#8230; Mais on n&rsquo;arr\u00eate pas le progr\u00e8s&#8230; de la b\u00eatise ! <\/p>\n\n\n\n<p class=\"has-text-align-right\"><strong>I. B. <\/strong><\/p>\n\n\n\n<h4 class=\"wp-block-heading\"><em>Articles li\u00e9s : <\/em><\/h4>\n\n\n\n<p><blockquote class=\"wp-embedded-content\" data-secret=\"t6m4sHYUpu\"><a href=\"https:\/\/kapitalis.com\/tunisie\/2021\/11\/30\/la-steg-au-bord-de-la-rupture-a-cause-des-impayes-des-clients-prives-et-publics\/\">La Steg au bord de la rupture \u00e0 cause des impay\u00e9s des clients priv\u00e9s et publics<\/a><\/blockquote><iframe loading=\"lazy\" class=\"wp-embedded-content\" sandbox=\"allow-scripts\" security=\"restricted\" style=\"position: absolute; clip: rect(1px, 1px, 1px, 1px);\" title=\"\u00ab\u00a0La Steg au bord de la rupture \u00e0 cause des impay\u00e9s des clients priv\u00e9s et publics\u00a0\u00bb &#8212; Kapitalis\" src=\"https:\/\/kapitalis.com\/tunisie\/2021\/11\/30\/la-steg-au-bord-de-la-rupture-a-cause-des-impayes-des-clients-prives-et-publics\/embed\/#?secret=K8o4NMXYza#?secret=t6m4sHYUpu\" data-secret=\"t6m4sHYUpu\" width=\"600\" height=\"338\" frameborder=\"0\" marginwidth=\"0\" marginheight=\"0\" scrolling=\"no\"><\/iframe><\/p>\n\n\n\n<p><blockquote class=\"wp-embedded-content\" data-secret=\"44gwK3tCac\"><a href=\"https:\/\/kapitalis.com\/tunisie\/2021\/03\/31\/steg-300-millions-de-dinars-de-pertes-annuellement-a-cause-du-detournement-de-lelectricite\/\">Steg : 300 millions de dinars de pertes annuellement \u00e0 cause du d\u00e9tournement de l&rsquo;\u00e9lectricit\u00e9<\/a><\/blockquote><iframe loading=\"lazy\" class=\"wp-embedded-content\" sandbox=\"allow-scripts\" security=\"restricted\" style=\"position: absolute; clip: rect(1px, 1px, 1px, 1px);\" title=\"\u00ab\u00a0Steg : 300 millions de dinars de pertes annuellement \u00e0 cause du d\u00e9tournement de l&rsquo;\u00e9lectricit\u00e9\u00a0\u00bb &#8212; Kapitalis\" src=\"https:\/\/kapitalis.com\/tunisie\/2021\/03\/31\/steg-300-millions-de-dinars-de-pertes-annuellement-a-cause-du-detournement-de-lelectricite\/embed\/#?secret=o2aJrmCRDg#?secret=44gwK3tCac\" data-secret=\"44gwK3tCac\" width=\"600\" height=\"338\" frameborder=\"0\" marginwidth=\"0\" marginheight=\"0\" scrolling=\"no\"><\/iframe><\/p>\n","protected":false},"excerpt":{"rendered":"<p>Comme si la situation financi\u00e8re catastrophique de la Soci\u00e9t\u00e9 tunisienne d&rsquo;\u00e9lectricit\u00e9 et de gaz (Steg), qui souffre d&rsquo;un \u00e9norme d\u00e9ficit, \u00e0 l&rsquo;instar de toutes les autres entreprises publiques, ne suffisait \u00e0 ses malheurs, l&rsquo;Union g\u00e9n\u00e9rale tunisienne du travail (UGTT), dont la stupidit\u00e9 n&rsquo;a d&rsquo;\u00e9gal que l&rsquo;irresponsabilit\u00e9, semble s&rsquo;\u00eatre jur\u00e9e d&rsquo;acc\u00e9l\u00e9rer sa faillite.<\/p>\n","protected":false},"author":8,"featured_media":0,"comment_status":"open","ping_status":"open","sticky":false,"template":"","format":"standard","meta":{"footnotes":""},"categories":[995,998,2433],"tags":[3763,62643,936],"class_list":["post-376311","post","type-post","status-publish","format-standard","hentry","category-economie","category-societe","category-tunisie","tag-steg","tag-tunisie","tag-ugtt"],"yoast_head":"<!-- This site is optimized with the Yoast SEO plugin v26.6 - https:\/\/yoast.com\/wordpress\/plugins\/seo\/ -->\n<title>Les syndicats de la Steg cherchent-ils \u00e0 acc\u00e9l\u00e9rer la faillite de l&#039;entreprise ? - Kapitalis<\/title>\n<meta name=\"robots\" content=\"index, follow, max-snippet:-1, max-image-preview:large, max-video-preview:-1\" \/>\n<link rel=\"canonical\" href=\"https:\/\/kapitalis.com\/tunisie\/2022\/01\/09\/les-syndicats-de-la-steg-cherchent-ils-a-accelerer-la-faillite-de-lentreprise\/\" \/>\n<meta property=\"og:locale\" content=\"fr_FR\" \/>\n<meta property=\"og:type\" content=\"article\" \/>\n<meta property=\"og:title\" content=\"Les syndicats de la Steg cherchent-ils \u00e0 acc\u00e9l\u00e9rer la faillite de l&#039;entreprise ? - Kapitalis\" \/>\n<meta property=\"og:description\" content=\"Comme si la situation financi\u00e8re catastrophique de la Soci\u00e9t\u00e9 tunisienne d&rsquo;\u00e9lectricit\u00e9 et de gaz (Steg), qui souffre d&rsquo;un \u00e9norme d\u00e9ficit, \u00e0 l&rsquo;instar de toutes les autres entreprises publiques, ne suffisait \u00e0 ses malheurs, l&rsquo;Union g\u00e9n\u00e9rale tunisienne du travail (UGTT), dont la stupidit\u00e9 n&rsquo;a d&rsquo;\u00e9gal que l&rsquo;irresponsabilit\u00e9, semble s&rsquo;\u00eatre jur\u00e9e d&rsquo;acc\u00e9l\u00e9rer sa faillite.\" \/>\n<meta property=\"og:url\" content=\"https:\/\/kapitalis.com\/tunisie\/2022\/01\/09\/les-syndicats-de-la-steg-cherchent-ils-a-accelerer-la-faillite-de-lentreprise\/\" \/>\n<meta property=\"og:site_name\" content=\"Kapitalis\" \/>\n<meta property=\"article:publisher\" content=\"https:\/\/www.facebook.com\/KapitalisInfo\/\" \/>\n<meta property=\"article:published_time\" content=\"2022-01-09T08:19:05+00:00\" \/>\n<meta property=\"article:modified_time\" content=\"2022-01-09T08:21:27+00:00\" \/>\n<meta property=\"og:image\" content=\"http:\/\/kapitalis.com\/tunisie\/wp-content\/uploads\/2021\/06\/Steg.jpg\" \/>\n<meta name=\"author\" content=\"webmaster kapitalis\" \/>\n<meta name=\"twitter:card\" content=\"summary_large_image\" \/>\n<meta name=\"twitter:creator\" content=\"@KapitalisInfo\" \/>\n<meta name=\"twitter:site\" content=\"@KapitalisInfo\" \/>\n<meta name=\"twitter:label1\" content=\"\u00c9crit par\" \/>\n\t<meta name=\"twitter:data1\" content=\"webmaster kapitalis\" \/>\n\t<meta name=\"twitter:label2\" content=\"Dur\u00e9e de lecture estim\u00e9e\" \/>\n\t<meta name=\"twitter:data2\" content=\"2 minutes\" \/>\n<script type=\"application\/ld+json\" class=\"yoast-schema-graph\">{\"@context\":\"https:\/\/schema.org\",\"@graph\":[{\"@type\":\"Article\",\"@id\":\"https:\/\/kapitalis.com\/tunisie\/2022\/01\/09\/les-syndicats-de-la-steg-cherchent-ils-a-accelerer-la-faillite-de-lentreprise\/#article\",\"isPartOf\":{\"@id\":\"https:\/\/kapitalis.com\/tunisie\/2022\/01\/09\/les-syndicats-de-la-steg-cherchent-ils-a-accelerer-la-faillite-de-lentreprise\/\"},\"author\":{\"name\":\"webmaster kapitalis\",\"@id\":\"https:\/\/kapitalis.com\/tunisie\/#\/schema\/person\/d71f33a9ca44f7bad4698210b480c8e9\"},\"headline\":\"Les syndicats de la Steg cherchent-ils \u00e0 acc\u00e9l\u00e9rer la faillite de l&rsquo;entreprise ?\",\"datePublished\":\"2022-01-09T08:19:05+00:00\",\"dateModified\":\"2022-01-09T08:21:27+00:00\",\"mainEntityOfPage\":{\"@id\":\"https:\/\/kapitalis.com\/tunisie\/2022\/01\/09\/les-syndicats-de-la-steg-cherchent-ils-a-accelerer-la-faillite-de-lentreprise\/\"},\"wordCount\":433,\"commentCount\":4,\"publisher\":{\"@id\":\"https:\/\/kapitalis.com\/tunisie\/#organization\"},\"image\":{\"@id\":\"https:\/\/kapitalis.com\/tunisie\/2022\/01\/09\/les-syndicats-de-la-steg-cherchent-ils-a-accelerer-la-faillite-de-lentreprise\/#primaryimage\"},\"thumbnailUrl\":\"http:\/\/kapitalis.com\/tunisie\/wp-content\/uploads\/2021\/06\/Steg.jpg\",\"keywords\":[\"Steg\",\"Tunisie\",\"UGTT\"],\"articleSection\":[\"ECONOMIE\",\"SOCIETE\",\"Tunisie\"],\"inLanguage\":\"fr-FR\",\"potentialAction\":[{\"@type\":\"CommentAction\",\"name\":\"Comment\",\"target\":[\"https:\/\/kapitalis.com\/tunisie\/2022\/01\/09\/les-syndicats-de-la-steg-cherchent-ils-a-accelerer-la-faillite-de-lentreprise\/#respond\"]}]},{\"@type\":\"WebPage\",\"@id\":\"https:\/\/kapitalis.com\/tunisie\/2022\/01\/09\/les-syndicats-de-la-steg-cherchent-ils-a-accelerer-la-faillite-de-lentreprise\/\",\"url\":\"https:\/\/kapitalis.com\/tunisie\/2022\/01\/09\/les-syndicats-de-la-steg-cherchent-ils-a-accelerer-la-faillite-de-lentreprise\/\",\"name\":\"Les syndicats de la Steg cherchent-ils \u00e0 acc\u00e9l\u00e9rer la faillite de l'entreprise ? - Kapitalis\",\"isPartOf\":{\"@id\":\"https:\/\/kapitalis.com\/tunisie\/#website\"},\"primaryImageOfPage\":{\"@id\":\"https:\/\/kapitalis.com\/tunisie\/2022\/01\/09\/les-syndicats-de-la-steg-cherchent-ils-a-accelerer-la-faillite-de-lentreprise\/#primaryimage\"},\"image\":{\"@id\":\"https:\/\/kapitalis.com\/tunisie\/2022\/01\/09\/les-syndicats-de-la-steg-cherchent-ils-a-accelerer-la-faillite-de-lentreprise\/#primaryimage\"},\"thumbnailUrl\":\"http:\/\/kapitalis.com\/tunisie\/wp-content\/uploads\/2021\/06\/Steg.jpg\",\"datePublished\":\"2022-01-09T08:19:05+00:00\",\"dateModified\":\"2022-01-09T08:21:27+00:00\",\"breadcrumb\":{\"@id\":\"https:\/\/kapitalis.com\/tunisie\/2022\/01\/09\/les-syndicats-de-la-steg-cherchent-ils-a-accelerer-la-faillite-de-lentreprise\/#breadcrumb\"},\"inLanguage\":\"fr-FR\",\"potentialAction\":[{\"@type\":\"ReadAction\",\"target\":[\"https:\/\/kapitalis.com\/tunisie\/2022\/01\/09\/les-syndicats-de-la-steg-cherchent-ils-a-accelerer-la-faillite-de-lentreprise\/\"]}]},{\"@type\":\"ImageObject\",\"inLanguage\":\"fr-FR\",\"@id\":\"https:\/\/kapitalis.com\/tunisie\/2022\/01\/09\/les-syndicats-de-la-steg-cherchent-ils-a-accelerer-la-faillite-de-lentreprise\/#primaryimage\",\"url\":\"\",\"contentUrl\":\"\"},{\"@type\":\"BreadcrumbList\",\"@id\":\"https:\/\/kapitalis.com\/tunisie\/2022\/01\/09\/les-syndicats-de-la-steg-cherchent-ils-a-accelerer-la-faillite-de-lentreprise\/#breadcrumb\",\"itemListElement\":[{\"@type\":\"ListItem\",\"position\":1,\"name\":\"Accueil\",\"item\":\"https:\/\/kapitalis.com\/tunisie\/\"},{\"@type\":\"ListItem\",\"position\":2,\"name\":\"Les syndicats de la Steg cherchent-ils \u00e0 acc\u00e9l\u00e9rer la faillite de l&rsquo;entreprise ?\"}]},{\"@type\":\"WebSite\",\"@id\":\"https:\/\/kapitalis.com\/tunisie\/#website\",\"url\":\"https:\/\/kapitalis.com\/tunisie\/\",\"name\":\"Kapitalis\",\"description\":\"L&#039;actualit\u00e9 en Tunisie et dans le monde\",\"publisher\":{\"@id\":\"https:\/\/kapitalis.com\/tunisie\/#organization\"},\"potentialAction\":[{\"@type\":\"SearchAction\",\"target\":{\"@type\":\"EntryPoint\",\"urlTemplate\":\"https:\/\/kapitalis.com\/tunisie\/?s={search_term_string}\"},\"query-input\":{\"@type\":\"PropertyValueSpecification\",\"valueRequired\":true,\"valueName\":\"search_term_string\"}}],\"inLanguage\":\"fr-FR\"},{\"@type\":\"Organization\",\"@id\":\"https:\/\/kapitalis.com\/tunisie\/#organization\",\"name\":\"Kapitalis\",\"url\":\"https:\/\/kapitalis.com\/tunisie\/\",\"logo\":{\"@type\":\"ImageObject\",\"inLanguage\":\"fr-FR\",\"@id\":\"https:\/\/kapitalis.com\/tunisie\/#\/schema\/logo\/image\/\",\"url\":\"https:\/\/kapitalis.com\/tunisie\/wp-content\/uploads\/2022\/05\/Kapitalis-big-size.png\",\"contentUrl\":\"https:\/\/kapitalis.com\/tunisie\/wp-content\/uploads\/2022\/05\/Kapitalis-big-size.png\",\"width\":5000,\"height\":1500,\"caption\":\"Kapitalis\"},\"image\":{\"@id\":\"https:\/\/kapitalis.com\/tunisie\/#\/schema\/logo\/image\/\"},\"sameAs\":[\"https:\/\/www.facebook.com\/KapitalisInfo\/\",\"https:\/\/x.com\/KapitalisInfo\",\"https:\/\/www.youtube.com\/channel\/UC-yDYrHyfFBWWZaOw3FPg9Q\"]},{\"@type\":\"Person\",\"@id\":\"https:\/\/kapitalis.com\/tunisie\/#\/schema\/person\/d71f33a9ca44f7bad4698210b480c8e9\",\"name\":\"webmaster kapitalis\",\"url\":\"https:\/\/kapitalis.com\/tunisie\/author\/webmaster-kapitalis\/\"}]}<\/script>\n<!-- \/ Yoast SEO plugin. -->","yoast_head_json":{"title":"Les syndicats de la Steg cherchent-ils \u00e0 acc\u00e9l\u00e9rer la faillite de l'entreprise ? - Kapitalis","robots":{"index":"index","follow":"follow","max-snippet":"max-snippet:-1","max-image-preview":"max-image-preview:large","max-video-preview":"max-video-preview:-1"},"canonical":"https:\/\/kapitalis.com\/tunisie\/2022\/01\/09\/les-syndicats-de-la-steg-cherchent-ils-a-accelerer-la-faillite-de-lentreprise\/","og_locale":"fr_FR","og_type":"article","og_title":"Les syndicats de la Steg cherchent-ils \u00e0 acc\u00e9l\u00e9rer la faillite de l'entreprise ? - Kapitalis","og_description":"Comme si la situation financi\u00e8re catastrophique de la Soci\u00e9t\u00e9 tunisienne d&rsquo;\u00e9lectricit\u00e9 et de gaz (Steg), qui souffre d&rsquo;un \u00e9norme d\u00e9ficit, \u00e0 l&rsquo;instar de toutes les autres entreprises publiques, ne suffisait \u00e0 ses malheurs, l&rsquo;Union g\u00e9n\u00e9rale tunisienne du travail (UGTT), dont la stupidit\u00e9 n&rsquo;a d&rsquo;\u00e9gal que l&rsquo;irresponsabilit\u00e9, semble s&rsquo;\u00eatre jur\u00e9e d&rsquo;acc\u00e9l\u00e9rer sa faillite.","og_url":"https:\/\/kapitalis.com\/tunisie\/2022\/01\/09\/les-syndicats-de-la-steg-cherchent-ils-a-accelerer-la-faillite-de-lentreprise\/","og_site_name":"Kapitalis","article_publisher":"https:\/\/www.facebook.com\/KapitalisInfo\/","article_published_time":"2022-01-09T08:19:05+00:00","article_modified_time":"2022-01-09T08:21:27+00:00","og_image":[{"url":"http:\/\/kapitalis.com\/tunisie\/wp-content\/uploads\/2021\/06\/Steg.jpg","type":"","width":"","height":""}],"author":"webmaster kapitalis","twitter_card":"summary_large_image","twitter_creator":"@KapitalisInfo","twitter_site":"@KapitalisInfo","twitter_misc":{"\u00c9crit par":"webmaster kapitalis","Dur\u00e9e de lecture estim\u00e9e":"2 minutes"},"schema":{"@context":"https:\/\/schema.org","@graph":[{"@type":"Article","@id":"https:\/\/kapitalis.com\/tunisie\/2022\/01\/09\/les-syndicats-de-la-steg-cherchent-ils-a-accelerer-la-faillite-de-lentreprise\/#article","isPartOf":{"@id":"https:\/\/kapitalis.com\/tunisie\/2022\/01\/09\/les-syndicats-de-la-steg-cherchent-ils-a-accelerer-la-faillite-de-lentreprise\/"},"author":{"name":"webmaster kapitalis","@id":"https:\/\/kapitalis.com\/tunisie\/#\/schema\/person\/d71f33a9ca44f7bad4698210b480c8e9"},"headline":"Les syndicats de la Steg cherchent-ils \u00e0 acc\u00e9l\u00e9rer la faillite de l&rsquo;entreprise ?","datePublished":"2022-01-09T08:19:05+00:00","dateModified":"2022-01-09T08:21:27+00:00","mainEntityOfPage":{"@id":"https:\/\/kapitalis.com\/tunisie\/2022\/01\/09\/les-syndicats-de-la-steg-cherchent-ils-a-accelerer-la-faillite-de-lentreprise\/"},"wordCount":433,"commentCount":4,"publisher":{"@id":"https:\/\/kapitalis.com\/tunisie\/#organization"},"image":{"@id":"https:\/\/kapitalis.com\/tunisie\/2022\/01\/09\/les-syndicats-de-la-steg-cherchent-ils-a-accelerer-la-faillite-de-lentreprise\/#primaryimage"},"thumbnailUrl":"http:\/\/kapitalis.com\/tunisie\/wp-content\/uploads\/2021\/06\/Steg.jpg","keywords":["Steg","Tunisie","UGTT"],"articleSection":["ECONOMIE","SOCIETE","Tunisie"],"inLanguage":"fr-FR","potentialAction":[{"@type":"CommentAction","name":"Comment","target":["https:\/\/kapitalis.com\/tunisie\/2022\/01\/09\/les-syndicats-de-la-steg-cherchent-ils-a-accelerer-la-faillite-de-lentreprise\/#respond"]}]},{"@type":"WebPage","@id":"https:\/\/kapitalis.com\/tunisie\/2022\/01\/09\/les-syndicats-de-la-steg-cherchent-ils-a-accelerer-la-faillite-de-lentreprise\/","url":"https:\/\/kapitalis.com\/tunisie\/2022\/01\/09\/les-syndicats-de-la-steg-cherchent-ils-a-accelerer-la-faillite-de-lentreprise\/","name":"Les syndicats de la Steg cherchent-ils \u00e0 acc\u00e9l\u00e9rer la faillite de l'entreprise ? - Kapitalis","isPartOf":{"@id":"https:\/\/kapitalis.com\/tunisie\/#website"},"primaryImageOfPage":{"@id":"https:\/\/kapitalis.com\/tunisie\/2022\/01\/09\/les-syndicats-de-la-steg-cherchent-ils-a-accelerer-la-faillite-de-lentreprise\/#primaryimage"},"image":{"@id":"https:\/\/kapitalis.com\/tunisie\/2022\/01\/09\/les-syndicats-de-la-steg-cherchent-ils-a-accelerer-la-faillite-de-lentreprise\/#primaryimage"},"thumbnailUrl":"http:\/\/kapitalis.com\/tunisie\/wp-content\/uploads\/2021\/06\/Steg.jpg","datePublished":"2022-01-09T08:19:05+00:00","dateModified":"2022-01-09T08:21:27+00:00","breadcrumb":{"@id":"https:\/\/kapitalis.com\/tunisie\/2022\/01\/09\/les-syndicats-de-la-steg-cherchent-ils-a-accelerer-la-faillite-de-lentreprise\/#breadcrumb"},"inLanguage":"fr-FR","potentialAction":[{"@type":"ReadAction","target":["https:\/\/kapitalis.com\/tunisie\/2022\/01\/09\/les-syndicats-de-la-steg-cherchent-ils-a-accelerer-la-faillite-de-lentreprise\/"]}]},{"@type":"ImageObject","inLanguage":"fr-FR","@id":"https:\/\/kapitalis.com\/tunisie\/2022\/01\/09\/les-syndicats-de-la-steg-cherchent-ils-a-accelerer-la-faillite-de-lentreprise\/#primaryimage","url":"","contentUrl":""},{"@type":"BreadcrumbList","@id":"https:\/\/kapitalis.com\/tunisie\/2022\/01\/09\/les-syndicats-de-la-steg-cherchent-ils-a-accelerer-la-faillite-de-lentreprise\/#breadcrumb","itemListElement":[{"@type":"ListItem","position":1,"name":"Accueil","item":"https:\/\/kapitalis.com\/tunisie\/"},{"@type":"ListItem","position":2,"name":"Les syndicats de la Steg cherchent-ils \u00e0 acc\u00e9l\u00e9rer la faillite de l&rsquo;entreprise ?"}]},{"@type":"WebSite","@id":"https:\/\/kapitalis.com\/tunisie\/#website","url":"https:\/\/kapitalis.com\/tunisie\/","name":"Kapitalis","description":"L&#039;actualit\u00e9 en Tunisie et dans le monde","publisher":{"@id":"https:\/\/kapitalis.com\/tunisie\/#organization"},"potentialAction":[{"@type":"SearchAction","target":{"@type":"EntryPoint","urlTemplate":"https:\/\/kapitalis.com\/tunisie\/?s={search_term_string}"},"query-input":{"@type":"PropertyValueSpecification","valueRequired":true,"valueName":"search_term_string"}}],"inLanguage":"fr-FR"},{"@type":"Organization","@id":"https:\/\/kapitalis.com\/tunisie\/#organization","name":"Kapitalis","url":"https:\/\/kapitalis.com\/tunisie\/","logo":{"@type":"ImageObject","inLanguage":"fr-FR","@id":"https:\/\/kapitalis.com\/tunisie\/#\/schema\/logo\/image\/","url":"https:\/\/kapitalis.com\/tunisie\/wp-content\/uploads\/2022\/05\/Kapitalis-big-size.png","contentUrl":"https:\/\/kapitalis.com\/tunisie\/wp-content\/uploads\/2022\/05\/Kapitalis-big-size.png","width":5000,"height":1500,"caption":"Kapitalis"},"image":{"@id":"https:\/\/kapitalis.com\/tunisie\/#\/schema\/logo\/image\/"},"sameAs":["https:\/\/www.facebook.com\/KapitalisInfo\/","https:\/\/x.com\/KapitalisInfo","https:\/\/www.youtube.com\/channel\/UC-yDYrHyfFBWWZaOw3FPg9Q"]},{"@type":"Person","@id":"https:\/\/kapitalis.com\/tunisie\/#\/schema\/person\/d71f33a9ca44f7bad4698210b480c8e9","name":"webmaster kapitalis","url":"https:\/\/kapitalis.com\/tunisie\/author\/webmaster-kapitalis\/"}]}},"_links":{"self":[{"href":"https:\/\/kapitalis.com\/tunisie\/wp-json\/wp\/v2\/posts\/376311","targetHints":{"allow":["GET"]}}],"collection":[{"href":"https:\/\/kapitalis.com\/tunisie\/wp-json\/wp\/v2\/posts"}],"about":[{"href":"https:\/\/kapitalis.com\/tunisie\/wp-json\/wp\/v2\/types\/post"}],"author":[{"embeddable":true,"href":"https:\/\/kapitalis.com\/tunisie\/wp-json\/wp\/v2\/users\/8"}],"replies":[{"embeddable":true,"href":"https:\/\/kapitalis.com\/tunisie\/wp-json\/wp\/v2\/comments?post=376311"}],"version-history":[{"count":0,"href":"https:\/\/kapitalis.com\/tunisie\/wp-json\/wp\/v2\/posts\/376311\/revisions"}],"wp:attachment":[{"href":"https:\/\/kapitalis.com\/tunisie\/wp-json\/wp\/v2\/media?parent=376311"}],"wp:term":[{"taxonomy":"category","embeddable":true,"href":"https:\/\/kapitalis.com\/tunisie\/wp-json\/wp\/v2\/categories?post=376311"},{"taxonomy":"post_tag","embeddable":true,"href":"https:\/\/kapitalis.com\/tunisie\/wp-json\/wp\/v2\/tags?post=376311"}],"curies":[{"name":"wp","href":"https:\/\/api.w.org\/{rel}","templated":true}]}}