{"id":376382,"date":"2022-01-10T11:06:31","date_gmt":"2022-01-10T10:06:31","guid":{"rendered":"http:\/\/kapitalis.com\/tunisie\/?p=376382"},"modified":"2022-01-10T11:10:17","modified_gmt":"2022-01-10T10:10:17","slug":"la-cinematheque-tunisienne-accueillera-la-7e-edition-du-festival-international-du-court-metrage-panorama","status":"publish","type":"post","link":"https:\/\/kapitalis.com\/tunisie\/2022\/01\/10\/la-cinematheque-tunisienne-accueillera-la-7e-edition-du-festival-international-du-court-metrage-panorama\/","title":{"rendered":"La Cin\u00e9math\u00e8que tunisienne accueillera la 7e \u00e9dition du Festival international du Court-m\u00e9trage (Panorama)"},"content":{"rendered":"\n<div class=\"wp-block-image\"><figure class=\"aligncenter size-full\"><img decoding=\"async\" src=\"http:\/\/kapitalis.com\/tunisie\/wp-content\/uploads\/2022\/01\/Untitled-3-1.jpg\" alt=\"\" class=\"wp-image-376390\"\/><\/figure><\/div>\n\n\n\n<p><strong><em>La 7<sup>e<\/sup> \u00e9dition du Festival international du Court-m\u00e9trage se tiendra du 1<sup>er<\/sup> au 3 f\u00e9vrier 2022 \u00e0 la salle Tahar Chariaa de la Cin\u00e9math\u00e8que tunisienne.<\/em><\/strong><\/p>\n\n\n\n<!--more-->\n\n\n\n<p>Lanc\u00e9 en 2016, le Festival Panorama est dirig\u00e9 par le r\u00e9alisateur Kamel Aouij, il s\u2019agit d\u2019un jeune festival enti\u00e8rement d\u00e9di\u00e9 au format court-m\u00e9trage qui met en comp\u00e9tition des films issus de diff\u00e9rents pays du monde.<\/p>\n\n\n\n<p>Le festival se tiendra pour la troisi\u00e8me ann\u00e9e cons\u00e9cutive \u00e0 la Cin\u00e9math\u00e8que tunisienne et donnera \u00e0 voir une panoplie de films tout r\u00e9cents dont beaucoup seront projet\u00e9s en avant-premi\u00e8re. Parmi plus de 300 candidatures, le comit\u00e9 directeur a s\u00e9lectionn\u00e9 24 films (20 fictions et 4 documentaires) qui feront partie de la comp\u00e9tition. Le directeur du festival Kamel Aouij a annonc\u00e9 que l\u2019actrice H\u00e9l\u00e8ne Catzaras fera partie du jury.<\/p>\n\n\n\n<p>Le film d\u2019ouverture sera \u00ab&nbsp;Poussi\u00e8re d\u2019\u00e9toiles&nbsp;\u00bb de la jeune r\u00e9alisatrice MirvetMedni Kammoun<\/p>\n\n\n\n<p>Toutes les projections auront lieu \u00e0 la salle Tahar Chariaa \u00e0 la Cin\u00e9math\u00e8que tunisienne (Cit\u00e9 de la Culture).<\/p>\n\n\n\n<p class=\"has-text-align-right\"><strong>F.B<\/strong><\/p>\n","protected":false},"excerpt":{"rendered":"<p>La 7e \u00e9dition du Festival international du Court-m\u00e9trage se tiendra du 1er au 3 f\u00e9vrier 2022 \u00e0 la salle Tahar Chariaa de la Cin\u00e9math\u00e8que tunisienne.<\/p>\n","protected":false},"author":26,"featured_media":376390,"comment_status":"open","ping_status":"open","sticky":false,"template":"","format":"standard","meta":{"footnotes":""},"categories":[994,2433],"tags":[34406,5455,86321,86320,86322,62643],"class_list":["post-376382","post","type-post","status-publish","format-standard","has-post-thumbnail","hentry","category-culture","category-tunisie","tag-cinematheque-tunisienne","tag-court-metrage","tag-festival-court-metrage","tag-festival-panorama","tag-kamel-aouij","tag-tunisie"],"yoast_head":"<!-- This site is optimized with the Yoast SEO plugin v26.6 - https:\/\/yoast.com\/wordpress\/plugins\/seo\/ -->\n<title>La Cin\u00e9math\u00e8que tunisienne accueillera la 7e \u00e9dition du Festival international du Court-m\u00e9trage (Panorama) - Kapitalis<\/title>\n<meta name=\"robots\" content=\"index, follow, max-snippet:-1, max-image-preview:large, max-video-preview:-1\" \/>\n<link rel=\"canonical\" href=\"https:\/\/kapitalis.com\/tunisie\/2022\/01\/10\/la-cinematheque-tunisienne-accueillera-la-7e-edition-du-festival-international-du-court-metrage-panorama\/\" \/>\n<meta property=\"og:locale\" content=\"fr_FR\" \/>\n<meta property=\"og:type\" content=\"article\" \/>\n<meta property=\"og:title\" content=\"La Cin\u00e9math\u00e8que tunisienne accueillera la 7e \u00e9dition du Festival international du Court-m\u00e9trage (Panorama) - Kapitalis\" \/>\n<meta property=\"og:description\" content=\"La 7e \u00e9dition du Festival international du Court-m\u00e9trage se tiendra du 1er au 3 f\u00e9vrier 2022 \u00e0 la salle Tahar Chariaa de la Cin\u00e9math\u00e8que tunisienne.\" \/>\n<meta property=\"og:url\" content=\"https:\/\/kapitalis.com\/tunisie\/2022\/01\/10\/la-cinematheque-tunisienne-accueillera-la-7e-edition-du-festival-international-du-court-metrage-panorama\/\" \/>\n<meta property=\"og:site_name\" content=\"Kapitalis\" \/>\n<meta property=\"article:publisher\" content=\"https:\/\/www.facebook.com\/KapitalisInfo\/\" \/>\n<meta property=\"article:published_time\" content=\"2022-01-10T10:06:31+00:00\" \/>\n<meta property=\"article:modified_time\" content=\"2022-01-10T10:10:17+00:00\" \/>\n<meta property=\"og:image\" content=\"https:\/\/kapitalis.com\/tunisie\/wp-content\/uploads\/2022\/05\/kapitalis-logo-fb.png\" \/>\n\t<meta property=\"og:image:width\" content=\"1200\" \/>\n\t<meta property=\"og:image:height\" content=\"630\" \/>\n\t<meta property=\"og:image:type\" content=\"image\/png\" \/>\n<meta name=\"author\" content=\"Fawz BenAli\" \/>\n<meta name=\"twitter:card\" content=\"summary_large_image\" \/>\n<meta name=\"twitter:creator\" content=\"@KapitalisInfo\" \/>\n<meta name=\"twitter:site\" content=\"@KapitalisInfo\" \/>\n<meta name=\"twitter:label1\" content=\"\u00c9crit par\" \/>\n\t<meta name=\"twitter:data1\" content=\"Fawz BenAli\" \/>\n\t<meta name=\"twitter:label2\" content=\"Dur\u00e9e de lecture estim\u00e9e\" \/>\n\t<meta name=\"twitter:data2\" content=\"1 minute\" \/>\n<script type=\"application\/ld+json\" class=\"yoast-schema-graph\">{\"@context\":\"https:\/\/schema.org\",\"@graph\":[{\"@type\":\"Article\",\"@id\":\"https:\/\/kapitalis.com\/tunisie\/2022\/01\/10\/la-cinematheque-tunisienne-accueillera-la-7e-edition-du-festival-international-du-court-metrage-panorama\/#article\",\"isPartOf\":{\"@id\":\"https:\/\/kapitalis.com\/tunisie\/2022\/01\/10\/la-cinematheque-tunisienne-accueillera-la-7e-edition-du-festival-international-du-court-metrage-panorama\/\"},\"author\":{\"name\":\"Fawz BenAli\",\"@id\":\"https:\/\/kapitalis.com\/tunisie\/#\/schema\/person\/73a5ecc1f6ae540c6ed91342eadca948\"},\"headline\":\"La Cin\u00e9math\u00e8que tunisienne accueillera la 7e \u00e9dition du Festival international du Court-m\u00e9trage (Panorama)\",\"datePublished\":\"2022-01-10T10:06:31+00:00\",\"dateModified\":\"2022-01-10T10:10:17+00:00\",\"mainEntityOfPage\":{\"@id\":\"https:\/\/kapitalis.com\/tunisie\/2022\/01\/10\/la-cinematheque-tunisienne-accueillera-la-7e-edition-du-festival-international-du-court-metrage-panorama\/\"},\"wordCount\":197,\"commentCount\":0,\"publisher\":{\"@id\":\"https:\/\/kapitalis.com\/tunisie\/#organization\"},\"image\":{\"@id\":\"https:\/\/kapitalis.com\/tunisie\/2022\/01\/10\/la-cinematheque-tunisienne-accueillera-la-7e-edition-du-festival-international-du-court-metrage-panorama\/#primaryimage\"},\"thumbnailUrl\":\"\",\"keywords\":[\"Cin\u00e9math\u00e8que tunisienne\",\"court-m\u00e9trage\",\"Festival court-m\u00e9trage\",\"Festival Panorama\",\"Kamel Aouij\",\"Tunisie\"],\"articleSection\":[\"CULTURE\",\"Tunisie\"],\"inLanguage\":\"fr-FR\",\"potentialAction\":[{\"@type\":\"CommentAction\",\"name\":\"Comment\",\"target\":[\"https:\/\/kapitalis.com\/tunisie\/2022\/01\/10\/la-cinematheque-tunisienne-accueillera-la-7e-edition-du-festival-international-du-court-metrage-panorama\/#respond\"]}]},{\"@type\":\"WebPage\",\"@id\":\"https:\/\/kapitalis.com\/tunisie\/2022\/01\/10\/la-cinematheque-tunisienne-accueillera-la-7e-edition-du-festival-international-du-court-metrage-panorama\/\",\"url\":\"https:\/\/kapitalis.com\/tunisie\/2022\/01\/10\/la-cinematheque-tunisienne-accueillera-la-7e-edition-du-festival-international-du-court-metrage-panorama\/\",\"name\":\"La Cin\u00e9math\u00e8que tunisienne accueillera la 7e \u00e9dition du Festival international du Court-m\u00e9trage (Panorama) - Kapitalis\",\"isPartOf\":{\"@id\":\"https:\/\/kapitalis.com\/tunisie\/#website\"},\"primaryImageOfPage\":{\"@id\":\"https:\/\/kapitalis.com\/tunisie\/2022\/01\/10\/la-cinematheque-tunisienne-accueillera-la-7e-edition-du-festival-international-du-court-metrage-panorama\/#primaryimage\"},\"image\":{\"@id\":\"https:\/\/kapitalis.com\/tunisie\/2022\/01\/10\/la-cinematheque-tunisienne-accueillera-la-7e-edition-du-festival-international-du-court-metrage-panorama\/#primaryimage\"},\"thumbnailUrl\":\"\",\"datePublished\":\"2022-01-10T10:06:31+00:00\",\"dateModified\":\"2022-01-10T10:10:17+00:00\",\"breadcrumb\":{\"@id\":\"https:\/\/kapitalis.com\/tunisie\/2022\/01\/10\/la-cinematheque-tunisienne-accueillera-la-7e-edition-du-festival-international-du-court-metrage-panorama\/#breadcrumb\"},\"inLanguage\":\"fr-FR\",\"potentialAction\":[{\"@type\":\"ReadAction\",\"target\":[\"https:\/\/kapitalis.com\/tunisie\/2022\/01\/10\/la-cinematheque-tunisienne-accueillera-la-7e-edition-du-festival-international-du-court-metrage-panorama\/\"]}]},{\"@type\":\"ImageObject\",\"inLanguage\":\"fr-FR\",\"@id\":\"https:\/\/kapitalis.com\/tunisie\/2022\/01\/10\/la-cinematheque-tunisienne-accueillera-la-7e-edition-du-festival-international-du-court-metrage-panorama\/#primaryimage\",\"url\":\"\",\"contentUrl\":\"\"},{\"@type\":\"BreadcrumbList\",\"@id\":\"https:\/\/kapitalis.com\/tunisie\/2022\/01\/10\/la-cinematheque-tunisienne-accueillera-la-7e-edition-du-festival-international-du-court-metrage-panorama\/#breadcrumb\",\"itemListElement\":[{\"@type\":\"ListItem\",\"position\":1,\"name\":\"Accueil\",\"item\":\"https:\/\/kapitalis.com\/tunisie\/\"},{\"@type\":\"ListItem\",\"position\":2,\"name\":\"La Cin\u00e9math\u00e8que tunisienne accueillera la 7e \u00e9dition du Festival international du Court-m\u00e9trage (Panorama)\"}]},{\"@type\":\"WebSite\",\"@id\":\"https:\/\/kapitalis.com\/tunisie\/#website\",\"url\":\"https:\/\/kapitalis.com\/tunisie\/\",\"name\":\"Kapitalis\",\"description\":\"L&#039;actualit\u00e9 en Tunisie et dans le monde\",\"publisher\":{\"@id\":\"https:\/\/kapitalis.com\/tunisie\/#organization\"},\"potentialAction\":[{\"@type\":\"SearchAction\",\"target\":{\"@type\":\"EntryPoint\",\"urlTemplate\":\"https:\/\/kapitalis.com\/tunisie\/?s={search_term_string}\"},\"query-input\":{\"@type\":\"PropertyValueSpecification\",\"valueRequired\":true,\"valueName\":\"search_term_string\"}}],\"inLanguage\":\"fr-FR\"},{\"@type\":\"Organization\",\"@id\":\"https:\/\/kapitalis.com\/tunisie\/#organization\",\"name\":\"Kapitalis\",\"url\":\"https:\/\/kapitalis.com\/tunisie\/\",\"logo\":{\"@type\":\"ImageObject\",\"inLanguage\":\"fr-FR\",\"@id\":\"https:\/\/kapitalis.com\/tunisie\/#\/schema\/logo\/image\/\",\"url\":\"https:\/\/kapitalis.com\/tunisie\/wp-content\/uploads\/2022\/05\/Kapitalis-big-size.png\",\"contentUrl\":\"https:\/\/kapitalis.com\/tunisie\/wp-content\/uploads\/2022\/05\/Kapitalis-big-size.png\",\"width\":5000,\"height\":1500,\"caption\":\"Kapitalis\"},\"image\":{\"@id\":\"https:\/\/kapitalis.com\/tunisie\/#\/schema\/logo\/image\/\"},\"sameAs\":[\"https:\/\/www.facebook.com\/KapitalisInfo\/\",\"https:\/\/x.com\/KapitalisInfo\",\"https:\/\/www.youtube.com\/channel\/UC-yDYrHyfFBWWZaOw3FPg9Q\"]},{\"@type\":\"Person\",\"@id\":\"https:\/\/kapitalis.com\/tunisie\/#\/schema\/person\/73a5ecc1f6ae540c6ed91342eadca948\",\"name\":\"Fawz BenAli\",\"url\":\"https:\/\/kapitalis.com\/tunisie\/author\/fawz\/\"}]}<\/script>\n<!-- \/ Yoast SEO plugin. -->","yoast_head_json":{"title":"La Cin\u00e9math\u00e8que tunisienne accueillera la 7e \u00e9dition du Festival international du Court-m\u00e9trage (Panorama) - Kapitalis","robots":{"index":"index","follow":"follow","max-snippet":"max-snippet:-1","max-image-preview":"max-image-preview:large","max-video-preview":"max-video-preview:-1"},"canonical":"https:\/\/kapitalis.com\/tunisie\/2022\/01\/10\/la-cinematheque-tunisienne-accueillera-la-7e-edition-du-festival-international-du-court-metrage-panorama\/","og_locale":"fr_FR","og_type":"article","og_title":"La Cin\u00e9math\u00e8que tunisienne accueillera la 7e \u00e9dition du Festival international du Court-m\u00e9trage (Panorama) - Kapitalis","og_description":"La 7e \u00e9dition du Festival international du Court-m\u00e9trage se tiendra du 1er au 3 f\u00e9vrier 2022 \u00e0 la salle Tahar Chariaa de la Cin\u00e9math\u00e8que tunisienne.","og_url":"https:\/\/kapitalis.com\/tunisie\/2022\/01\/10\/la-cinematheque-tunisienne-accueillera-la-7e-edition-du-festival-international-du-court-metrage-panorama\/","og_site_name":"Kapitalis","article_publisher":"https:\/\/www.facebook.com\/KapitalisInfo\/","article_published_time":"2022-01-10T10:06:31+00:00","article_modified_time":"2022-01-10T10:10:17+00:00","og_image":[{"width":1200,"height":630,"url":"https:\/\/kapitalis.com\/tunisie\/wp-content\/uploads\/2022\/05\/kapitalis-logo-fb.png","type":"image\/png"}],"author":"Fawz BenAli","twitter_card":"summary_large_image","twitter_creator":"@KapitalisInfo","twitter_site":"@KapitalisInfo","twitter_misc":{"\u00c9crit par":"Fawz BenAli","Dur\u00e9e de lecture estim\u00e9e":"1 minute"},"schema":{"@context":"https:\/\/schema.org","@graph":[{"@type":"Article","@id":"https:\/\/kapitalis.com\/tunisie\/2022\/01\/10\/la-cinematheque-tunisienne-accueillera-la-7e-edition-du-festival-international-du-court-metrage-panorama\/#article","isPartOf":{"@id":"https:\/\/kapitalis.com\/tunisie\/2022\/01\/10\/la-cinematheque-tunisienne-accueillera-la-7e-edition-du-festival-international-du-court-metrage-panorama\/"},"author":{"name":"Fawz BenAli","@id":"https:\/\/kapitalis.com\/tunisie\/#\/schema\/person\/73a5ecc1f6ae540c6ed91342eadca948"},"headline":"La Cin\u00e9math\u00e8que tunisienne accueillera la 7e \u00e9dition du Festival international du Court-m\u00e9trage (Panorama)","datePublished":"2022-01-10T10:06:31+00:00","dateModified":"2022-01-10T10:10:17+00:00","mainEntityOfPage":{"@id":"https:\/\/kapitalis.com\/tunisie\/2022\/01\/10\/la-cinematheque-tunisienne-accueillera-la-7e-edition-du-festival-international-du-court-metrage-panorama\/"},"wordCount":197,"commentCount":0,"publisher":{"@id":"https:\/\/kapitalis.com\/tunisie\/#organization"},"image":{"@id":"https:\/\/kapitalis.com\/tunisie\/2022\/01\/10\/la-cinematheque-tunisienne-accueillera-la-7e-edition-du-festival-international-du-court-metrage-panorama\/#primaryimage"},"thumbnailUrl":"","keywords":["Cin\u00e9math\u00e8que tunisienne","court-m\u00e9trage","Festival court-m\u00e9trage","Festival Panorama","Kamel Aouij","Tunisie"],"articleSection":["CULTURE","Tunisie"],"inLanguage":"fr-FR","potentialAction":[{"@type":"CommentAction","name":"Comment","target":["https:\/\/kapitalis.com\/tunisie\/2022\/01\/10\/la-cinematheque-tunisienne-accueillera-la-7e-edition-du-festival-international-du-court-metrage-panorama\/#respond"]}]},{"@type":"WebPage","@id":"https:\/\/kapitalis.com\/tunisie\/2022\/01\/10\/la-cinematheque-tunisienne-accueillera-la-7e-edition-du-festival-international-du-court-metrage-panorama\/","url":"https:\/\/kapitalis.com\/tunisie\/2022\/01\/10\/la-cinematheque-tunisienne-accueillera-la-7e-edition-du-festival-international-du-court-metrage-panorama\/","name":"La Cin\u00e9math\u00e8que tunisienne accueillera la 7e \u00e9dition du Festival international du Court-m\u00e9trage (Panorama) - Kapitalis","isPartOf":{"@id":"https:\/\/kapitalis.com\/tunisie\/#website"},"primaryImageOfPage":{"@id":"https:\/\/kapitalis.com\/tunisie\/2022\/01\/10\/la-cinematheque-tunisienne-accueillera-la-7e-edition-du-festival-international-du-court-metrage-panorama\/#primaryimage"},"image":{"@id":"https:\/\/kapitalis.com\/tunisie\/2022\/01\/10\/la-cinematheque-tunisienne-accueillera-la-7e-edition-du-festival-international-du-court-metrage-panorama\/#primaryimage"},"thumbnailUrl":"","datePublished":"2022-01-10T10:06:31+00:00","dateModified":"2022-01-10T10:10:17+00:00","breadcrumb":{"@id":"https:\/\/kapitalis.com\/tunisie\/2022\/01\/10\/la-cinematheque-tunisienne-accueillera-la-7e-edition-du-festival-international-du-court-metrage-panorama\/#breadcrumb"},"inLanguage":"fr-FR","potentialAction":[{"@type":"ReadAction","target":["https:\/\/kapitalis.com\/tunisie\/2022\/01\/10\/la-cinematheque-tunisienne-accueillera-la-7e-edition-du-festival-international-du-court-metrage-panorama\/"]}]},{"@type":"ImageObject","inLanguage":"fr-FR","@id":"https:\/\/kapitalis.com\/tunisie\/2022\/01\/10\/la-cinematheque-tunisienne-accueillera-la-7e-edition-du-festival-international-du-court-metrage-panorama\/#primaryimage","url":"","contentUrl":""},{"@type":"BreadcrumbList","@id":"https:\/\/kapitalis.com\/tunisie\/2022\/01\/10\/la-cinematheque-tunisienne-accueillera-la-7e-edition-du-festival-international-du-court-metrage-panorama\/#breadcrumb","itemListElement":[{"@type":"ListItem","position":1,"name":"Accueil","item":"https:\/\/kapitalis.com\/tunisie\/"},{"@type":"ListItem","position":2,"name":"La Cin\u00e9math\u00e8que tunisienne accueillera la 7e \u00e9dition du Festival international du Court-m\u00e9trage (Panorama)"}]},{"@type":"WebSite","@id":"https:\/\/kapitalis.com\/tunisie\/#website","url":"https:\/\/kapitalis.com\/tunisie\/","name":"Kapitalis","description":"L&#039;actualit\u00e9 en Tunisie et dans le monde","publisher":{"@id":"https:\/\/kapitalis.com\/tunisie\/#organization"},"potentialAction":[{"@type":"SearchAction","target":{"@type":"EntryPoint","urlTemplate":"https:\/\/kapitalis.com\/tunisie\/?s={search_term_string}"},"query-input":{"@type":"PropertyValueSpecification","valueRequired":true,"valueName":"search_term_string"}}],"inLanguage":"fr-FR"},{"@type":"Organization","@id":"https:\/\/kapitalis.com\/tunisie\/#organization","name":"Kapitalis","url":"https:\/\/kapitalis.com\/tunisie\/","logo":{"@type":"ImageObject","inLanguage":"fr-FR","@id":"https:\/\/kapitalis.com\/tunisie\/#\/schema\/logo\/image\/","url":"https:\/\/kapitalis.com\/tunisie\/wp-content\/uploads\/2022\/05\/Kapitalis-big-size.png","contentUrl":"https:\/\/kapitalis.com\/tunisie\/wp-content\/uploads\/2022\/05\/Kapitalis-big-size.png","width":5000,"height":1500,"caption":"Kapitalis"},"image":{"@id":"https:\/\/kapitalis.com\/tunisie\/#\/schema\/logo\/image\/"},"sameAs":["https:\/\/www.facebook.com\/KapitalisInfo\/","https:\/\/x.com\/KapitalisInfo","https:\/\/www.youtube.com\/channel\/UC-yDYrHyfFBWWZaOw3FPg9Q"]},{"@type":"Person","@id":"https:\/\/kapitalis.com\/tunisie\/#\/schema\/person\/73a5ecc1f6ae540c6ed91342eadca948","name":"Fawz BenAli","url":"https:\/\/kapitalis.com\/tunisie\/author\/fawz\/"}]}},"_links":{"self":[{"href":"https:\/\/kapitalis.com\/tunisie\/wp-json\/wp\/v2\/posts\/376382","targetHints":{"allow":["GET"]}}],"collection":[{"href":"https:\/\/kapitalis.com\/tunisie\/wp-json\/wp\/v2\/posts"}],"about":[{"href":"https:\/\/kapitalis.com\/tunisie\/wp-json\/wp\/v2\/types\/post"}],"author":[{"embeddable":true,"href":"https:\/\/kapitalis.com\/tunisie\/wp-json\/wp\/v2\/users\/26"}],"replies":[{"embeddable":true,"href":"https:\/\/kapitalis.com\/tunisie\/wp-json\/wp\/v2\/comments?post=376382"}],"version-history":[{"count":0,"href":"https:\/\/kapitalis.com\/tunisie\/wp-json\/wp\/v2\/posts\/376382\/revisions"}],"wp:featuredmedia":[{"embeddable":true,"href":"https:\/\/kapitalis.com\/tunisie\/wp-json\/wp\/v2\/media\/376390"}],"wp:attachment":[{"href":"https:\/\/kapitalis.com\/tunisie\/wp-json\/wp\/v2\/media?parent=376382"}],"wp:term":[{"taxonomy":"category","embeddable":true,"href":"https:\/\/kapitalis.com\/tunisie\/wp-json\/wp\/v2\/categories?post=376382"},{"taxonomy":"post_tag","embeddable":true,"href":"https:\/\/kapitalis.com\/tunisie\/wp-json\/wp\/v2\/tags?post=376382"}],"curies":[{"name":"wp","href":"https:\/\/api.w.org\/{rel}","templated":true}]}}