{"id":376537,"date":"2022-01-11T11:22:49","date_gmt":"2022-01-11T10:22:49","guid":{"rendered":"http:\/\/kapitalis.com\/tunisie\/?p=376537"},"modified":"2022-01-11T11:25:28","modified_gmt":"2022-01-11T10:25:28","slug":"leur-algerie-lina-soualem-presente-a-tunis-son-film-sur-les-ouvriers-algeriens-de-france","status":"publish","type":"post","link":"https:\/\/kapitalis.com\/tunisie\/2022\/01\/11\/leur-algerie-lina-soualem-presente-a-tunis-son-film-sur-les-ouvriers-algeriens-de-france\/","title":{"rendered":"\u00ab\u00a0Leur Alg\u00e9rie\u00a0\u00bb : Lina Soualem pr\u00e9sente \u00e0 Tunis son film sur les ouvriers alg\u00e9riens de France"},"content":{"rendered":"\n<div class=\"wp-block-image\"><figure class=\"aligncenter size-full\"><img decoding=\"async\" src=\"http:\/\/kapitalis.com\/tunisie\/wp-content\/uploads\/2022\/01\/Untitled-2-3.jpg\" alt=\"\" class=\"wp-image-376553\"\/><\/figure><\/div>\n\n\n\n<p><em><strong>L\u2019actrice et r\u00e9alisatrice fran\u00e7aise Lina Soualem sera ce soir au Cin\u00e9-Madart \u00e0 Carthage pour pr\u00e9senter son film documentaire \u00ab\u00a0Leur Alg\u00e9rie\u00a0\u00bb. A travers l\u2019histoire de ses grands-parents, la cin\u00e9aste fait le r\u00e9cit des ouvriers alg\u00e9riens immigr\u00e9s en France.<\/strong><\/em><\/p>\n\n\n\n<!--more-->\n\n\n\n<p>Elle s\u2019est fait d\u2019abord connaitre comme actrice dans des films comme \u00ab\u00a0<em>A mon \u00e2ge je me cache encore pour fumer<\/em>\u00a0\u00bb (2017) ou encore \u00ab\u00a0<em>Tu m\u00e9rites un amour<\/em>\u00a0\u00bb (2019), Lina Soualem (fille de Hiam Abbas et de Zinedine Soualem) r\u00e9alise son tout premier film \u00ab\u00a0<em>Leur Alg\u00e9rie<\/em>\u00a0\u00bb, un documentaire qu\u2019elle a pu pr\u00e9senter dans de nombreux festivals internationaux et qui lui a valu le prix du meilleur documentaire au Festival d\u2019El Gouna.<\/p>\n\n\n\n<p>Lina Soualem raconte \u00e0 travers ce film tr\u00e8s personnel l\u2019histoire de ses grands-parents paternels A\u00efcha et Mabrouk qui d\u00e9cident de se s\u00e9parer apr\u00e8s une soixantaine d\u2019ann\u00e9es de mariage. Le film fait le portrait d\u2019une g\u00e9n\u00e9ration d\u2019immigr\u00e9s alg\u00e9riens venus en France pour travailler. A travers le personnage de son grand-p\u00e8re, la r\u00e9alisatrice \u00e9voque \u00e9galement l\u2019ancienne industrie couteli\u00e8re de Thiers.<\/p>\n\n\n\n<p>Lina Soualem sera pr\u00e9sente ce soir au Cin\u00e9-Madart pour un d\u00e9bat avec le public tunisien. Elle sera par la suite \u00e9galement pr\u00e9sente au cin\u00e9ma Le M\u00e9tropole \u00e0 Menzel Bourguiba, \u00e0 l\u2019Ecole sup\u00e9rieure du Cin\u00e9ma et de l\u2019Audiovisuel \u00e0 Gammart, \u00e0 l\u2019espace Jeelen \u00e0 Nabeul et au Cin\u00e9-club Oued Ellil.<\/p>\n\n\n\n<p class=\"has-text-align-right\"><strong>F.B<\/strong><\/p>\n","protected":false},"excerpt":{"rendered":"<p>L\u2019actrice et r\u00e9alisatrice fran\u00e7aise Lina Soualem sera ce soir au Cin\u00e9-Madart \u00e0 Carthage pour pr\u00e9senter son film documentaire \u00ab\u00a0Leur Alg\u00e9rie\u00a0\u00bb. A travers l\u2019histoire de ses grands-parents, la cin\u00e9aste fait le r\u00e9cit des ouvriers alg\u00e9riens immigr\u00e9s en France.<\/p>\n","protected":false},"author":26,"featured_media":376553,"comment_status":"open","ping_status":"open","sticky":false,"template":"","format":"standard","meta":{"footnotes":""},"categories":[994,2433],"tags":[64,96216,96399,96398,62643],"class_list":["post-376537","post","type-post","status-publish","format-standard","has-post-thumbnail","hentry","category-culture","category-tunisie","tag-algerie","tag-cinema-maghrebin","tag-leur-algerie","tag-lina-soualem","tag-tunisie"],"yoast_head":"<!-- This site is optimized with the Yoast SEO plugin v26.6 - https:\/\/yoast.com\/wordpress\/plugins\/seo\/ -->\n<title>&quot;Leur Alg\u00e9rie&quot; : Lina Soualem pr\u00e9sente \u00e0 Tunis son film sur les ouvriers alg\u00e9riens de France - Kapitalis<\/title>\n<meta name=\"robots\" content=\"index, follow, max-snippet:-1, max-image-preview:large, max-video-preview:-1\" \/>\n<link rel=\"canonical\" href=\"https:\/\/kapitalis.com\/tunisie\/2022\/01\/11\/leur-algerie-lina-soualem-presente-a-tunis-son-film-sur-les-ouvriers-algeriens-de-france\/\" \/>\n<meta property=\"og:locale\" content=\"fr_FR\" \/>\n<meta property=\"og:type\" content=\"article\" \/>\n<meta property=\"og:title\" content=\"&quot;Leur Alg\u00e9rie&quot; : Lina Soualem pr\u00e9sente \u00e0 Tunis son film sur les ouvriers alg\u00e9riens de France - Kapitalis\" \/>\n<meta property=\"og:description\" content=\"L\u2019actrice et r\u00e9alisatrice fran\u00e7aise Lina Soualem sera ce soir au Cin\u00e9-Madart \u00e0 Carthage pour pr\u00e9senter son film documentaire \u00ab\u00a0Leur Alg\u00e9rie\u00a0\u00bb. A travers l\u2019histoire de ses grands-parents, la cin\u00e9aste fait le r\u00e9cit des ouvriers alg\u00e9riens immigr\u00e9s en France.\" \/>\n<meta property=\"og:url\" content=\"https:\/\/kapitalis.com\/tunisie\/2022\/01\/11\/leur-algerie-lina-soualem-presente-a-tunis-son-film-sur-les-ouvriers-algeriens-de-france\/\" \/>\n<meta property=\"og:site_name\" content=\"Kapitalis\" \/>\n<meta property=\"article:publisher\" content=\"https:\/\/www.facebook.com\/KapitalisInfo\/\" \/>\n<meta property=\"article:published_time\" content=\"2022-01-11T10:22:49+00:00\" \/>\n<meta property=\"article:modified_time\" content=\"2022-01-11T10:25:28+00:00\" \/>\n<meta property=\"og:image\" content=\"https:\/\/kapitalis.com\/tunisie\/wp-content\/uploads\/2022\/05\/kapitalis-logo-fb.png\" \/>\n\t<meta property=\"og:image:width\" content=\"1200\" \/>\n\t<meta property=\"og:image:height\" content=\"630\" \/>\n\t<meta property=\"og:image:type\" content=\"image\/png\" \/>\n<meta name=\"author\" content=\"Fawz BenAli\" \/>\n<meta name=\"twitter:card\" content=\"summary_large_image\" \/>\n<meta name=\"twitter:creator\" content=\"@KapitalisInfo\" \/>\n<meta name=\"twitter:site\" content=\"@KapitalisInfo\" \/>\n<meta name=\"twitter:label1\" content=\"\u00c9crit par\" \/>\n\t<meta name=\"twitter:data1\" content=\"Fawz BenAli\" \/>\n\t<meta name=\"twitter:label2\" content=\"Dur\u00e9e de lecture estim\u00e9e\" \/>\n\t<meta name=\"twitter:data2\" content=\"1 minute\" \/>\n<script type=\"application\/ld+json\" class=\"yoast-schema-graph\">{\"@context\":\"https:\/\/schema.org\",\"@graph\":[{\"@type\":\"Article\",\"@id\":\"https:\/\/kapitalis.com\/tunisie\/2022\/01\/11\/leur-algerie-lina-soualem-presente-a-tunis-son-film-sur-les-ouvriers-algeriens-de-france\/#article\",\"isPartOf\":{\"@id\":\"https:\/\/kapitalis.com\/tunisie\/2022\/01\/11\/leur-algerie-lina-soualem-presente-a-tunis-son-film-sur-les-ouvriers-algeriens-de-france\/\"},\"author\":{\"name\":\"Fawz BenAli\",\"@id\":\"https:\/\/kapitalis.com\/tunisie\/#\/schema\/person\/73a5ecc1f6ae540c6ed91342eadca948\"},\"headline\":\"\u00ab\u00a0Leur Alg\u00e9rie\u00a0\u00bb : Lina Soualem pr\u00e9sente \u00e0 Tunis son film sur les ouvriers alg\u00e9riens de France\",\"datePublished\":\"2022-01-11T10:22:49+00:00\",\"dateModified\":\"2022-01-11T10:25:28+00:00\",\"mainEntityOfPage\":{\"@id\":\"https:\/\/kapitalis.com\/tunisie\/2022\/01\/11\/leur-algerie-lina-soualem-presente-a-tunis-son-film-sur-les-ouvriers-algeriens-de-france\/\"},\"wordCount\":273,\"commentCount\":0,\"publisher\":{\"@id\":\"https:\/\/kapitalis.com\/tunisie\/#organization\"},\"image\":{\"@id\":\"https:\/\/kapitalis.com\/tunisie\/2022\/01\/11\/leur-algerie-lina-soualem-presente-a-tunis-son-film-sur-les-ouvriers-algeriens-de-france\/#primaryimage\"},\"thumbnailUrl\":\"\",\"keywords\":[\"Alg\u00e9rie\",\"cin\u00e9ma maghr\u00e9bin\",\"Leur Alg\u00e9rie\",\"Lina Soualem\",\"Tunisie\"],\"articleSection\":[\"CULTURE\",\"Tunisie\"],\"inLanguage\":\"fr-FR\",\"potentialAction\":[{\"@type\":\"CommentAction\",\"name\":\"Comment\",\"target\":[\"https:\/\/kapitalis.com\/tunisie\/2022\/01\/11\/leur-algerie-lina-soualem-presente-a-tunis-son-film-sur-les-ouvriers-algeriens-de-france\/#respond\"]}]},{\"@type\":\"WebPage\",\"@id\":\"https:\/\/kapitalis.com\/tunisie\/2022\/01\/11\/leur-algerie-lina-soualem-presente-a-tunis-son-film-sur-les-ouvriers-algeriens-de-france\/\",\"url\":\"https:\/\/kapitalis.com\/tunisie\/2022\/01\/11\/leur-algerie-lina-soualem-presente-a-tunis-son-film-sur-les-ouvriers-algeriens-de-france\/\",\"name\":\"\\\"Leur Alg\u00e9rie\\\" : Lina Soualem pr\u00e9sente \u00e0 Tunis son film sur les ouvriers alg\u00e9riens de France - Kapitalis\",\"isPartOf\":{\"@id\":\"https:\/\/kapitalis.com\/tunisie\/#website\"},\"primaryImageOfPage\":{\"@id\":\"https:\/\/kapitalis.com\/tunisie\/2022\/01\/11\/leur-algerie-lina-soualem-presente-a-tunis-son-film-sur-les-ouvriers-algeriens-de-france\/#primaryimage\"},\"image\":{\"@id\":\"https:\/\/kapitalis.com\/tunisie\/2022\/01\/11\/leur-algerie-lina-soualem-presente-a-tunis-son-film-sur-les-ouvriers-algeriens-de-france\/#primaryimage\"},\"thumbnailUrl\":\"\",\"datePublished\":\"2022-01-11T10:22:49+00:00\",\"dateModified\":\"2022-01-11T10:25:28+00:00\",\"breadcrumb\":{\"@id\":\"https:\/\/kapitalis.com\/tunisie\/2022\/01\/11\/leur-algerie-lina-soualem-presente-a-tunis-son-film-sur-les-ouvriers-algeriens-de-france\/#breadcrumb\"},\"inLanguage\":\"fr-FR\",\"potentialAction\":[{\"@type\":\"ReadAction\",\"target\":[\"https:\/\/kapitalis.com\/tunisie\/2022\/01\/11\/leur-algerie-lina-soualem-presente-a-tunis-son-film-sur-les-ouvriers-algeriens-de-france\/\"]}]},{\"@type\":\"ImageObject\",\"inLanguage\":\"fr-FR\",\"@id\":\"https:\/\/kapitalis.com\/tunisie\/2022\/01\/11\/leur-algerie-lina-soualem-presente-a-tunis-son-film-sur-les-ouvriers-algeriens-de-france\/#primaryimage\",\"url\":\"\",\"contentUrl\":\"\"},{\"@type\":\"BreadcrumbList\",\"@id\":\"https:\/\/kapitalis.com\/tunisie\/2022\/01\/11\/leur-algerie-lina-soualem-presente-a-tunis-son-film-sur-les-ouvriers-algeriens-de-france\/#breadcrumb\",\"itemListElement\":[{\"@type\":\"ListItem\",\"position\":1,\"name\":\"Accueil\",\"item\":\"https:\/\/kapitalis.com\/tunisie\/\"},{\"@type\":\"ListItem\",\"position\":2,\"name\":\"\u00ab\u00a0Leur Alg\u00e9rie\u00a0\u00bb : Lina Soualem pr\u00e9sente \u00e0 Tunis son film sur les ouvriers alg\u00e9riens de France\"}]},{\"@type\":\"WebSite\",\"@id\":\"https:\/\/kapitalis.com\/tunisie\/#website\",\"url\":\"https:\/\/kapitalis.com\/tunisie\/\",\"name\":\"Kapitalis\",\"description\":\"L&#039;actualit\u00e9 en Tunisie et dans le monde\",\"publisher\":{\"@id\":\"https:\/\/kapitalis.com\/tunisie\/#organization\"},\"potentialAction\":[{\"@type\":\"SearchAction\",\"target\":{\"@type\":\"EntryPoint\",\"urlTemplate\":\"https:\/\/kapitalis.com\/tunisie\/?s={search_term_string}\"},\"query-input\":{\"@type\":\"PropertyValueSpecification\",\"valueRequired\":true,\"valueName\":\"search_term_string\"}}],\"inLanguage\":\"fr-FR\"},{\"@type\":\"Organization\",\"@id\":\"https:\/\/kapitalis.com\/tunisie\/#organization\",\"name\":\"Kapitalis\",\"url\":\"https:\/\/kapitalis.com\/tunisie\/\",\"logo\":{\"@type\":\"ImageObject\",\"inLanguage\":\"fr-FR\",\"@id\":\"https:\/\/kapitalis.com\/tunisie\/#\/schema\/logo\/image\/\",\"url\":\"https:\/\/kapitalis.com\/tunisie\/wp-content\/uploads\/2022\/05\/Kapitalis-big-size.png\",\"contentUrl\":\"https:\/\/kapitalis.com\/tunisie\/wp-content\/uploads\/2022\/05\/Kapitalis-big-size.png\",\"width\":5000,\"height\":1500,\"caption\":\"Kapitalis\"},\"image\":{\"@id\":\"https:\/\/kapitalis.com\/tunisie\/#\/schema\/logo\/image\/\"},\"sameAs\":[\"https:\/\/www.facebook.com\/KapitalisInfo\/\",\"https:\/\/x.com\/KapitalisInfo\",\"https:\/\/www.youtube.com\/channel\/UC-yDYrHyfFBWWZaOw3FPg9Q\"]},{\"@type\":\"Person\",\"@id\":\"https:\/\/kapitalis.com\/tunisie\/#\/schema\/person\/73a5ecc1f6ae540c6ed91342eadca948\",\"name\":\"Fawz BenAli\",\"url\":\"https:\/\/kapitalis.com\/tunisie\/author\/fawz\/\"}]}<\/script>\n<!-- \/ Yoast SEO plugin. -->","yoast_head_json":{"title":"\"Leur Alg\u00e9rie\" : Lina Soualem pr\u00e9sente \u00e0 Tunis son film sur les ouvriers alg\u00e9riens de France - Kapitalis","robots":{"index":"index","follow":"follow","max-snippet":"max-snippet:-1","max-image-preview":"max-image-preview:large","max-video-preview":"max-video-preview:-1"},"canonical":"https:\/\/kapitalis.com\/tunisie\/2022\/01\/11\/leur-algerie-lina-soualem-presente-a-tunis-son-film-sur-les-ouvriers-algeriens-de-france\/","og_locale":"fr_FR","og_type":"article","og_title":"\"Leur Alg\u00e9rie\" : Lina Soualem pr\u00e9sente \u00e0 Tunis son film sur les ouvriers alg\u00e9riens de France - Kapitalis","og_description":"L\u2019actrice et r\u00e9alisatrice fran\u00e7aise Lina Soualem sera ce soir au Cin\u00e9-Madart \u00e0 Carthage pour pr\u00e9senter son film documentaire \u00ab\u00a0Leur Alg\u00e9rie\u00a0\u00bb. A travers l\u2019histoire de ses grands-parents, la cin\u00e9aste fait le r\u00e9cit des ouvriers alg\u00e9riens immigr\u00e9s en France.","og_url":"https:\/\/kapitalis.com\/tunisie\/2022\/01\/11\/leur-algerie-lina-soualem-presente-a-tunis-son-film-sur-les-ouvriers-algeriens-de-france\/","og_site_name":"Kapitalis","article_publisher":"https:\/\/www.facebook.com\/KapitalisInfo\/","article_published_time":"2022-01-11T10:22:49+00:00","article_modified_time":"2022-01-11T10:25:28+00:00","og_image":[{"width":1200,"height":630,"url":"https:\/\/kapitalis.com\/tunisie\/wp-content\/uploads\/2022\/05\/kapitalis-logo-fb.png","type":"image\/png"}],"author":"Fawz BenAli","twitter_card":"summary_large_image","twitter_creator":"@KapitalisInfo","twitter_site":"@KapitalisInfo","twitter_misc":{"\u00c9crit par":"Fawz BenAli","Dur\u00e9e de lecture estim\u00e9e":"1 minute"},"schema":{"@context":"https:\/\/schema.org","@graph":[{"@type":"Article","@id":"https:\/\/kapitalis.com\/tunisie\/2022\/01\/11\/leur-algerie-lina-soualem-presente-a-tunis-son-film-sur-les-ouvriers-algeriens-de-france\/#article","isPartOf":{"@id":"https:\/\/kapitalis.com\/tunisie\/2022\/01\/11\/leur-algerie-lina-soualem-presente-a-tunis-son-film-sur-les-ouvriers-algeriens-de-france\/"},"author":{"name":"Fawz BenAli","@id":"https:\/\/kapitalis.com\/tunisie\/#\/schema\/person\/73a5ecc1f6ae540c6ed91342eadca948"},"headline":"\u00ab\u00a0Leur Alg\u00e9rie\u00a0\u00bb : Lina Soualem pr\u00e9sente \u00e0 Tunis son film sur les ouvriers alg\u00e9riens de France","datePublished":"2022-01-11T10:22:49+00:00","dateModified":"2022-01-11T10:25:28+00:00","mainEntityOfPage":{"@id":"https:\/\/kapitalis.com\/tunisie\/2022\/01\/11\/leur-algerie-lina-soualem-presente-a-tunis-son-film-sur-les-ouvriers-algeriens-de-france\/"},"wordCount":273,"commentCount":0,"publisher":{"@id":"https:\/\/kapitalis.com\/tunisie\/#organization"},"image":{"@id":"https:\/\/kapitalis.com\/tunisie\/2022\/01\/11\/leur-algerie-lina-soualem-presente-a-tunis-son-film-sur-les-ouvriers-algeriens-de-france\/#primaryimage"},"thumbnailUrl":"","keywords":["Alg\u00e9rie","cin\u00e9ma maghr\u00e9bin","Leur Alg\u00e9rie","Lina Soualem","Tunisie"],"articleSection":["CULTURE","Tunisie"],"inLanguage":"fr-FR","potentialAction":[{"@type":"CommentAction","name":"Comment","target":["https:\/\/kapitalis.com\/tunisie\/2022\/01\/11\/leur-algerie-lina-soualem-presente-a-tunis-son-film-sur-les-ouvriers-algeriens-de-france\/#respond"]}]},{"@type":"WebPage","@id":"https:\/\/kapitalis.com\/tunisie\/2022\/01\/11\/leur-algerie-lina-soualem-presente-a-tunis-son-film-sur-les-ouvriers-algeriens-de-france\/","url":"https:\/\/kapitalis.com\/tunisie\/2022\/01\/11\/leur-algerie-lina-soualem-presente-a-tunis-son-film-sur-les-ouvriers-algeriens-de-france\/","name":"\"Leur Alg\u00e9rie\" : Lina Soualem pr\u00e9sente \u00e0 Tunis son film sur les ouvriers alg\u00e9riens de France - Kapitalis","isPartOf":{"@id":"https:\/\/kapitalis.com\/tunisie\/#website"},"primaryImageOfPage":{"@id":"https:\/\/kapitalis.com\/tunisie\/2022\/01\/11\/leur-algerie-lina-soualem-presente-a-tunis-son-film-sur-les-ouvriers-algeriens-de-france\/#primaryimage"},"image":{"@id":"https:\/\/kapitalis.com\/tunisie\/2022\/01\/11\/leur-algerie-lina-soualem-presente-a-tunis-son-film-sur-les-ouvriers-algeriens-de-france\/#primaryimage"},"thumbnailUrl":"","datePublished":"2022-01-11T10:22:49+00:00","dateModified":"2022-01-11T10:25:28+00:00","breadcrumb":{"@id":"https:\/\/kapitalis.com\/tunisie\/2022\/01\/11\/leur-algerie-lina-soualem-presente-a-tunis-son-film-sur-les-ouvriers-algeriens-de-france\/#breadcrumb"},"inLanguage":"fr-FR","potentialAction":[{"@type":"ReadAction","target":["https:\/\/kapitalis.com\/tunisie\/2022\/01\/11\/leur-algerie-lina-soualem-presente-a-tunis-son-film-sur-les-ouvriers-algeriens-de-france\/"]}]},{"@type":"ImageObject","inLanguage":"fr-FR","@id":"https:\/\/kapitalis.com\/tunisie\/2022\/01\/11\/leur-algerie-lina-soualem-presente-a-tunis-son-film-sur-les-ouvriers-algeriens-de-france\/#primaryimage","url":"","contentUrl":""},{"@type":"BreadcrumbList","@id":"https:\/\/kapitalis.com\/tunisie\/2022\/01\/11\/leur-algerie-lina-soualem-presente-a-tunis-son-film-sur-les-ouvriers-algeriens-de-france\/#breadcrumb","itemListElement":[{"@type":"ListItem","position":1,"name":"Accueil","item":"https:\/\/kapitalis.com\/tunisie\/"},{"@type":"ListItem","position":2,"name":"\u00ab\u00a0Leur Alg\u00e9rie\u00a0\u00bb : Lina Soualem pr\u00e9sente \u00e0 Tunis son film sur les ouvriers alg\u00e9riens de France"}]},{"@type":"WebSite","@id":"https:\/\/kapitalis.com\/tunisie\/#website","url":"https:\/\/kapitalis.com\/tunisie\/","name":"Kapitalis","description":"L&#039;actualit\u00e9 en Tunisie et dans le monde","publisher":{"@id":"https:\/\/kapitalis.com\/tunisie\/#organization"},"potentialAction":[{"@type":"SearchAction","target":{"@type":"EntryPoint","urlTemplate":"https:\/\/kapitalis.com\/tunisie\/?s={search_term_string}"},"query-input":{"@type":"PropertyValueSpecification","valueRequired":true,"valueName":"search_term_string"}}],"inLanguage":"fr-FR"},{"@type":"Organization","@id":"https:\/\/kapitalis.com\/tunisie\/#organization","name":"Kapitalis","url":"https:\/\/kapitalis.com\/tunisie\/","logo":{"@type":"ImageObject","inLanguage":"fr-FR","@id":"https:\/\/kapitalis.com\/tunisie\/#\/schema\/logo\/image\/","url":"https:\/\/kapitalis.com\/tunisie\/wp-content\/uploads\/2022\/05\/Kapitalis-big-size.png","contentUrl":"https:\/\/kapitalis.com\/tunisie\/wp-content\/uploads\/2022\/05\/Kapitalis-big-size.png","width":5000,"height":1500,"caption":"Kapitalis"},"image":{"@id":"https:\/\/kapitalis.com\/tunisie\/#\/schema\/logo\/image\/"},"sameAs":["https:\/\/www.facebook.com\/KapitalisInfo\/","https:\/\/x.com\/KapitalisInfo","https:\/\/www.youtube.com\/channel\/UC-yDYrHyfFBWWZaOw3FPg9Q"]},{"@type":"Person","@id":"https:\/\/kapitalis.com\/tunisie\/#\/schema\/person\/73a5ecc1f6ae540c6ed91342eadca948","name":"Fawz BenAli","url":"https:\/\/kapitalis.com\/tunisie\/author\/fawz\/"}]}},"_links":{"self":[{"href":"https:\/\/kapitalis.com\/tunisie\/wp-json\/wp\/v2\/posts\/376537","targetHints":{"allow":["GET"]}}],"collection":[{"href":"https:\/\/kapitalis.com\/tunisie\/wp-json\/wp\/v2\/posts"}],"about":[{"href":"https:\/\/kapitalis.com\/tunisie\/wp-json\/wp\/v2\/types\/post"}],"author":[{"embeddable":true,"href":"https:\/\/kapitalis.com\/tunisie\/wp-json\/wp\/v2\/users\/26"}],"replies":[{"embeddable":true,"href":"https:\/\/kapitalis.com\/tunisie\/wp-json\/wp\/v2\/comments?post=376537"}],"version-history":[{"count":0,"href":"https:\/\/kapitalis.com\/tunisie\/wp-json\/wp\/v2\/posts\/376537\/revisions"}],"wp:featuredmedia":[{"embeddable":true,"href":"https:\/\/kapitalis.com\/tunisie\/wp-json\/wp\/v2\/media\/376553"}],"wp:attachment":[{"href":"https:\/\/kapitalis.com\/tunisie\/wp-json\/wp\/v2\/media?parent=376537"}],"wp:term":[{"taxonomy":"category","embeddable":true,"href":"https:\/\/kapitalis.com\/tunisie\/wp-json\/wp\/v2\/categories?post=376537"},{"taxonomy":"post_tag","embeddable":true,"href":"https:\/\/kapitalis.com\/tunisie\/wp-json\/wp\/v2\/tags?post=376537"}],"curies":[{"name":"wp","href":"https:\/\/api.w.org\/{rel}","templated":true}]}}