{"id":376580,"date":"2022-01-11T15:49:19","date_gmt":"2022-01-11T14:49:19","guid":{"rendered":"http:\/\/kapitalis.com\/tunisie\/?p=376580"},"modified":"2022-01-11T15:53:18","modified_gmt":"2022-01-11T14:53:18","slug":"du-nouveau-dans-laffaire-de-la-cocaine-saisie-en-equateur-dans-un-conteneur-a-destination-de-la-tunisie","status":"publish","type":"post","link":"https:\/\/kapitalis.com\/tunisie\/2022\/01\/11\/du-nouveau-dans-laffaire-de-la-cocaine-saisie-en-equateur-dans-un-conteneur-a-destination-de-la-tunisie\/","title":{"rendered":"Du nouveau dans l&rsquo;affaire de la coca\u00efne saisie, en \u00c9quateur, dans un conteneur \u00e0 destination de la Tunisie"},"content":{"rendered":"\n<div class=\"wp-block-image\"><figure class=\"aligncenter size-full\"><img decoding=\"async\" src=\"http:\/\/kapitalis.com\/tunisie\/wp-content\/uploads\/2022\/01\/GN-Tunisie-police-de-Equateur-cocaine.jpg\" alt=\"\" class=\"wp-image-376595\"\/><\/figure><\/div>\n\n\n\n<p><em><strong>La sous-direction des affaires criminelles relevant de la garde nationale de Ben Arous a ouvert une enqu\u00eate suite \u00e0 la saisie, par la police de l\u2019\u00c9quateur, de plus d&rsquo;une demi-tonne de coca\u00efne dans un conteneur charg\u00e9 de bananes \u00e0 destination de la Tunisie.<\/strong><\/em><\/p>\n\n\n\n<!--more-->\n\n\n\n<p>C&rsquo;est ce qu&rsquo;a fait savoir le colonel major Houssemeddine Jebabli, porte-parole de la Direction g\u00e9n\u00e9rale de la garde nationale (DGGN), dans une d\u00e9claration ce mardi 11 janvier 2022 sur  Shems FM, en pr\u00e9cisant que l&rsquo;enqu\u00eate est en cours et qu&rsquo;elle concerne <em>\u00able transport, l&rsquo;import et le trafic de stup\u00e9fiants\u00bb<\/em>.<\/p>\n\n\n\n<p>Le colonel major Jebabli a, par ailleurs affirm\u00e9 que les autorit\u00e9s s\u00e9curitaires tunisiennes ont pour le moment des pistes, dit-ils, qu&rsquo;il pourra pr\u00e9senter ult\u00e9rieurement.<\/p>\n\n\n\n<p>Rappelons que la police nationale \u00e9quatorienne a annonc\u00e9 sur son site, fin d\u00e9cembre dernier, la saisie de la drogue, au cours d&rsquo;une op\u00e9ration baptis\u00e9e \u00ab V\u00edspera \u00bb, en pr\u00e9cisant que le conducteur du le camion  immatricul\u00e9 AAA-2597, et qui transportait le conteneur sigl\u00e9 TTNU8351041 a \u00e9t\u00e9 plac\u00e9 en d\u00e9tention et que l&rsquo;enqu\u00eate se poursuit.<\/p>\n\n\n\n<p class=\"has-text-align-right\"><strong>Y. N.<\/strong><\/p>\n\n\n\n<figure class=\"wp-block-embed is-type-wp-embed is-provider-kapitalis wp-block-embed-kapitalis\"><div class=\"wp-block-embed__wrapper\">\n<blockquote class=\"wp-embedded-content\" data-secret=\"2nufbI0VPT\"><a href=\"https:\/\/kapitalis.com\/tunisie\/2022\/01\/10\/dans-un-conteneur-a-destination-de-la-tunisie-la-police-de-lequateur-saisit-plus-dune-demi-tonne-de-cocaine\/\">Dans un conteneur \u00e0 destination de la Tunisie, la police de l\u2019\u00c9quateur saisit plus d&rsquo;une demi-tonne de coca\u00efne<\/a><\/blockquote><iframe loading=\"lazy\" class=\"wp-embedded-content\" sandbox=\"allow-scripts\" security=\"restricted\" style=\"position: absolute; clip: rect(1px, 1px, 1px, 1px);\" title=\"\u00ab\u00a0Dans un conteneur \u00e0 destination de la Tunisie, la police de l\u2019\u00c9quateur saisit plus d&rsquo;une demi-tonne de coca\u00efne\u00a0\u00bb &#8212; Kapitalis\" src=\"https:\/\/kapitalis.com\/tunisie\/2022\/01\/10\/dans-un-conteneur-a-destination-de-la-tunisie-la-police-de-lequateur-saisit-plus-dune-demi-tonne-de-cocaine\/embed\/#?secret=lZzLriKnJf#?secret=2nufbI0VPT\" data-secret=\"2nufbI0VPT\" width=\"600\" height=\"338\" frameborder=\"0\" marginwidth=\"0\" marginheight=\"0\" scrolling=\"no\"><\/iframe>\n<\/div><\/figure>\n","protected":false},"excerpt":{"rendered":"<p>La sous-direction des affaires criminelles relevant de la garde nationale de Ben Arous a ouvert une enqu\u00eate suite \u00e0 la saisie, par la police de l\u2019\u00c9quateur, de plus d&rsquo;une demi-tonne de coca\u00efne dans un conteneur charg\u00e9 de bananes \u00e0 destination de la Tunisie.<\/p>\n","protected":false},"author":6,"featured_media":376595,"comment_status":"open","ping_status":"open","sticky":false,"template":"","format":"standard","meta":{"footnotes":""},"categories":[998,2433],"tags":[141,6971,76858,292,96382,64560,62643],"class_list":["post-376580","post","type-post","status-publish","format-standard","has-post-thumbnail","hentry","category-societe","category-tunisie","tag-ben-arous","tag-cocaine","tag-dggn","tag-drogue","tag-equateur-2","tag-garde-nationale","tag-tunisie"],"yoast_head":"<!-- This site is optimized with the Yoast SEO plugin v26.6 - https:\/\/yoast.com\/wordpress\/plugins\/seo\/ -->\n<title>Du nouveau dans l&#039;affaire de la coca\u00efne saisie, en \u00c9quateur, dans un conteneur \u00e0 destination de la Tunisie - Kapitalis<\/title>\n<meta name=\"robots\" content=\"index, follow, max-snippet:-1, max-image-preview:large, max-video-preview:-1\" \/>\n<link rel=\"canonical\" href=\"https:\/\/kapitalis.com\/tunisie\/2022\/01\/11\/du-nouveau-dans-laffaire-de-la-cocaine-saisie-en-equateur-dans-un-conteneur-a-destination-de-la-tunisie\/\" \/>\n<meta property=\"og:locale\" content=\"fr_FR\" \/>\n<meta property=\"og:type\" content=\"article\" \/>\n<meta property=\"og:title\" content=\"Du nouveau dans l&#039;affaire de la coca\u00efne saisie, en \u00c9quateur, dans un conteneur \u00e0 destination de la Tunisie - Kapitalis\" \/>\n<meta property=\"og:description\" content=\"La sous-direction des affaires criminelles relevant de la garde nationale de Ben Arous a ouvert une enqu\u00eate suite \u00e0 la saisie, par la police de l\u2019\u00c9quateur, de plus d&rsquo;une demi-tonne de coca\u00efne dans un conteneur charg\u00e9 de bananes \u00e0 destination de la Tunisie.\" \/>\n<meta property=\"og:url\" content=\"https:\/\/kapitalis.com\/tunisie\/2022\/01\/11\/du-nouveau-dans-laffaire-de-la-cocaine-saisie-en-equateur-dans-un-conteneur-a-destination-de-la-tunisie\/\" \/>\n<meta property=\"og:site_name\" content=\"Kapitalis\" \/>\n<meta property=\"article:publisher\" content=\"https:\/\/www.facebook.com\/KapitalisInfo\/\" \/>\n<meta property=\"article:published_time\" content=\"2022-01-11T14:49:19+00:00\" \/>\n<meta property=\"article:modified_time\" content=\"2022-01-11T14:53:18+00:00\" \/>\n<meta property=\"og:image\" content=\"https:\/\/kapitalis.com\/tunisie\/wp-content\/uploads\/2022\/05\/kapitalis-logo-fb.png\" \/>\n\t<meta property=\"og:image:width\" content=\"1200\" \/>\n\t<meta property=\"og:image:height\" content=\"630\" \/>\n\t<meta property=\"og:image:type\" content=\"image\/png\" \/>\n<meta name=\"author\" content=\"Yusra NY\" \/>\n<meta name=\"twitter:card\" content=\"summary_large_image\" \/>\n<meta name=\"twitter:creator\" content=\"@KapitalisInfo\" \/>\n<meta name=\"twitter:site\" content=\"@KapitalisInfo\" \/>\n<meta name=\"twitter:label1\" content=\"\u00c9crit par\" \/>\n\t<meta name=\"twitter:data1\" content=\"Yusra NY\" \/>\n\t<meta name=\"twitter:label2\" content=\"Dur\u00e9e de lecture estim\u00e9e\" \/>\n\t<meta name=\"twitter:data2\" content=\"1 minute\" \/>\n<script type=\"application\/ld+json\" class=\"yoast-schema-graph\">{\"@context\":\"https:\/\/schema.org\",\"@graph\":[{\"@type\":\"Article\",\"@id\":\"https:\/\/kapitalis.com\/tunisie\/2022\/01\/11\/du-nouveau-dans-laffaire-de-la-cocaine-saisie-en-equateur-dans-un-conteneur-a-destination-de-la-tunisie\/#article\",\"isPartOf\":{\"@id\":\"https:\/\/kapitalis.com\/tunisie\/2022\/01\/11\/du-nouveau-dans-laffaire-de-la-cocaine-saisie-en-equateur-dans-un-conteneur-a-destination-de-la-tunisie\/\"},\"author\":{\"name\":\"Yusra NY\",\"@id\":\"https:\/\/kapitalis.com\/tunisie\/#\/schema\/person\/74bbde0154d49d790a92aaeac5bc01d5\"},\"headline\":\"Du nouveau dans l&rsquo;affaire de la coca\u00efne saisie, en \u00c9quateur, dans un conteneur \u00e0 destination de la Tunisie\",\"datePublished\":\"2022-01-11T14:49:19+00:00\",\"dateModified\":\"2022-01-11T14:53:18+00:00\",\"mainEntityOfPage\":{\"@id\":\"https:\/\/kapitalis.com\/tunisie\/2022\/01\/11\/du-nouveau-dans-laffaire-de-la-cocaine-saisie-en-equateur-dans-un-conteneur-a-destination-de-la-tunisie\/\"},\"wordCount\":209,\"commentCount\":0,\"publisher\":{\"@id\":\"https:\/\/kapitalis.com\/tunisie\/#organization\"},\"image\":{\"@id\":\"https:\/\/kapitalis.com\/tunisie\/2022\/01\/11\/du-nouveau-dans-laffaire-de-la-cocaine-saisie-en-equateur-dans-un-conteneur-a-destination-de-la-tunisie\/#primaryimage\"},\"thumbnailUrl\":\"\",\"keywords\":[\"Ben Arous\",\"coca\u00efne\",\"DGGN\",\"drogue\",\"\u00c9quateur\",\"garde nationale\",\"Tunisie\"],\"articleSection\":[\"SOCIETE\",\"Tunisie\"],\"inLanguage\":\"fr-FR\",\"potentialAction\":[{\"@type\":\"CommentAction\",\"name\":\"Comment\",\"target\":[\"https:\/\/kapitalis.com\/tunisie\/2022\/01\/11\/du-nouveau-dans-laffaire-de-la-cocaine-saisie-en-equateur-dans-un-conteneur-a-destination-de-la-tunisie\/#respond\"]}]},{\"@type\":\"WebPage\",\"@id\":\"https:\/\/kapitalis.com\/tunisie\/2022\/01\/11\/du-nouveau-dans-laffaire-de-la-cocaine-saisie-en-equateur-dans-un-conteneur-a-destination-de-la-tunisie\/\",\"url\":\"https:\/\/kapitalis.com\/tunisie\/2022\/01\/11\/du-nouveau-dans-laffaire-de-la-cocaine-saisie-en-equateur-dans-un-conteneur-a-destination-de-la-tunisie\/\",\"name\":\"Du nouveau dans l'affaire de la coca\u00efne saisie, en \u00c9quateur, dans un conteneur \u00e0 destination de la Tunisie - Kapitalis\",\"isPartOf\":{\"@id\":\"https:\/\/kapitalis.com\/tunisie\/#website\"},\"primaryImageOfPage\":{\"@id\":\"https:\/\/kapitalis.com\/tunisie\/2022\/01\/11\/du-nouveau-dans-laffaire-de-la-cocaine-saisie-en-equateur-dans-un-conteneur-a-destination-de-la-tunisie\/#primaryimage\"},\"image\":{\"@id\":\"https:\/\/kapitalis.com\/tunisie\/2022\/01\/11\/du-nouveau-dans-laffaire-de-la-cocaine-saisie-en-equateur-dans-un-conteneur-a-destination-de-la-tunisie\/#primaryimage\"},\"thumbnailUrl\":\"\",\"datePublished\":\"2022-01-11T14:49:19+00:00\",\"dateModified\":\"2022-01-11T14:53:18+00:00\",\"breadcrumb\":{\"@id\":\"https:\/\/kapitalis.com\/tunisie\/2022\/01\/11\/du-nouveau-dans-laffaire-de-la-cocaine-saisie-en-equateur-dans-un-conteneur-a-destination-de-la-tunisie\/#breadcrumb\"},\"inLanguage\":\"fr-FR\",\"potentialAction\":[{\"@type\":\"ReadAction\",\"target\":[\"https:\/\/kapitalis.com\/tunisie\/2022\/01\/11\/du-nouveau-dans-laffaire-de-la-cocaine-saisie-en-equateur-dans-un-conteneur-a-destination-de-la-tunisie\/\"]}]},{\"@type\":\"ImageObject\",\"inLanguage\":\"fr-FR\",\"@id\":\"https:\/\/kapitalis.com\/tunisie\/2022\/01\/11\/du-nouveau-dans-laffaire-de-la-cocaine-saisie-en-equateur-dans-un-conteneur-a-destination-de-la-tunisie\/#primaryimage\",\"url\":\"\",\"contentUrl\":\"\"},{\"@type\":\"BreadcrumbList\",\"@id\":\"https:\/\/kapitalis.com\/tunisie\/2022\/01\/11\/du-nouveau-dans-laffaire-de-la-cocaine-saisie-en-equateur-dans-un-conteneur-a-destination-de-la-tunisie\/#breadcrumb\",\"itemListElement\":[{\"@type\":\"ListItem\",\"position\":1,\"name\":\"Accueil\",\"item\":\"https:\/\/kapitalis.com\/tunisie\/\"},{\"@type\":\"ListItem\",\"position\":2,\"name\":\"Du nouveau dans l&rsquo;affaire de la coca\u00efne saisie, en \u00c9quateur, dans un conteneur \u00e0 destination de la Tunisie\"}]},{\"@type\":\"WebSite\",\"@id\":\"https:\/\/kapitalis.com\/tunisie\/#website\",\"url\":\"https:\/\/kapitalis.com\/tunisie\/\",\"name\":\"Kapitalis\",\"description\":\"L&#039;actualit\u00e9 en Tunisie et dans le monde\",\"publisher\":{\"@id\":\"https:\/\/kapitalis.com\/tunisie\/#organization\"},\"potentialAction\":[{\"@type\":\"SearchAction\",\"target\":{\"@type\":\"EntryPoint\",\"urlTemplate\":\"https:\/\/kapitalis.com\/tunisie\/?s={search_term_string}\"},\"query-input\":{\"@type\":\"PropertyValueSpecification\",\"valueRequired\":true,\"valueName\":\"search_term_string\"}}],\"inLanguage\":\"fr-FR\"},{\"@type\":\"Organization\",\"@id\":\"https:\/\/kapitalis.com\/tunisie\/#organization\",\"name\":\"Kapitalis\",\"url\":\"https:\/\/kapitalis.com\/tunisie\/\",\"logo\":{\"@type\":\"ImageObject\",\"inLanguage\":\"fr-FR\",\"@id\":\"https:\/\/kapitalis.com\/tunisie\/#\/schema\/logo\/image\/\",\"url\":\"https:\/\/kapitalis.com\/tunisie\/wp-content\/uploads\/2022\/05\/Kapitalis-big-size.png\",\"contentUrl\":\"https:\/\/kapitalis.com\/tunisie\/wp-content\/uploads\/2022\/05\/Kapitalis-big-size.png\",\"width\":5000,\"height\":1500,\"caption\":\"Kapitalis\"},\"image\":{\"@id\":\"https:\/\/kapitalis.com\/tunisie\/#\/schema\/logo\/image\/\"},\"sameAs\":[\"https:\/\/www.facebook.com\/KapitalisInfo\/\",\"https:\/\/x.com\/KapitalisInfo\",\"https:\/\/www.youtube.com\/channel\/UC-yDYrHyfFBWWZaOw3FPg9Q\"]},{\"@type\":\"Person\",\"@id\":\"https:\/\/kapitalis.com\/tunisie\/#\/schema\/person\/74bbde0154d49d790a92aaeac5bc01d5\",\"name\":\"Yusra NY\",\"url\":\"https:\/\/kapitalis.com\/tunisie\/author\/yuza_adam\/\"}]}<\/script>\n<!-- \/ Yoast SEO plugin. -->","yoast_head_json":{"title":"Du nouveau dans l'affaire de la coca\u00efne saisie, en \u00c9quateur, dans un conteneur \u00e0 destination de la Tunisie - Kapitalis","robots":{"index":"index","follow":"follow","max-snippet":"max-snippet:-1","max-image-preview":"max-image-preview:large","max-video-preview":"max-video-preview:-1"},"canonical":"https:\/\/kapitalis.com\/tunisie\/2022\/01\/11\/du-nouveau-dans-laffaire-de-la-cocaine-saisie-en-equateur-dans-un-conteneur-a-destination-de-la-tunisie\/","og_locale":"fr_FR","og_type":"article","og_title":"Du nouveau dans l'affaire de la coca\u00efne saisie, en \u00c9quateur, dans un conteneur \u00e0 destination de la Tunisie - Kapitalis","og_description":"La sous-direction des affaires criminelles relevant de la garde nationale de Ben Arous a ouvert une enqu\u00eate suite \u00e0 la saisie, par la police de l\u2019\u00c9quateur, de plus d&rsquo;une demi-tonne de coca\u00efne dans un conteneur charg\u00e9 de bananes \u00e0 destination de la Tunisie.","og_url":"https:\/\/kapitalis.com\/tunisie\/2022\/01\/11\/du-nouveau-dans-laffaire-de-la-cocaine-saisie-en-equateur-dans-un-conteneur-a-destination-de-la-tunisie\/","og_site_name":"Kapitalis","article_publisher":"https:\/\/www.facebook.com\/KapitalisInfo\/","article_published_time":"2022-01-11T14:49:19+00:00","article_modified_time":"2022-01-11T14:53:18+00:00","og_image":[{"width":1200,"height":630,"url":"https:\/\/kapitalis.com\/tunisie\/wp-content\/uploads\/2022\/05\/kapitalis-logo-fb.png","type":"image\/png"}],"author":"Yusra NY","twitter_card":"summary_large_image","twitter_creator":"@KapitalisInfo","twitter_site":"@KapitalisInfo","twitter_misc":{"\u00c9crit par":"Yusra NY","Dur\u00e9e de lecture estim\u00e9e":"1 minute"},"schema":{"@context":"https:\/\/schema.org","@graph":[{"@type":"Article","@id":"https:\/\/kapitalis.com\/tunisie\/2022\/01\/11\/du-nouveau-dans-laffaire-de-la-cocaine-saisie-en-equateur-dans-un-conteneur-a-destination-de-la-tunisie\/#article","isPartOf":{"@id":"https:\/\/kapitalis.com\/tunisie\/2022\/01\/11\/du-nouveau-dans-laffaire-de-la-cocaine-saisie-en-equateur-dans-un-conteneur-a-destination-de-la-tunisie\/"},"author":{"name":"Yusra NY","@id":"https:\/\/kapitalis.com\/tunisie\/#\/schema\/person\/74bbde0154d49d790a92aaeac5bc01d5"},"headline":"Du nouveau dans l&rsquo;affaire de la coca\u00efne saisie, en \u00c9quateur, dans un conteneur \u00e0 destination de la Tunisie","datePublished":"2022-01-11T14:49:19+00:00","dateModified":"2022-01-11T14:53:18+00:00","mainEntityOfPage":{"@id":"https:\/\/kapitalis.com\/tunisie\/2022\/01\/11\/du-nouveau-dans-laffaire-de-la-cocaine-saisie-en-equateur-dans-un-conteneur-a-destination-de-la-tunisie\/"},"wordCount":209,"commentCount":0,"publisher":{"@id":"https:\/\/kapitalis.com\/tunisie\/#organization"},"image":{"@id":"https:\/\/kapitalis.com\/tunisie\/2022\/01\/11\/du-nouveau-dans-laffaire-de-la-cocaine-saisie-en-equateur-dans-un-conteneur-a-destination-de-la-tunisie\/#primaryimage"},"thumbnailUrl":"","keywords":["Ben Arous","coca\u00efne","DGGN","drogue","\u00c9quateur","garde nationale","Tunisie"],"articleSection":["SOCIETE","Tunisie"],"inLanguage":"fr-FR","potentialAction":[{"@type":"CommentAction","name":"Comment","target":["https:\/\/kapitalis.com\/tunisie\/2022\/01\/11\/du-nouveau-dans-laffaire-de-la-cocaine-saisie-en-equateur-dans-un-conteneur-a-destination-de-la-tunisie\/#respond"]}]},{"@type":"WebPage","@id":"https:\/\/kapitalis.com\/tunisie\/2022\/01\/11\/du-nouveau-dans-laffaire-de-la-cocaine-saisie-en-equateur-dans-un-conteneur-a-destination-de-la-tunisie\/","url":"https:\/\/kapitalis.com\/tunisie\/2022\/01\/11\/du-nouveau-dans-laffaire-de-la-cocaine-saisie-en-equateur-dans-un-conteneur-a-destination-de-la-tunisie\/","name":"Du nouveau dans l'affaire de la coca\u00efne saisie, en \u00c9quateur, dans un conteneur \u00e0 destination de la Tunisie - Kapitalis","isPartOf":{"@id":"https:\/\/kapitalis.com\/tunisie\/#website"},"primaryImageOfPage":{"@id":"https:\/\/kapitalis.com\/tunisie\/2022\/01\/11\/du-nouveau-dans-laffaire-de-la-cocaine-saisie-en-equateur-dans-un-conteneur-a-destination-de-la-tunisie\/#primaryimage"},"image":{"@id":"https:\/\/kapitalis.com\/tunisie\/2022\/01\/11\/du-nouveau-dans-laffaire-de-la-cocaine-saisie-en-equateur-dans-un-conteneur-a-destination-de-la-tunisie\/#primaryimage"},"thumbnailUrl":"","datePublished":"2022-01-11T14:49:19+00:00","dateModified":"2022-01-11T14:53:18+00:00","breadcrumb":{"@id":"https:\/\/kapitalis.com\/tunisie\/2022\/01\/11\/du-nouveau-dans-laffaire-de-la-cocaine-saisie-en-equateur-dans-un-conteneur-a-destination-de-la-tunisie\/#breadcrumb"},"inLanguage":"fr-FR","potentialAction":[{"@type":"ReadAction","target":["https:\/\/kapitalis.com\/tunisie\/2022\/01\/11\/du-nouveau-dans-laffaire-de-la-cocaine-saisie-en-equateur-dans-un-conteneur-a-destination-de-la-tunisie\/"]}]},{"@type":"ImageObject","inLanguage":"fr-FR","@id":"https:\/\/kapitalis.com\/tunisie\/2022\/01\/11\/du-nouveau-dans-laffaire-de-la-cocaine-saisie-en-equateur-dans-un-conteneur-a-destination-de-la-tunisie\/#primaryimage","url":"","contentUrl":""},{"@type":"BreadcrumbList","@id":"https:\/\/kapitalis.com\/tunisie\/2022\/01\/11\/du-nouveau-dans-laffaire-de-la-cocaine-saisie-en-equateur-dans-un-conteneur-a-destination-de-la-tunisie\/#breadcrumb","itemListElement":[{"@type":"ListItem","position":1,"name":"Accueil","item":"https:\/\/kapitalis.com\/tunisie\/"},{"@type":"ListItem","position":2,"name":"Du nouveau dans l&rsquo;affaire de la coca\u00efne saisie, en \u00c9quateur, dans un conteneur \u00e0 destination de la Tunisie"}]},{"@type":"WebSite","@id":"https:\/\/kapitalis.com\/tunisie\/#website","url":"https:\/\/kapitalis.com\/tunisie\/","name":"Kapitalis","description":"L&#039;actualit\u00e9 en Tunisie et dans le monde","publisher":{"@id":"https:\/\/kapitalis.com\/tunisie\/#organization"},"potentialAction":[{"@type":"SearchAction","target":{"@type":"EntryPoint","urlTemplate":"https:\/\/kapitalis.com\/tunisie\/?s={search_term_string}"},"query-input":{"@type":"PropertyValueSpecification","valueRequired":true,"valueName":"search_term_string"}}],"inLanguage":"fr-FR"},{"@type":"Organization","@id":"https:\/\/kapitalis.com\/tunisie\/#organization","name":"Kapitalis","url":"https:\/\/kapitalis.com\/tunisie\/","logo":{"@type":"ImageObject","inLanguage":"fr-FR","@id":"https:\/\/kapitalis.com\/tunisie\/#\/schema\/logo\/image\/","url":"https:\/\/kapitalis.com\/tunisie\/wp-content\/uploads\/2022\/05\/Kapitalis-big-size.png","contentUrl":"https:\/\/kapitalis.com\/tunisie\/wp-content\/uploads\/2022\/05\/Kapitalis-big-size.png","width":5000,"height":1500,"caption":"Kapitalis"},"image":{"@id":"https:\/\/kapitalis.com\/tunisie\/#\/schema\/logo\/image\/"},"sameAs":["https:\/\/www.facebook.com\/KapitalisInfo\/","https:\/\/x.com\/KapitalisInfo","https:\/\/www.youtube.com\/channel\/UC-yDYrHyfFBWWZaOw3FPg9Q"]},{"@type":"Person","@id":"https:\/\/kapitalis.com\/tunisie\/#\/schema\/person\/74bbde0154d49d790a92aaeac5bc01d5","name":"Yusra NY","url":"https:\/\/kapitalis.com\/tunisie\/author\/yuza_adam\/"}]}},"_links":{"self":[{"href":"https:\/\/kapitalis.com\/tunisie\/wp-json\/wp\/v2\/posts\/376580","targetHints":{"allow":["GET"]}}],"collection":[{"href":"https:\/\/kapitalis.com\/tunisie\/wp-json\/wp\/v2\/posts"}],"about":[{"href":"https:\/\/kapitalis.com\/tunisie\/wp-json\/wp\/v2\/types\/post"}],"author":[{"embeddable":true,"href":"https:\/\/kapitalis.com\/tunisie\/wp-json\/wp\/v2\/users\/6"}],"replies":[{"embeddable":true,"href":"https:\/\/kapitalis.com\/tunisie\/wp-json\/wp\/v2\/comments?post=376580"}],"version-history":[{"count":0,"href":"https:\/\/kapitalis.com\/tunisie\/wp-json\/wp\/v2\/posts\/376580\/revisions"}],"wp:featuredmedia":[{"embeddable":true,"href":"https:\/\/kapitalis.com\/tunisie\/wp-json\/wp\/v2\/media\/376595"}],"wp:attachment":[{"href":"https:\/\/kapitalis.com\/tunisie\/wp-json\/wp\/v2\/media?parent=376580"}],"wp:term":[{"taxonomy":"category","embeddable":true,"href":"https:\/\/kapitalis.com\/tunisie\/wp-json\/wp\/v2\/categories?post=376580"},{"taxonomy":"post_tag","embeddable":true,"href":"https:\/\/kapitalis.com\/tunisie\/wp-json\/wp\/v2\/tags?post=376580"}],"curies":[{"name":"wp","href":"https:\/\/api.w.org\/{rel}","templated":true}]}}