{"id":376590,"date":"2022-01-11T16:05:45","date_gmt":"2022-01-11T15:05:45","guid":{"rendered":"http:\/\/kapitalis.com\/tunisie\/?p=376590"},"modified":"2022-01-11T16:07:47","modified_gmt":"2022-01-11T15:07:47","slug":"can-2022-la-formation-probable-de-la-tunisie-contre-le-mali","status":"publish","type":"post","link":"https:\/\/kapitalis.com\/tunisie\/2022\/01\/11\/can-2022-la-formation-probable-de-la-tunisie-contre-le-mali\/","title":{"rendered":"CAN 2022 : La formation probable de la Tunisie contre le Mali"},"content":{"rendered":"\n<div class=\"wp-block-image\"><figure class=\"aligncenter size-full\"><img decoding=\"async\" src=\"http:\/\/kapitalis.com\/tunisie\/wp-content\/uploads\/2022\/01\/equipe-nationale-entrainement.jpg\" alt=\"\" class=\"wp-image-376600\"\/><\/figure><\/div>\n\n\n\n<p><em><strong>Pour son premier match \u00e0 la Coupe d&rsquo;Afrique des nations (CAN), contre le Mali, demain, mardi 12 janvier 2022, la s\u00e9lectionneur tunisien, Mondher Kba\u00efer, devra composer avec les absences de Mohamed Drager (bless\u00e9) et Youssef Msakni (tout juste gu\u00e9ri du coronavirus).<\/strong><\/em><\/p>\n\n\n\n<!--more-->\n\n\n\n<p>Si on se fie aux derniers entra\u00eenements, Kba\u00efer devrait \u00e9voluer en 3-4-2-1, en continuant \u00e0 faire confiance \u00e0 Bilel Ifa en d\u00e9fense apr\u00e8s ses belles prestations \u00e0 la Coupe arabe de la Fifa et en lan\u00e7ant le polyvalent Seifeddine Khaoui, en attaque, d\u00e8s la premi\u00e8re minute, aux c\u00f4t\u00e9s des deux autres Franco-tunisiens, Na\u00efm Sliti et Wahbi Khazri.<\/p>\n\n\n\n<p>Dans les cages, c&rsquo;est le portier de l&rsquo;Union monastirienne, B\u00e9chir Ben Sa\u00efd, qui aurait gagn\u00e9 sa place de titulaire aux d\u00e9pens d&rsquo;Aymen Dahmen.<\/p>\n\n\n\n<p>Voici la formation probable :<\/p>\n\n\n\n<p class=\"has-text-align-center\"><strong>B\u00e9chir Ben Sa\u00efd <br>Bilel Ifa ___ Dylan Bronn ___ Montassar Talbi<br>Hamza Mathlouthi ___ Ellyes Skhiri ___ Aissa Laidouni ___ Ali Ma\u00e2loul<br>Seifeddine Khaoui ____________ Na\u00efm Sliti<br>Wahbi Khazri<\/strong><\/p>\n\n\n\n<p class=\"has-text-align-right\"><strong>C. B. Y.<\/strong><\/p>\n\n\n\n<p><\/p>\n","protected":false},"excerpt":{"rendered":"<p>Pour son premier match \u00e0 la Coupe d&rsquo;Afrique des nations (CAN), contre le Mali, demain, mardi 12 janvier 2022, la s\u00e9lectionneur tunisien, Mondher Kba\u00efer, devra composer avec les absences de Mohamed Drager (bless\u00e9) et Youssef Msakni (tout juste gu\u00e9ri du coronavirus).<\/p>\n","protected":false},"author":24,"featured_media":376600,"comment_status":"open","ping_status":"open","sticky":false,"template":"","format":"standard","meta":{"footnotes":""},"categories":[999,2433],"tags":[54492,84790,83343,95775,10699],"class_list":["post-376590","post","type-post","status-publish","format-standard","has-post-thumbnail","hentry","category-sport","category-tunisie","tag-aymen-dahmen","tag-can-2022","tag-mondher-kbaier","tag-naim-sliti-2","tag-wahbi-khazri"],"yoast_head":"<!-- This site is optimized with the Yoast SEO plugin v26.6 - https:\/\/yoast.com\/wordpress\/plugins\/seo\/ -->\n<title>CAN 2022 : La formation probable de la Tunisie contre le Mali - Kapitalis<\/title>\n<meta name=\"robots\" content=\"index, follow, max-snippet:-1, max-image-preview:large, max-video-preview:-1\" \/>\n<link rel=\"canonical\" href=\"https:\/\/kapitalis.com\/tunisie\/2022\/01\/11\/can-2022-la-formation-probable-de-la-tunisie-contre-le-mali\/\" \/>\n<meta property=\"og:locale\" content=\"fr_FR\" \/>\n<meta property=\"og:type\" content=\"article\" \/>\n<meta property=\"og:title\" content=\"CAN 2022 : La formation probable de la Tunisie contre le Mali - Kapitalis\" \/>\n<meta property=\"og:description\" content=\"Pour son premier match \u00e0 la Coupe d&rsquo;Afrique des nations (CAN), contre le Mali, demain, mardi 12 janvier 2022, la s\u00e9lectionneur tunisien, Mondher Kba\u00efer, devra composer avec les absences de Mohamed Drager (bless\u00e9) et Youssef Msakni (tout juste gu\u00e9ri du coronavirus).\" \/>\n<meta property=\"og:url\" content=\"https:\/\/kapitalis.com\/tunisie\/2022\/01\/11\/can-2022-la-formation-probable-de-la-tunisie-contre-le-mali\/\" \/>\n<meta property=\"og:site_name\" content=\"Kapitalis\" \/>\n<meta property=\"article:publisher\" content=\"https:\/\/www.facebook.com\/KapitalisInfo\/\" \/>\n<meta property=\"article:published_time\" content=\"2022-01-11T15:05:45+00:00\" \/>\n<meta property=\"article:modified_time\" content=\"2022-01-11T15:07:47+00:00\" \/>\n<meta property=\"og:image\" content=\"https:\/\/kapitalis.com\/tunisie\/wp-content\/uploads\/2022\/05\/kapitalis-logo-fb.png\" \/>\n\t<meta property=\"og:image:width\" content=\"1200\" \/>\n\t<meta property=\"og:image:height\" content=\"630\" \/>\n\t<meta property=\"og:image:type\" content=\"image\/png\" \/>\n<meta name=\"author\" content=\"Cherif Benyounes\" \/>\n<meta name=\"twitter:card\" content=\"summary_large_image\" \/>\n<meta name=\"twitter:creator\" content=\"@KapitalisInfo\" \/>\n<meta name=\"twitter:site\" content=\"@KapitalisInfo\" \/>\n<meta name=\"twitter:label1\" content=\"\u00c9crit par\" \/>\n\t<meta name=\"twitter:data1\" content=\"Cherif Benyounes\" \/>\n\t<meta name=\"twitter:label2\" content=\"Dur\u00e9e de lecture estim\u00e9e\" \/>\n\t<meta name=\"twitter:data2\" content=\"1 minute\" \/>\n<script type=\"application\/ld+json\" class=\"yoast-schema-graph\">{\"@context\":\"https:\/\/schema.org\",\"@graph\":[{\"@type\":\"Article\",\"@id\":\"https:\/\/kapitalis.com\/tunisie\/2022\/01\/11\/can-2022-la-formation-probable-de-la-tunisie-contre-le-mali\/#article\",\"isPartOf\":{\"@id\":\"https:\/\/kapitalis.com\/tunisie\/2022\/01\/11\/can-2022-la-formation-probable-de-la-tunisie-contre-le-mali\/\"},\"author\":{\"name\":\"Cherif Benyounes\",\"@id\":\"https:\/\/kapitalis.com\/tunisie\/#\/schema\/person\/b35b8d631961131107263178aeb8019e\"},\"headline\":\"CAN 2022 : La formation probable de la Tunisie contre le Mali\",\"datePublished\":\"2022-01-11T15:05:45+00:00\",\"dateModified\":\"2022-01-11T15:07:47+00:00\",\"mainEntityOfPage\":{\"@id\":\"https:\/\/kapitalis.com\/tunisie\/2022\/01\/11\/can-2022-la-formation-probable-de-la-tunisie-contre-le-mali\/\"},\"wordCount\":174,\"commentCount\":0,\"publisher\":{\"@id\":\"https:\/\/kapitalis.com\/tunisie\/#organization\"},\"image\":{\"@id\":\"https:\/\/kapitalis.com\/tunisie\/2022\/01\/11\/can-2022-la-formation-probable-de-la-tunisie-contre-le-mali\/#primaryimage\"},\"thumbnailUrl\":\"\",\"keywords\":[\"Aymen Dahmen\",\"CAN 2022\",\"mondher kba\u00efer\",\"Na\u00efm Sliti\",\"Wahbi Khazri\"],\"articleSection\":[\"SPORT\",\"Tunisie\"],\"inLanguage\":\"fr-FR\",\"potentialAction\":[{\"@type\":\"CommentAction\",\"name\":\"Comment\",\"target\":[\"https:\/\/kapitalis.com\/tunisie\/2022\/01\/11\/can-2022-la-formation-probable-de-la-tunisie-contre-le-mali\/#respond\"]}]},{\"@type\":\"WebPage\",\"@id\":\"https:\/\/kapitalis.com\/tunisie\/2022\/01\/11\/can-2022-la-formation-probable-de-la-tunisie-contre-le-mali\/\",\"url\":\"https:\/\/kapitalis.com\/tunisie\/2022\/01\/11\/can-2022-la-formation-probable-de-la-tunisie-contre-le-mali\/\",\"name\":\"CAN 2022 : La formation probable de la Tunisie contre le Mali - Kapitalis\",\"isPartOf\":{\"@id\":\"https:\/\/kapitalis.com\/tunisie\/#website\"},\"primaryImageOfPage\":{\"@id\":\"https:\/\/kapitalis.com\/tunisie\/2022\/01\/11\/can-2022-la-formation-probable-de-la-tunisie-contre-le-mali\/#primaryimage\"},\"image\":{\"@id\":\"https:\/\/kapitalis.com\/tunisie\/2022\/01\/11\/can-2022-la-formation-probable-de-la-tunisie-contre-le-mali\/#primaryimage\"},\"thumbnailUrl\":\"\",\"datePublished\":\"2022-01-11T15:05:45+00:00\",\"dateModified\":\"2022-01-11T15:07:47+00:00\",\"breadcrumb\":{\"@id\":\"https:\/\/kapitalis.com\/tunisie\/2022\/01\/11\/can-2022-la-formation-probable-de-la-tunisie-contre-le-mali\/#breadcrumb\"},\"inLanguage\":\"fr-FR\",\"potentialAction\":[{\"@type\":\"ReadAction\",\"target\":[\"https:\/\/kapitalis.com\/tunisie\/2022\/01\/11\/can-2022-la-formation-probable-de-la-tunisie-contre-le-mali\/\"]}]},{\"@type\":\"ImageObject\",\"inLanguage\":\"fr-FR\",\"@id\":\"https:\/\/kapitalis.com\/tunisie\/2022\/01\/11\/can-2022-la-formation-probable-de-la-tunisie-contre-le-mali\/#primaryimage\",\"url\":\"\",\"contentUrl\":\"\"},{\"@type\":\"BreadcrumbList\",\"@id\":\"https:\/\/kapitalis.com\/tunisie\/2022\/01\/11\/can-2022-la-formation-probable-de-la-tunisie-contre-le-mali\/#breadcrumb\",\"itemListElement\":[{\"@type\":\"ListItem\",\"position\":1,\"name\":\"Accueil\",\"item\":\"https:\/\/kapitalis.com\/tunisie\/\"},{\"@type\":\"ListItem\",\"position\":2,\"name\":\"CAN 2022 : La formation probable de la Tunisie contre le Mali\"}]},{\"@type\":\"WebSite\",\"@id\":\"https:\/\/kapitalis.com\/tunisie\/#website\",\"url\":\"https:\/\/kapitalis.com\/tunisie\/\",\"name\":\"Kapitalis\",\"description\":\"L&#039;actualit\u00e9 en Tunisie et dans le monde\",\"publisher\":{\"@id\":\"https:\/\/kapitalis.com\/tunisie\/#organization\"},\"potentialAction\":[{\"@type\":\"SearchAction\",\"target\":{\"@type\":\"EntryPoint\",\"urlTemplate\":\"https:\/\/kapitalis.com\/tunisie\/?s={search_term_string}\"},\"query-input\":{\"@type\":\"PropertyValueSpecification\",\"valueRequired\":true,\"valueName\":\"search_term_string\"}}],\"inLanguage\":\"fr-FR\"},{\"@type\":\"Organization\",\"@id\":\"https:\/\/kapitalis.com\/tunisie\/#organization\",\"name\":\"Kapitalis\",\"url\":\"https:\/\/kapitalis.com\/tunisie\/\",\"logo\":{\"@type\":\"ImageObject\",\"inLanguage\":\"fr-FR\",\"@id\":\"https:\/\/kapitalis.com\/tunisie\/#\/schema\/logo\/image\/\",\"url\":\"https:\/\/kapitalis.com\/tunisie\/wp-content\/uploads\/2022\/05\/Kapitalis-big-size.png\",\"contentUrl\":\"https:\/\/kapitalis.com\/tunisie\/wp-content\/uploads\/2022\/05\/Kapitalis-big-size.png\",\"width\":5000,\"height\":1500,\"caption\":\"Kapitalis\"},\"image\":{\"@id\":\"https:\/\/kapitalis.com\/tunisie\/#\/schema\/logo\/image\/\"},\"sameAs\":[\"https:\/\/www.facebook.com\/KapitalisInfo\/\",\"https:\/\/x.com\/KapitalisInfo\",\"https:\/\/www.youtube.com\/channel\/UC-yDYrHyfFBWWZaOw3FPg9Q\"]},{\"@type\":\"Person\",\"@id\":\"https:\/\/kapitalis.com\/tunisie\/#\/schema\/person\/b35b8d631961131107263178aeb8019e\",\"name\":\"Cherif Benyounes\",\"url\":\"https:\/\/kapitalis.com\/tunisie\/author\/cherif\/\"}]}<\/script>\n<!-- \/ Yoast SEO plugin. -->","yoast_head_json":{"title":"CAN 2022 : La formation probable de la Tunisie contre le Mali - Kapitalis","robots":{"index":"index","follow":"follow","max-snippet":"max-snippet:-1","max-image-preview":"max-image-preview:large","max-video-preview":"max-video-preview:-1"},"canonical":"https:\/\/kapitalis.com\/tunisie\/2022\/01\/11\/can-2022-la-formation-probable-de-la-tunisie-contre-le-mali\/","og_locale":"fr_FR","og_type":"article","og_title":"CAN 2022 : La formation probable de la Tunisie contre le Mali - Kapitalis","og_description":"Pour son premier match \u00e0 la Coupe d&rsquo;Afrique des nations (CAN), contre le Mali, demain, mardi 12 janvier 2022, la s\u00e9lectionneur tunisien, Mondher Kba\u00efer, devra composer avec les absences de Mohamed Drager (bless\u00e9) et Youssef Msakni (tout juste gu\u00e9ri du coronavirus).","og_url":"https:\/\/kapitalis.com\/tunisie\/2022\/01\/11\/can-2022-la-formation-probable-de-la-tunisie-contre-le-mali\/","og_site_name":"Kapitalis","article_publisher":"https:\/\/www.facebook.com\/KapitalisInfo\/","article_published_time":"2022-01-11T15:05:45+00:00","article_modified_time":"2022-01-11T15:07:47+00:00","og_image":[{"width":1200,"height":630,"url":"https:\/\/kapitalis.com\/tunisie\/wp-content\/uploads\/2022\/05\/kapitalis-logo-fb.png","type":"image\/png"}],"author":"Cherif Benyounes","twitter_card":"summary_large_image","twitter_creator":"@KapitalisInfo","twitter_site":"@KapitalisInfo","twitter_misc":{"\u00c9crit par":"Cherif Benyounes","Dur\u00e9e de lecture estim\u00e9e":"1 minute"},"schema":{"@context":"https:\/\/schema.org","@graph":[{"@type":"Article","@id":"https:\/\/kapitalis.com\/tunisie\/2022\/01\/11\/can-2022-la-formation-probable-de-la-tunisie-contre-le-mali\/#article","isPartOf":{"@id":"https:\/\/kapitalis.com\/tunisie\/2022\/01\/11\/can-2022-la-formation-probable-de-la-tunisie-contre-le-mali\/"},"author":{"name":"Cherif Benyounes","@id":"https:\/\/kapitalis.com\/tunisie\/#\/schema\/person\/b35b8d631961131107263178aeb8019e"},"headline":"CAN 2022 : La formation probable de la Tunisie contre le Mali","datePublished":"2022-01-11T15:05:45+00:00","dateModified":"2022-01-11T15:07:47+00:00","mainEntityOfPage":{"@id":"https:\/\/kapitalis.com\/tunisie\/2022\/01\/11\/can-2022-la-formation-probable-de-la-tunisie-contre-le-mali\/"},"wordCount":174,"commentCount":0,"publisher":{"@id":"https:\/\/kapitalis.com\/tunisie\/#organization"},"image":{"@id":"https:\/\/kapitalis.com\/tunisie\/2022\/01\/11\/can-2022-la-formation-probable-de-la-tunisie-contre-le-mali\/#primaryimage"},"thumbnailUrl":"","keywords":["Aymen Dahmen","CAN 2022","mondher kba\u00efer","Na\u00efm Sliti","Wahbi Khazri"],"articleSection":["SPORT","Tunisie"],"inLanguage":"fr-FR","potentialAction":[{"@type":"CommentAction","name":"Comment","target":["https:\/\/kapitalis.com\/tunisie\/2022\/01\/11\/can-2022-la-formation-probable-de-la-tunisie-contre-le-mali\/#respond"]}]},{"@type":"WebPage","@id":"https:\/\/kapitalis.com\/tunisie\/2022\/01\/11\/can-2022-la-formation-probable-de-la-tunisie-contre-le-mali\/","url":"https:\/\/kapitalis.com\/tunisie\/2022\/01\/11\/can-2022-la-formation-probable-de-la-tunisie-contre-le-mali\/","name":"CAN 2022 : La formation probable de la Tunisie contre le Mali - Kapitalis","isPartOf":{"@id":"https:\/\/kapitalis.com\/tunisie\/#website"},"primaryImageOfPage":{"@id":"https:\/\/kapitalis.com\/tunisie\/2022\/01\/11\/can-2022-la-formation-probable-de-la-tunisie-contre-le-mali\/#primaryimage"},"image":{"@id":"https:\/\/kapitalis.com\/tunisie\/2022\/01\/11\/can-2022-la-formation-probable-de-la-tunisie-contre-le-mali\/#primaryimage"},"thumbnailUrl":"","datePublished":"2022-01-11T15:05:45+00:00","dateModified":"2022-01-11T15:07:47+00:00","breadcrumb":{"@id":"https:\/\/kapitalis.com\/tunisie\/2022\/01\/11\/can-2022-la-formation-probable-de-la-tunisie-contre-le-mali\/#breadcrumb"},"inLanguage":"fr-FR","potentialAction":[{"@type":"ReadAction","target":["https:\/\/kapitalis.com\/tunisie\/2022\/01\/11\/can-2022-la-formation-probable-de-la-tunisie-contre-le-mali\/"]}]},{"@type":"ImageObject","inLanguage":"fr-FR","@id":"https:\/\/kapitalis.com\/tunisie\/2022\/01\/11\/can-2022-la-formation-probable-de-la-tunisie-contre-le-mali\/#primaryimage","url":"","contentUrl":""},{"@type":"BreadcrumbList","@id":"https:\/\/kapitalis.com\/tunisie\/2022\/01\/11\/can-2022-la-formation-probable-de-la-tunisie-contre-le-mali\/#breadcrumb","itemListElement":[{"@type":"ListItem","position":1,"name":"Accueil","item":"https:\/\/kapitalis.com\/tunisie\/"},{"@type":"ListItem","position":2,"name":"CAN 2022 : La formation probable de la Tunisie contre le Mali"}]},{"@type":"WebSite","@id":"https:\/\/kapitalis.com\/tunisie\/#website","url":"https:\/\/kapitalis.com\/tunisie\/","name":"Kapitalis","description":"L&#039;actualit\u00e9 en Tunisie et dans le monde","publisher":{"@id":"https:\/\/kapitalis.com\/tunisie\/#organization"},"potentialAction":[{"@type":"SearchAction","target":{"@type":"EntryPoint","urlTemplate":"https:\/\/kapitalis.com\/tunisie\/?s={search_term_string}"},"query-input":{"@type":"PropertyValueSpecification","valueRequired":true,"valueName":"search_term_string"}}],"inLanguage":"fr-FR"},{"@type":"Organization","@id":"https:\/\/kapitalis.com\/tunisie\/#organization","name":"Kapitalis","url":"https:\/\/kapitalis.com\/tunisie\/","logo":{"@type":"ImageObject","inLanguage":"fr-FR","@id":"https:\/\/kapitalis.com\/tunisie\/#\/schema\/logo\/image\/","url":"https:\/\/kapitalis.com\/tunisie\/wp-content\/uploads\/2022\/05\/Kapitalis-big-size.png","contentUrl":"https:\/\/kapitalis.com\/tunisie\/wp-content\/uploads\/2022\/05\/Kapitalis-big-size.png","width":5000,"height":1500,"caption":"Kapitalis"},"image":{"@id":"https:\/\/kapitalis.com\/tunisie\/#\/schema\/logo\/image\/"},"sameAs":["https:\/\/www.facebook.com\/KapitalisInfo\/","https:\/\/x.com\/KapitalisInfo","https:\/\/www.youtube.com\/channel\/UC-yDYrHyfFBWWZaOw3FPg9Q"]},{"@type":"Person","@id":"https:\/\/kapitalis.com\/tunisie\/#\/schema\/person\/b35b8d631961131107263178aeb8019e","name":"Cherif Benyounes","url":"https:\/\/kapitalis.com\/tunisie\/author\/cherif\/"}]}},"_links":{"self":[{"href":"https:\/\/kapitalis.com\/tunisie\/wp-json\/wp\/v2\/posts\/376590","targetHints":{"allow":["GET"]}}],"collection":[{"href":"https:\/\/kapitalis.com\/tunisie\/wp-json\/wp\/v2\/posts"}],"about":[{"href":"https:\/\/kapitalis.com\/tunisie\/wp-json\/wp\/v2\/types\/post"}],"author":[{"embeddable":true,"href":"https:\/\/kapitalis.com\/tunisie\/wp-json\/wp\/v2\/users\/24"}],"replies":[{"embeddable":true,"href":"https:\/\/kapitalis.com\/tunisie\/wp-json\/wp\/v2\/comments?post=376590"}],"version-history":[{"count":0,"href":"https:\/\/kapitalis.com\/tunisie\/wp-json\/wp\/v2\/posts\/376590\/revisions"}],"wp:featuredmedia":[{"embeddable":true,"href":"https:\/\/kapitalis.com\/tunisie\/wp-json\/wp\/v2\/media\/376600"}],"wp:attachment":[{"href":"https:\/\/kapitalis.com\/tunisie\/wp-json\/wp\/v2\/media?parent=376590"}],"wp:term":[{"taxonomy":"category","embeddable":true,"href":"https:\/\/kapitalis.com\/tunisie\/wp-json\/wp\/v2\/categories?post=376590"},{"taxonomy":"post_tag","embeddable":true,"href":"https:\/\/kapitalis.com\/tunisie\/wp-json\/wp\/v2\/tags?post=376590"}],"curies":[{"name":"wp","href":"https:\/\/api.w.org\/{rel}","templated":true}]}}