{"id":376697,"date":"2022-01-12T08:16:58","date_gmt":"2022-01-12T07:16:58","guid":{"rendered":"http:\/\/kapitalis.com\/tunisie\/?p=376697"},"modified":"2022-01-12T08:18:35","modified_gmt":"2022-01-12T07:18:35","slug":"tunisie-ces-20-000-hauts-responsables-que-kais-saied-veut-nettoyer","status":"publish","type":"post","link":"https:\/\/kapitalis.com\/tunisie\/2022\/01\/12\/tunisie-ces-20-000-hauts-responsables-que-kais-saied-veut-nettoyer\/","title":{"rendered":"Tunisie : Ces 20 000 hauts responsables que Ka\u00efs Sa\u00efed veut \u00abnettoyer\u00bb !"},"content":{"rendered":"\n<div class=\"wp-block-image\"><figure class=\"aligncenter size-full\"><img decoding=\"async\" src=\"http:\/\/kapitalis.com\/tunisie\/wp-content\/uploads\/2021\/02\/Palais-de-la-Kasbah.jpg\" alt=\"\" class=\"wp-image-335723\"\/><figcaption><em>Palais du gouvernement.<\/em><\/figcaption><\/figure><\/div>\n\n\n\n<p><strong><em>Dans un article consacr\u00e9 \u00e0 la Tunisie paru dans son dernier num\u00e9ro, <a href=\"https:\/\/www.jeuneafrique.com\/1293538\/politique\/tunisie-kais-saied-compte-epingler-20-000-hauts-responsables\/\" target=\"_blank\" rel=\"noreferrer noopener\">Jeune Afrique<\/a> titre\u00a0: \u00abKa\u00efs Sa\u00efed compte \u00e9pingler 20 000 hauts responsables\u00bb, une affirmation qui semble tenir de la supputation plus que de l&rsquo;information, car ce chiffre repr\u00e9sente \u00e0 peu pr\u00e8s le nombre total de cadres de l&rsquo;ensemble de l&rsquo;administration publique.<\/em><\/strong><\/p>\n\n\n\n<p>Par <strong>Imed Bahri<\/strong><\/p>\n\n\n\n<!--more-->\n\n\n\n<p>L&rsquo;article en question \u00e9voque la guerre que m\u00e8ne actuellement le pr\u00e9sident de la r\u00e9publique contre la corruption, et qui demeure pour le moment purement incantatoire.<\/p>\n\n\n\n<p><em>\u00abLe chef de l\u2019\u00c9tat tunisien s\u2019appr\u00eate \u00e0 demander des comptes \u00e0 20 000 responsables des sph\u00e8res publiques et priv\u00e9es qui ont \u00e9t\u00e9 en poste ces vingt derni\u00e8res ann\u00e9es durant la derni\u00e8re d\u00e9cennie du r\u00e9gime Ben Ali, puis celle de la r\u00e9volution, d\u00e8s 2011\u00bb<\/em>, \u00e9crit le magazine parisien, en citant de bien vagues <em>\u00absources \u00e0 la Kasbah\u00bb<\/em>, si\u00e8ge du gouvernement.<\/p>\n\n\n\n<h2 class=\"wp-block-heading\">Tous les corrompus doivent rendre des comptes<\/h2>\n\n\n\n<p>Cette <em>\u00abbande\u00bb<\/em> de pr\u00e9sum\u00e9s corrompus, auxquels Ka\u00efs Sa\u00efed voudrait demander de rendre des comptes, comprend, selon le magazine <em>\u00abdes hommes d\u2019affaires ayant des &lsquo;cr\u00e9ances accroch\u00e9es&rsquo; (impay\u00e9es aupr\u00e8s des banques)\u00bb<\/em>, mais aussi <em>\u00ables PDG des banques publiques et priv\u00e9es, les responsables gouvernementaux \u00e9tatiques, dont les ministres et les gouverneurs, mais aussi tous les grands noms du secteur priv\u00e9.\u00bb<\/em><\/p>\n\n\n\n<p>Cela fait beaucoup de personnes qui <em>\u00abdevront d\u00e9montrer qu\u2019ils ne se<\/em> <em>sont pas rendus coupables d\u2019exactions financi\u00e8res ou d\u2019enrichissement illicite\u00bb, <\/em>croit savoir<em> Jeune Afrique, <\/em>en ajoutant que les avoirs de ces pr\u00e9sum\u00e9s corrompus <em>\u00abseraient confisqu\u00e9s jusqu\u2019\u00e0 ce que chaque dossier soit examin\u00e9 et que chacun apporte la preuve de son innocence.\u00bb<\/em><\/p>\n\n\n\n<p>S&rsquo;il n&rsquo; y a aucun doute sur les intentions du pr\u00e9sident Sa\u00efed, qui parle ouvertement depuis un certain temps de l&rsquo;assainissement d&rsquo;un pays gangren\u00e9 par la corruption, dont la soi-disant transition d\u00e9mocratique est en train de d\u00e9g\u00e9n\u00e9rer en une tragi-com\u00e9die et qui est d\u00e9sormais au bord de la faillite, incapable de trouver des bailleurs de fonds pour financer son budget de l&rsquo;Etat pour l&rsquo;exercice en cours, c&rsquo;est le chiffre avanc\u00e9 de <em>\u00ab<\/em><em>20 000 hauts responsables\u00bb <\/em>qui nous semble quelque peu exag\u00e9r\u00e9. A moins que les <em>\u00abfins limiers\u00bb<\/em> du palais de Carthage n&rsquo;aient brass\u00e9 large, en additionnant les listes de malfrats en cols blancs souvent publi\u00e9es par les r\u00e9seaux sociaux et dont les dossiers d&rsquo;accusation, une fois remis entre les mains des juges, ne tiendraient pas la route et seraient balay\u00e9s d&rsquo;un revers de la main.<\/p>\n\n\n\n<h2 class=\"wp-block-heading\">Ka\u00efs Sa\u00efed entre impatience et impuissance<\/h2>\n\n\n\n<p>Cette op\u00e9ration <em>\u00abMani Puliti\u00bb<\/em> \u00e0 la Tunisienne aurait d&rsquo;autant plus de mal \u00e0 aboutir que M. Sa\u00efed peine \u00e0 y entra\u00eener des magistrats qu&rsquo;il ne cesse d&rsquo;accuser de manquement \u00e0 leur mission voire de complicit\u00e9 active avec les lobbys politiques et les groupes d&rsquo;int\u00e9r\u00eat. Ce <em>\u00ab<\/em><em>bras de fer\u00bb<\/em> entre le pr\u00e9sident de la r\u00e9publique et les instances repr\u00e9sentatives de la justice, notamment le Conseil sup\u00e9rieur de la magistrature (CSM), et qui commence \u00e0 prendre l&rsquo;allure d&rsquo;une chasse aux sorci\u00e8res, <em>\u00abs\u2019est transform\u00e9 en guerre ouverte, avec les juges, qui refusent de traiter des affaires sans preuves ou de revenir sur les dossiers d\u00e9j\u00e0 trait\u00e9s voire jug\u00e9s\u00bb<\/em>, \u00e9crit d&rsquo;ailleurs <em>Jeune Afrique<\/em>, qui peut se montre, au passage, tr\u00e8s indulgent vis-\u00e0-vis des juges.<\/p>\n\n\n\n<p>Ces derniers se barricadent, en effet, derri\u00e8re leur soi-disant ind\u00e9pendance pour se d\u00e9rober \u00e0 leur responsabilit\u00e9 dans la lutte contre la corruption, condition sine qua non pour la r\u00e9ussite de la transition d\u00e9mocratique, ou pour assurer l&rsquo;impunit\u00e9 \u00e0 ceux d&rsquo;entre eux qui sont mouill\u00e9s jusqu&rsquo;au cou dans des affaires peu ragoutantes. La d\u00e9mocratie naissante en Tunisie \u00e9tant en passe d&rsquo;\u00eatre d\u00e9voy\u00e9e par un corporatisme de mauvais aloi,<\/p>\n\n\n\n<p>D&rsquo;o\u00f9, d&rsquo;ailleurs, l&rsquo;impatience que montre le pr\u00e9sident de la r\u00e9publique dans les interminables monologues, seule forme de communication politique qu&rsquo;il affectionne, et qui traduit, en r\u00e9alit\u00e9, un sentiment d&rsquo;impuissance face \u00e0 l&rsquo;ampleur de la t\u00e2che et les faibles moyens dont il dispose pour la mener \u00e0 terme.<\/p>\n\n\n\n<h4 class=\"wp-block-heading\"><em>Articles li\u00e9s : <\/em><\/h4>\n\n\n\n<p><blockquote class=\"wp-embedded-content\" data-secret=\"94ByiOp8x9\"><a href=\"https:\/\/kapitalis.com\/tunisie\/2021\/09\/08\/tunisie-kais-saied-face-a-la-pieuvre-de-la-corruption\/\">Tunisie : Kais Sa\u00efed face \u00e0 la pieuvre de la corruption<\/a><\/blockquote><iframe loading=\"lazy\" class=\"wp-embedded-content\" sandbox=\"allow-scripts\" security=\"restricted\" style=\"position: absolute; clip: rect(1px, 1px, 1px, 1px);\" title=\"\u00ab\u00a0Tunisie : Kais Sa\u00efed face \u00e0 la pieuvre de la corruption\u00a0\u00bb &#8212; Kapitalis\" src=\"https:\/\/kapitalis.com\/tunisie\/2021\/09\/08\/tunisie-kais-saied-face-a-la-pieuvre-de-la-corruption\/embed\/#?secret=M6MIjQ3wjy#?secret=94ByiOp8x9\" data-secret=\"94ByiOp8x9\" width=\"600\" height=\"338\" frameborder=\"0\" marginwidth=\"0\" marginheight=\"0\" scrolling=\"no\"><\/iframe><\/p>\n\n\n\n<p><blockquote class=\"wp-embedded-content\" data-secret=\"rK0zIEG5FS\"><a href=\"https:\/\/kapitalis.com\/tunisie\/2021\/08\/20\/kais-saied-et-les-juges-qui-a-peur-de-qui\/\">Kais Sa\u00efed et les juges : qui a peur de qui ?<\/a><\/blockquote><iframe loading=\"lazy\" class=\"wp-embedded-content\" sandbox=\"allow-scripts\" security=\"restricted\" style=\"position: absolute; clip: rect(1px, 1px, 1px, 1px);\" title=\"\u00ab\u00a0Kais Sa\u00efed et les juges : qui a peur de qui ?\u00a0\u00bb &#8212; Kapitalis\" src=\"https:\/\/kapitalis.com\/tunisie\/2021\/08\/20\/kais-saied-et-les-juges-qui-a-peur-de-qui\/embed\/#?secret=WSzhMsVdDJ#?secret=rK0zIEG5FS\" data-secret=\"rK0zIEG5FS\" width=\"600\" height=\"338\" frameborder=\"0\" marginwidth=\"0\" marginheight=\"0\" scrolling=\"no\"><\/iframe><\/p>\n\n\n\n<p><blockquote class=\"wp-embedded-content\" data-secret=\"jjYlCn8xAo\"><a href=\"https:\/\/kapitalis.com\/tunisie\/2021\/08\/18\/tunisie-limpossible-pari-de-kais-saied\/\">Tunisie : L&rsquo;impossible pari de Ka\u00efs Sa\u00efed<\/a><\/blockquote><iframe loading=\"lazy\" class=\"wp-embedded-content\" sandbox=\"allow-scripts\" security=\"restricted\" style=\"position: absolute; clip: rect(1px, 1px, 1px, 1px);\" title=\"\u00ab\u00a0Tunisie : L&rsquo;impossible pari de Ka\u00efs Sa\u00efed\u00a0\u00bb &#8212; Kapitalis\" src=\"https:\/\/kapitalis.com\/tunisie\/2021\/08\/18\/tunisie-limpossible-pari-de-kais-saied\/embed\/#?secret=zgcfzxmtHQ#?secret=jjYlCn8xAo\" data-secret=\"jjYlCn8xAo\" width=\"600\" height=\"338\" frameborder=\"0\" marginwidth=\"0\" marginheight=\"0\" scrolling=\"no\"><\/iframe><\/p>\n","protected":false},"excerpt":{"rendered":"<p>Dans un article consacr\u00e9 \u00e0 la Tunisie paru dans son dernier num\u00e9ro, Jeune Afrique titre\u00a0: \u00abKa\u00efs Sa\u00efed compte \u00e9pingler 20 000 hauts responsables\u00bb, une affirmation qui semble tenir de la supputation plus que de l&rsquo;information, car ce chiffre repr\u00e9sente \u00e0 peu pr\u00e8s le nombre total de cadres de l&rsquo;ensemble de l&rsquo;administration publique. Par Imed Bahri<\/p>\n","protected":false},"author":8,"featured_media":0,"comment_status":"open","ping_status":"open","sticky":false,"template":"","format":"standard","meta":{"footnotes":""},"categories":[992,997,2433],"tags":[7902,64471,17325,76012,62643],"class_list":["post-376697","post","type-post","status-publish","format-standard","hentry","category-a-la-une","category-politique","category-tunisie","tag-conseil-superieur-de-la-magistrature","tag-corruption","tag-jeune-afrique","tag-kais-saied-2","tag-tunisie"],"yoast_head":"<!-- This site is optimized with the Yoast SEO plugin v26.6 - https:\/\/yoast.com\/wordpress\/plugins\/seo\/ -->\n<title>Tunisie : Ces 20 000 hauts responsables que Ka\u00efs Sa\u00efed veut \u00abnettoyer\u00bb ! - Kapitalis<\/title>\n<meta name=\"robots\" content=\"index, follow, max-snippet:-1, max-image-preview:large, max-video-preview:-1\" \/>\n<link rel=\"canonical\" href=\"https:\/\/kapitalis.com\/tunisie\/2022\/01\/12\/tunisie-ces-20-000-hauts-responsables-que-kais-saied-veut-nettoyer\/\" \/>\n<meta property=\"og:locale\" content=\"fr_FR\" \/>\n<meta property=\"og:type\" content=\"article\" \/>\n<meta property=\"og:title\" content=\"Tunisie : Ces 20 000 hauts responsables que Ka\u00efs Sa\u00efed veut \u00abnettoyer\u00bb ! - Kapitalis\" \/>\n<meta property=\"og:description\" content=\"Dans un article consacr\u00e9 \u00e0 la Tunisie paru dans son dernier num\u00e9ro, Jeune Afrique titre\u00a0: \u00abKa\u00efs Sa\u00efed compte \u00e9pingler 20 000 hauts responsables\u00bb, une affirmation qui semble tenir de la supputation plus que de l&rsquo;information, car ce chiffre repr\u00e9sente \u00e0 peu pr\u00e8s le nombre total de cadres de l&rsquo;ensemble de l&rsquo;administration publique. Par Imed Bahri\" \/>\n<meta property=\"og:url\" content=\"https:\/\/kapitalis.com\/tunisie\/2022\/01\/12\/tunisie-ces-20-000-hauts-responsables-que-kais-saied-veut-nettoyer\/\" \/>\n<meta property=\"og:site_name\" content=\"Kapitalis\" \/>\n<meta property=\"article:publisher\" content=\"https:\/\/www.facebook.com\/KapitalisInfo\/\" \/>\n<meta property=\"article:published_time\" content=\"2022-01-12T07:16:58+00:00\" \/>\n<meta property=\"article:modified_time\" content=\"2022-01-12T07:18:35+00:00\" \/>\n<meta property=\"og:image\" content=\"http:\/\/kapitalis.com\/tunisie\/wp-content\/uploads\/2021\/02\/Palais-de-la-Kasbah.jpg\" \/>\n<meta name=\"author\" content=\"webmaster kapitalis\" \/>\n<meta name=\"twitter:card\" content=\"summary_large_image\" \/>\n<meta name=\"twitter:creator\" content=\"@KapitalisInfo\" \/>\n<meta name=\"twitter:site\" content=\"@KapitalisInfo\" \/>\n<meta name=\"twitter:label1\" content=\"\u00c9crit par\" \/>\n\t<meta name=\"twitter:data1\" content=\"webmaster kapitalis\" \/>\n\t<meta name=\"twitter:label2\" content=\"Dur\u00e9e de lecture estim\u00e9e\" \/>\n\t<meta name=\"twitter:data2\" content=\"4 minutes\" \/>\n<script type=\"application\/ld+json\" class=\"yoast-schema-graph\">{\"@context\":\"https:\/\/schema.org\",\"@graph\":[{\"@type\":\"Article\",\"@id\":\"https:\/\/kapitalis.com\/tunisie\/2022\/01\/12\/tunisie-ces-20-000-hauts-responsables-que-kais-saied-veut-nettoyer\/#article\",\"isPartOf\":{\"@id\":\"https:\/\/kapitalis.com\/tunisie\/2022\/01\/12\/tunisie-ces-20-000-hauts-responsables-que-kais-saied-veut-nettoyer\/\"},\"author\":{\"name\":\"webmaster kapitalis\",\"@id\":\"https:\/\/kapitalis.com\/tunisie\/#\/schema\/person\/d71f33a9ca44f7bad4698210b480c8e9\"},\"headline\":\"Tunisie : Ces 20 000 hauts responsables que Ka\u00efs Sa\u00efed veut \u00abnettoyer\u00bb !\",\"datePublished\":\"2022-01-12T07:16:58+00:00\",\"dateModified\":\"2022-01-12T07:18:35+00:00\",\"mainEntityOfPage\":{\"@id\":\"https:\/\/kapitalis.com\/tunisie\/2022\/01\/12\/tunisie-ces-20-000-hauts-responsables-que-kais-saied-veut-nettoyer\/\"},\"wordCount\":723,\"commentCount\":6,\"publisher\":{\"@id\":\"https:\/\/kapitalis.com\/tunisie\/#organization\"},\"image\":{\"@id\":\"https:\/\/kapitalis.com\/tunisie\/2022\/01\/12\/tunisie-ces-20-000-hauts-responsables-que-kais-saied-veut-nettoyer\/#primaryimage\"},\"thumbnailUrl\":\"http:\/\/kapitalis.com\/tunisie\/wp-content\/uploads\/2021\/02\/Palais-de-la-Kasbah.jpg\",\"keywords\":[\"conseil sup\u00e9rieur de la magistrature\",\"corruption\",\"Jeune Afrique\",\"Ka\u00efs Sa\u00efed\",\"Tunisie\"],\"articleSection\":[\"A LA UNE\",\"POLITIQUE\",\"Tunisie\"],\"inLanguage\":\"fr-FR\",\"potentialAction\":[{\"@type\":\"CommentAction\",\"name\":\"Comment\",\"target\":[\"https:\/\/kapitalis.com\/tunisie\/2022\/01\/12\/tunisie-ces-20-000-hauts-responsables-que-kais-saied-veut-nettoyer\/#respond\"]}]},{\"@type\":\"WebPage\",\"@id\":\"https:\/\/kapitalis.com\/tunisie\/2022\/01\/12\/tunisie-ces-20-000-hauts-responsables-que-kais-saied-veut-nettoyer\/\",\"url\":\"https:\/\/kapitalis.com\/tunisie\/2022\/01\/12\/tunisie-ces-20-000-hauts-responsables-que-kais-saied-veut-nettoyer\/\",\"name\":\"Tunisie : Ces 20 000 hauts responsables que Ka\u00efs Sa\u00efed veut \u00abnettoyer\u00bb ! - Kapitalis\",\"isPartOf\":{\"@id\":\"https:\/\/kapitalis.com\/tunisie\/#website\"},\"primaryImageOfPage\":{\"@id\":\"https:\/\/kapitalis.com\/tunisie\/2022\/01\/12\/tunisie-ces-20-000-hauts-responsables-que-kais-saied-veut-nettoyer\/#primaryimage\"},\"image\":{\"@id\":\"https:\/\/kapitalis.com\/tunisie\/2022\/01\/12\/tunisie-ces-20-000-hauts-responsables-que-kais-saied-veut-nettoyer\/#primaryimage\"},\"thumbnailUrl\":\"http:\/\/kapitalis.com\/tunisie\/wp-content\/uploads\/2021\/02\/Palais-de-la-Kasbah.jpg\",\"datePublished\":\"2022-01-12T07:16:58+00:00\",\"dateModified\":\"2022-01-12T07:18:35+00:00\",\"breadcrumb\":{\"@id\":\"https:\/\/kapitalis.com\/tunisie\/2022\/01\/12\/tunisie-ces-20-000-hauts-responsables-que-kais-saied-veut-nettoyer\/#breadcrumb\"},\"inLanguage\":\"fr-FR\",\"potentialAction\":[{\"@type\":\"ReadAction\",\"target\":[\"https:\/\/kapitalis.com\/tunisie\/2022\/01\/12\/tunisie-ces-20-000-hauts-responsables-que-kais-saied-veut-nettoyer\/\"]}]},{\"@type\":\"ImageObject\",\"inLanguage\":\"fr-FR\",\"@id\":\"https:\/\/kapitalis.com\/tunisie\/2022\/01\/12\/tunisie-ces-20-000-hauts-responsables-que-kais-saied-veut-nettoyer\/#primaryimage\",\"url\":\"\",\"contentUrl\":\"\"},{\"@type\":\"BreadcrumbList\",\"@id\":\"https:\/\/kapitalis.com\/tunisie\/2022\/01\/12\/tunisie-ces-20-000-hauts-responsables-que-kais-saied-veut-nettoyer\/#breadcrumb\",\"itemListElement\":[{\"@type\":\"ListItem\",\"position\":1,\"name\":\"Accueil\",\"item\":\"https:\/\/kapitalis.com\/tunisie\/\"},{\"@type\":\"ListItem\",\"position\":2,\"name\":\"Tunisie : Ces 20 000 hauts responsables que Ka\u00efs Sa\u00efed veut \u00abnettoyer\u00bb !\"}]},{\"@type\":\"WebSite\",\"@id\":\"https:\/\/kapitalis.com\/tunisie\/#website\",\"url\":\"https:\/\/kapitalis.com\/tunisie\/\",\"name\":\"Kapitalis\",\"description\":\"L&#039;actualit\u00e9 en Tunisie et dans le monde\",\"publisher\":{\"@id\":\"https:\/\/kapitalis.com\/tunisie\/#organization\"},\"potentialAction\":[{\"@type\":\"SearchAction\",\"target\":{\"@type\":\"EntryPoint\",\"urlTemplate\":\"https:\/\/kapitalis.com\/tunisie\/?s={search_term_string}\"},\"query-input\":{\"@type\":\"PropertyValueSpecification\",\"valueRequired\":true,\"valueName\":\"search_term_string\"}}],\"inLanguage\":\"fr-FR\"},{\"@type\":\"Organization\",\"@id\":\"https:\/\/kapitalis.com\/tunisie\/#organization\",\"name\":\"Kapitalis\",\"url\":\"https:\/\/kapitalis.com\/tunisie\/\",\"logo\":{\"@type\":\"ImageObject\",\"inLanguage\":\"fr-FR\",\"@id\":\"https:\/\/kapitalis.com\/tunisie\/#\/schema\/logo\/image\/\",\"url\":\"https:\/\/kapitalis.com\/tunisie\/wp-content\/uploads\/2022\/05\/Kapitalis-big-size.png\",\"contentUrl\":\"https:\/\/kapitalis.com\/tunisie\/wp-content\/uploads\/2022\/05\/Kapitalis-big-size.png\",\"width\":5000,\"height\":1500,\"caption\":\"Kapitalis\"},\"image\":{\"@id\":\"https:\/\/kapitalis.com\/tunisie\/#\/schema\/logo\/image\/\"},\"sameAs\":[\"https:\/\/www.facebook.com\/KapitalisInfo\/\",\"https:\/\/x.com\/KapitalisInfo\",\"https:\/\/www.youtube.com\/channel\/UC-yDYrHyfFBWWZaOw3FPg9Q\"]},{\"@type\":\"Person\",\"@id\":\"https:\/\/kapitalis.com\/tunisie\/#\/schema\/person\/d71f33a9ca44f7bad4698210b480c8e9\",\"name\":\"webmaster kapitalis\",\"url\":\"https:\/\/kapitalis.com\/tunisie\/author\/webmaster-kapitalis\/\"}]}<\/script>\n<!-- \/ Yoast SEO plugin. -->","yoast_head_json":{"title":"Tunisie : Ces 20 000 hauts responsables que Ka\u00efs Sa\u00efed veut \u00abnettoyer\u00bb ! - Kapitalis","robots":{"index":"index","follow":"follow","max-snippet":"max-snippet:-1","max-image-preview":"max-image-preview:large","max-video-preview":"max-video-preview:-1"},"canonical":"https:\/\/kapitalis.com\/tunisie\/2022\/01\/12\/tunisie-ces-20-000-hauts-responsables-que-kais-saied-veut-nettoyer\/","og_locale":"fr_FR","og_type":"article","og_title":"Tunisie : Ces 20 000 hauts responsables que Ka\u00efs Sa\u00efed veut \u00abnettoyer\u00bb ! - Kapitalis","og_description":"Dans un article consacr\u00e9 \u00e0 la Tunisie paru dans son dernier num\u00e9ro, Jeune Afrique titre\u00a0: \u00abKa\u00efs Sa\u00efed compte \u00e9pingler 20 000 hauts responsables\u00bb, une affirmation qui semble tenir de la supputation plus que de l&rsquo;information, car ce chiffre repr\u00e9sente \u00e0 peu pr\u00e8s le nombre total de cadres de l&rsquo;ensemble de l&rsquo;administration publique. Par Imed Bahri","og_url":"https:\/\/kapitalis.com\/tunisie\/2022\/01\/12\/tunisie-ces-20-000-hauts-responsables-que-kais-saied-veut-nettoyer\/","og_site_name":"Kapitalis","article_publisher":"https:\/\/www.facebook.com\/KapitalisInfo\/","article_published_time":"2022-01-12T07:16:58+00:00","article_modified_time":"2022-01-12T07:18:35+00:00","og_image":[{"url":"http:\/\/kapitalis.com\/tunisie\/wp-content\/uploads\/2021\/02\/Palais-de-la-Kasbah.jpg","type":"","width":"","height":""}],"author":"webmaster kapitalis","twitter_card":"summary_large_image","twitter_creator":"@KapitalisInfo","twitter_site":"@KapitalisInfo","twitter_misc":{"\u00c9crit par":"webmaster kapitalis","Dur\u00e9e de lecture estim\u00e9e":"4 minutes"},"schema":{"@context":"https:\/\/schema.org","@graph":[{"@type":"Article","@id":"https:\/\/kapitalis.com\/tunisie\/2022\/01\/12\/tunisie-ces-20-000-hauts-responsables-que-kais-saied-veut-nettoyer\/#article","isPartOf":{"@id":"https:\/\/kapitalis.com\/tunisie\/2022\/01\/12\/tunisie-ces-20-000-hauts-responsables-que-kais-saied-veut-nettoyer\/"},"author":{"name":"webmaster kapitalis","@id":"https:\/\/kapitalis.com\/tunisie\/#\/schema\/person\/d71f33a9ca44f7bad4698210b480c8e9"},"headline":"Tunisie : Ces 20 000 hauts responsables que Ka\u00efs Sa\u00efed veut \u00abnettoyer\u00bb !","datePublished":"2022-01-12T07:16:58+00:00","dateModified":"2022-01-12T07:18:35+00:00","mainEntityOfPage":{"@id":"https:\/\/kapitalis.com\/tunisie\/2022\/01\/12\/tunisie-ces-20-000-hauts-responsables-que-kais-saied-veut-nettoyer\/"},"wordCount":723,"commentCount":6,"publisher":{"@id":"https:\/\/kapitalis.com\/tunisie\/#organization"},"image":{"@id":"https:\/\/kapitalis.com\/tunisie\/2022\/01\/12\/tunisie-ces-20-000-hauts-responsables-que-kais-saied-veut-nettoyer\/#primaryimage"},"thumbnailUrl":"http:\/\/kapitalis.com\/tunisie\/wp-content\/uploads\/2021\/02\/Palais-de-la-Kasbah.jpg","keywords":["conseil sup\u00e9rieur de la magistrature","corruption","Jeune Afrique","Ka\u00efs Sa\u00efed","Tunisie"],"articleSection":["A LA UNE","POLITIQUE","Tunisie"],"inLanguage":"fr-FR","potentialAction":[{"@type":"CommentAction","name":"Comment","target":["https:\/\/kapitalis.com\/tunisie\/2022\/01\/12\/tunisie-ces-20-000-hauts-responsables-que-kais-saied-veut-nettoyer\/#respond"]}]},{"@type":"WebPage","@id":"https:\/\/kapitalis.com\/tunisie\/2022\/01\/12\/tunisie-ces-20-000-hauts-responsables-que-kais-saied-veut-nettoyer\/","url":"https:\/\/kapitalis.com\/tunisie\/2022\/01\/12\/tunisie-ces-20-000-hauts-responsables-que-kais-saied-veut-nettoyer\/","name":"Tunisie : Ces 20 000 hauts responsables que Ka\u00efs Sa\u00efed veut \u00abnettoyer\u00bb ! - Kapitalis","isPartOf":{"@id":"https:\/\/kapitalis.com\/tunisie\/#website"},"primaryImageOfPage":{"@id":"https:\/\/kapitalis.com\/tunisie\/2022\/01\/12\/tunisie-ces-20-000-hauts-responsables-que-kais-saied-veut-nettoyer\/#primaryimage"},"image":{"@id":"https:\/\/kapitalis.com\/tunisie\/2022\/01\/12\/tunisie-ces-20-000-hauts-responsables-que-kais-saied-veut-nettoyer\/#primaryimage"},"thumbnailUrl":"http:\/\/kapitalis.com\/tunisie\/wp-content\/uploads\/2021\/02\/Palais-de-la-Kasbah.jpg","datePublished":"2022-01-12T07:16:58+00:00","dateModified":"2022-01-12T07:18:35+00:00","breadcrumb":{"@id":"https:\/\/kapitalis.com\/tunisie\/2022\/01\/12\/tunisie-ces-20-000-hauts-responsables-que-kais-saied-veut-nettoyer\/#breadcrumb"},"inLanguage":"fr-FR","potentialAction":[{"@type":"ReadAction","target":["https:\/\/kapitalis.com\/tunisie\/2022\/01\/12\/tunisie-ces-20-000-hauts-responsables-que-kais-saied-veut-nettoyer\/"]}]},{"@type":"ImageObject","inLanguage":"fr-FR","@id":"https:\/\/kapitalis.com\/tunisie\/2022\/01\/12\/tunisie-ces-20-000-hauts-responsables-que-kais-saied-veut-nettoyer\/#primaryimage","url":"","contentUrl":""},{"@type":"BreadcrumbList","@id":"https:\/\/kapitalis.com\/tunisie\/2022\/01\/12\/tunisie-ces-20-000-hauts-responsables-que-kais-saied-veut-nettoyer\/#breadcrumb","itemListElement":[{"@type":"ListItem","position":1,"name":"Accueil","item":"https:\/\/kapitalis.com\/tunisie\/"},{"@type":"ListItem","position":2,"name":"Tunisie : Ces 20 000 hauts responsables que Ka\u00efs Sa\u00efed veut \u00abnettoyer\u00bb !"}]},{"@type":"WebSite","@id":"https:\/\/kapitalis.com\/tunisie\/#website","url":"https:\/\/kapitalis.com\/tunisie\/","name":"Kapitalis","description":"L&#039;actualit\u00e9 en Tunisie et dans le monde","publisher":{"@id":"https:\/\/kapitalis.com\/tunisie\/#organization"},"potentialAction":[{"@type":"SearchAction","target":{"@type":"EntryPoint","urlTemplate":"https:\/\/kapitalis.com\/tunisie\/?s={search_term_string}"},"query-input":{"@type":"PropertyValueSpecification","valueRequired":true,"valueName":"search_term_string"}}],"inLanguage":"fr-FR"},{"@type":"Organization","@id":"https:\/\/kapitalis.com\/tunisie\/#organization","name":"Kapitalis","url":"https:\/\/kapitalis.com\/tunisie\/","logo":{"@type":"ImageObject","inLanguage":"fr-FR","@id":"https:\/\/kapitalis.com\/tunisie\/#\/schema\/logo\/image\/","url":"https:\/\/kapitalis.com\/tunisie\/wp-content\/uploads\/2022\/05\/Kapitalis-big-size.png","contentUrl":"https:\/\/kapitalis.com\/tunisie\/wp-content\/uploads\/2022\/05\/Kapitalis-big-size.png","width":5000,"height":1500,"caption":"Kapitalis"},"image":{"@id":"https:\/\/kapitalis.com\/tunisie\/#\/schema\/logo\/image\/"},"sameAs":["https:\/\/www.facebook.com\/KapitalisInfo\/","https:\/\/x.com\/KapitalisInfo","https:\/\/www.youtube.com\/channel\/UC-yDYrHyfFBWWZaOw3FPg9Q"]},{"@type":"Person","@id":"https:\/\/kapitalis.com\/tunisie\/#\/schema\/person\/d71f33a9ca44f7bad4698210b480c8e9","name":"webmaster kapitalis","url":"https:\/\/kapitalis.com\/tunisie\/author\/webmaster-kapitalis\/"}]}},"_links":{"self":[{"href":"https:\/\/kapitalis.com\/tunisie\/wp-json\/wp\/v2\/posts\/376697","targetHints":{"allow":["GET"]}}],"collection":[{"href":"https:\/\/kapitalis.com\/tunisie\/wp-json\/wp\/v2\/posts"}],"about":[{"href":"https:\/\/kapitalis.com\/tunisie\/wp-json\/wp\/v2\/types\/post"}],"author":[{"embeddable":true,"href":"https:\/\/kapitalis.com\/tunisie\/wp-json\/wp\/v2\/users\/8"}],"replies":[{"embeddable":true,"href":"https:\/\/kapitalis.com\/tunisie\/wp-json\/wp\/v2\/comments?post=376697"}],"version-history":[{"count":0,"href":"https:\/\/kapitalis.com\/tunisie\/wp-json\/wp\/v2\/posts\/376697\/revisions"}],"wp:attachment":[{"href":"https:\/\/kapitalis.com\/tunisie\/wp-json\/wp\/v2\/media?parent=376697"}],"wp:term":[{"taxonomy":"category","embeddable":true,"href":"https:\/\/kapitalis.com\/tunisie\/wp-json\/wp\/v2\/categories?post=376697"},{"taxonomy":"post_tag","embeddable":true,"href":"https:\/\/kapitalis.com\/tunisie\/wp-json\/wp\/v2\/tags?post=376697"}],"curies":[{"name":"wp","href":"https:\/\/api.w.org\/{rel}","templated":true}]}}