{"id":376894,"date":"2022-01-13T11:45:16","date_gmt":"2022-01-13T10:45:16","guid":{"rendered":"http:\/\/kapitalis.com\/tunisie\/?p=376894"},"modified":"2022-01-13T11:47:35","modified_gmt":"2022-01-13T10:47:35","slug":"covid-19-la-negligence-un-crime-perpetuel-en-tunisie","status":"publish","type":"post","link":"https:\/\/kapitalis.com\/tunisie\/2022\/01\/13\/covid-19-la-negligence-un-crime-perpetuel-en-tunisie\/","title":{"rendered":"Covid-19 : La n\u00e9gligence, un crime perp\u00e9tuel en Tunisie"},"content":{"rendered":"\n<div class=\"wp-block-image\"><figure class=\"aligncenter size-full\"><img decoding=\"async\" src=\"http:\/\/kapitalis.com\/tunisie\/wp-content\/uploads\/2021\/06\/Covid-deces.jpg\" alt=\"\" class=\"wp-image-352001\"\/><\/figure><\/div>\n\n\n\n<p><strong><em>La hausse vertigineuse du rythme de contagion par les nouveaux variants du Sars-CoV-2 , notamment le variant Omicron, et les r\u00e9actions envers cette situation suscitent de vraies inqui\u00e9tudes et plein d\u2019interrogations en Tunisie et \u00e0 travers le monde entier<\/em><\/strong>.<\/p>\n\n\n\n<p>Par <strong>Taha<\/strong> <strong>Abdelkader Allouche<\/strong> *<\/p>\n\n\n\n<div class=\"wp-block-image\"><figure class=\"alignleft size-full\"><img decoding=\"async\" src=\"http:\/\/kapitalis.com\/tunisie\/wp-content\/uploads\/2020\/12\/Taha-Abdelkader-Allouche.jpg\" alt=\"\" class=\"wp-image-330387\"\/><\/figure><\/div>\n\n\n\n<!--more-->\n\n\n\n<p> <\/p>\n\n\n\n<p>Certes, le premier sentiment en analysant le comportement des populations vis-\u00e0-vis de la nouvelle vague est celui d\u2019une banalisation. En tant que scientifique, je ne peux, en mon \u00e2me et conscience, \u00eatre complice d\u2019une telle attitude. Pire encore, la sc\u00e8ne publique ne cesse de nous offrir des pseudo-hypoth\u00e8ses fr\u00f4lant, \u00e0 minima, la limite de la rigueur scientifique.<\/p>\n\n\n\n<h2 class=\"wp-block-heading\">Une L\u00e9g\u00e8ret\u00e9 cruelle dans la vie publique<\/h2>\n\n\n\n<p>Dire avec une telle l\u00e9g\u00e8ret\u00e9 scientifique, quasi-criminelle, que cette vague domin\u00e9e par Omicron sera sans faute la derni\u00e8re, que ce n&rsquo;est qu&rsquo;un simple \u00e9pisode aigu semblable \u00e0 un rhume ou que ce nouveau variant du Sars-CoV-2 s&rsquo;est affaibli et tend vers la disparition est une simple pr\u00e9diction digne d&rsquo;un jeu \u00e0 la roulette russe ou d&rsquo;un v\u0153u pieux, pour ne pas dire un pur mensonge d\u00e9guis\u00e9.<\/p>\n\n\n\n<p>En fait, le Sars-CoV-2, toutes versions confondues, demeure un probl\u00e8me de sant\u00e9 publique qui a caus\u00e9, depuis 2019 rappelons le, la pand\u00e9mie de la maladie Covid-19. Il est donc n\u00e9cessaire de se r\u00e9f\u00e9rer de nouveau aux r\u00e8gles d&rsquo;or de la m\u00e9decine communautaire et pr\u00e9ventive \u00e0 savoir : le doute scientifique m\u00e9thodologique, et le raisonnement pouss\u00e9 au plus pire imaginable des sc\u00e9narii qui constituent ainsi un substratum indispensable sur la voie du savoir relatif. Cela, sans omettre de d\u00e9plier le sujet du Covid-long sur la table du d\u00e9bat public, les potentielles s\u00e9quelles sociales et soci\u00e9tales, les maux apport\u00e9s au syst\u00e8me de soin et \u00e0 la qualit\u00e9 de vie individuelle \u00e0 moyen et long terme.<\/p>\n\n\n\n<h2 class=\"wp-block-heading\">Encore des vies en p\u00e9ril<\/h2>\n\n\n\n<p>Au jour d&rsquo;aujourd&rsquo;hui, nous sommes dans une phase tr\u00e8s dangereuse. Plus Omicron se r\u00e9pand, plus il se transmet, plus il se r\u00e9plique et plus il est susceptible de produire un nouveau variant. Actuellement, Omicron peut causer la mort, peut-\u00eatre un peu moins que Delta, mais qui peut dire ce que le prochain variant pourrait g\u00e9n\u00e9rer?<\/p>\n\n\n\n<p>Si au niveau individuel, le risque d\u2019hospitalisation est probablement moindre avec le variant Omicron, il pourrait constituer une menace plus importante en raison du nombre de cas qui augmente de mani\u00e8re exponentielle. M\u00eame un faible taux d\u2019acceptation en r\u00e9animation va aboutir \u00e0 un nombre beaucoup plus important de personnes atteintes de maladies graves qui se trouvent hospitalis\u00e9es et qui risquent de mourir.<\/p>\n\n\n\n<p>Mais la vraie interrogation est encore plus profonde. Quelle serait la place du doute dans la recherche scientifique ? Quels sont les liens entre doute, incertitude, hasard, je sais que je ne sais pas, envie de savoir, processus de recherche, \u00e9motion de la d\u00e9couverte ?<\/p>\n\n\n\n<h2 class=\"wp-block-heading\">L\u2019essence de la recherche<\/h2>\n\n\n\n<p>Ignorer qu&rsquo;on ignore c&rsquo;est ne pas savoir, alors que savoir qu&rsquo;on ignore c&rsquo;est savoir totalement car on sait \u00e0 la fois ce qu&rsquo;on sait et ce que l&rsquo;on ne sait pas. La tradition philosophique occidentale se consid\u00e8re comme un art de douter : du <em>\u00abJe sais que je ne sais pas\u00bb<\/em> de Socrate au doute m\u00e9thodique de Descartes. La certitude doit \u00eatre une recherche, un examen, une cr\u00e9ation et le doute permet d&rsquo;apprendre \u00e0 penser contre soi-m\u00eame. Comment l&rsquo;incertitude, le doute s&rsquo;impliquent dans le processus de recherche scientifique via la qu\u00eate d&rsquo;une v\u00e9rit\u00e9 sans garantie de r\u00e9sultat ? Ce parcours de chercheur dans le labyrinthe mental de ses travaux permet de mieux appr\u00e9hender l&rsquo;\u00e9motion face aux d\u00e9couvertes.<\/p>\n\n\n\n<p>* <em>M\u00e9decin et activiste politique.<\/em><\/p>\n","protected":false},"excerpt":{"rendered":"<p>La hausse vertigineuse du rythme de contagion par les nouveaux variants du Sars-CoV-2 , notamment le variant Omicron, et les r\u00e9actions envers cette situation suscitent de vraies inqui\u00e9tudes et plein d\u2019interrogations en Tunisie et \u00e0 travers le monde entier. Par Taha Abdelkader Allouche *<\/p>\n","protected":false},"author":8,"featured_media":0,"comment_status":"open","ping_status":"open","sticky":false,"template":"","format":"standard","meta":{"footnotes":""},"categories":[992,998,1000],"tags":[75291,77508,87188,62643,91519,96305],"class_list":["post-376894","post","type-post","status-publish","format-standard","hentry","category-a-la-une","category-societe","category-tribune","tag-covid-19","tag-sars-cov-2","tag-taha-abdelkader-allouche","tag-tunisie","tag-variant-delta","tag-variant-omicron"],"yoast_head":"<!-- This site is optimized with the Yoast SEO plugin v26.6 - https:\/\/yoast.com\/wordpress\/plugins\/seo\/ -->\n<title>Covid-19 : La n\u00e9gligence, un crime perp\u00e9tuel en Tunisie - Kapitalis<\/title>\n<meta name=\"robots\" content=\"index, follow, max-snippet:-1, max-image-preview:large, max-video-preview:-1\" \/>\n<link rel=\"canonical\" href=\"https:\/\/kapitalis.com\/tunisie\/2022\/01\/13\/covid-19-la-negligence-un-crime-perpetuel-en-tunisie\/\" \/>\n<meta property=\"og:locale\" content=\"fr_FR\" \/>\n<meta property=\"og:type\" content=\"article\" \/>\n<meta property=\"og:title\" content=\"Covid-19 : La n\u00e9gligence, un crime perp\u00e9tuel en Tunisie - Kapitalis\" \/>\n<meta property=\"og:description\" content=\"La hausse vertigineuse du rythme de contagion par les nouveaux variants du Sars-CoV-2 , notamment le variant Omicron, et les r\u00e9actions envers cette situation suscitent de vraies inqui\u00e9tudes et plein d\u2019interrogations en Tunisie et \u00e0 travers le monde entier. Par Taha Abdelkader Allouche *\" \/>\n<meta property=\"og:url\" content=\"https:\/\/kapitalis.com\/tunisie\/2022\/01\/13\/covid-19-la-negligence-un-crime-perpetuel-en-tunisie\/\" \/>\n<meta property=\"og:site_name\" content=\"Kapitalis\" \/>\n<meta property=\"article:publisher\" content=\"https:\/\/www.facebook.com\/KapitalisInfo\/\" \/>\n<meta property=\"article:published_time\" content=\"2022-01-13T10:45:16+00:00\" \/>\n<meta property=\"article:modified_time\" content=\"2022-01-13T10:47:35+00:00\" \/>\n<meta property=\"og:image\" content=\"http:\/\/kapitalis.com\/tunisie\/wp-content\/uploads\/2021\/06\/Covid-deces.jpg\" \/>\n<meta name=\"author\" content=\"webmaster kapitalis\" \/>\n<meta name=\"twitter:card\" content=\"summary_large_image\" \/>\n<meta name=\"twitter:creator\" content=\"@KapitalisInfo\" \/>\n<meta name=\"twitter:site\" content=\"@KapitalisInfo\" \/>\n<meta name=\"twitter:label1\" content=\"\u00c9crit par\" \/>\n\t<meta name=\"twitter:data1\" content=\"webmaster kapitalis\" \/>\n\t<meta name=\"twitter:label2\" content=\"Dur\u00e9e de lecture estim\u00e9e\" \/>\n\t<meta name=\"twitter:data2\" content=\"3 minutes\" \/>\n<script type=\"application\/ld+json\" class=\"yoast-schema-graph\">{\"@context\":\"https:\/\/schema.org\",\"@graph\":[{\"@type\":\"Article\",\"@id\":\"https:\/\/kapitalis.com\/tunisie\/2022\/01\/13\/covid-19-la-negligence-un-crime-perpetuel-en-tunisie\/#article\",\"isPartOf\":{\"@id\":\"https:\/\/kapitalis.com\/tunisie\/2022\/01\/13\/covid-19-la-negligence-un-crime-perpetuel-en-tunisie\/\"},\"author\":{\"name\":\"webmaster kapitalis\",\"@id\":\"https:\/\/kapitalis.com\/tunisie\/#\/schema\/person\/d71f33a9ca44f7bad4698210b480c8e9\"},\"headline\":\"Covid-19 : La n\u00e9gligence, un crime perp\u00e9tuel en Tunisie\",\"datePublished\":\"2022-01-13T10:45:16+00:00\",\"dateModified\":\"2022-01-13T10:47:35+00:00\",\"mainEntityOfPage\":{\"@id\":\"https:\/\/kapitalis.com\/tunisie\/2022\/01\/13\/covid-19-la-negligence-un-crime-perpetuel-en-tunisie\/\"},\"wordCount\":631,\"commentCount\":0,\"publisher\":{\"@id\":\"https:\/\/kapitalis.com\/tunisie\/#organization\"},\"image\":{\"@id\":\"https:\/\/kapitalis.com\/tunisie\/2022\/01\/13\/covid-19-la-negligence-un-crime-perpetuel-en-tunisie\/#primaryimage\"},\"thumbnailUrl\":\"http:\/\/kapitalis.com\/tunisie\/wp-content\/uploads\/2021\/06\/Covid-deces.jpg\",\"keywords\":[\"Covid-19\",\"SARS-CoV-2\",\"Taha Abdelkader Allouche\",\"Tunisie\",\"variant Delta\",\"variant Omicron\"],\"articleSection\":[\"A LA UNE\",\"SOCIETE\",\"TRIBUNE\"],\"inLanguage\":\"fr-FR\",\"potentialAction\":[{\"@type\":\"CommentAction\",\"name\":\"Comment\",\"target\":[\"https:\/\/kapitalis.com\/tunisie\/2022\/01\/13\/covid-19-la-negligence-un-crime-perpetuel-en-tunisie\/#respond\"]}]},{\"@type\":\"WebPage\",\"@id\":\"https:\/\/kapitalis.com\/tunisie\/2022\/01\/13\/covid-19-la-negligence-un-crime-perpetuel-en-tunisie\/\",\"url\":\"https:\/\/kapitalis.com\/tunisie\/2022\/01\/13\/covid-19-la-negligence-un-crime-perpetuel-en-tunisie\/\",\"name\":\"Covid-19 : La n\u00e9gligence, un crime perp\u00e9tuel en Tunisie - Kapitalis\",\"isPartOf\":{\"@id\":\"https:\/\/kapitalis.com\/tunisie\/#website\"},\"primaryImageOfPage\":{\"@id\":\"https:\/\/kapitalis.com\/tunisie\/2022\/01\/13\/covid-19-la-negligence-un-crime-perpetuel-en-tunisie\/#primaryimage\"},\"image\":{\"@id\":\"https:\/\/kapitalis.com\/tunisie\/2022\/01\/13\/covid-19-la-negligence-un-crime-perpetuel-en-tunisie\/#primaryimage\"},\"thumbnailUrl\":\"http:\/\/kapitalis.com\/tunisie\/wp-content\/uploads\/2021\/06\/Covid-deces.jpg\",\"datePublished\":\"2022-01-13T10:45:16+00:00\",\"dateModified\":\"2022-01-13T10:47:35+00:00\",\"breadcrumb\":{\"@id\":\"https:\/\/kapitalis.com\/tunisie\/2022\/01\/13\/covid-19-la-negligence-un-crime-perpetuel-en-tunisie\/#breadcrumb\"},\"inLanguage\":\"fr-FR\",\"potentialAction\":[{\"@type\":\"ReadAction\",\"target\":[\"https:\/\/kapitalis.com\/tunisie\/2022\/01\/13\/covid-19-la-negligence-un-crime-perpetuel-en-tunisie\/\"]}]},{\"@type\":\"ImageObject\",\"inLanguage\":\"fr-FR\",\"@id\":\"https:\/\/kapitalis.com\/tunisie\/2022\/01\/13\/covid-19-la-negligence-un-crime-perpetuel-en-tunisie\/#primaryimage\",\"url\":\"\",\"contentUrl\":\"\"},{\"@type\":\"BreadcrumbList\",\"@id\":\"https:\/\/kapitalis.com\/tunisie\/2022\/01\/13\/covid-19-la-negligence-un-crime-perpetuel-en-tunisie\/#breadcrumb\",\"itemListElement\":[{\"@type\":\"ListItem\",\"position\":1,\"name\":\"Accueil\",\"item\":\"https:\/\/kapitalis.com\/tunisie\/\"},{\"@type\":\"ListItem\",\"position\":2,\"name\":\"Covid-19 : La n\u00e9gligence, un crime perp\u00e9tuel en Tunisie\"}]},{\"@type\":\"WebSite\",\"@id\":\"https:\/\/kapitalis.com\/tunisie\/#website\",\"url\":\"https:\/\/kapitalis.com\/tunisie\/\",\"name\":\"Kapitalis\",\"description\":\"L&#039;actualit\u00e9 en Tunisie et dans le monde\",\"publisher\":{\"@id\":\"https:\/\/kapitalis.com\/tunisie\/#organization\"},\"potentialAction\":[{\"@type\":\"SearchAction\",\"target\":{\"@type\":\"EntryPoint\",\"urlTemplate\":\"https:\/\/kapitalis.com\/tunisie\/?s={search_term_string}\"},\"query-input\":{\"@type\":\"PropertyValueSpecification\",\"valueRequired\":true,\"valueName\":\"search_term_string\"}}],\"inLanguage\":\"fr-FR\"},{\"@type\":\"Organization\",\"@id\":\"https:\/\/kapitalis.com\/tunisie\/#organization\",\"name\":\"Kapitalis\",\"url\":\"https:\/\/kapitalis.com\/tunisie\/\",\"logo\":{\"@type\":\"ImageObject\",\"inLanguage\":\"fr-FR\",\"@id\":\"https:\/\/kapitalis.com\/tunisie\/#\/schema\/logo\/image\/\",\"url\":\"https:\/\/kapitalis.com\/tunisie\/wp-content\/uploads\/2022\/05\/Kapitalis-big-size.png\",\"contentUrl\":\"https:\/\/kapitalis.com\/tunisie\/wp-content\/uploads\/2022\/05\/Kapitalis-big-size.png\",\"width\":5000,\"height\":1500,\"caption\":\"Kapitalis\"},\"image\":{\"@id\":\"https:\/\/kapitalis.com\/tunisie\/#\/schema\/logo\/image\/\"},\"sameAs\":[\"https:\/\/www.facebook.com\/KapitalisInfo\/\",\"https:\/\/x.com\/KapitalisInfo\",\"https:\/\/www.youtube.com\/channel\/UC-yDYrHyfFBWWZaOw3FPg9Q\"]},{\"@type\":\"Person\",\"@id\":\"https:\/\/kapitalis.com\/tunisie\/#\/schema\/person\/d71f33a9ca44f7bad4698210b480c8e9\",\"name\":\"webmaster kapitalis\",\"url\":\"https:\/\/kapitalis.com\/tunisie\/author\/webmaster-kapitalis\/\"}]}<\/script>\n<!-- \/ Yoast SEO plugin. -->","yoast_head_json":{"title":"Covid-19 : La n\u00e9gligence, un crime perp\u00e9tuel en Tunisie - Kapitalis","robots":{"index":"index","follow":"follow","max-snippet":"max-snippet:-1","max-image-preview":"max-image-preview:large","max-video-preview":"max-video-preview:-1"},"canonical":"https:\/\/kapitalis.com\/tunisie\/2022\/01\/13\/covid-19-la-negligence-un-crime-perpetuel-en-tunisie\/","og_locale":"fr_FR","og_type":"article","og_title":"Covid-19 : La n\u00e9gligence, un crime perp\u00e9tuel en Tunisie - Kapitalis","og_description":"La hausse vertigineuse du rythme de contagion par les nouveaux variants du Sars-CoV-2 , notamment le variant Omicron, et les r\u00e9actions envers cette situation suscitent de vraies inqui\u00e9tudes et plein d\u2019interrogations en Tunisie et \u00e0 travers le monde entier. Par Taha Abdelkader Allouche *","og_url":"https:\/\/kapitalis.com\/tunisie\/2022\/01\/13\/covid-19-la-negligence-un-crime-perpetuel-en-tunisie\/","og_site_name":"Kapitalis","article_publisher":"https:\/\/www.facebook.com\/KapitalisInfo\/","article_published_time":"2022-01-13T10:45:16+00:00","article_modified_time":"2022-01-13T10:47:35+00:00","og_image":[{"url":"http:\/\/kapitalis.com\/tunisie\/wp-content\/uploads\/2021\/06\/Covid-deces.jpg","type":"","width":"","height":""}],"author":"webmaster kapitalis","twitter_card":"summary_large_image","twitter_creator":"@KapitalisInfo","twitter_site":"@KapitalisInfo","twitter_misc":{"\u00c9crit par":"webmaster kapitalis","Dur\u00e9e de lecture estim\u00e9e":"3 minutes"},"schema":{"@context":"https:\/\/schema.org","@graph":[{"@type":"Article","@id":"https:\/\/kapitalis.com\/tunisie\/2022\/01\/13\/covid-19-la-negligence-un-crime-perpetuel-en-tunisie\/#article","isPartOf":{"@id":"https:\/\/kapitalis.com\/tunisie\/2022\/01\/13\/covid-19-la-negligence-un-crime-perpetuel-en-tunisie\/"},"author":{"name":"webmaster kapitalis","@id":"https:\/\/kapitalis.com\/tunisie\/#\/schema\/person\/d71f33a9ca44f7bad4698210b480c8e9"},"headline":"Covid-19 : La n\u00e9gligence, un crime perp\u00e9tuel en Tunisie","datePublished":"2022-01-13T10:45:16+00:00","dateModified":"2022-01-13T10:47:35+00:00","mainEntityOfPage":{"@id":"https:\/\/kapitalis.com\/tunisie\/2022\/01\/13\/covid-19-la-negligence-un-crime-perpetuel-en-tunisie\/"},"wordCount":631,"commentCount":0,"publisher":{"@id":"https:\/\/kapitalis.com\/tunisie\/#organization"},"image":{"@id":"https:\/\/kapitalis.com\/tunisie\/2022\/01\/13\/covid-19-la-negligence-un-crime-perpetuel-en-tunisie\/#primaryimage"},"thumbnailUrl":"http:\/\/kapitalis.com\/tunisie\/wp-content\/uploads\/2021\/06\/Covid-deces.jpg","keywords":["Covid-19","SARS-CoV-2","Taha Abdelkader Allouche","Tunisie","variant Delta","variant Omicron"],"articleSection":["A LA UNE","SOCIETE","TRIBUNE"],"inLanguage":"fr-FR","potentialAction":[{"@type":"CommentAction","name":"Comment","target":["https:\/\/kapitalis.com\/tunisie\/2022\/01\/13\/covid-19-la-negligence-un-crime-perpetuel-en-tunisie\/#respond"]}]},{"@type":"WebPage","@id":"https:\/\/kapitalis.com\/tunisie\/2022\/01\/13\/covid-19-la-negligence-un-crime-perpetuel-en-tunisie\/","url":"https:\/\/kapitalis.com\/tunisie\/2022\/01\/13\/covid-19-la-negligence-un-crime-perpetuel-en-tunisie\/","name":"Covid-19 : La n\u00e9gligence, un crime perp\u00e9tuel en Tunisie - Kapitalis","isPartOf":{"@id":"https:\/\/kapitalis.com\/tunisie\/#website"},"primaryImageOfPage":{"@id":"https:\/\/kapitalis.com\/tunisie\/2022\/01\/13\/covid-19-la-negligence-un-crime-perpetuel-en-tunisie\/#primaryimage"},"image":{"@id":"https:\/\/kapitalis.com\/tunisie\/2022\/01\/13\/covid-19-la-negligence-un-crime-perpetuel-en-tunisie\/#primaryimage"},"thumbnailUrl":"http:\/\/kapitalis.com\/tunisie\/wp-content\/uploads\/2021\/06\/Covid-deces.jpg","datePublished":"2022-01-13T10:45:16+00:00","dateModified":"2022-01-13T10:47:35+00:00","breadcrumb":{"@id":"https:\/\/kapitalis.com\/tunisie\/2022\/01\/13\/covid-19-la-negligence-un-crime-perpetuel-en-tunisie\/#breadcrumb"},"inLanguage":"fr-FR","potentialAction":[{"@type":"ReadAction","target":["https:\/\/kapitalis.com\/tunisie\/2022\/01\/13\/covid-19-la-negligence-un-crime-perpetuel-en-tunisie\/"]}]},{"@type":"ImageObject","inLanguage":"fr-FR","@id":"https:\/\/kapitalis.com\/tunisie\/2022\/01\/13\/covid-19-la-negligence-un-crime-perpetuel-en-tunisie\/#primaryimage","url":"","contentUrl":""},{"@type":"BreadcrumbList","@id":"https:\/\/kapitalis.com\/tunisie\/2022\/01\/13\/covid-19-la-negligence-un-crime-perpetuel-en-tunisie\/#breadcrumb","itemListElement":[{"@type":"ListItem","position":1,"name":"Accueil","item":"https:\/\/kapitalis.com\/tunisie\/"},{"@type":"ListItem","position":2,"name":"Covid-19 : La n\u00e9gligence, un crime perp\u00e9tuel en Tunisie"}]},{"@type":"WebSite","@id":"https:\/\/kapitalis.com\/tunisie\/#website","url":"https:\/\/kapitalis.com\/tunisie\/","name":"Kapitalis","description":"L&#039;actualit\u00e9 en Tunisie et dans le monde","publisher":{"@id":"https:\/\/kapitalis.com\/tunisie\/#organization"},"potentialAction":[{"@type":"SearchAction","target":{"@type":"EntryPoint","urlTemplate":"https:\/\/kapitalis.com\/tunisie\/?s={search_term_string}"},"query-input":{"@type":"PropertyValueSpecification","valueRequired":true,"valueName":"search_term_string"}}],"inLanguage":"fr-FR"},{"@type":"Organization","@id":"https:\/\/kapitalis.com\/tunisie\/#organization","name":"Kapitalis","url":"https:\/\/kapitalis.com\/tunisie\/","logo":{"@type":"ImageObject","inLanguage":"fr-FR","@id":"https:\/\/kapitalis.com\/tunisie\/#\/schema\/logo\/image\/","url":"https:\/\/kapitalis.com\/tunisie\/wp-content\/uploads\/2022\/05\/Kapitalis-big-size.png","contentUrl":"https:\/\/kapitalis.com\/tunisie\/wp-content\/uploads\/2022\/05\/Kapitalis-big-size.png","width":5000,"height":1500,"caption":"Kapitalis"},"image":{"@id":"https:\/\/kapitalis.com\/tunisie\/#\/schema\/logo\/image\/"},"sameAs":["https:\/\/www.facebook.com\/KapitalisInfo\/","https:\/\/x.com\/KapitalisInfo","https:\/\/www.youtube.com\/channel\/UC-yDYrHyfFBWWZaOw3FPg9Q"]},{"@type":"Person","@id":"https:\/\/kapitalis.com\/tunisie\/#\/schema\/person\/d71f33a9ca44f7bad4698210b480c8e9","name":"webmaster kapitalis","url":"https:\/\/kapitalis.com\/tunisie\/author\/webmaster-kapitalis\/"}]}},"_links":{"self":[{"href":"https:\/\/kapitalis.com\/tunisie\/wp-json\/wp\/v2\/posts\/376894","targetHints":{"allow":["GET"]}}],"collection":[{"href":"https:\/\/kapitalis.com\/tunisie\/wp-json\/wp\/v2\/posts"}],"about":[{"href":"https:\/\/kapitalis.com\/tunisie\/wp-json\/wp\/v2\/types\/post"}],"author":[{"embeddable":true,"href":"https:\/\/kapitalis.com\/tunisie\/wp-json\/wp\/v2\/users\/8"}],"replies":[{"embeddable":true,"href":"https:\/\/kapitalis.com\/tunisie\/wp-json\/wp\/v2\/comments?post=376894"}],"version-history":[{"count":0,"href":"https:\/\/kapitalis.com\/tunisie\/wp-json\/wp\/v2\/posts\/376894\/revisions"}],"wp:attachment":[{"href":"https:\/\/kapitalis.com\/tunisie\/wp-json\/wp\/v2\/media?parent=376894"}],"wp:term":[{"taxonomy":"category","embeddable":true,"href":"https:\/\/kapitalis.com\/tunisie\/wp-json\/wp\/v2\/categories?post=376894"},{"taxonomy":"post_tag","embeddable":true,"href":"https:\/\/kapitalis.com\/tunisie\/wp-json\/wp\/v2\/tags?post=376894"}],"curies":[{"name":"wp","href":"https:\/\/api.w.org\/{rel}","templated":true}]}}