{"id":376939,"date":"2022-01-13T17:45:11","date_gmt":"2022-01-13T16:45:11","guid":{"rendered":"http:\/\/kapitalis.com\/tunisie\/?p=376939"},"modified":"2022-01-13T17:55:35","modified_gmt":"2022-01-13T16:55:35","slug":"la-marsa-inauguration-dune-rue-au-nom-de-lina-ben-mhenni-photos","status":"publish","type":"post","link":"https:\/\/kapitalis.com\/tunisie\/2022\/01\/13\/la-marsa-inauguration-dune-rue-au-nom-de-lina-ben-mhenni-photos\/","title":{"rendered":"La Marsa : Inauguration d&rsquo;une rue au nom de Lina Ben Mhenni (Photos)"},"content":{"rendered":"\n<div class=\"wp-block-image\"><figure class=\"aligncenter size-full\"><img decoding=\"async\" src=\"http:\/\/kapitalis.com\/tunisie\/wp-content\/uploads\/2022\/01\/La-Marsa-Lina-Ben-Mhenni.jpg\" alt=\"\" class=\"wp-image-376943\"\/><\/figure><\/div>\n\n\n\n<p><strong><em>Une rue de la Marsa (banlieue nord de Tunis), porte d\u00e9sormais le nom de Feue Lina Ben Mhenni, la militante pour la libert\u00e9 et les droits, qui \u00e9tait au c\u0153ur de la r\u00e9volution tunisienne et de tous les combats et de toutes les causes justes, disparue le 27 janvier 2020.<\/em><\/strong><\/p>\n\n\n\n<!--more-->\n\n\n\n<p>C&rsquo;est ce qu&rsquo;a indiqu\u00e9 l&rsquo;Association Lina Ben Mhenni, en pr\u00e9cisant qu&rsquo;une c\u00e9r\u00e9monie a \u00e9t\u00e9 organis\u00e9e ce jeudi 13 janvier 2022, co\u00efncidant avec le onzi\u00e8me anniversaire de la r\u00e9volution tunisienne, tout en remerciant ceux qui ont contribu\u00e9 d&rsquo;une mani\u00e8re ou d&rsquo;une autre \u00e0 cet honneur, notamment la municipalit\u00e9 de la Marsa.<\/p>\n\n\n\n<p>L&rsquo;Association pr\u00e9cise que la rue qui porte d\u00e9sormais le nom de Lina Ben Mhenni a \u00e9t\u00e9 inaugur\u00e9e sur la route reliant Sidi Abdel Aziz et le village de Gammarth : \u00abplus pr\u00e9cis\u00e9ment la rue qui s\u00e9pare le cimeti\u00e8re militaire et le village de SOS Gammarth\u00bb, pr\u00e9cise l&rsquo;association en rappelant que cette rue est la 3e \u00e0 rendre hommage \u00e0 la militante, apr\u00e8s celles baptis\u00e9es \u00e0 Kasserine et aux Jardins d&rsquo;El Menzah \u00e0 Tunis.<\/p>\n\n\n\n<figure class=\"wp-block-gallery columns-2 is-cropped wp-block-gallery-1 is-layout-flex wp-block-gallery-is-layout-flex\"><ul class=\"blocks-gallery-grid\"><li class=\"blocks-gallery-item\"><figure><img decoding=\"async\" src=\"http:\/\/kapitalis.com\/tunisie\/wp-content\/uploads\/2022\/01\/l6.jpg\" alt=\"\" data-id=\"376944\" data-full-url=\"http:\/\/kapitalis.com\/tunisie\/wp-content\/uploads\/2022\/01\/l6.jpg\" data-link=\"http:\/\/kapitalis.com\/tunisie\/?attachment_id=376944\" class=\"wp-image-376944\"\/><\/figure><\/li><li class=\"blocks-gallery-item\"><figure><img decoding=\"async\" src=\"http:\/\/kapitalis.com\/tunisie\/wp-content\/uploads\/2022\/01\/l5.jpg\" alt=\"\" data-id=\"376945\" data-full-url=\"http:\/\/kapitalis.com\/tunisie\/wp-content\/uploads\/2022\/01\/l5.jpg\" data-link=\"http:\/\/kapitalis.com\/tunisie\/?attachment_id=376945\" class=\"wp-image-376945\"\/><\/figure><\/li><li class=\"blocks-gallery-item\"><figure><img decoding=\"async\" src=\"http:\/\/kapitalis.com\/tunisie\/wp-content\/uploads\/2022\/01\/l4.jpg\" alt=\"\" data-id=\"376946\" data-full-url=\"http:\/\/kapitalis.com\/tunisie\/wp-content\/uploads\/2022\/01\/l4.jpg\" data-link=\"http:\/\/kapitalis.com\/tunisie\/?attachment_id=376946\" class=\"wp-image-376946\"\/><\/figure><\/li><li class=\"blocks-gallery-item\"><figure><img decoding=\"async\" src=\"http:\/\/kapitalis.com\/tunisie\/wp-content\/uploads\/2022\/01\/l3.jpg\" alt=\"\" data-id=\"376947\" data-full-url=\"http:\/\/kapitalis.com\/tunisie\/wp-content\/uploads\/2022\/01\/l3.jpg\" data-link=\"http:\/\/kapitalis.com\/tunisie\/?attachment_id=376947\" class=\"wp-image-376947\"\/><\/figure><\/li><li class=\"blocks-gallery-item\"><figure><img decoding=\"async\" src=\"http:\/\/kapitalis.com\/tunisie\/wp-content\/uploads\/2022\/01\/l2.jpg\" alt=\"\" data-id=\"376948\" data-full-url=\"http:\/\/kapitalis.com\/tunisie\/wp-content\/uploads\/2022\/01\/l2.jpg\" data-link=\"http:\/\/kapitalis.com\/tunisie\/?attachment_id=376948\" class=\"wp-image-376948\"\/><\/figure><\/li><li class=\"blocks-gallery-item\"><figure><img decoding=\"async\" src=\"http:\/\/kapitalis.com\/tunisie\/wp-content\/uploads\/2022\/01\/Lina.jpg\" alt=\"\" data-id=\"376949\" data-full-url=\"http:\/\/kapitalis.com\/tunisie\/wp-content\/uploads\/2022\/01\/Lina.jpg\" data-link=\"http:\/\/kapitalis.com\/tunisie\/?attachment_id=376949\" class=\"wp-image-376949\"\/><\/figure><\/li><li class=\"blocks-gallery-item\"><figure><img decoding=\"async\" src=\"http:\/\/kapitalis.com\/tunisie\/wp-content\/uploads\/2022\/01\/2-1.jpg\" alt=\"\" data-id=\"376950\" data-full-url=\"http:\/\/kapitalis.com\/tunisie\/wp-content\/uploads\/2022\/01\/2-1.jpg\" data-link=\"http:\/\/kapitalis.com\/tunisie\/?attachment_id=376950\" class=\"wp-image-376950\"\/><\/figure><\/li><li class=\"blocks-gallery-item\"><figure><img decoding=\"async\" src=\"http:\/\/kapitalis.com\/tunisie\/wp-content\/uploads\/2022\/01\/n-1-768x1024.jpg\" alt=\"\" data-id=\"376951\" data-full-url=\"http:\/\/kapitalis.com\/tunisie\/wp-content\/uploads\/2022\/01\/n-1.jpg\" data-link=\"http:\/\/kapitalis.com\/tunisie\/?attachment_id=376951\" class=\"wp-image-376951\"\/><\/figure><\/li><\/ul><\/figure>\n\n\n\n<p>Rappelons que l\u2019Association Lina Ben Mhenni, a \u00e9t\u00e9 cr\u00e9\u00e9 \u00e0 la m\u00e9moire de la regrett\u00e9e militante, ic\u00f4ne de la R\u00e9volution Tunisienne, et ce, dans le but de poursuivre son combat dans la d\u00e9fense des droits et des libert\u00e9s entre autres luttes,<\/p>\n\n\n\n<p>Lina Ben Mhenni a toujours \u00e9t\u00e9 du c\u00f4t\u00e9 des oppress\u00e9s et s&rsquo;est engag\u00e9e jusqu\u2019\u00e0 son dernier souffle en \u00e9tant sur tous les fronts . Elle est d\u00e9c\u00e9d\u00e9e \u00e0 l\u2019\u00e2ge de 36 ans, des suites d\u2019une longue maladie contre laquelle elle s\u2019est courageusement et dignement battue durant des ann\u00e9es.<\/p>\n\n\n\n<p class=\"has-text-align-right\"><strong>Y. N.<\/strong><\/p>\n\n\n\n<figure class=\"wp-block-embed is-type-wp-embed is-provider-kapitalis wp-block-embed-kapitalis\"><div class=\"wp-block-embed__wrapper\">\n<blockquote class=\"wp-embedded-content\" data-secret=\"n2FSzC8VWH\"><a href=\"https:\/\/kapitalis.com\/tunisie\/2021\/09\/21\/tunisie-continuons-le-parcours-de-lina-ben-mhenni-lassociation-devoile-ses-axes-dintervention-photos\/\">Tunisie : \u00abContinuons le parcours de Lina Ben Mhenni\u00bb, l&rsquo;association d\u00e9voile ses axes d\u2019intervention (Photos)<\/a><\/blockquote><iframe loading=\"lazy\" class=\"wp-embedded-content\" sandbox=\"allow-scripts\" security=\"restricted\" style=\"position: absolute; clip: rect(1px, 1px, 1px, 1px);\" title=\"\u00ab\u00a0Tunisie : \u00abContinuons le parcours de Lina Ben Mhenni\u00bb, l&rsquo;association d\u00e9voile ses axes d\u2019intervention (Photos)\u00a0\u00bb &#8212; Kapitalis\" src=\"https:\/\/kapitalis.com\/tunisie\/2021\/09\/21\/tunisie-continuons-le-parcours-de-lina-ben-mhenni-lassociation-devoile-ses-axes-dintervention-photos\/embed\/#?secret=oBPar2VfZh#?secret=n2FSzC8VWH\" data-secret=\"n2FSzC8VWH\" width=\"600\" height=\"338\" frameborder=\"0\" marginwidth=\"0\" marginheight=\"0\" scrolling=\"no\"><\/iframe>\n<\/div><\/figure>\n\n\n\n<figure class=\"wp-block-embed is-type-wp-embed is-provider-kapitalis wp-block-embed-kapitalis\"><div class=\"wp-block-embed__wrapper\">\n<blockquote class=\"wp-embedded-content\" data-secret=\"gj4KMBeiFO\"><a href=\"https:\/\/kapitalis.com\/tunisie\/2021\/01\/27\/il-y-a-un-an-disparaissait-lina-ben-mhenni-la-brave-militante-et-la-femme-libre\/\">Il y a un an disparaissait Lina Ben Mhenni, la brave militante et la femme libre<\/a><\/blockquote><iframe loading=\"lazy\" class=\"wp-embedded-content\" sandbox=\"allow-scripts\" security=\"restricted\" style=\"position: absolute; clip: rect(1px, 1px, 1px, 1px);\" title=\"\u00ab\u00a0Il y a un an disparaissait Lina Ben Mhenni, la brave militante et la femme libre\u00a0\u00bb &#8212; Kapitalis\" src=\"https:\/\/kapitalis.com\/tunisie\/2021\/01\/27\/il-y-a-un-an-disparaissait-lina-ben-mhenni-la-brave-militante-et-la-femme-libre\/embed\/#?secret=Tov6oCwNrA#?secret=gj4KMBeiFO\" data-secret=\"gj4KMBeiFO\" width=\"600\" height=\"338\" frameborder=\"0\" marginwidth=\"0\" marginheight=\"0\" scrolling=\"no\"><\/iframe>\n<\/div><\/figure>\n","protected":false},"excerpt":{"rendered":"<p>Une rue de la Marsa (banlieue nord de Tunis), porte d\u00e9sormais le nom de Feue Lina Ben Mhenni, la militante pour la libert\u00e9 et les droits, qui \u00e9tait au c\u0153ur de la r\u00e9volution tunisienne et de tous les combats et de toutes les causes justes, disparue le 27 janvier 2020.<\/p>\n","protected":false},"author":6,"featured_media":376943,"comment_status":"open","ping_status":"open","sticky":false,"template":"","format":"standard","meta":{"footnotes":""},"categories":[998,2433],"tags":[21563,2991,72398,15245,11520,62643],"class_list":["post-376939","post","type-post","status-publish","format-standard","has-post-thumbnail","hentry","category-societe","category-tunisie","tag-banlieue-nord-de-tunis","tag-la-marsa","tag-lina-ben-mhenni","tag-memoire","tag-militante","tag-tunisie"],"yoast_head":"<!-- This site is optimized with the Yoast SEO plugin v26.6 - https:\/\/yoast.com\/wordpress\/plugins\/seo\/ -->\n<title>La Marsa : Inauguration d&#039;une rue au nom de Lina Ben Mhenni (Photos) - Kapitalis<\/title>\n<meta name=\"robots\" content=\"index, follow, max-snippet:-1, max-image-preview:large, max-video-preview:-1\" \/>\n<link rel=\"canonical\" href=\"https:\/\/kapitalis.com\/tunisie\/2022\/01\/13\/la-marsa-inauguration-dune-rue-au-nom-de-lina-ben-mhenni-photos\/\" \/>\n<meta property=\"og:locale\" content=\"fr_FR\" \/>\n<meta property=\"og:type\" content=\"article\" \/>\n<meta property=\"og:title\" content=\"La Marsa : Inauguration d&#039;une rue au nom de Lina Ben Mhenni (Photos) - Kapitalis\" \/>\n<meta property=\"og:description\" content=\"Une rue de la Marsa (banlieue nord de Tunis), porte d\u00e9sormais le nom de Feue Lina Ben Mhenni, la militante pour la libert\u00e9 et les droits, qui \u00e9tait au c\u0153ur de la r\u00e9volution tunisienne et de tous les combats et de toutes les causes justes, disparue le 27 janvier 2020.\" \/>\n<meta property=\"og:url\" content=\"https:\/\/kapitalis.com\/tunisie\/2022\/01\/13\/la-marsa-inauguration-dune-rue-au-nom-de-lina-ben-mhenni-photos\/\" \/>\n<meta property=\"og:site_name\" content=\"Kapitalis\" \/>\n<meta property=\"article:publisher\" content=\"https:\/\/www.facebook.com\/KapitalisInfo\/\" \/>\n<meta property=\"article:published_time\" content=\"2022-01-13T16:45:11+00:00\" \/>\n<meta property=\"article:modified_time\" content=\"2022-01-13T16:55:35+00:00\" \/>\n<meta property=\"og:image\" content=\"https:\/\/kapitalis.com\/tunisie\/wp-content\/uploads\/2022\/05\/kapitalis-logo-fb.png\" \/>\n\t<meta property=\"og:image:width\" content=\"1200\" \/>\n\t<meta property=\"og:image:height\" content=\"630\" \/>\n\t<meta property=\"og:image:type\" content=\"image\/png\" \/>\n<meta name=\"author\" content=\"Yusra NY\" \/>\n<meta name=\"twitter:card\" content=\"summary_large_image\" \/>\n<meta name=\"twitter:creator\" content=\"@KapitalisInfo\" \/>\n<meta name=\"twitter:site\" content=\"@KapitalisInfo\" \/>\n<meta name=\"twitter:label1\" content=\"\u00c9crit par\" \/>\n\t<meta name=\"twitter:data1\" content=\"Yusra NY\" \/>\n\t<meta name=\"twitter:label2\" content=\"Dur\u00e9e de lecture estim\u00e9e\" \/>\n\t<meta name=\"twitter:data2\" content=\"1 minute\" \/>\n<script type=\"application\/ld+json\" class=\"yoast-schema-graph\">{\"@context\":\"https:\/\/schema.org\",\"@graph\":[{\"@type\":\"Article\",\"@id\":\"https:\/\/kapitalis.com\/tunisie\/2022\/01\/13\/la-marsa-inauguration-dune-rue-au-nom-de-lina-ben-mhenni-photos\/#article\",\"isPartOf\":{\"@id\":\"https:\/\/kapitalis.com\/tunisie\/2022\/01\/13\/la-marsa-inauguration-dune-rue-au-nom-de-lina-ben-mhenni-photos\/\"},\"author\":{\"name\":\"Yusra NY\",\"@id\":\"https:\/\/kapitalis.com\/tunisie\/#\/schema\/person\/74bbde0154d49d790a92aaeac5bc01d5\"},\"headline\":\"La Marsa : Inauguration d&rsquo;une rue au nom de Lina Ben Mhenni (Photos)\",\"datePublished\":\"2022-01-13T16:45:11+00:00\",\"dateModified\":\"2022-01-13T16:55:35+00:00\",\"mainEntityOfPage\":{\"@id\":\"https:\/\/kapitalis.com\/tunisie\/2022\/01\/13\/la-marsa-inauguration-dune-rue-au-nom-de-lina-ben-mhenni-photos\/\"},\"wordCount\":310,\"commentCount\":0,\"publisher\":{\"@id\":\"https:\/\/kapitalis.com\/tunisie\/#organization\"},\"image\":{\"@id\":\"https:\/\/kapitalis.com\/tunisie\/2022\/01\/13\/la-marsa-inauguration-dune-rue-au-nom-de-lina-ben-mhenni-photos\/#primaryimage\"},\"thumbnailUrl\":\"\",\"keywords\":[\"banlieue nord de Tunis.\",\"La Marsa\",\"Lina Ben Mhenni\",\"m\u00e9moire\",\"militante\",\"Tunisie\"],\"articleSection\":[\"SOCIETE\",\"Tunisie\"],\"inLanguage\":\"fr-FR\",\"potentialAction\":[{\"@type\":\"CommentAction\",\"name\":\"Comment\",\"target\":[\"https:\/\/kapitalis.com\/tunisie\/2022\/01\/13\/la-marsa-inauguration-dune-rue-au-nom-de-lina-ben-mhenni-photos\/#respond\"]}]},{\"@type\":\"WebPage\",\"@id\":\"https:\/\/kapitalis.com\/tunisie\/2022\/01\/13\/la-marsa-inauguration-dune-rue-au-nom-de-lina-ben-mhenni-photos\/\",\"url\":\"https:\/\/kapitalis.com\/tunisie\/2022\/01\/13\/la-marsa-inauguration-dune-rue-au-nom-de-lina-ben-mhenni-photos\/\",\"name\":\"La Marsa : Inauguration d'une rue au nom de Lina Ben Mhenni (Photos) - Kapitalis\",\"isPartOf\":{\"@id\":\"https:\/\/kapitalis.com\/tunisie\/#website\"},\"primaryImageOfPage\":{\"@id\":\"https:\/\/kapitalis.com\/tunisie\/2022\/01\/13\/la-marsa-inauguration-dune-rue-au-nom-de-lina-ben-mhenni-photos\/#primaryimage\"},\"image\":{\"@id\":\"https:\/\/kapitalis.com\/tunisie\/2022\/01\/13\/la-marsa-inauguration-dune-rue-au-nom-de-lina-ben-mhenni-photos\/#primaryimage\"},\"thumbnailUrl\":\"\",\"datePublished\":\"2022-01-13T16:45:11+00:00\",\"dateModified\":\"2022-01-13T16:55:35+00:00\",\"breadcrumb\":{\"@id\":\"https:\/\/kapitalis.com\/tunisie\/2022\/01\/13\/la-marsa-inauguration-dune-rue-au-nom-de-lina-ben-mhenni-photos\/#breadcrumb\"},\"inLanguage\":\"fr-FR\",\"potentialAction\":[{\"@type\":\"ReadAction\",\"target\":[\"https:\/\/kapitalis.com\/tunisie\/2022\/01\/13\/la-marsa-inauguration-dune-rue-au-nom-de-lina-ben-mhenni-photos\/\"]}]},{\"@type\":\"ImageObject\",\"inLanguage\":\"fr-FR\",\"@id\":\"https:\/\/kapitalis.com\/tunisie\/2022\/01\/13\/la-marsa-inauguration-dune-rue-au-nom-de-lina-ben-mhenni-photos\/#primaryimage\",\"url\":\"\",\"contentUrl\":\"\"},{\"@type\":\"BreadcrumbList\",\"@id\":\"https:\/\/kapitalis.com\/tunisie\/2022\/01\/13\/la-marsa-inauguration-dune-rue-au-nom-de-lina-ben-mhenni-photos\/#breadcrumb\",\"itemListElement\":[{\"@type\":\"ListItem\",\"position\":1,\"name\":\"Accueil\",\"item\":\"https:\/\/kapitalis.com\/tunisie\/\"},{\"@type\":\"ListItem\",\"position\":2,\"name\":\"La Marsa : Inauguration d&rsquo;une rue au nom de Lina Ben Mhenni (Photos)\"}]},{\"@type\":\"WebSite\",\"@id\":\"https:\/\/kapitalis.com\/tunisie\/#website\",\"url\":\"https:\/\/kapitalis.com\/tunisie\/\",\"name\":\"Kapitalis\",\"description\":\"L&#039;actualit\u00e9 en Tunisie et dans le monde\",\"publisher\":{\"@id\":\"https:\/\/kapitalis.com\/tunisie\/#organization\"},\"potentialAction\":[{\"@type\":\"SearchAction\",\"target\":{\"@type\":\"EntryPoint\",\"urlTemplate\":\"https:\/\/kapitalis.com\/tunisie\/?s={search_term_string}\"},\"query-input\":{\"@type\":\"PropertyValueSpecification\",\"valueRequired\":true,\"valueName\":\"search_term_string\"}}],\"inLanguage\":\"fr-FR\"},{\"@type\":\"Organization\",\"@id\":\"https:\/\/kapitalis.com\/tunisie\/#organization\",\"name\":\"Kapitalis\",\"url\":\"https:\/\/kapitalis.com\/tunisie\/\",\"logo\":{\"@type\":\"ImageObject\",\"inLanguage\":\"fr-FR\",\"@id\":\"https:\/\/kapitalis.com\/tunisie\/#\/schema\/logo\/image\/\",\"url\":\"https:\/\/kapitalis.com\/tunisie\/wp-content\/uploads\/2022\/05\/Kapitalis-big-size.png\",\"contentUrl\":\"https:\/\/kapitalis.com\/tunisie\/wp-content\/uploads\/2022\/05\/Kapitalis-big-size.png\",\"width\":5000,\"height\":1500,\"caption\":\"Kapitalis\"},\"image\":{\"@id\":\"https:\/\/kapitalis.com\/tunisie\/#\/schema\/logo\/image\/\"},\"sameAs\":[\"https:\/\/www.facebook.com\/KapitalisInfo\/\",\"https:\/\/x.com\/KapitalisInfo\",\"https:\/\/www.youtube.com\/channel\/UC-yDYrHyfFBWWZaOw3FPg9Q\"]},{\"@type\":\"Person\",\"@id\":\"https:\/\/kapitalis.com\/tunisie\/#\/schema\/person\/74bbde0154d49d790a92aaeac5bc01d5\",\"name\":\"Yusra NY\",\"url\":\"https:\/\/kapitalis.com\/tunisie\/author\/yuza_adam\/\"}]}<\/script>\n<!-- \/ Yoast SEO plugin. -->","yoast_head_json":{"title":"La Marsa : Inauguration d'une rue au nom de Lina Ben Mhenni (Photos) - Kapitalis","robots":{"index":"index","follow":"follow","max-snippet":"max-snippet:-1","max-image-preview":"max-image-preview:large","max-video-preview":"max-video-preview:-1"},"canonical":"https:\/\/kapitalis.com\/tunisie\/2022\/01\/13\/la-marsa-inauguration-dune-rue-au-nom-de-lina-ben-mhenni-photos\/","og_locale":"fr_FR","og_type":"article","og_title":"La Marsa : Inauguration d'une rue au nom de Lina Ben Mhenni (Photos) - Kapitalis","og_description":"Une rue de la Marsa (banlieue nord de Tunis), porte d\u00e9sormais le nom de Feue Lina Ben Mhenni, la militante pour la libert\u00e9 et les droits, qui \u00e9tait au c\u0153ur de la r\u00e9volution tunisienne et de tous les combats et de toutes les causes justes, disparue le 27 janvier 2020.","og_url":"https:\/\/kapitalis.com\/tunisie\/2022\/01\/13\/la-marsa-inauguration-dune-rue-au-nom-de-lina-ben-mhenni-photos\/","og_site_name":"Kapitalis","article_publisher":"https:\/\/www.facebook.com\/KapitalisInfo\/","article_published_time":"2022-01-13T16:45:11+00:00","article_modified_time":"2022-01-13T16:55:35+00:00","og_image":[{"width":1200,"height":630,"url":"https:\/\/kapitalis.com\/tunisie\/wp-content\/uploads\/2022\/05\/kapitalis-logo-fb.png","type":"image\/png"}],"author":"Yusra NY","twitter_card":"summary_large_image","twitter_creator":"@KapitalisInfo","twitter_site":"@KapitalisInfo","twitter_misc":{"\u00c9crit par":"Yusra NY","Dur\u00e9e de lecture estim\u00e9e":"1 minute"},"schema":{"@context":"https:\/\/schema.org","@graph":[{"@type":"Article","@id":"https:\/\/kapitalis.com\/tunisie\/2022\/01\/13\/la-marsa-inauguration-dune-rue-au-nom-de-lina-ben-mhenni-photos\/#article","isPartOf":{"@id":"https:\/\/kapitalis.com\/tunisie\/2022\/01\/13\/la-marsa-inauguration-dune-rue-au-nom-de-lina-ben-mhenni-photos\/"},"author":{"name":"Yusra NY","@id":"https:\/\/kapitalis.com\/tunisie\/#\/schema\/person\/74bbde0154d49d790a92aaeac5bc01d5"},"headline":"La Marsa : Inauguration d&rsquo;une rue au nom de Lina Ben Mhenni (Photos)","datePublished":"2022-01-13T16:45:11+00:00","dateModified":"2022-01-13T16:55:35+00:00","mainEntityOfPage":{"@id":"https:\/\/kapitalis.com\/tunisie\/2022\/01\/13\/la-marsa-inauguration-dune-rue-au-nom-de-lina-ben-mhenni-photos\/"},"wordCount":310,"commentCount":0,"publisher":{"@id":"https:\/\/kapitalis.com\/tunisie\/#organization"},"image":{"@id":"https:\/\/kapitalis.com\/tunisie\/2022\/01\/13\/la-marsa-inauguration-dune-rue-au-nom-de-lina-ben-mhenni-photos\/#primaryimage"},"thumbnailUrl":"","keywords":["banlieue nord de Tunis.","La Marsa","Lina Ben Mhenni","m\u00e9moire","militante","Tunisie"],"articleSection":["SOCIETE","Tunisie"],"inLanguage":"fr-FR","potentialAction":[{"@type":"CommentAction","name":"Comment","target":["https:\/\/kapitalis.com\/tunisie\/2022\/01\/13\/la-marsa-inauguration-dune-rue-au-nom-de-lina-ben-mhenni-photos\/#respond"]}]},{"@type":"WebPage","@id":"https:\/\/kapitalis.com\/tunisie\/2022\/01\/13\/la-marsa-inauguration-dune-rue-au-nom-de-lina-ben-mhenni-photos\/","url":"https:\/\/kapitalis.com\/tunisie\/2022\/01\/13\/la-marsa-inauguration-dune-rue-au-nom-de-lina-ben-mhenni-photos\/","name":"La Marsa : Inauguration d'une rue au nom de Lina Ben Mhenni (Photos) - Kapitalis","isPartOf":{"@id":"https:\/\/kapitalis.com\/tunisie\/#website"},"primaryImageOfPage":{"@id":"https:\/\/kapitalis.com\/tunisie\/2022\/01\/13\/la-marsa-inauguration-dune-rue-au-nom-de-lina-ben-mhenni-photos\/#primaryimage"},"image":{"@id":"https:\/\/kapitalis.com\/tunisie\/2022\/01\/13\/la-marsa-inauguration-dune-rue-au-nom-de-lina-ben-mhenni-photos\/#primaryimage"},"thumbnailUrl":"","datePublished":"2022-01-13T16:45:11+00:00","dateModified":"2022-01-13T16:55:35+00:00","breadcrumb":{"@id":"https:\/\/kapitalis.com\/tunisie\/2022\/01\/13\/la-marsa-inauguration-dune-rue-au-nom-de-lina-ben-mhenni-photos\/#breadcrumb"},"inLanguage":"fr-FR","potentialAction":[{"@type":"ReadAction","target":["https:\/\/kapitalis.com\/tunisie\/2022\/01\/13\/la-marsa-inauguration-dune-rue-au-nom-de-lina-ben-mhenni-photos\/"]}]},{"@type":"ImageObject","inLanguage":"fr-FR","@id":"https:\/\/kapitalis.com\/tunisie\/2022\/01\/13\/la-marsa-inauguration-dune-rue-au-nom-de-lina-ben-mhenni-photos\/#primaryimage","url":"","contentUrl":""},{"@type":"BreadcrumbList","@id":"https:\/\/kapitalis.com\/tunisie\/2022\/01\/13\/la-marsa-inauguration-dune-rue-au-nom-de-lina-ben-mhenni-photos\/#breadcrumb","itemListElement":[{"@type":"ListItem","position":1,"name":"Accueil","item":"https:\/\/kapitalis.com\/tunisie\/"},{"@type":"ListItem","position":2,"name":"La Marsa : Inauguration d&rsquo;une rue au nom de Lina Ben Mhenni (Photos)"}]},{"@type":"WebSite","@id":"https:\/\/kapitalis.com\/tunisie\/#website","url":"https:\/\/kapitalis.com\/tunisie\/","name":"Kapitalis","description":"L&#039;actualit\u00e9 en Tunisie et dans le monde","publisher":{"@id":"https:\/\/kapitalis.com\/tunisie\/#organization"},"potentialAction":[{"@type":"SearchAction","target":{"@type":"EntryPoint","urlTemplate":"https:\/\/kapitalis.com\/tunisie\/?s={search_term_string}"},"query-input":{"@type":"PropertyValueSpecification","valueRequired":true,"valueName":"search_term_string"}}],"inLanguage":"fr-FR"},{"@type":"Organization","@id":"https:\/\/kapitalis.com\/tunisie\/#organization","name":"Kapitalis","url":"https:\/\/kapitalis.com\/tunisie\/","logo":{"@type":"ImageObject","inLanguage":"fr-FR","@id":"https:\/\/kapitalis.com\/tunisie\/#\/schema\/logo\/image\/","url":"https:\/\/kapitalis.com\/tunisie\/wp-content\/uploads\/2022\/05\/Kapitalis-big-size.png","contentUrl":"https:\/\/kapitalis.com\/tunisie\/wp-content\/uploads\/2022\/05\/Kapitalis-big-size.png","width":5000,"height":1500,"caption":"Kapitalis"},"image":{"@id":"https:\/\/kapitalis.com\/tunisie\/#\/schema\/logo\/image\/"},"sameAs":["https:\/\/www.facebook.com\/KapitalisInfo\/","https:\/\/x.com\/KapitalisInfo","https:\/\/www.youtube.com\/channel\/UC-yDYrHyfFBWWZaOw3FPg9Q"]},{"@type":"Person","@id":"https:\/\/kapitalis.com\/tunisie\/#\/schema\/person\/74bbde0154d49d790a92aaeac5bc01d5","name":"Yusra NY","url":"https:\/\/kapitalis.com\/tunisie\/author\/yuza_adam\/"}]}},"_links":{"self":[{"href":"https:\/\/kapitalis.com\/tunisie\/wp-json\/wp\/v2\/posts\/376939","targetHints":{"allow":["GET"]}}],"collection":[{"href":"https:\/\/kapitalis.com\/tunisie\/wp-json\/wp\/v2\/posts"}],"about":[{"href":"https:\/\/kapitalis.com\/tunisie\/wp-json\/wp\/v2\/types\/post"}],"author":[{"embeddable":true,"href":"https:\/\/kapitalis.com\/tunisie\/wp-json\/wp\/v2\/users\/6"}],"replies":[{"embeddable":true,"href":"https:\/\/kapitalis.com\/tunisie\/wp-json\/wp\/v2\/comments?post=376939"}],"version-history":[{"count":0,"href":"https:\/\/kapitalis.com\/tunisie\/wp-json\/wp\/v2\/posts\/376939\/revisions"}],"wp:featuredmedia":[{"embeddable":true,"href":"https:\/\/kapitalis.com\/tunisie\/wp-json\/wp\/v2\/media\/376943"}],"wp:attachment":[{"href":"https:\/\/kapitalis.com\/tunisie\/wp-json\/wp\/v2\/media?parent=376939"}],"wp:term":[{"taxonomy":"category","embeddable":true,"href":"https:\/\/kapitalis.com\/tunisie\/wp-json\/wp\/v2\/categories?post=376939"},{"taxonomy":"post_tag","embeddable":true,"href":"https:\/\/kapitalis.com\/tunisie\/wp-json\/wp\/v2\/tags?post=376939"}],"curies":[{"name":"wp","href":"https:\/\/api.w.org\/{rel}","templated":true}]}}