{"id":377189,"date":"2022-01-15T22:35:20","date_gmt":"2022-01-15T21:35:20","guid":{"rendered":"http:\/\/kapitalis.com\/tunisie\/?p=377189"},"modified":"2022-01-15T22:40:21","modified_gmt":"2022-01-15T21:40:21","slug":"tunis-14-blesses-legers-dans-une-collision-entre-deux-metros-a-la-cite-romana","status":"publish","type":"post","link":"https:\/\/kapitalis.com\/tunisie\/2022\/01\/15\/tunis-14-blesses-legers-dans-une-collision-entre-deux-metros-a-la-cite-romana\/","title":{"rendered":"Tunis : 14 bless\u00e9s l\u00e9gers dans une collision entre deux m\u00e9tros \u00e0 la cit\u00e9 Romana"},"content":{"rendered":"\n<div class=\"wp-block-image\"><figure class=\"aligncenter size-full\"><img decoding=\"async\" src=\"http:\/\/kapitalis.com\/tunisie\/wp-content\/uploads\/2022\/01\/accident-metros-Tunis.jpg\" alt=\"\" class=\"wp-image-377193\"\/><\/figure><\/div>\n\n\n\n<p><strong><em>Treize passagers et un chauffeur ont \u00e9t\u00e9 bless\u00e9s dans la collision de deux rames de m\u00e9tro (N\u00b03 et N\u00b05), survenue dans la soir\u00e9e de ce samedi 15 janvier 2022, au niveau de la cit\u00e9 Romana \u00e0 Tunis.<\/em><\/strong><\/p>\n\n\n\n<!--more-->\n\n\n\n<p>Les bless\u00e9s ont \u00e9t\u00e9 transport\u00e9s \u00e0 l&rsquo;h\u00f4pital, indique la Soci\u00e9t\u00e9 des transports de Tunis (Transtu) dans un communiqu\u00e9, en ajoutant que les blessures sont l\u00e9g\u00e8res et que les passagers ont b\u00e9n\u00e9fici\u00e9 d&rsquo;une prise en charge psychologique.<\/p>\n\n\n\n<p>La m\u00eame source a ajout\u00e9 qu&rsquo;une enqu\u00eate a \u00e9t\u00e9 ouverte par une commission sp\u00e9cialis\u00e9e afin de d\u00e9terminer les causes de cet accident, survenu vers 19h20.<\/p>\n\n\n\n<p class=\"has-text-align-right\"><strong>Y. N.<\/strong><\/p>\n","protected":false},"excerpt":{"rendered":"<p>Treize passagers et un chauffeur ont \u00e9t\u00e9 bless\u00e9s dans la collision de deux rames de m\u00e9tro (N\u00b03 et N\u00b05), survenue dans la soir\u00e9e de ce samedi 15 janvier 2022, au niveau de la cit\u00e9 Romana \u00e0 Tunis.<\/p>\n","protected":false},"author":6,"featured_media":377193,"comment_status":"open","ping_status":"open","sticky":false,"template":"","format":"standard","meta":{"footnotes":""},"categories":[998,2433],"tags":[23,151,96490,25858,2170,4816,64491,62643],"class_list":["post-377189","post","type-post","status-publish","format-standard","has-post-thumbnail","hentry","category-societe","category-tunisie","tag-accident","tag-blesses","tag-cite-romana","tag-metros","tag-passagers","tag-transtu","tag-tunis","tag-tunisie"],"yoast_head":"<!-- This site is optimized with the Yoast SEO plugin v26.6 - https:\/\/yoast.com\/wordpress\/plugins\/seo\/ -->\n<title>Tunis : 14 bless\u00e9s l\u00e9gers dans une collision entre deux m\u00e9tros \u00e0 la cit\u00e9 Romana - Kapitalis<\/title>\n<meta name=\"robots\" content=\"index, follow, max-snippet:-1, max-image-preview:large, max-video-preview:-1\" \/>\n<link rel=\"canonical\" href=\"https:\/\/kapitalis.com\/tunisie\/2022\/01\/15\/tunis-14-blesses-legers-dans-une-collision-entre-deux-metros-a-la-cite-romana\/\" \/>\n<meta property=\"og:locale\" content=\"fr_FR\" \/>\n<meta property=\"og:type\" content=\"article\" \/>\n<meta property=\"og:title\" content=\"Tunis : 14 bless\u00e9s l\u00e9gers dans une collision entre deux m\u00e9tros \u00e0 la cit\u00e9 Romana - Kapitalis\" \/>\n<meta property=\"og:description\" content=\"Treize passagers et un chauffeur ont \u00e9t\u00e9 bless\u00e9s dans la collision de deux rames de m\u00e9tro (N\u00b03 et N\u00b05), survenue dans la soir\u00e9e de ce samedi 15 janvier 2022, au niveau de la cit\u00e9 Romana \u00e0 Tunis.\" \/>\n<meta property=\"og:url\" content=\"https:\/\/kapitalis.com\/tunisie\/2022\/01\/15\/tunis-14-blesses-legers-dans-une-collision-entre-deux-metros-a-la-cite-romana\/\" \/>\n<meta property=\"og:site_name\" content=\"Kapitalis\" \/>\n<meta property=\"article:publisher\" content=\"https:\/\/www.facebook.com\/KapitalisInfo\/\" \/>\n<meta property=\"article:published_time\" content=\"2022-01-15T21:35:20+00:00\" \/>\n<meta property=\"article:modified_time\" content=\"2022-01-15T21:40:21+00:00\" \/>\n<meta property=\"og:image\" content=\"https:\/\/kapitalis.com\/tunisie\/wp-content\/uploads\/2022\/05\/kapitalis-logo-fb.png\" \/>\n\t<meta property=\"og:image:width\" content=\"1200\" \/>\n\t<meta property=\"og:image:height\" content=\"630\" \/>\n\t<meta property=\"og:image:type\" content=\"image\/png\" \/>\n<meta name=\"author\" content=\"Yusra NY\" \/>\n<meta name=\"twitter:card\" content=\"summary_large_image\" \/>\n<meta name=\"twitter:creator\" content=\"@KapitalisInfo\" \/>\n<meta name=\"twitter:site\" content=\"@KapitalisInfo\" \/>\n<meta name=\"twitter:label1\" content=\"\u00c9crit par\" \/>\n\t<meta name=\"twitter:data1\" content=\"Yusra NY\" \/>\n\t<meta name=\"twitter:label2\" content=\"Dur\u00e9e de lecture estim\u00e9e\" \/>\n\t<meta name=\"twitter:data2\" content=\"1 minute\" \/>\n<script type=\"application\/ld+json\" class=\"yoast-schema-graph\">{\"@context\":\"https:\/\/schema.org\",\"@graph\":[{\"@type\":\"Article\",\"@id\":\"https:\/\/kapitalis.com\/tunisie\/2022\/01\/15\/tunis-14-blesses-legers-dans-une-collision-entre-deux-metros-a-la-cite-romana\/#article\",\"isPartOf\":{\"@id\":\"https:\/\/kapitalis.com\/tunisie\/2022\/01\/15\/tunis-14-blesses-legers-dans-une-collision-entre-deux-metros-a-la-cite-romana\/\"},\"author\":{\"name\":\"Yusra NY\",\"@id\":\"https:\/\/kapitalis.com\/tunisie\/#\/schema\/person\/74bbde0154d49d790a92aaeac5bc01d5\"},\"headline\":\"Tunis : 14 bless\u00e9s l\u00e9gers dans une collision entre deux m\u00e9tros \u00e0 la cit\u00e9 Romana\",\"datePublished\":\"2022-01-15T21:35:20+00:00\",\"dateModified\":\"2022-01-15T21:40:21+00:00\",\"mainEntityOfPage\":{\"@id\":\"https:\/\/kapitalis.com\/tunisie\/2022\/01\/15\/tunis-14-blesses-legers-dans-une-collision-entre-deux-metros-a-la-cite-romana\/\"},\"wordCount\":127,\"commentCount\":0,\"publisher\":{\"@id\":\"https:\/\/kapitalis.com\/tunisie\/#organization\"},\"image\":{\"@id\":\"https:\/\/kapitalis.com\/tunisie\/2022\/01\/15\/tunis-14-blesses-legers-dans-une-collision-entre-deux-metros-a-la-cite-romana\/#primaryimage\"},\"thumbnailUrl\":\"\",\"keywords\":[\"accident\",\"bless\u00e9s\",\"cit\u00e9 Romana\",\"m\u00e9tros\",\"passagers\",\"Transtu\",\"Tunis\",\"Tunisie\"],\"articleSection\":[\"SOCIETE\",\"Tunisie\"],\"inLanguage\":\"fr-FR\",\"potentialAction\":[{\"@type\":\"CommentAction\",\"name\":\"Comment\",\"target\":[\"https:\/\/kapitalis.com\/tunisie\/2022\/01\/15\/tunis-14-blesses-legers-dans-une-collision-entre-deux-metros-a-la-cite-romana\/#respond\"]}]},{\"@type\":\"WebPage\",\"@id\":\"https:\/\/kapitalis.com\/tunisie\/2022\/01\/15\/tunis-14-blesses-legers-dans-une-collision-entre-deux-metros-a-la-cite-romana\/\",\"url\":\"https:\/\/kapitalis.com\/tunisie\/2022\/01\/15\/tunis-14-blesses-legers-dans-une-collision-entre-deux-metros-a-la-cite-romana\/\",\"name\":\"Tunis : 14 bless\u00e9s l\u00e9gers dans une collision entre deux m\u00e9tros \u00e0 la cit\u00e9 Romana - Kapitalis\",\"isPartOf\":{\"@id\":\"https:\/\/kapitalis.com\/tunisie\/#website\"},\"primaryImageOfPage\":{\"@id\":\"https:\/\/kapitalis.com\/tunisie\/2022\/01\/15\/tunis-14-blesses-legers-dans-une-collision-entre-deux-metros-a-la-cite-romana\/#primaryimage\"},\"image\":{\"@id\":\"https:\/\/kapitalis.com\/tunisie\/2022\/01\/15\/tunis-14-blesses-legers-dans-une-collision-entre-deux-metros-a-la-cite-romana\/#primaryimage\"},\"thumbnailUrl\":\"\",\"datePublished\":\"2022-01-15T21:35:20+00:00\",\"dateModified\":\"2022-01-15T21:40:21+00:00\",\"breadcrumb\":{\"@id\":\"https:\/\/kapitalis.com\/tunisie\/2022\/01\/15\/tunis-14-blesses-legers-dans-une-collision-entre-deux-metros-a-la-cite-romana\/#breadcrumb\"},\"inLanguage\":\"fr-FR\",\"potentialAction\":[{\"@type\":\"ReadAction\",\"target\":[\"https:\/\/kapitalis.com\/tunisie\/2022\/01\/15\/tunis-14-blesses-legers-dans-une-collision-entre-deux-metros-a-la-cite-romana\/\"]}]},{\"@type\":\"ImageObject\",\"inLanguage\":\"fr-FR\",\"@id\":\"https:\/\/kapitalis.com\/tunisie\/2022\/01\/15\/tunis-14-blesses-legers-dans-une-collision-entre-deux-metros-a-la-cite-romana\/#primaryimage\",\"url\":\"\",\"contentUrl\":\"\"},{\"@type\":\"BreadcrumbList\",\"@id\":\"https:\/\/kapitalis.com\/tunisie\/2022\/01\/15\/tunis-14-blesses-legers-dans-une-collision-entre-deux-metros-a-la-cite-romana\/#breadcrumb\",\"itemListElement\":[{\"@type\":\"ListItem\",\"position\":1,\"name\":\"Accueil\",\"item\":\"https:\/\/kapitalis.com\/tunisie\/\"},{\"@type\":\"ListItem\",\"position\":2,\"name\":\"Tunis : 14 bless\u00e9s l\u00e9gers dans une collision entre deux m\u00e9tros \u00e0 la cit\u00e9 Romana\"}]},{\"@type\":\"WebSite\",\"@id\":\"https:\/\/kapitalis.com\/tunisie\/#website\",\"url\":\"https:\/\/kapitalis.com\/tunisie\/\",\"name\":\"Kapitalis\",\"description\":\"L&#039;actualit\u00e9 en Tunisie et dans le monde\",\"publisher\":{\"@id\":\"https:\/\/kapitalis.com\/tunisie\/#organization\"},\"potentialAction\":[{\"@type\":\"SearchAction\",\"target\":{\"@type\":\"EntryPoint\",\"urlTemplate\":\"https:\/\/kapitalis.com\/tunisie\/?s={search_term_string}\"},\"query-input\":{\"@type\":\"PropertyValueSpecification\",\"valueRequired\":true,\"valueName\":\"search_term_string\"}}],\"inLanguage\":\"fr-FR\"},{\"@type\":\"Organization\",\"@id\":\"https:\/\/kapitalis.com\/tunisie\/#organization\",\"name\":\"Kapitalis\",\"url\":\"https:\/\/kapitalis.com\/tunisie\/\",\"logo\":{\"@type\":\"ImageObject\",\"inLanguage\":\"fr-FR\",\"@id\":\"https:\/\/kapitalis.com\/tunisie\/#\/schema\/logo\/image\/\",\"url\":\"https:\/\/kapitalis.com\/tunisie\/wp-content\/uploads\/2022\/05\/Kapitalis-big-size.png\",\"contentUrl\":\"https:\/\/kapitalis.com\/tunisie\/wp-content\/uploads\/2022\/05\/Kapitalis-big-size.png\",\"width\":5000,\"height\":1500,\"caption\":\"Kapitalis\"},\"image\":{\"@id\":\"https:\/\/kapitalis.com\/tunisie\/#\/schema\/logo\/image\/\"},\"sameAs\":[\"https:\/\/www.facebook.com\/KapitalisInfo\/\",\"https:\/\/x.com\/KapitalisInfo\",\"https:\/\/www.youtube.com\/channel\/UC-yDYrHyfFBWWZaOw3FPg9Q\"]},{\"@type\":\"Person\",\"@id\":\"https:\/\/kapitalis.com\/tunisie\/#\/schema\/person\/74bbde0154d49d790a92aaeac5bc01d5\",\"name\":\"Yusra NY\",\"url\":\"https:\/\/kapitalis.com\/tunisie\/author\/yuza_adam\/\"}]}<\/script>\n<!-- \/ Yoast SEO plugin. -->","yoast_head_json":{"title":"Tunis : 14 bless\u00e9s l\u00e9gers dans une collision entre deux m\u00e9tros \u00e0 la cit\u00e9 Romana - Kapitalis","robots":{"index":"index","follow":"follow","max-snippet":"max-snippet:-1","max-image-preview":"max-image-preview:large","max-video-preview":"max-video-preview:-1"},"canonical":"https:\/\/kapitalis.com\/tunisie\/2022\/01\/15\/tunis-14-blesses-legers-dans-une-collision-entre-deux-metros-a-la-cite-romana\/","og_locale":"fr_FR","og_type":"article","og_title":"Tunis : 14 bless\u00e9s l\u00e9gers dans une collision entre deux m\u00e9tros \u00e0 la cit\u00e9 Romana - Kapitalis","og_description":"Treize passagers et un chauffeur ont \u00e9t\u00e9 bless\u00e9s dans la collision de deux rames de m\u00e9tro (N\u00b03 et N\u00b05), survenue dans la soir\u00e9e de ce samedi 15 janvier 2022, au niveau de la cit\u00e9 Romana \u00e0 Tunis.","og_url":"https:\/\/kapitalis.com\/tunisie\/2022\/01\/15\/tunis-14-blesses-legers-dans-une-collision-entre-deux-metros-a-la-cite-romana\/","og_site_name":"Kapitalis","article_publisher":"https:\/\/www.facebook.com\/KapitalisInfo\/","article_published_time":"2022-01-15T21:35:20+00:00","article_modified_time":"2022-01-15T21:40:21+00:00","og_image":[{"width":1200,"height":630,"url":"https:\/\/kapitalis.com\/tunisie\/wp-content\/uploads\/2022\/05\/kapitalis-logo-fb.png","type":"image\/png"}],"author":"Yusra NY","twitter_card":"summary_large_image","twitter_creator":"@KapitalisInfo","twitter_site":"@KapitalisInfo","twitter_misc":{"\u00c9crit par":"Yusra NY","Dur\u00e9e de lecture estim\u00e9e":"1 minute"},"schema":{"@context":"https:\/\/schema.org","@graph":[{"@type":"Article","@id":"https:\/\/kapitalis.com\/tunisie\/2022\/01\/15\/tunis-14-blesses-legers-dans-une-collision-entre-deux-metros-a-la-cite-romana\/#article","isPartOf":{"@id":"https:\/\/kapitalis.com\/tunisie\/2022\/01\/15\/tunis-14-blesses-legers-dans-une-collision-entre-deux-metros-a-la-cite-romana\/"},"author":{"name":"Yusra NY","@id":"https:\/\/kapitalis.com\/tunisie\/#\/schema\/person\/74bbde0154d49d790a92aaeac5bc01d5"},"headline":"Tunis : 14 bless\u00e9s l\u00e9gers dans une collision entre deux m\u00e9tros \u00e0 la cit\u00e9 Romana","datePublished":"2022-01-15T21:35:20+00:00","dateModified":"2022-01-15T21:40:21+00:00","mainEntityOfPage":{"@id":"https:\/\/kapitalis.com\/tunisie\/2022\/01\/15\/tunis-14-blesses-legers-dans-une-collision-entre-deux-metros-a-la-cite-romana\/"},"wordCount":127,"commentCount":0,"publisher":{"@id":"https:\/\/kapitalis.com\/tunisie\/#organization"},"image":{"@id":"https:\/\/kapitalis.com\/tunisie\/2022\/01\/15\/tunis-14-blesses-legers-dans-une-collision-entre-deux-metros-a-la-cite-romana\/#primaryimage"},"thumbnailUrl":"","keywords":["accident","bless\u00e9s","cit\u00e9 Romana","m\u00e9tros","passagers","Transtu","Tunis","Tunisie"],"articleSection":["SOCIETE","Tunisie"],"inLanguage":"fr-FR","potentialAction":[{"@type":"CommentAction","name":"Comment","target":["https:\/\/kapitalis.com\/tunisie\/2022\/01\/15\/tunis-14-blesses-legers-dans-une-collision-entre-deux-metros-a-la-cite-romana\/#respond"]}]},{"@type":"WebPage","@id":"https:\/\/kapitalis.com\/tunisie\/2022\/01\/15\/tunis-14-blesses-legers-dans-une-collision-entre-deux-metros-a-la-cite-romana\/","url":"https:\/\/kapitalis.com\/tunisie\/2022\/01\/15\/tunis-14-blesses-legers-dans-une-collision-entre-deux-metros-a-la-cite-romana\/","name":"Tunis : 14 bless\u00e9s l\u00e9gers dans une collision entre deux m\u00e9tros \u00e0 la cit\u00e9 Romana - Kapitalis","isPartOf":{"@id":"https:\/\/kapitalis.com\/tunisie\/#website"},"primaryImageOfPage":{"@id":"https:\/\/kapitalis.com\/tunisie\/2022\/01\/15\/tunis-14-blesses-legers-dans-une-collision-entre-deux-metros-a-la-cite-romana\/#primaryimage"},"image":{"@id":"https:\/\/kapitalis.com\/tunisie\/2022\/01\/15\/tunis-14-blesses-legers-dans-une-collision-entre-deux-metros-a-la-cite-romana\/#primaryimage"},"thumbnailUrl":"","datePublished":"2022-01-15T21:35:20+00:00","dateModified":"2022-01-15T21:40:21+00:00","breadcrumb":{"@id":"https:\/\/kapitalis.com\/tunisie\/2022\/01\/15\/tunis-14-blesses-legers-dans-une-collision-entre-deux-metros-a-la-cite-romana\/#breadcrumb"},"inLanguage":"fr-FR","potentialAction":[{"@type":"ReadAction","target":["https:\/\/kapitalis.com\/tunisie\/2022\/01\/15\/tunis-14-blesses-legers-dans-une-collision-entre-deux-metros-a-la-cite-romana\/"]}]},{"@type":"ImageObject","inLanguage":"fr-FR","@id":"https:\/\/kapitalis.com\/tunisie\/2022\/01\/15\/tunis-14-blesses-legers-dans-une-collision-entre-deux-metros-a-la-cite-romana\/#primaryimage","url":"","contentUrl":""},{"@type":"BreadcrumbList","@id":"https:\/\/kapitalis.com\/tunisie\/2022\/01\/15\/tunis-14-blesses-legers-dans-une-collision-entre-deux-metros-a-la-cite-romana\/#breadcrumb","itemListElement":[{"@type":"ListItem","position":1,"name":"Accueil","item":"https:\/\/kapitalis.com\/tunisie\/"},{"@type":"ListItem","position":2,"name":"Tunis : 14 bless\u00e9s l\u00e9gers dans une collision entre deux m\u00e9tros \u00e0 la cit\u00e9 Romana"}]},{"@type":"WebSite","@id":"https:\/\/kapitalis.com\/tunisie\/#website","url":"https:\/\/kapitalis.com\/tunisie\/","name":"Kapitalis","description":"L&#039;actualit\u00e9 en Tunisie et dans le monde","publisher":{"@id":"https:\/\/kapitalis.com\/tunisie\/#organization"},"potentialAction":[{"@type":"SearchAction","target":{"@type":"EntryPoint","urlTemplate":"https:\/\/kapitalis.com\/tunisie\/?s={search_term_string}"},"query-input":{"@type":"PropertyValueSpecification","valueRequired":true,"valueName":"search_term_string"}}],"inLanguage":"fr-FR"},{"@type":"Organization","@id":"https:\/\/kapitalis.com\/tunisie\/#organization","name":"Kapitalis","url":"https:\/\/kapitalis.com\/tunisie\/","logo":{"@type":"ImageObject","inLanguage":"fr-FR","@id":"https:\/\/kapitalis.com\/tunisie\/#\/schema\/logo\/image\/","url":"https:\/\/kapitalis.com\/tunisie\/wp-content\/uploads\/2022\/05\/Kapitalis-big-size.png","contentUrl":"https:\/\/kapitalis.com\/tunisie\/wp-content\/uploads\/2022\/05\/Kapitalis-big-size.png","width":5000,"height":1500,"caption":"Kapitalis"},"image":{"@id":"https:\/\/kapitalis.com\/tunisie\/#\/schema\/logo\/image\/"},"sameAs":["https:\/\/www.facebook.com\/KapitalisInfo\/","https:\/\/x.com\/KapitalisInfo","https:\/\/www.youtube.com\/channel\/UC-yDYrHyfFBWWZaOw3FPg9Q"]},{"@type":"Person","@id":"https:\/\/kapitalis.com\/tunisie\/#\/schema\/person\/74bbde0154d49d790a92aaeac5bc01d5","name":"Yusra NY","url":"https:\/\/kapitalis.com\/tunisie\/author\/yuza_adam\/"}]}},"_links":{"self":[{"href":"https:\/\/kapitalis.com\/tunisie\/wp-json\/wp\/v2\/posts\/377189","targetHints":{"allow":["GET"]}}],"collection":[{"href":"https:\/\/kapitalis.com\/tunisie\/wp-json\/wp\/v2\/posts"}],"about":[{"href":"https:\/\/kapitalis.com\/tunisie\/wp-json\/wp\/v2\/types\/post"}],"author":[{"embeddable":true,"href":"https:\/\/kapitalis.com\/tunisie\/wp-json\/wp\/v2\/users\/6"}],"replies":[{"embeddable":true,"href":"https:\/\/kapitalis.com\/tunisie\/wp-json\/wp\/v2\/comments?post=377189"}],"version-history":[{"count":0,"href":"https:\/\/kapitalis.com\/tunisie\/wp-json\/wp\/v2\/posts\/377189\/revisions"}],"wp:featuredmedia":[{"embeddable":true,"href":"https:\/\/kapitalis.com\/tunisie\/wp-json\/wp\/v2\/media\/377193"}],"wp:attachment":[{"href":"https:\/\/kapitalis.com\/tunisie\/wp-json\/wp\/v2\/media?parent=377189"}],"wp:term":[{"taxonomy":"category","embeddable":true,"href":"https:\/\/kapitalis.com\/tunisie\/wp-json\/wp\/v2\/categories?post=377189"},{"taxonomy":"post_tag","embeddable":true,"href":"https:\/\/kapitalis.com\/tunisie\/wp-json\/wp\/v2\/tags?post=377189"}],"curies":[{"name":"wp","href":"https:\/\/api.w.org\/{rel}","templated":true}]}}