{"id":377205,"date":"2022-01-16T07:19:05","date_gmt":"2022-01-16T06:19:05","guid":{"rendered":"http:\/\/kapitalis.com\/tunisie\/?p=377205"},"modified":"2022-01-16T07:22:05","modified_gmt":"2022-01-16T06:22:05","slug":"le-poeme-du-dimanche-je-chante-intensement-de-mosa-bidaj","status":"publish","type":"post","link":"https:\/\/kapitalis.com\/tunisie\/2022\/01\/16\/le-poeme-du-dimanche-je-chante-intensement-de-mosa-bidaj\/","title":{"rendered":"Le po\u00e8me du dimanche : \u00abJe chante intens\u00e9ment\u00bb de Mosa Bidaj"},"content":{"rendered":"\n<div class=\"wp-block-image\"><figure class=\"aligncenter size-full\"><img decoding=\"async\" src=\"http:\/\/kapitalis.com\/tunisie\/wp-content\/uploads\/2022\/01\/Mousa-Bidaj.jpg\" alt=\"\" class=\"wp-image-377206\"\/><\/figure><\/div>\n\n\n\n<p><strong><em>N\u00e9 en 1956, le po\u00e8te iranien, d\u2019origine kurde, Mosa Bidaj (\u0645\u0648\u0633\u0649 \u0628\u064a\u062f\u062c) n\u2019est pas un inconnu du public arabophone averti. Le fait n\u2019est pas si courant, pour ne pas \u00eatre signal\u00e9. M\u00eame si, par le pass\u00e9, de grands auteurs perses ont \u00e9crit en arabe.<\/em><\/strong><\/p>\n\n\n\n<!--more-->\n\n\n\n<p>En effet, le po\u00e8te \u00e9crit en perse et en arabe et a publi\u00e9 plus de quarante ouvrages, passant d\u2019une langue \u00e0 l\u2019autre, se faisant passeur entre les deux cultures.<\/p>\n\n\n\n<p>Il a publi\u00e9 des recueils de po\u00e9sie, de nouvelles, des anthologies et de nombreuses traductions en arabe, dont celles de Gibran, Sayyab, Darwich, Samih Al Qasim, Adonis, Nizar Qabbani, Al-Maghout, etc.<\/p>\n\n\n\n<p>Po\u00e8te, traducteur, essayiste, responsable radiophonique, professeur de litt\u00e9rature arabe \u00e0 T\u00e9h\u00e9ran, il dirige la revue litt\u00e9raire en arabe, <em>Shiraz<\/em>, qui oeuvre pour le dialogue litt\u00e9raire et culturel arabo-iranien. Son \u0153uvre est r\u00e9compens\u00e9e de nombreux prix litt\u00e9raires.<\/p>\n\n\n\n<p>Parmi ses derniers ouvrages (en arabe) : <em>Des ailes pour atterrir<\/em>, Beyrouth; <em>Un<\/em> <em>homme inutile \u00e0 l\u2019amour<\/em>, Le Caire; <em>L\u2019\u00e9chelle arrive au matin<\/em>, anthologie en arabe de po\u00e8tes iraniens, Le Caire.<\/p>\n\n\n\n<p class=\"has-text-align-right\"><strong><em>Po\u00e8mes (trad. en fran\u00e7ais) dans \u00abLitt\u00e9rature d\u2019Iran\u00bb<\/em>, revue <em>Europe<\/em>, N\u00b0 997, 2012.<\/strong><\/p>\n\n\n\n<p class=\"has-text-align-right\"><strong>Tahar Bekri<\/strong><\/p>\n\n\n\n<h2 class=\"has-text-align-center wp-block-heading\">Rencontre<\/h2>\n\n\n\n<p><em>Nous nous rencontrons \u00e0 quatre heures<\/em><\/p>\n\n\n\n<p><em>Du si\u00e8cle prochain<\/em><\/p>\n\n\n\n<p><em>Moi sur un cheval en bois<\/em><\/p>\n\n\n\n<p><em>Et toi<\/em><\/p>\n\n\n\n<p><em>Sur le dos de la pluie<\/em><\/p>\n\n\n\n<p><em>Ta tresse<\/em><\/p>\n\n\n\n<p><em>-Qui est mon premier amour-<\/em><\/p>\n\n\n\n<p><em>Parfume les habits des ruelles<\/em><\/p>\n\n\n\n<p><em>Et diffuse les mizmars aux portes.<\/em><\/p>\n\n\n\n<p><em>Nous avons h\u00e9rit\u00e9 la passion de nos anc\u00eatres<\/em><\/p>\n\n\n\n<p><em>Et nous sommes descendus des cavernes dans la rue<\/em><\/p>\n\n\n\n<p><em>Avec nous notre chien<\/em><\/p>\n\n\n\n<p><em>Mais les passants<\/em><\/p>\n\n\n\n<p><em>Nous reprochent nos v\u00eatements \u00e0 la vieille mode<\/em><\/p>\n\n\n\n<p><em>Ils ne comprennent pas nos lettres<\/em><\/p>\n\n\n\n<p><em>Nous ne comprenons pas leurs cartes de cr\u00e9dit<\/em><\/p>\n\n\n\n<p><em>Donc<\/em><\/p>\n\n\n\n<p><em>Rencontrons-nous \u00e0 quatre heures<\/em><\/p>\n\n\n\n<p><em>Du si\u00e8cle prochain<\/em><\/p>\n\n\n\n<p><em>Peut-\u00eatre les imprimeries<\/em><\/p>\n\n\n\n<p><em>Publieront-elles de nouveaux dictionnaires pour le dialogue<\/em><\/p>\n\n\n\n<p><em>Peut-\u00eatre les neiges des regards fonderont-elles<\/em><\/p>\n\n\n\n<p class=\"has-text-align-right\"><strong><em>Rajulun la yasluhu li-l-Hubb (Un homme inutile \u00e0 l\u2019amour)<\/em>.<\/strong><\/p>\n\n\n\n<h2 class=\"has-text-align-center wp-block-heading\">Je chante intens\u00e9ment<\/h2>\n\n\n\n<p><em>A la lueur de l\u2019\u00e9toile<\/em><\/p>\n\n\n\n<p><em>Je chante<\/em><\/p>\n\n\n\n<p><em>Comme une brise qui porte une guitare<\/em><\/p>\n\n\n\n<p><em>Pas de possibilit\u00e9 \u00e0 la tristesse<\/em><\/p>\n\n\n\n<p><em>Pour qu\u2019elle plante son couteau dans ma langue<\/em><\/p>\n\n\n\n<p><em>Je chante intens\u00e9ment<\/em><\/p>\n\n\n\n<p><em>Tout nuage est ma m\u00e8re<\/em><\/p>\n\n\n\n<p><em>Toute pluie est mon fr\u00e8re<\/em><\/p>\n\n\n\n<p><em>Qui \u00e9change avec moi ses chemises mouill\u00e9es<\/em><\/p>\n\n\n\n<p><em>Au bord des jardins<\/em><\/p>\n\n\n\n<p><em>Au seuil des boutiques<\/em><\/p>\n\n\n\n<p><em>Aux portes des cin\u00e9mas<\/em><\/p>\n\n\n\n<p><em>Dans les all\u00e9es des mausol\u00e9es<\/em><\/p>\n\n\n\n<p><em>Je chante intens\u00e9ment<\/em><\/p>\n\n\n\n<p><em>Et ne m\u2019en soucie gu\u00e8re<\/em><\/p>\n\n\n\n<p><em>La tristesse n\u2019est pas nouvelle \u00e0 mon c\u0153ur<\/em><\/p>\n\n\n\n<p><em>Cet amoureux ambulant<\/em><\/p>\n\n\n\n<p><em>Comme les avions en papier dans le ciel d\u2019Ispahan<\/em><\/p>\n\n\n\n<p><em>Je chante<\/em><\/p>\n\n\n\n<p><em>Je chante<\/em><\/p>\n\n\n\n<p><em>Et tisse pour l\u2019\u00e9t\u00e9 un temps rafra\u00eechissant<\/em><\/p>\n\n\n\n<p><em>Comme le lait dans le frigidaire<\/em><\/p>\n\n\n\n<p class=\"has-text-align-right\"><em><strong>Et\u00e9 2020<\/strong><\/em><\/p>\n\n\n\n<p class=\"has-text-align-right\"><em>Traduit de l\u2019arabe par <strong>Tahar Bekri<\/strong><\/em><\/p>\n\n\n\n<p><blockquote class=\"wp-embedded-content\" data-secret=\"eBsWmb87fm\"><a href=\"https:\/\/kapitalis.com\/tunisie\/2021\/05\/30\/le-poeme-du-dimanche-shahnameh-ou-le-livre-des-rois-de-ferdowsi-extraits\/\">Le po\u00e8me du dimanche : \u2018\u2018Sh\u00e2hn\u00e2meh\u2019\u2019 ou \u2018\u2018Le Livre des Rois\u2019\u2019 de Ferdowsi (extraits)<\/a><\/blockquote><iframe loading=\"lazy\" class=\"wp-embedded-content\" sandbox=\"allow-scripts\" security=\"restricted\" style=\"position: absolute; clip: rect(1px, 1px, 1px, 1px);\" title=\"\u00ab\u00a0Le po\u00e8me du dimanche : \u2018\u2018Sh\u00e2hn\u00e2meh\u2019\u2019 ou \u2018\u2018Le Livre des Rois\u2019\u2019 de Ferdowsi (extraits)\u00a0\u00bb &#8212; Kapitalis\" src=\"https:\/\/kapitalis.com\/tunisie\/2021\/05\/30\/le-poeme-du-dimanche-shahnameh-ou-le-livre-des-rois-de-ferdowsi-extraits\/embed\/#?secret=v3dq2zUlHu#?secret=eBsWmb87fm\" data-secret=\"eBsWmb87fm\" width=\"600\" height=\"338\" frameborder=\"0\" marginwidth=\"0\" marginheight=\"0\" scrolling=\"no\"><\/iframe><\/p>\n\n\n\n<p><blockquote class=\"wp-embedded-content\" data-secret=\"50esZ4ZgRs\"><a href=\"https:\/\/kapitalis.com\/tunisie\/2020\/08\/30\/le-poeme-du-dimanche-said-le-fou-de-rafiq-sabir\/\">Le po\u00e8me du dimanche: \u2018\u2018Sa\u00efd le fou\u2019\u2019 de Rafiq Sabir<\/a><\/blockquote><iframe loading=\"lazy\" class=\"wp-embedded-content\" sandbox=\"allow-scripts\" security=\"restricted\" style=\"position: absolute; clip: rect(1px, 1px, 1px, 1px);\" title=\"\u00ab\u00a0Le po\u00e8me du dimanche: \u2018\u2018Sa\u00efd le fou\u2019\u2019 de Rafiq Sabir\u00a0\u00bb &#8212; Kapitalis\" src=\"https:\/\/kapitalis.com\/tunisie\/2020\/08\/30\/le-poeme-du-dimanche-said-le-fou-de-rafiq-sabir\/embed\/#?secret=7rqmbHfeyF#?secret=50esZ4ZgRs\" data-secret=\"50esZ4ZgRs\" width=\"600\" height=\"338\" frameborder=\"0\" marginwidth=\"0\" marginheight=\"0\" scrolling=\"no\"><\/iframe><\/p>\n","protected":false},"excerpt":{"rendered":"<p>N\u00e9 en 1956, le po\u00e8te iranien, d\u2019origine kurde, Mosa Bidaj (\u0645\u0648\u0633\u0649 \u0628\u064a\u062f\u062c) n\u2019est pas un inconnu du public arabophone averti. Le fait n\u2019est pas si courant, pour ne pas \u00eatre signal\u00e9. M\u00eame si, par le pass\u00e9, de grands auteurs perses ont \u00e9crit en arabe.<\/p>\n","protected":false},"author":8,"featured_media":377206,"comment_status":"open","ping_status":"open","sticky":false,"template":"","format":"standard","meta":{"footnotes":""},"categories":[992,994],"tags":[96493,96492,82263],"class_list":["post-377205","post","type-post","status-publish","format-standard","has-post-thumbnail","hentry","category-a-la-une","category-culture","tag-mosa-bidaj","tag-poete-iranien","tag-poete-kurde"],"yoast_head":"<!-- This site is optimized with the Yoast SEO plugin v26.6 - https:\/\/yoast.com\/wordpress\/plugins\/seo\/ -->\n<title>Le po\u00e8me du dimanche : \u00abJe chante intens\u00e9ment\u00bb de Mosa Bidaj - Kapitalis<\/title>\n<meta name=\"robots\" content=\"index, follow, max-snippet:-1, max-image-preview:large, max-video-preview:-1\" \/>\n<link rel=\"canonical\" href=\"https:\/\/kapitalis.com\/tunisie\/2022\/01\/16\/le-poeme-du-dimanche-je-chante-intensement-de-mosa-bidaj\/\" \/>\n<meta property=\"og:locale\" content=\"fr_FR\" \/>\n<meta property=\"og:type\" content=\"article\" \/>\n<meta property=\"og:title\" content=\"Le po\u00e8me du dimanche : \u00abJe chante intens\u00e9ment\u00bb de Mosa Bidaj - Kapitalis\" \/>\n<meta property=\"og:description\" content=\"N\u00e9 en 1956, le po\u00e8te iranien, d\u2019origine kurde, Mosa Bidaj (\u0645\u0648\u0633\u0649 \u0628\u064a\u062f\u062c) n\u2019est pas un inconnu du public arabophone averti. Le fait n\u2019est pas si courant, pour ne pas \u00eatre signal\u00e9. M\u00eame si, par le pass\u00e9, de grands auteurs perses ont \u00e9crit en arabe.\" \/>\n<meta property=\"og:url\" content=\"https:\/\/kapitalis.com\/tunisie\/2022\/01\/16\/le-poeme-du-dimanche-je-chante-intensement-de-mosa-bidaj\/\" \/>\n<meta property=\"og:site_name\" content=\"Kapitalis\" \/>\n<meta property=\"article:publisher\" content=\"https:\/\/www.facebook.com\/KapitalisInfo\/\" \/>\n<meta property=\"article:published_time\" content=\"2022-01-16T06:19:05+00:00\" \/>\n<meta property=\"article:modified_time\" content=\"2022-01-16T06:22:05+00:00\" \/>\n<meta property=\"og:image\" content=\"https:\/\/kapitalis.com\/tunisie\/wp-content\/uploads\/2022\/05\/kapitalis-logo-fb.png\" \/>\n\t<meta property=\"og:image:width\" content=\"1200\" \/>\n\t<meta property=\"og:image:height\" content=\"630\" \/>\n\t<meta property=\"og:image:type\" content=\"image\/png\" \/>\n<meta name=\"author\" content=\"webmaster kapitalis\" \/>\n<meta name=\"twitter:card\" content=\"summary_large_image\" \/>\n<meta name=\"twitter:creator\" content=\"@KapitalisInfo\" \/>\n<meta name=\"twitter:site\" content=\"@KapitalisInfo\" \/>\n<meta name=\"twitter:label1\" content=\"\u00c9crit par\" \/>\n\t<meta name=\"twitter:data1\" content=\"webmaster kapitalis\" \/>\n\t<meta name=\"twitter:label2\" content=\"Dur\u00e9e de lecture estim\u00e9e\" \/>\n\t<meta name=\"twitter:data2\" content=\"2 minutes\" \/>\n<script type=\"application\/ld+json\" class=\"yoast-schema-graph\">{\"@context\":\"https:\/\/schema.org\",\"@graph\":[{\"@type\":\"Article\",\"@id\":\"https:\/\/kapitalis.com\/tunisie\/2022\/01\/16\/le-poeme-du-dimanche-je-chante-intensement-de-mosa-bidaj\/#article\",\"isPartOf\":{\"@id\":\"https:\/\/kapitalis.com\/tunisie\/2022\/01\/16\/le-poeme-du-dimanche-je-chante-intensement-de-mosa-bidaj\/\"},\"author\":{\"name\":\"webmaster kapitalis\",\"@id\":\"https:\/\/kapitalis.com\/tunisie\/#\/schema\/person\/d71f33a9ca44f7bad4698210b480c8e9\"},\"headline\":\"Le po\u00e8me du dimanche : \u00abJe chante intens\u00e9ment\u00bb de Mosa Bidaj\",\"datePublished\":\"2022-01-16T06:19:05+00:00\",\"dateModified\":\"2022-01-16T06:22:05+00:00\",\"mainEntityOfPage\":{\"@id\":\"https:\/\/kapitalis.com\/tunisie\/2022\/01\/16\/le-poeme-du-dimanche-je-chante-intensement-de-mosa-bidaj\/\"},\"wordCount\":486,\"commentCount\":0,\"publisher\":{\"@id\":\"https:\/\/kapitalis.com\/tunisie\/#organization\"},\"image\":{\"@id\":\"https:\/\/kapitalis.com\/tunisie\/2022\/01\/16\/le-poeme-du-dimanche-je-chante-intensement-de-mosa-bidaj\/#primaryimage\"},\"thumbnailUrl\":\"\",\"keywords\":[\"Mosa Bidaj\",\"po\u00e8te iranien\",\"po\u00e8te kurde\"],\"articleSection\":[\"A LA UNE\",\"CULTURE\"],\"inLanguage\":\"fr-FR\",\"potentialAction\":[{\"@type\":\"CommentAction\",\"name\":\"Comment\",\"target\":[\"https:\/\/kapitalis.com\/tunisie\/2022\/01\/16\/le-poeme-du-dimanche-je-chante-intensement-de-mosa-bidaj\/#respond\"]}]},{\"@type\":\"WebPage\",\"@id\":\"https:\/\/kapitalis.com\/tunisie\/2022\/01\/16\/le-poeme-du-dimanche-je-chante-intensement-de-mosa-bidaj\/\",\"url\":\"https:\/\/kapitalis.com\/tunisie\/2022\/01\/16\/le-poeme-du-dimanche-je-chante-intensement-de-mosa-bidaj\/\",\"name\":\"Le po\u00e8me du dimanche : \u00abJe chante intens\u00e9ment\u00bb de Mosa Bidaj - Kapitalis\",\"isPartOf\":{\"@id\":\"https:\/\/kapitalis.com\/tunisie\/#website\"},\"primaryImageOfPage\":{\"@id\":\"https:\/\/kapitalis.com\/tunisie\/2022\/01\/16\/le-poeme-du-dimanche-je-chante-intensement-de-mosa-bidaj\/#primaryimage\"},\"image\":{\"@id\":\"https:\/\/kapitalis.com\/tunisie\/2022\/01\/16\/le-poeme-du-dimanche-je-chante-intensement-de-mosa-bidaj\/#primaryimage\"},\"thumbnailUrl\":\"\",\"datePublished\":\"2022-01-16T06:19:05+00:00\",\"dateModified\":\"2022-01-16T06:22:05+00:00\",\"breadcrumb\":{\"@id\":\"https:\/\/kapitalis.com\/tunisie\/2022\/01\/16\/le-poeme-du-dimanche-je-chante-intensement-de-mosa-bidaj\/#breadcrumb\"},\"inLanguage\":\"fr-FR\",\"potentialAction\":[{\"@type\":\"ReadAction\",\"target\":[\"https:\/\/kapitalis.com\/tunisie\/2022\/01\/16\/le-poeme-du-dimanche-je-chante-intensement-de-mosa-bidaj\/\"]}]},{\"@type\":\"ImageObject\",\"inLanguage\":\"fr-FR\",\"@id\":\"https:\/\/kapitalis.com\/tunisie\/2022\/01\/16\/le-poeme-du-dimanche-je-chante-intensement-de-mosa-bidaj\/#primaryimage\",\"url\":\"\",\"contentUrl\":\"\"},{\"@type\":\"BreadcrumbList\",\"@id\":\"https:\/\/kapitalis.com\/tunisie\/2022\/01\/16\/le-poeme-du-dimanche-je-chante-intensement-de-mosa-bidaj\/#breadcrumb\",\"itemListElement\":[{\"@type\":\"ListItem\",\"position\":1,\"name\":\"Accueil\",\"item\":\"https:\/\/kapitalis.com\/tunisie\/\"},{\"@type\":\"ListItem\",\"position\":2,\"name\":\"Le po\u00e8me du dimanche : \u00abJe chante intens\u00e9ment\u00bb de Mosa Bidaj\"}]},{\"@type\":\"WebSite\",\"@id\":\"https:\/\/kapitalis.com\/tunisie\/#website\",\"url\":\"https:\/\/kapitalis.com\/tunisie\/\",\"name\":\"Kapitalis\",\"description\":\"L&#039;actualit\u00e9 en Tunisie et dans le monde\",\"publisher\":{\"@id\":\"https:\/\/kapitalis.com\/tunisie\/#organization\"},\"potentialAction\":[{\"@type\":\"SearchAction\",\"target\":{\"@type\":\"EntryPoint\",\"urlTemplate\":\"https:\/\/kapitalis.com\/tunisie\/?s={search_term_string}\"},\"query-input\":{\"@type\":\"PropertyValueSpecification\",\"valueRequired\":true,\"valueName\":\"search_term_string\"}}],\"inLanguage\":\"fr-FR\"},{\"@type\":\"Organization\",\"@id\":\"https:\/\/kapitalis.com\/tunisie\/#organization\",\"name\":\"Kapitalis\",\"url\":\"https:\/\/kapitalis.com\/tunisie\/\",\"logo\":{\"@type\":\"ImageObject\",\"inLanguage\":\"fr-FR\",\"@id\":\"https:\/\/kapitalis.com\/tunisie\/#\/schema\/logo\/image\/\",\"url\":\"https:\/\/kapitalis.com\/tunisie\/wp-content\/uploads\/2022\/05\/Kapitalis-big-size.png\",\"contentUrl\":\"https:\/\/kapitalis.com\/tunisie\/wp-content\/uploads\/2022\/05\/Kapitalis-big-size.png\",\"width\":5000,\"height\":1500,\"caption\":\"Kapitalis\"},\"image\":{\"@id\":\"https:\/\/kapitalis.com\/tunisie\/#\/schema\/logo\/image\/\"},\"sameAs\":[\"https:\/\/www.facebook.com\/KapitalisInfo\/\",\"https:\/\/x.com\/KapitalisInfo\",\"https:\/\/www.youtube.com\/channel\/UC-yDYrHyfFBWWZaOw3FPg9Q\"]},{\"@type\":\"Person\",\"@id\":\"https:\/\/kapitalis.com\/tunisie\/#\/schema\/person\/d71f33a9ca44f7bad4698210b480c8e9\",\"name\":\"webmaster kapitalis\",\"url\":\"https:\/\/kapitalis.com\/tunisie\/author\/webmaster-kapitalis\/\"}]}<\/script>\n<!-- \/ Yoast SEO plugin. -->","yoast_head_json":{"title":"Le po\u00e8me du dimanche : \u00abJe chante intens\u00e9ment\u00bb de Mosa Bidaj - Kapitalis","robots":{"index":"index","follow":"follow","max-snippet":"max-snippet:-1","max-image-preview":"max-image-preview:large","max-video-preview":"max-video-preview:-1"},"canonical":"https:\/\/kapitalis.com\/tunisie\/2022\/01\/16\/le-poeme-du-dimanche-je-chante-intensement-de-mosa-bidaj\/","og_locale":"fr_FR","og_type":"article","og_title":"Le po\u00e8me du dimanche : \u00abJe chante intens\u00e9ment\u00bb de Mosa Bidaj - Kapitalis","og_description":"N\u00e9 en 1956, le po\u00e8te iranien, d\u2019origine kurde, Mosa Bidaj (\u0645\u0648\u0633\u0649 \u0628\u064a\u062f\u062c) n\u2019est pas un inconnu du public arabophone averti. Le fait n\u2019est pas si courant, pour ne pas \u00eatre signal\u00e9. M\u00eame si, par le pass\u00e9, de grands auteurs perses ont \u00e9crit en arabe.","og_url":"https:\/\/kapitalis.com\/tunisie\/2022\/01\/16\/le-poeme-du-dimanche-je-chante-intensement-de-mosa-bidaj\/","og_site_name":"Kapitalis","article_publisher":"https:\/\/www.facebook.com\/KapitalisInfo\/","article_published_time":"2022-01-16T06:19:05+00:00","article_modified_time":"2022-01-16T06:22:05+00:00","og_image":[{"width":1200,"height":630,"url":"https:\/\/kapitalis.com\/tunisie\/wp-content\/uploads\/2022\/05\/kapitalis-logo-fb.png","type":"image\/png"}],"author":"webmaster kapitalis","twitter_card":"summary_large_image","twitter_creator":"@KapitalisInfo","twitter_site":"@KapitalisInfo","twitter_misc":{"\u00c9crit par":"webmaster kapitalis","Dur\u00e9e de lecture estim\u00e9e":"2 minutes"},"schema":{"@context":"https:\/\/schema.org","@graph":[{"@type":"Article","@id":"https:\/\/kapitalis.com\/tunisie\/2022\/01\/16\/le-poeme-du-dimanche-je-chante-intensement-de-mosa-bidaj\/#article","isPartOf":{"@id":"https:\/\/kapitalis.com\/tunisie\/2022\/01\/16\/le-poeme-du-dimanche-je-chante-intensement-de-mosa-bidaj\/"},"author":{"name":"webmaster kapitalis","@id":"https:\/\/kapitalis.com\/tunisie\/#\/schema\/person\/d71f33a9ca44f7bad4698210b480c8e9"},"headline":"Le po\u00e8me du dimanche : \u00abJe chante intens\u00e9ment\u00bb de Mosa Bidaj","datePublished":"2022-01-16T06:19:05+00:00","dateModified":"2022-01-16T06:22:05+00:00","mainEntityOfPage":{"@id":"https:\/\/kapitalis.com\/tunisie\/2022\/01\/16\/le-poeme-du-dimanche-je-chante-intensement-de-mosa-bidaj\/"},"wordCount":486,"commentCount":0,"publisher":{"@id":"https:\/\/kapitalis.com\/tunisie\/#organization"},"image":{"@id":"https:\/\/kapitalis.com\/tunisie\/2022\/01\/16\/le-poeme-du-dimanche-je-chante-intensement-de-mosa-bidaj\/#primaryimage"},"thumbnailUrl":"","keywords":["Mosa Bidaj","po\u00e8te iranien","po\u00e8te kurde"],"articleSection":["A LA UNE","CULTURE"],"inLanguage":"fr-FR","potentialAction":[{"@type":"CommentAction","name":"Comment","target":["https:\/\/kapitalis.com\/tunisie\/2022\/01\/16\/le-poeme-du-dimanche-je-chante-intensement-de-mosa-bidaj\/#respond"]}]},{"@type":"WebPage","@id":"https:\/\/kapitalis.com\/tunisie\/2022\/01\/16\/le-poeme-du-dimanche-je-chante-intensement-de-mosa-bidaj\/","url":"https:\/\/kapitalis.com\/tunisie\/2022\/01\/16\/le-poeme-du-dimanche-je-chante-intensement-de-mosa-bidaj\/","name":"Le po\u00e8me du dimanche : \u00abJe chante intens\u00e9ment\u00bb de Mosa Bidaj - Kapitalis","isPartOf":{"@id":"https:\/\/kapitalis.com\/tunisie\/#website"},"primaryImageOfPage":{"@id":"https:\/\/kapitalis.com\/tunisie\/2022\/01\/16\/le-poeme-du-dimanche-je-chante-intensement-de-mosa-bidaj\/#primaryimage"},"image":{"@id":"https:\/\/kapitalis.com\/tunisie\/2022\/01\/16\/le-poeme-du-dimanche-je-chante-intensement-de-mosa-bidaj\/#primaryimage"},"thumbnailUrl":"","datePublished":"2022-01-16T06:19:05+00:00","dateModified":"2022-01-16T06:22:05+00:00","breadcrumb":{"@id":"https:\/\/kapitalis.com\/tunisie\/2022\/01\/16\/le-poeme-du-dimanche-je-chante-intensement-de-mosa-bidaj\/#breadcrumb"},"inLanguage":"fr-FR","potentialAction":[{"@type":"ReadAction","target":["https:\/\/kapitalis.com\/tunisie\/2022\/01\/16\/le-poeme-du-dimanche-je-chante-intensement-de-mosa-bidaj\/"]}]},{"@type":"ImageObject","inLanguage":"fr-FR","@id":"https:\/\/kapitalis.com\/tunisie\/2022\/01\/16\/le-poeme-du-dimanche-je-chante-intensement-de-mosa-bidaj\/#primaryimage","url":"","contentUrl":""},{"@type":"BreadcrumbList","@id":"https:\/\/kapitalis.com\/tunisie\/2022\/01\/16\/le-poeme-du-dimanche-je-chante-intensement-de-mosa-bidaj\/#breadcrumb","itemListElement":[{"@type":"ListItem","position":1,"name":"Accueil","item":"https:\/\/kapitalis.com\/tunisie\/"},{"@type":"ListItem","position":2,"name":"Le po\u00e8me du dimanche : \u00abJe chante intens\u00e9ment\u00bb de Mosa Bidaj"}]},{"@type":"WebSite","@id":"https:\/\/kapitalis.com\/tunisie\/#website","url":"https:\/\/kapitalis.com\/tunisie\/","name":"Kapitalis","description":"L&#039;actualit\u00e9 en Tunisie et dans le monde","publisher":{"@id":"https:\/\/kapitalis.com\/tunisie\/#organization"},"potentialAction":[{"@type":"SearchAction","target":{"@type":"EntryPoint","urlTemplate":"https:\/\/kapitalis.com\/tunisie\/?s={search_term_string}"},"query-input":{"@type":"PropertyValueSpecification","valueRequired":true,"valueName":"search_term_string"}}],"inLanguage":"fr-FR"},{"@type":"Organization","@id":"https:\/\/kapitalis.com\/tunisie\/#organization","name":"Kapitalis","url":"https:\/\/kapitalis.com\/tunisie\/","logo":{"@type":"ImageObject","inLanguage":"fr-FR","@id":"https:\/\/kapitalis.com\/tunisie\/#\/schema\/logo\/image\/","url":"https:\/\/kapitalis.com\/tunisie\/wp-content\/uploads\/2022\/05\/Kapitalis-big-size.png","contentUrl":"https:\/\/kapitalis.com\/tunisie\/wp-content\/uploads\/2022\/05\/Kapitalis-big-size.png","width":5000,"height":1500,"caption":"Kapitalis"},"image":{"@id":"https:\/\/kapitalis.com\/tunisie\/#\/schema\/logo\/image\/"},"sameAs":["https:\/\/www.facebook.com\/KapitalisInfo\/","https:\/\/x.com\/KapitalisInfo","https:\/\/www.youtube.com\/channel\/UC-yDYrHyfFBWWZaOw3FPg9Q"]},{"@type":"Person","@id":"https:\/\/kapitalis.com\/tunisie\/#\/schema\/person\/d71f33a9ca44f7bad4698210b480c8e9","name":"webmaster kapitalis","url":"https:\/\/kapitalis.com\/tunisie\/author\/webmaster-kapitalis\/"}]}},"_links":{"self":[{"href":"https:\/\/kapitalis.com\/tunisie\/wp-json\/wp\/v2\/posts\/377205","targetHints":{"allow":["GET"]}}],"collection":[{"href":"https:\/\/kapitalis.com\/tunisie\/wp-json\/wp\/v2\/posts"}],"about":[{"href":"https:\/\/kapitalis.com\/tunisie\/wp-json\/wp\/v2\/types\/post"}],"author":[{"embeddable":true,"href":"https:\/\/kapitalis.com\/tunisie\/wp-json\/wp\/v2\/users\/8"}],"replies":[{"embeddable":true,"href":"https:\/\/kapitalis.com\/tunisie\/wp-json\/wp\/v2\/comments?post=377205"}],"version-history":[{"count":0,"href":"https:\/\/kapitalis.com\/tunisie\/wp-json\/wp\/v2\/posts\/377205\/revisions"}],"wp:featuredmedia":[{"embeddable":true,"href":"https:\/\/kapitalis.com\/tunisie\/wp-json\/wp\/v2\/media\/377206"}],"wp:attachment":[{"href":"https:\/\/kapitalis.com\/tunisie\/wp-json\/wp\/v2\/media?parent=377205"}],"wp:term":[{"taxonomy":"category","embeddable":true,"href":"https:\/\/kapitalis.com\/tunisie\/wp-json\/wp\/v2\/categories?post=377205"},{"taxonomy":"post_tag","embeddable":true,"href":"https:\/\/kapitalis.com\/tunisie\/wp-json\/wp\/v2\/tags?post=377205"}],"curies":[{"name":"wp","href":"https:\/\/api.w.org\/{rel}","templated":true}]}}