{"id":377457,"date":"2022-01-18T12:03:59","date_gmt":"2022-01-18T11:03:59","guid":{"rendered":"http:\/\/kapitalis.com\/tunisie\/?p=377457"},"modified":"2022-01-18T12:08:23","modified_gmt":"2022-01-18T11:08:23","slug":"la-greve-de-la-poste-tunisienne-maintenue","status":"publish","type":"post","link":"https:\/\/kapitalis.com\/tunisie\/2022\/01\/18\/la-greve-de-la-poste-tunisienne-maintenue\/","title":{"rendered":"La gr\u00e8ve de la Poste tunisienne maintenue"},"content":{"rendered":"\n<div class=\"wp-block-image\"><figure class=\"aligncenter size-full\"><img decoding=\"async\" src=\"http:\/\/kapitalis.com\/tunisie\/wp-content\/uploads\/2019\/11\/Poste-tunisienne-....jpg\" alt=\"\" class=\"wp-image-255088\"\/><\/figure><\/div>\n\n\n\n<p><strong><em>Les agents de la Poste tunisienne ont d\u00e9cid\u00e9 de maintenir leur gr\u00e8ve de deux jours \u00e0 partir de demain, mercredi 19 janvier 2022, et ce suite au refus du dialogue de la part du gouvernement, selon la F\u00e9d\u00e9ration g\u00e9n\u00e9rale de la poste.<\/em><\/strong><\/p>\n\n\n\n<!--more-->\n\n\n\n<p>Dans une d\u00e9claration accor\u00e9e, ce mardi, \u00e0 la radio Shems FM, le secr\u00e9taire g\u00e9n\u00e9rale de l&rsquo;organisation syndicale affili\u00e9e \u00e0 l&rsquo;UGTT, Habib Mizouri, a indiqu\u00e9 que depuis deux semaines, les agents de la poste portent des brassards rouges et r\u00e9clament des n\u00e9gociations. <\/p>\n\n\n\n<p>Ils ont \u00e9galement d\u00e9pos\u00e9 un avis de gr\u00e8ve au Bureau de contr\u00f4le des postes depuis septembre dernier, mais il n&rsquo;y a pas eu de r\u00e9ponse, a-t-il encore regrett\u00e9.<\/p>\n\n\n\n<p>La s\u00e9ance de n\u00e9gociation entre les parties syndicales et les autorit\u00e9s tenue hier, lundi 17 janvier, n\u2019a pas donn\u00e9 de r\u00e9sultats concrets, selon l&rsquo;UGTT.<\/p>\n\n\n\n<p class=\"has-text-align-right\"><strong>C. B. Y.<\/strong><\/p>\n","protected":false},"excerpt":{"rendered":"<p>Les agents de la Poste tunisienne ont d\u00e9cid\u00e9 de maintenir leur gr\u00e8ve de deux jours \u00e0 partir de demain, mercredi 19 janvier 2022, et ce suite au refus du dialogue de la part du gouvernement, selon la F\u00e9d\u00e9ration g\u00e9n\u00e9rale de la poste.<\/p>\n","protected":false},"author":24,"featured_media":0,"comment_status":"open","ping_status":"open","sticky":false,"template":"","format":"standard","meta":{"footnotes":""},"categories":[998,2433],"tags":[425,96561,5401,936],"class_list":["post-377457","post","type-post","status-publish","format-standard","hentry","category-societe","category-tunisie","tag-greve","tag-habib-mizouri","tag-poste-tunisienne","tag-ugtt"],"yoast_head":"<!-- This site is optimized with the Yoast SEO plugin v26.6 - https:\/\/yoast.com\/wordpress\/plugins\/seo\/ -->\n<title>La gr\u00e8ve de la Poste tunisienne maintenue - Kapitalis<\/title>\n<meta name=\"robots\" content=\"index, follow, max-snippet:-1, max-image-preview:large, max-video-preview:-1\" \/>\n<link rel=\"canonical\" href=\"https:\/\/kapitalis.com\/tunisie\/2022\/01\/18\/la-greve-de-la-poste-tunisienne-maintenue\/\" \/>\n<meta property=\"og:locale\" content=\"fr_FR\" \/>\n<meta property=\"og:type\" content=\"article\" \/>\n<meta property=\"og:title\" content=\"La gr\u00e8ve de la Poste tunisienne maintenue - Kapitalis\" \/>\n<meta property=\"og:description\" content=\"Les agents de la Poste tunisienne ont d\u00e9cid\u00e9 de maintenir leur gr\u00e8ve de deux jours \u00e0 partir de demain, mercredi 19 janvier 2022, et ce suite au refus du dialogue de la part du gouvernement, selon la F\u00e9d\u00e9ration g\u00e9n\u00e9rale de la poste.\" \/>\n<meta property=\"og:url\" content=\"https:\/\/kapitalis.com\/tunisie\/2022\/01\/18\/la-greve-de-la-poste-tunisienne-maintenue\/\" \/>\n<meta property=\"og:site_name\" content=\"Kapitalis\" \/>\n<meta property=\"article:publisher\" content=\"https:\/\/www.facebook.com\/KapitalisInfo\/\" \/>\n<meta property=\"article:published_time\" content=\"2022-01-18T11:03:59+00:00\" \/>\n<meta property=\"article:modified_time\" content=\"2022-01-18T11:08:23+00:00\" \/>\n<meta property=\"og:image\" content=\"http:\/\/kapitalis.com\/tunisie\/wp-content\/uploads\/2019\/11\/Poste-tunisienne-....jpg\" \/>\n<meta name=\"author\" content=\"Cherif Benyounes\" \/>\n<meta name=\"twitter:card\" content=\"summary_large_image\" \/>\n<meta name=\"twitter:creator\" content=\"@KapitalisInfo\" \/>\n<meta name=\"twitter:site\" content=\"@KapitalisInfo\" \/>\n<meta name=\"twitter:label1\" content=\"\u00c9crit par\" \/>\n\t<meta name=\"twitter:data1\" content=\"Cherif Benyounes\" \/>\n\t<meta name=\"twitter:label2\" content=\"Dur\u00e9e de lecture estim\u00e9e\" \/>\n\t<meta name=\"twitter:data2\" content=\"1 minute\" \/>\n<script type=\"application\/ld+json\" class=\"yoast-schema-graph\">{\"@context\":\"https:\/\/schema.org\",\"@graph\":[{\"@type\":\"Article\",\"@id\":\"https:\/\/kapitalis.com\/tunisie\/2022\/01\/18\/la-greve-de-la-poste-tunisienne-maintenue\/#article\",\"isPartOf\":{\"@id\":\"https:\/\/kapitalis.com\/tunisie\/2022\/01\/18\/la-greve-de-la-poste-tunisienne-maintenue\/\"},\"author\":{\"name\":\"Cherif Benyounes\",\"@id\":\"https:\/\/kapitalis.com\/tunisie\/#\/schema\/person\/b35b8d631961131107263178aeb8019e\"},\"headline\":\"La gr\u00e8ve de la Poste tunisienne maintenue\",\"datePublished\":\"2022-01-18T11:03:59+00:00\",\"dateModified\":\"2022-01-18T11:08:23+00:00\",\"mainEntityOfPage\":{\"@id\":\"https:\/\/kapitalis.com\/tunisie\/2022\/01\/18\/la-greve-de-la-poste-tunisienne-maintenue\/\"},\"wordCount\":163,\"commentCount\":0,\"publisher\":{\"@id\":\"https:\/\/kapitalis.com\/tunisie\/#organization\"},\"image\":{\"@id\":\"https:\/\/kapitalis.com\/tunisie\/2022\/01\/18\/la-greve-de-la-poste-tunisienne-maintenue\/#primaryimage\"},\"thumbnailUrl\":\"http:\/\/kapitalis.com\/tunisie\/wp-content\/uploads\/2019\/11\/Poste-tunisienne-....jpg\",\"keywords\":[\"gr\u00e8ve\",\"Habib Mizouri\",\"Poste Tunisienne\",\"UGTT\"],\"articleSection\":[\"SOCIETE\",\"Tunisie\"],\"inLanguage\":\"fr-FR\",\"potentialAction\":[{\"@type\":\"CommentAction\",\"name\":\"Comment\",\"target\":[\"https:\/\/kapitalis.com\/tunisie\/2022\/01\/18\/la-greve-de-la-poste-tunisienne-maintenue\/#respond\"]}]},{\"@type\":\"WebPage\",\"@id\":\"https:\/\/kapitalis.com\/tunisie\/2022\/01\/18\/la-greve-de-la-poste-tunisienne-maintenue\/\",\"url\":\"https:\/\/kapitalis.com\/tunisie\/2022\/01\/18\/la-greve-de-la-poste-tunisienne-maintenue\/\",\"name\":\"La gr\u00e8ve de la Poste tunisienne maintenue - Kapitalis\",\"isPartOf\":{\"@id\":\"https:\/\/kapitalis.com\/tunisie\/#website\"},\"primaryImageOfPage\":{\"@id\":\"https:\/\/kapitalis.com\/tunisie\/2022\/01\/18\/la-greve-de-la-poste-tunisienne-maintenue\/#primaryimage\"},\"image\":{\"@id\":\"https:\/\/kapitalis.com\/tunisie\/2022\/01\/18\/la-greve-de-la-poste-tunisienne-maintenue\/#primaryimage\"},\"thumbnailUrl\":\"http:\/\/kapitalis.com\/tunisie\/wp-content\/uploads\/2019\/11\/Poste-tunisienne-....jpg\",\"datePublished\":\"2022-01-18T11:03:59+00:00\",\"dateModified\":\"2022-01-18T11:08:23+00:00\",\"breadcrumb\":{\"@id\":\"https:\/\/kapitalis.com\/tunisie\/2022\/01\/18\/la-greve-de-la-poste-tunisienne-maintenue\/#breadcrumb\"},\"inLanguage\":\"fr-FR\",\"potentialAction\":[{\"@type\":\"ReadAction\",\"target\":[\"https:\/\/kapitalis.com\/tunisie\/2022\/01\/18\/la-greve-de-la-poste-tunisienne-maintenue\/\"]}]},{\"@type\":\"ImageObject\",\"inLanguage\":\"fr-FR\",\"@id\":\"https:\/\/kapitalis.com\/tunisie\/2022\/01\/18\/la-greve-de-la-poste-tunisienne-maintenue\/#primaryimage\",\"url\":\"\",\"contentUrl\":\"\"},{\"@type\":\"BreadcrumbList\",\"@id\":\"https:\/\/kapitalis.com\/tunisie\/2022\/01\/18\/la-greve-de-la-poste-tunisienne-maintenue\/#breadcrumb\",\"itemListElement\":[{\"@type\":\"ListItem\",\"position\":1,\"name\":\"Accueil\",\"item\":\"https:\/\/kapitalis.com\/tunisie\/\"},{\"@type\":\"ListItem\",\"position\":2,\"name\":\"La gr\u00e8ve de la Poste tunisienne maintenue\"}]},{\"@type\":\"WebSite\",\"@id\":\"https:\/\/kapitalis.com\/tunisie\/#website\",\"url\":\"https:\/\/kapitalis.com\/tunisie\/\",\"name\":\"Kapitalis\",\"description\":\"L&#039;actualit\u00e9 en Tunisie et dans le monde\",\"publisher\":{\"@id\":\"https:\/\/kapitalis.com\/tunisie\/#organization\"},\"potentialAction\":[{\"@type\":\"SearchAction\",\"target\":{\"@type\":\"EntryPoint\",\"urlTemplate\":\"https:\/\/kapitalis.com\/tunisie\/?s={search_term_string}\"},\"query-input\":{\"@type\":\"PropertyValueSpecification\",\"valueRequired\":true,\"valueName\":\"search_term_string\"}}],\"inLanguage\":\"fr-FR\"},{\"@type\":\"Organization\",\"@id\":\"https:\/\/kapitalis.com\/tunisie\/#organization\",\"name\":\"Kapitalis\",\"url\":\"https:\/\/kapitalis.com\/tunisie\/\",\"logo\":{\"@type\":\"ImageObject\",\"inLanguage\":\"fr-FR\",\"@id\":\"https:\/\/kapitalis.com\/tunisie\/#\/schema\/logo\/image\/\",\"url\":\"https:\/\/kapitalis.com\/tunisie\/wp-content\/uploads\/2022\/05\/Kapitalis-big-size.png\",\"contentUrl\":\"https:\/\/kapitalis.com\/tunisie\/wp-content\/uploads\/2022\/05\/Kapitalis-big-size.png\",\"width\":5000,\"height\":1500,\"caption\":\"Kapitalis\"},\"image\":{\"@id\":\"https:\/\/kapitalis.com\/tunisie\/#\/schema\/logo\/image\/\"},\"sameAs\":[\"https:\/\/www.facebook.com\/KapitalisInfo\/\",\"https:\/\/x.com\/KapitalisInfo\",\"https:\/\/www.youtube.com\/channel\/UC-yDYrHyfFBWWZaOw3FPg9Q\"]},{\"@type\":\"Person\",\"@id\":\"https:\/\/kapitalis.com\/tunisie\/#\/schema\/person\/b35b8d631961131107263178aeb8019e\",\"name\":\"Cherif Benyounes\",\"url\":\"https:\/\/kapitalis.com\/tunisie\/author\/cherif\/\"}]}<\/script>\n<!-- \/ Yoast SEO plugin. -->","yoast_head_json":{"title":"La gr\u00e8ve de la Poste tunisienne maintenue - Kapitalis","robots":{"index":"index","follow":"follow","max-snippet":"max-snippet:-1","max-image-preview":"max-image-preview:large","max-video-preview":"max-video-preview:-1"},"canonical":"https:\/\/kapitalis.com\/tunisie\/2022\/01\/18\/la-greve-de-la-poste-tunisienne-maintenue\/","og_locale":"fr_FR","og_type":"article","og_title":"La gr\u00e8ve de la Poste tunisienne maintenue - Kapitalis","og_description":"Les agents de la Poste tunisienne ont d\u00e9cid\u00e9 de maintenir leur gr\u00e8ve de deux jours \u00e0 partir de demain, mercredi 19 janvier 2022, et ce suite au refus du dialogue de la part du gouvernement, selon la F\u00e9d\u00e9ration g\u00e9n\u00e9rale de la poste.","og_url":"https:\/\/kapitalis.com\/tunisie\/2022\/01\/18\/la-greve-de-la-poste-tunisienne-maintenue\/","og_site_name":"Kapitalis","article_publisher":"https:\/\/www.facebook.com\/KapitalisInfo\/","article_published_time":"2022-01-18T11:03:59+00:00","article_modified_time":"2022-01-18T11:08:23+00:00","og_image":[{"url":"http:\/\/kapitalis.com\/tunisie\/wp-content\/uploads\/2019\/11\/Poste-tunisienne-....jpg","type":"","width":"","height":""}],"author":"Cherif Benyounes","twitter_card":"summary_large_image","twitter_creator":"@KapitalisInfo","twitter_site":"@KapitalisInfo","twitter_misc":{"\u00c9crit par":"Cherif Benyounes","Dur\u00e9e de lecture estim\u00e9e":"1 minute"},"schema":{"@context":"https:\/\/schema.org","@graph":[{"@type":"Article","@id":"https:\/\/kapitalis.com\/tunisie\/2022\/01\/18\/la-greve-de-la-poste-tunisienne-maintenue\/#article","isPartOf":{"@id":"https:\/\/kapitalis.com\/tunisie\/2022\/01\/18\/la-greve-de-la-poste-tunisienne-maintenue\/"},"author":{"name":"Cherif Benyounes","@id":"https:\/\/kapitalis.com\/tunisie\/#\/schema\/person\/b35b8d631961131107263178aeb8019e"},"headline":"La gr\u00e8ve de la Poste tunisienne maintenue","datePublished":"2022-01-18T11:03:59+00:00","dateModified":"2022-01-18T11:08:23+00:00","mainEntityOfPage":{"@id":"https:\/\/kapitalis.com\/tunisie\/2022\/01\/18\/la-greve-de-la-poste-tunisienne-maintenue\/"},"wordCount":163,"commentCount":0,"publisher":{"@id":"https:\/\/kapitalis.com\/tunisie\/#organization"},"image":{"@id":"https:\/\/kapitalis.com\/tunisie\/2022\/01\/18\/la-greve-de-la-poste-tunisienne-maintenue\/#primaryimage"},"thumbnailUrl":"http:\/\/kapitalis.com\/tunisie\/wp-content\/uploads\/2019\/11\/Poste-tunisienne-....jpg","keywords":["gr\u00e8ve","Habib Mizouri","Poste Tunisienne","UGTT"],"articleSection":["SOCIETE","Tunisie"],"inLanguage":"fr-FR","potentialAction":[{"@type":"CommentAction","name":"Comment","target":["https:\/\/kapitalis.com\/tunisie\/2022\/01\/18\/la-greve-de-la-poste-tunisienne-maintenue\/#respond"]}]},{"@type":"WebPage","@id":"https:\/\/kapitalis.com\/tunisie\/2022\/01\/18\/la-greve-de-la-poste-tunisienne-maintenue\/","url":"https:\/\/kapitalis.com\/tunisie\/2022\/01\/18\/la-greve-de-la-poste-tunisienne-maintenue\/","name":"La gr\u00e8ve de la Poste tunisienne maintenue - Kapitalis","isPartOf":{"@id":"https:\/\/kapitalis.com\/tunisie\/#website"},"primaryImageOfPage":{"@id":"https:\/\/kapitalis.com\/tunisie\/2022\/01\/18\/la-greve-de-la-poste-tunisienne-maintenue\/#primaryimage"},"image":{"@id":"https:\/\/kapitalis.com\/tunisie\/2022\/01\/18\/la-greve-de-la-poste-tunisienne-maintenue\/#primaryimage"},"thumbnailUrl":"http:\/\/kapitalis.com\/tunisie\/wp-content\/uploads\/2019\/11\/Poste-tunisienne-....jpg","datePublished":"2022-01-18T11:03:59+00:00","dateModified":"2022-01-18T11:08:23+00:00","breadcrumb":{"@id":"https:\/\/kapitalis.com\/tunisie\/2022\/01\/18\/la-greve-de-la-poste-tunisienne-maintenue\/#breadcrumb"},"inLanguage":"fr-FR","potentialAction":[{"@type":"ReadAction","target":["https:\/\/kapitalis.com\/tunisie\/2022\/01\/18\/la-greve-de-la-poste-tunisienne-maintenue\/"]}]},{"@type":"ImageObject","inLanguage":"fr-FR","@id":"https:\/\/kapitalis.com\/tunisie\/2022\/01\/18\/la-greve-de-la-poste-tunisienne-maintenue\/#primaryimage","url":"","contentUrl":""},{"@type":"BreadcrumbList","@id":"https:\/\/kapitalis.com\/tunisie\/2022\/01\/18\/la-greve-de-la-poste-tunisienne-maintenue\/#breadcrumb","itemListElement":[{"@type":"ListItem","position":1,"name":"Accueil","item":"https:\/\/kapitalis.com\/tunisie\/"},{"@type":"ListItem","position":2,"name":"La gr\u00e8ve de la Poste tunisienne maintenue"}]},{"@type":"WebSite","@id":"https:\/\/kapitalis.com\/tunisie\/#website","url":"https:\/\/kapitalis.com\/tunisie\/","name":"Kapitalis","description":"L&#039;actualit\u00e9 en Tunisie et dans le monde","publisher":{"@id":"https:\/\/kapitalis.com\/tunisie\/#organization"},"potentialAction":[{"@type":"SearchAction","target":{"@type":"EntryPoint","urlTemplate":"https:\/\/kapitalis.com\/tunisie\/?s={search_term_string}"},"query-input":{"@type":"PropertyValueSpecification","valueRequired":true,"valueName":"search_term_string"}}],"inLanguage":"fr-FR"},{"@type":"Organization","@id":"https:\/\/kapitalis.com\/tunisie\/#organization","name":"Kapitalis","url":"https:\/\/kapitalis.com\/tunisie\/","logo":{"@type":"ImageObject","inLanguage":"fr-FR","@id":"https:\/\/kapitalis.com\/tunisie\/#\/schema\/logo\/image\/","url":"https:\/\/kapitalis.com\/tunisie\/wp-content\/uploads\/2022\/05\/Kapitalis-big-size.png","contentUrl":"https:\/\/kapitalis.com\/tunisie\/wp-content\/uploads\/2022\/05\/Kapitalis-big-size.png","width":5000,"height":1500,"caption":"Kapitalis"},"image":{"@id":"https:\/\/kapitalis.com\/tunisie\/#\/schema\/logo\/image\/"},"sameAs":["https:\/\/www.facebook.com\/KapitalisInfo\/","https:\/\/x.com\/KapitalisInfo","https:\/\/www.youtube.com\/channel\/UC-yDYrHyfFBWWZaOw3FPg9Q"]},{"@type":"Person","@id":"https:\/\/kapitalis.com\/tunisie\/#\/schema\/person\/b35b8d631961131107263178aeb8019e","name":"Cherif Benyounes","url":"https:\/\/kapitalis.com\/tunisie\/author\/cherif\/"}]}},"_links":{"self":[{"href":"https:\/\/kapitalis.com\/tunisie\/wp-json\/wp\/v2\/posts\/377457","targetHints":{"allow":["GET"]}}],"collection":[{"href":"https:\/\/kapitalis.com\/tunisie\/wp-json\/wp\/v2\/posts"}],"about":[{"href":"https:\/\/kapitalis.com\/tunisie\/wp-json\/wp\/v2\/types\/post"}],"author":[{"embeddable":true,"href":"https:\/\/kapitalis.com\/tunisie\/wp-json\/wp\/v2\/users\/24"}],"replies":[{"embeddable":true,"href":"https:\/\/kapitalis.com\/tunisie\/wp-json\/wp\/v2\/comments?post=377457"}],"version-history":[{"count":0,"href":"https:\/\/kapitalis.com\/tunisie\/wp-json\/wp\/v2\/posts\/377457\/revisions"}],"wp:attachment":[{"href":"https:\/\/kapitalis.com\/tunisie\/wp-json\/wp\/v2\/media?parent=377457"}],"wp:term":[{"taxonomy":"category","embeddable":true,"href":"https:\/\/kapitalis.com\/tunisie\/wp-json\/wp\/v2\/categories?post=377457"},{"taxonomy":"post_tag","embeddable":true,"href":"https:\/\/kapitalis.com\/tunisie\/wp-json\/wp\/v2\/tags?post=377457"}],"curies":[{"name":"wp","href":"https:\/\/api.w.org\/{rel}","templated":true}]}}