{"id":377795,"date":"2022-01-20T13:04:35","date_gmt":"2022-01-20T12:04:35","guid":{"rendered":"http:\/\/kapitalis.com\/tunisie\/?p=377795"},"modified":"2022-01-20T13:07:50","modified_gmt":"2022-01-20T12:07:50","slug":"imed-khemiri-ridha-bouzaiene-est-decede-des-suites-dune-hemorragie-cerebrale-severe","status":"publish","type":"post","link":"https:\/\/kapitalis.com\/tunisie\/2022\/01\/20\/imed-khemiri-ridha-bouzaiene-est-decede-des-suites-dune-hemorragie-cerebrale-severe\/","title":{"rendered":"Imed Khemiri : \u00abRidha Bouza\u00ef\u00e8ne est d\u00e9c\u00e9d\u00e9 des suites d&rsquo;une h\u00e9morragie c\u00e9r\u00e9brale s\u00e9v\u00e8re\u00bb"},"content":{"rendered":"\n<div class=\"wp-block-image\"><figure class=\"aligncenter size-full\"><img decoding=\"async\" src=\"http:\/\/kapitalis.com\/tunisie\/wp-content\/uploads\/2018\/01\/Imed-Khemiri.jpg\" alt=\"\" class=\"wp-image-134550\"\/><figcaption><em>Imed Khemiri<\/em><\/figcaption><\/figure><\/div>\n\n\n\n<p><strong><em>Selon le porte-parole du mouvement Ennahdha, Imed Khemiri, le d\u00e9c\u00e8s de l&rsquo;imam Ridha Bouza\u00ef\u00e8ne, hier, mercredi 19 janvier 2022, \u00e0 l\u2019h\u00f4pital Habib Thameur, \u00e0 Tunis, est d\u00fb \u00e0 une h\u00e9morragie c\u00e9r\u00e9brale s\u00e9v\u00e8re<\/em><\/strong><em><strong>, caus\u00e9e par la violence polici\u00e8re qu&rsquo;il aurait subie.<\/strong><\/em><\/p>\n\n\n\n<!--more-->\n\n\n\n<p>Rappelons que selon Ennahdha et le collectif \u00ab<em>Citoyens contre le coup d\u2019Etat<\/em>\u00bb, il a \u00e9t\u00e9 hospitalis\u00e9 en raisons des agressions polici\u00e8res qu&rsquo;il aurait subies pendant la manifestation tenue par les opposants au pr\u00e9sident de la r\u00e9publique, Ka\u00efs Sa\u00efed, au centre ville de Tunis, le 14 janvier courant.<\/p>\n\n\n\n<p>Khemiri a, par ailleurs, affirm\u00e9 que \u00ab<em>la violence exerc\u00e9e<\/em> <em>sur lui fut gratuite<\/em>\u00bb.<\/p>\n\n\n\n<div class=\"wp-block-image\"><figure class=\"aligncenter size-full is-resized\"><img decoding=\"async\" src=\"http:\/\/kapitalis.com\/tunisie\/wp-content\/uploads\/2022\/01\/Ridha-Bouzayen.jpg\" alt=\"\" class=\"wp-image-377648\" width=\"500\"\/><figcaption><em>Ridha Bouza\u00ef\u00e8ne<\/em><\/figcaption><\/figure><\/div>\n\n\n\n<p>\u00ab<em>Selon les premiers \u00e9l\u00e9ments de l\u2019enqu\u00eate, un v\u00e9hicule de la Protection civile avait pris en charge, le 14 janvier courant, un homme retrouv\u00e9 inconscient pr\u00e8s du Palais des Congr\u00e8s \u00e0 Tunis, et l\u2019a transport\u00e9 \u00e0 l\u2019h\u00f4pital Habib Thamer : Selon l\u2019examen \u00e9tabli aucune trace visible de violence n\u2019a \u00e9t\u00e9 d\u00e9couverte sur le corps du concern\u00e9<\/em>\u00bb, a-t-on, n\u00e9anmoins, lu, hier, dans <a href=\"http:\/\/kapitalis.com\/tunisie\/2022\/01\/19\/deces-dun-manifestant-du-14-janvier-a-tunis-precisions-du-ministere-public\/\"><strong>le communiqu\u00e9<\/strong><\/a> de l&rsquo;Instance de premi\u00e8re instance de Tunis, concernant cette mort.<\/p>\n\n\n\n<p class=\"has-text-align-right\"><strong>C. B. Y.<\/strong><\/p>\n\n\n\n<p><blockquote class=\"wp-embedded-content\" data-secret=\"xv2bgV48FB\"><a href=\"https:\/\/kapitalis.com\/tunisie\/2022\/01\/19\/dilou-annonce-le-deces-dun-homme-ayant-participe-a-la-manifestation-du-14-janvier-2022\/\">Dilou annonce le d\u00e9c\u00e8s d&rsquo;un homme ayant particip\u00e9 \u00e0 la manifestation du 14 janvier 2022<\/a><\/blockquote><iframe loading=\"lazy\" class=\"wp-embedded-content\" sandbox=\"allow-scripts\" security=\"restricted\" style=\"position: absolute; clip: rect(1px, 1px, 1px, 1px);\" title=\"\u00ab\u00a0Dilou annonce le d\u00e9c\u00e8s d&rsquo;un homme ayant particip\u00e9 \u00e0 la manifestation du 14 janvier 2022\u00a0\u00bb &#8212; Kapitalis\" src=\"https:\/\/kapitalis.com\/tunisie\/2022\/01\/19\/dilou-annonce-le-deces-dun-homme-ayant-participe-a-la-manifestation-du-14-janvier-2022\/embed\/#?secret=em6JteYLxx#?secret=xv2bgV48FB\" data-secret=\"xv2bgV48FB\" width=\"600\" height=\"338\" frameborder=\"0\" marginwidth=\"0\" marginheight=\"0\" scrolling=\"no\"><\/iframe><\/p>\n\n\n\n<p><blockquote class=\"wp-embedded-content\" data-secret=\"FYHVHMQH5J\"><a href=\"https:\/\/kapitalis.com\/tunisie\/2022\/01\/19\/deces-dun-manifestant-du-14-janvier-a-tunis-precisions-du-ministere-public\/\">D\u00e9c\u00e8s d&rsquo;un manifestant du 14 janvier \u00e0 Tunis : Pr\u00e9cisions du minist\u00e8re public<\/a><\/blockquote><iframe loading=\"lazy\" class=\"wp-embedded-content\" sandbox=\"allow-scripts\" security=\"restricted\" style=\"position: absolute; clip: rect(1px, 1px, 1px, 1px);\" title=\"\u00ab\u00a0D\u00e9c\u00e8s d&rsquo;un manifestant du 14 janvier \u00e0 Tunis : Pr\u00e9cisions du minist\u00e8re public\u00a0\u00bb &#8212; Kapitalis\" src=\"https:\/\/kapitalis.com\/tunisie\/2022\/01\/19\/deces-dun-manifestant-du-14-janvier-a-tunis-precisions-du-ministere-public\/embed\/#?secret=h0ljSkOdyo#?secret=FYHVHMQH5J\" data-secret=\"FYHVHMQH5J\" width=\"600\" height=\"338\" frameborder=\"0\" marginwidth=\"0\" marginheight=\"0\" scrolling=\"no\"><\/iframe><\/p>\n","protected":false},"excerpt":{"rendered":"<p>Selon le porte-parole du mouvement Ennahdha, Imed Khemiri, le d\u00e9c\u00e8s de l&rsquo;imam Ridha Bouza\u00ef\u00e8ne, hier, mercredi 19 janvier 2022, \u00e0 l\u2019h\u00f4pital Habib Thameur, \u00e0 Tunis, est d\u00fb \u00e0 une h\u00e9morragie c\u00e9r\u00e9brale s\u00e9v\u00e8re, caus\u00e9e par la violence polici\u00e8re qu&rsquo;il aurait subie.<\/p>\n","protected":false},"author":24,"featured_media":0,"comment_status":"open","ping_status":"open","sticky":false,"template":"","format":"standard","meta":{"footnotes":""},"categories":[997,2433],"tags":[95431,49543,70520,96643],"class_list":["post-377795","post","type-post","status-publish","format-standard","hentry","category-politique","category-tunisie","tag-14-janvier","tag-ennahdha","tag-kais-saied-3","tag-ridha-bouzaiene"],"yoast_head":"<!-- This site is optimized with the Yoast SEO plugin v26.6 - https:\/\/yoast.com\/wordpress\/plugins\/seo\/ -->\n<title>Imed Khemiri : \u00abRidha Bouza\u00ef\u00e8ne est d\u00e9c\u00e9d\u00e9 des suites d&#039;une h\u00e9morragie c\u00e9r\u00e9brale s\u00e9v\u00e8re\u00bb - Kapitalis<\/title>\n<meta name=\"robots\" content=\"index, follow, max-snippet:-1, max-image-preview:large, max-video-preview:-1\" \/>\n<link rel=\"canonical\" href=\"https:\/\/kapitalis.com\/tunisie\/2022\/01\/20\/imed-khemiri-ridha-bouzaiene-est-decede-des-suites-dune-hemorragie-cerebrale-severe\/\" \/>\n<meta property=\"og:locale\" content=\"fr_FR\" \/>\n<meta property=\"og:type\" content=\"article\" \/>\n<meta property=\"og:title\" content=\"Imed Khemiri : \u00abRidha Bouza\u00ef\u00e8ne est d\u00e9c\u00e9d\u00e9 des suites d&#039;une h\u00e9morragie c\u00e9r\u00e9brale s\u00e9v\u00e8re\u00bb - Kapitalis\" \/>\n<meta property=\"og:description\" content=\"Selon le porte-parole du mouvement Ennahdha, Imed Khemiri, le d\u00e9c\u00e8s de l&rsquo;imam Ridha Bouza\u00ef\u00e8ne, hier, mercredi 19 janvier 2022, \u00e0 l\u2019h\u00f4pital Habib Thameur, \u00e0 Tunis, est d\u00fb \u00e0 une h\u00e9morragie c\u00e9r\u00e9brale s\u00e9v\u00e8re, caus\u00e9e par la violence polici\u00e8re qu&rsquo;il aurait subie.\" \/>\n<meta property=\"og:url\" content=\"https:\/\/kapitalis.com\/tunisie\/2022\/01\/20\/imed-khemiri-ridha-bouzaiene-est-decede-des-suites-dune-hemorragie-cerebrale-severe\/\" \/>\n<meta property=\"og:site_name\" content=\"Kapitalis\" \/>\n<meta property=\"article:publisher\" content=\"https:\/\/www.facebook.com\/KapitalisInfo\/\" \/>\n<meta property=\"article:published_time\" content=\"2022-01-20T12:04:35+00:00\" \/>\n<meta property=\"article:modified_time\" content=\"2022-01-20T12:07:50+00:00\" \/>\n<meta property=\"og:image\" content=\"http:\/\/kapitalis.com\/tunisie\/wp-content\/uploads\/2018\/01\/Imed-Khemiri.jpg\" \/>\n<meta name=\"author\" content=\"Cherif Benyounes\" \/>\n<meta name=\"twitter:card\" content=\"summary_large_image\" \/>\n<meta name=\"twitter:creator\" content=\"@KapitalisInfo\" \/>\n<meta name=\"twitter:site\" content=\"@KapitalisInfo\" \/>\n<meta name=\"twitter:label1\" content=\"\u00c9crit par\" \/>\n\t<meta name=\"twitter:data1\" content=\"Cherif Benyounes\" \/>\n\t<meta name=\"twitter:label2\" content=\"Dur\u00e9e de lecture estim\u00e9e\" \/>\n\t<meta name=\"twitter:data2\" content=\"1 minute\" \/>\n<script type=\"application\/ld+json\" class=\"yoast-schema-graph\">{\"@context\":\"https:\/\/schema.org\",\"@graph\":[{\"@type\":\"Article\",\"@id\":\"https:\/\/kapitalis.com\/tunisie\/2022\/01\/20\/imed-khemiri-ridha-bouzaiene-est-decede-des-suites-dune-hemorragie-cerebrale-severe\/#article\",\"isPartOf\":{\"@id\":\"https:\/\/kapitalis.com\/tunisie\/2022\/01\/20\/imed-khemiri-ridha-bouzaiene-est-decede-des-suites-dune-hemorragie-cerebrale-severe\/\"},\"author\":{\"name\":\"Cherif Benyounes\",\"@id\":\"https:\/\/kapitalis.com\/tunisie\/#\/schema\/person\/b35b8d631961131107263178aeb8019e\"},\"headline\":\"Imed Khemiri : \u00abRidha Bouza\u00ef\u00e8ne est d\u00e9c\u00e9d\u00e9 des suites d&rsquo;une h\u00e9morragie c\u00e9r\u00e9brale s\u00e9v\u00e8re\u00bb\",\"datePublished\":\"2022-01-20T12:04:35+00:00\",\"dateModified\":\"2022-01-20T12:07:50+00:00\",\"mainEntityOfPage\":{\"@id\":\"https:\/\/kapitalis.com\/tunisie\/2022\/01\/20\/imed-khemiri-ridha-bouzaiene-est-decede-des-suites-dune-hemorragie-cerebrale-severe\/\"},\"wordCount\":235,\"commentCount\":1,\"publisher\":{\"@id\":\"https:\/\/kapitalis.com\/tunisie\/#organization\"},\"image\":{\"@id\":\"https:\/\/kapitalis.com\/tunisie\/2022\/01\/20\/imed-khemiri-ridha-bouzaiene-est-decede-des-suites-dune-hemorragie-cerebrale-severe\/#primaryimage\"},\"thumbnailUrl\":\"http:\/\/kapitalis.com\/tunisie\/wp-content\/uploads\/2018\/01\/Imed-Khemiri.jpg\",\"keywords\":[\"14 janvier\",\"Ennahdha\",\"Kais Saied\",\"ridha bouza\u00efene\"],\"articleSection\":[\"POLITIQUE\",\"Tunisie\"],\"inLanguage\":\"fr-FR\",\"potentialAction\":[{\"@type\":\"CommentAction\",\"name\":\"Comment\",\"target\":[\"https:\/\/kapitalis.com\/tunisie\/2022\/01\/20\/imed-khemiri-ridha-bouzaiene-est-decede-des-suites-dune-hemorragie-cerebrale-severe\/#respond\"]}]},{\"@type\":\"WebPage\",\"@id\":\"https:\/\/kapitalis.com\/tunisie\/2022\/01\/20\/imed-khemiri-ridha-bouzaiene-est-decede-des-suites-dune-hemorragie-cerebrale-severe\/\",\"url\":\"https:\/\/kapitalis.com\/tunisie\/2022\/01\/20\/imed-khemiri-ridha-bouzaiene-est-decede-des-suites-dune-hemorragie-cerebrale-severe\/\",\"name\":\"Imed Khemiri : \u00abRidha Bouza\u00ef\u00e8ne est d\u00e9c\u00e9d\u00e9 des suites d'une h\u00e9morragie c\u00e9r\u00e9brale s\u00e9v\u00e8re\u00bb - Kapitalis\",\"isPartOf\":{\"@id\":\"https:\/\/kapitalis.com\/tunisie\/#website\"},\"primaryImageOfPage\":{\"@id\":\"https:\/\/kapitalis.com\/tunisie\/2022\/01\/20\/imed-khemiri-ridha-bouzaiene-est-decede-des-suites-dune-hemorragie-cerebrale-severe\/#primaryimage\"},\"image\":{\"@id\":\"https:\/\/kapitalis.com\/tunisie\/2022\/01\/20\/imed-khemiri-ridha-bouzaiene-est-decede-des-suites-dune-hemorragie-cerebrale-severe\/#primaryimage\"},\"thumbnailUrl\":\"http:\/\/kapitalis.com\/tunisie\/wp-content\/uploads\/2018\/01\/Imed-Khemiri.jpg\",\"datePublished\":\"2022-01-20T12:04:35+00:00\",\"dateModified\":\"2022-01-20T12:07:50+00:00\",\"breadcrumb\":{\"@id\":\"https:\/\/kapitalis.com\/tunisie\/2022\/01\/20\/imed-khemiri-ridha-bouzaiene-est-decede-des-suites-dune-hemorragie-cerebrale-severe\/#breadcrumb\"},\"inLanguage\":\"fr-FR\",\"potentialAction\":[{\"@type\":\"ReadAction\",\"target\":[\"https:\/\/kapitalis.com\/tunisie\/2022\/01\/20\/imed-khemiri-ridha-bouzaiene-est-decede-des-suites-dune-hemorragie-cerebrale-severe\/\"]}]},{\"@type\":\"ImageObject\",\"inLanguage\":\"fr-FR\",\"@id\":\"https:\/\/kapitalis.com\/tunisie\/2022\/01\/20\/imed-khemiri-ridha-bouzaiene-est-decede-des-suites-dune-hemorragie-cerebrale-severe\/#primaryimage\",\"url\":\"http:\/\/kapitalis.com\/tunisie\/wp-content\/uploads\/2018\/01\/Imed-Khemiri.jpg\",\"contentUrl\":\"http:\/\/kapitalis.com\/tunisie\/wp-content\/uploads\/2018\/01\/Imed-Khemiri.jpg\"},{\"@type\":\"BreadcrumbList\",\"@id\":\"https:\/\/kapitalis.com\/tunisie\/2022\/01\/20\/imed-khemiri-ridha-bouzaiene-est-decede-des-suites-dune-hemorragie-cerebrale-severe\/#breadcrumb\",\"itemListElement\":[{\"@type\":\"ListItem\",\"position\":1,\"name\":\"Accueil\",\"item\":\"https:\/\/kapitalis.com\/tunisie\/\"},{\"@type\":\"ListItem\",\"position\":2,\"name\":\"Imed Khemiri : \u00abRidha Bouza\u00ef\u00e8ne est d\u00e9c\u00e9d\u00e9 des suites d&rsquo;une h\u00e9morragie c\u00e9r\u00e9brale s\u00e9v\u00e8re\u00bb\"}]},{\"@type\":\"WebSite\",\"@id\":\"https:\/\/kapitalis.com\/tunisie\/#website\",\"url\":\"https:\/\/kapitalis.com\/tunisie\/\",\"name\":\"Kapitalis\",\"description\":\"L&#039;actualit\u00e9 en Tunisie et dans le monde\",\"publisher\":{\"@id\":\"https:\/\/kapitalis.com\/tunisie\/#organization\"},\"potentialAction\":[{\"@type\":\"SearchAction\",\"target\":{\"@type\":\"EntryPoint\",\"urlTemplate\":\"https:\/\/kapitalis.com\/tunisie\/?s={search_term_string}\"},\"query-input\":{\"@type\":\"PropertyValueSpecification\",\"valueRequired\":true,\"valueName\":\"search_term_string\"}}],\"inLanguage\":\"fr-FR\"},{\"@type\":\"Organization\",\"@id\":\"https:\/\/kapitalis.com\/tunisie\/#organization\",\"name\":\"Kapitalis\",\"url\":\"https:\/\/kapitalis.com\/tunisie\/\",\"logo\":{\"@type\":\"ImageObject\",\"inLanguage\":\"fr-FR\",\"@id\":\"https:\/\/kapitalis.com\/tunisie\/#\/schema\/logo\/image\/\",\"url\":\"https:\/\/kapitalis.com\/tunisie\/wp-content\/uploads\/2022\/05\/Kapitalis-big-size.png\",\"contentUrl\":\"https:\/\/kapitalis.com\/tunisie\/wp-content\/uploads\/2022\/05\/Kapitalis-big-size.png\",\"width\":5000,\"height\":1500,\"caption\":\"Kapitalis\"},\"image\":{\"@id\":\"https:\/\/kapitalis.com\/tunisie\/#\/schema\/logo\/image\/\"},\"sameAs\":[\"https:\/\/www.facebook.com\/KapitalisInfo\/\",\"https:\/\/x.com\/KapitalisInfo\",\"https:\/\/www.youtube.com\/channel\/UC-yDYrHyfFBWWZaOw3FPg9Q\"]},{\"@type\":\"Person\",\"@id\":\"https:\/\/kapitalis.com\/tunisie\/#\/schema\/person\/b35b8d631961131107263178aeb8019e\",\"name\":\"Cherif Benyounes\",\"url\":\"https:\/\/kapitalis.com\/tunisie\/author\/cherif\/\"}]}<\/script>\n<!-- \/ Yoast SEO plugin. -->","yoast_head_json":{"title":"Imed Khemiri : \u00abRidha Bouza\u00ef\u00e8ne est d\u00e9c\u00e9d\u00e9 des suites d'une h\u00e9morragie c\u00e9r\u00e9brale s\u00e9v\u00e8re\u00bb - Kapitalis","robots":{"index":"index","follow":"follow","max-snippet":"max-snippet:-1","max-image-preview":"max-image-preview:large","max-video-preview":"max-video-preview:-1"},"canonical":"https:\/\/kapitalis.com\/tunisie\/2022\/01\/20\/imed-khemiri-ridha-bouzaiene-est-decede-des-suites-dune-hemorragie-cerebrale-severe\/","og_locale":"fr_FR","og_type":"article","og_title":"Imed Khemiri : \u00abRidha Bouza\u00ef\u00e8ne est d\u00e9c\u00e9d\u00e9 des suites d'une h\u00e9morragie c\u00e9r\u00e9brale s\u00e9v\u00e8re\u00bb - Kapitalis","og_description":"Selon le porte-parole du mouvement Ennahdha, Imed Khemiri, le d\u00e9c\u00e8s de l&rsquo;imam Ridha Bouza\u00ef\u00e8ne, hier, mercredi 19 janvier 2022, \u00e0 l\u2019h\u00f4pital Habib Thameur, \u00e0 Tunis, est d\u00fb \u00e0 une h\u00e9morragie c\u00e9r\u00e9brale s\u00e9v\u00e8re, caus\u00e9e par la violence polici\u00e8re qu&rsquo;il aurait subie.","og_url":"https:\/\/kapitalis.com\/tunisie\/2022\/01\/20\/imed-khemiri-ridha-bouzaiene-est-decede-des-suites-dune-hemorragie-cerebrale-severe\/","og_site_name":"Kapitalis","article_publisher":"https:\/\/www.facebook.com\/KapitalisInfo\/","article_published_time":"2022-01-20T12:04:35+00:00","article_modified_time":"2022-01-20T12:07:50+00:00","og_image":[{"url":"http:\/\/kapitalis.com\/tunisie\/wp-content\/uploads\/2018\/01\/Imed-Khemiri.jpg","type":"","width":"","height":""}],"author":"Cherif Benyounes","twitter_card":"summary_large_image","twitter_creator":"@KapitalisInfo","twitter_site":"@KapitalisInfo","twitter_misc":{"\u00c9crit par":"Cherif Benyounes","Dur\u00e9e de lecture estim\u00e9e":"1 minute"},"schema":{"@context":"https:\/\/schema.org","@graph":[{"@type":"Article","@id":"https:\/\/kapitalis.com\/tunisie\/2022\/01\/20\/imed-khemiri-ridha-bouzaiene-est-decede-des-suites-dune-hemorragie-cerebrale-severe\/#article","isPartOf":{"@id":"https:\/\/kapitalis.com\/tunisie\/2022\/01\/20\/imed-khemiri-ridha-bouzaiene-est-decede-des-suites-dune-hemorragie-cerebrale-severe\/"},"author":{"name":"Cherif Benyounes","@id":"https:\/\/kapitalis.com\/tunisie\/#\/schema\/person\/b35b8d631961131107263178aeb8019e"},"headline":"Imed Khemiri : \u00abRidha Bouza\u00ef\u00e8ne est d\u00e9c\u00e9d\u00e9 des suites d&rsquo;une h\u00e9morragie c\u00e9r\u00e9brale s\u00e9v\u00e8re\u00bb","datePublished":"2022-01-20T12:04:35+00:00","dateModified":"2022-01-20T12:07:50+00:00","mainEntityOfPage":{"@id":"https:\/\/kapitalis.com\/tunisie\/2022\/01\/20\/imed-khemiri-ridha-bouzaiene-est-decede-des-suites-dune-hemorragie-cerebrale-severe\/"},"wordCount":235,"commentCount":1,"publisher":{"@id":"https:\/\/kapitalis.com\/tunisie\/#organization"},"image":{"@id":"https:\/\/kapitalis.com\/tunisie\/2022\/01\/20\/imed-khemiri-ridha-bouzaiene-est-decede-des-suites-dune-hemorragie-cerebrale-severe\/#primaryimage"},"thumbnailUrl":"http:\/\/kapitalis.com\/tunisie\/wp-content\/uploads\/2018\/01\/Imed-Khemiri.jpg","keywords":["14 janvier","Ennahdha","Kais Saied","ridha bouza\u00efene"],"articleSection":["POLITIQUE","Tunisie"],"inLanguage":"fr-FR","potentialAction":[{"@type":"CommentAction","name":"Comment","target":["https:\/\/kapitalis.com\/tunisie\/2022\/01\/20\/imed-khemiri-ridha-bouzaiene-est-decede-des-suites-dune-hemorragie-cerebrale-severe\/#respond"]}]},{"@type":"WebPage","@id":"https:\/\/kapitalis.com\/tunisie\/2022\/01\/20\/imed-khemiri-ridha-bouzaiene-est-decede-des-suites-dune-hemorragie-cerebrale-severe\/","url":"https:\/\/kapitalis.com\/tunisie\/2022\/01\/20\/imed-khemiri-ridha-bouzaiene-est-decede-des-suites-dune-hemorragie-cerebrale-severe\/","name":"Imed Khemiri : \u00abRidha Bouza\u00ef\u00e8ne est d\u00e9c\u00e9d\u00e9 des suites d'une h\u00e9morragie c\u00e9r\u00e9brale s\u00e9v\u00e8re\u00bb - Kapitalis","isPartOf":{"@id":"https:\/\/kapitalis.com\/tunisie\/#website"},"primaryImageOfPage":{"@id":"https:\/\/kapitalis.com\/tunisie\/2022\/01\/20\/imed-khemiri-ridha-bouzaiene-est-decede-des-suites-dune-hemorragie-cerebrale-severe\/#primaryimage"},"image":{"@id":"https:\/\/kapitalis.com\/tunisie\/2022\/01\/20\/imed-khemiri-ridha-bouzaiene-est-decede-des-suites-dune-hemorragie-cerebrale-severe\/#primaryimage"},"thumbnailUrl":"http:\/\/kapitalis.com\/tunisie\/wp-content\/uploads\/2018\/01\/Imed-Khemiri.jpg","datePublished":"2022-01-20T12:04:35+00:00","dateModified":"2022-01-20T12:07:50+00:00","breadcrumb":{"@id":"https:\/\/kapitalis.com\/tunisie\/2022\/01\/20\/imed-khemiri-ridha-bouzaiene-est-decede-des-suites-dune-hemorragie-cerebrale-severe\/#breadcrumb"},"inLanguage":"fr-FR","potentialAction":[{"@type":"ReadAction","target":["https:\/\/kapitalis.com\/tunisie\/2022\/01\/20\/imed-khemiri-ridha-bouzaiene-est-decede-des-suites-dune-hemorragie-cerebrale-severe\/"]}]},{"@type":"ImageObject","inLanguage":"fr-FR","@id":"https:\/\/kapitalis.com\/tunisie\/2022\/01\/20\/imed-khemiri-ridha-bouzaiene-est-decede-des-suites-dune-hemorragie-cerebrale-severe\/#primaryimage","url":"http:\/\/kapitalis.com\/tunisie\/wp-content\/uploads\/2018\/01\/Imed-Khemiri.jpg","contentUrl":"http:\/\/kapitalis.com\/tunisie\/wp-content\/uploads\/2018\/01\/Imed-Khemiri.jpg"},{"@type":"BreadcrumbList","@id":"https:\/\/kapitalis.com\/tunisie\/2022\/01\/20\/imed-khemiri-ridha-bouzaiene-est-decede-des-suites-dune-hemorragie-cerebrale-severe\/#breadcrumb","itemListElement":[{"@type":"ListItem","position":1,"name":"Accueil","item":"https:\/\/kapitalis.com\/tunisie\/"},{"@type":"ListItem","position":2,"name":"Imed Khemiri : \u00abRidha Bouza\u00ef\u00e8ne est d\u00e9c\u00e9d\u00e9 des suites d&rsquo;une h\u00e9morragie c\u00e9r\u00e9brale s\u00e9v\u00e8re\u00bb"}]},{"@type":"WebSite","@id":"https:\/\/kapitalis.com\/tunisie\/#website","url":"https:\/\/kapitalis.com\/tunisie\/","name":"Kapitalis","description":"L&#039;actualit\u00e9 en Tunisie et dans le monde","publisher":{"@id":"https:\/\/kapitalis.com\/tunisie\/#organization"},"potentialAction":[{"@type":"SearchAction","target":{"@type":"EntryPoint","urlTemplate":"https:\/\/kapitalis.com\/tunisie\/?s={search_term_string}"},"query-input":{"@type":"PropertyValueSpecification","valueRequired":true,"valueName":"search_term_string"}}],"inLanguage":"fr-FR"},{"@type":"Organization","@id":"https:\/\/kapitalis.com\/tunisie\/#organization","name":"Kapitalis","url":"https:\/\/kapitalis.com\/tunisie\/","logo":{"@type":"ImageObject","inLanguage":"fr-FR","@id":"https:\/\/kapitalis.com\/tunisie\/#\/schema\/logo\/image\/","url":"https:\/\/kapitalis.com\/tunisie\/wp-content\/uploads\/2022\/05\/Kapitalis-big-size.png","contentUrl":"https:\/\/kapitalis.com\/tunisie\/wp-content\/uploads\/2022\/05\/Kapitalis-big-size.png","width":5000,"height":1500,"caption":"Kapitalis"},"image":{"@id":"https:\/\/kapitalis.com\/tunisie\/#\/schema\/logo\/image\/"},"sameAs":["https:\/\/www.facebook.com\/KapitalisInfo\/","https:\/\/x.com\/KapitalisInfo","https:\/\/www.youtube.com\/channel\/UC-yDYrHyfFBWWZaOw3FPg9Q"]},{"@type":"Person","@id":"https:\/\/kapitalis.com\/tunisie\/#\/schema\/person\/b35b8d631961131107263178aeb8019e","name":"Cherif Benyounes","url":"https:\/\/kapitalis.com\/tunisie\/author\/cherif\/"}]}},"_links":{"self":[{"href":"https:\/\/kapitalis.com\/tunisie\/wp-json\/wp\/v2\/posts\/377795","targetHints":{"allow":["GET"]}}],"collection":[{"href":"https:\/\/kapitalis.com\/tunisie\/wp-json\/wp\/v2\/posts"}],"about":[{"href":"https:\/\/kapitalis.com\/tunisie\/wp-json\/wp\/v2\/types\/post"}],"author":[{"embeddable":true,"href":"https:\/\/kapitalis.com\/tunisie\/wp-json\/wp\/v2\/users\/24"}],"replies":[{"embeddable":true,"href":"https:\/\/kapitalis.com\/tunisie\/wp-json\/wp\/v2\/comments?post=377795"}],"version-history":[{"count":0,"href":"https:\/\/kapitalis.com\/tunisie\/wp-json\/wp\/v2\/posts\/377795\/revisions"}],"wp:attachment":[{"href":"https:\/\/kapitalis.com\/tunisie\/wp-json\/wp\/v2\/media?parent=377795"}],"wp:term":[{"taxonomy":"category","embeddable":true,"href":"https:\/\/kapitalis.com\/tunisie\/wp-json\/wp\/v2\/categories?post=377795"},{"taxonomy":"post_tag","embeddable":true,"href":"https:\/\/kapitalis.com\/tunisie\/wp-json\/wp\/v2\/tags?post=377795"}],"curies":[{"name":"wp","href":"https:\/\/api.w.org\/{rel}","templated":true}]}}