{"id":377852,"date":"2022-01-20T19:10:35","date_gmt":"2022-01-20T18:10:35","guid":{"rendered":"http:\/\/kapitalis.com\/tunisie\/?p=377852"},"modified":"2022-01-20T23:13:40","modified_gmt":"2022-01-20T22:13:40","slug":"can-2022-covid-la-ftf-annonce-la-guerison-de-joueurs-de-lequipe-nationale","status":"publish","type":"post","link":"https:\/\/kapitalis.com\/tunisie\/2022\/01\/20\/can-2022-covid-la-ftf-annonce-la-guerison-de-joueurs-de-lequipe-nationale\/","title":{"rendered":"CAN 2022-Covid : La FTF annonce la gu\u00e9rison de joueurs de l\u2019\u00e9quipe nationale"},"content":{"rendered":"\n<div class=\"wp-block-image\"><figure class=\"aligncenter size-full\"><img decoding=\"async\" src=\"http:\/\/kapitalis.com\/tunisie\/wp-content\/uploads\/2022\/01\/CAN-FTF-guerison.jpg\" alt=\"\" class=\"wp-image-377853\"\/><\/figure><\/div>\n\n\n\n<p><strong><em>La F\u00e9d\u00e9ration tunisienne de football a annonc\u00e9 dans l&rsquo;apr\u00e8s-midi de ce jeudi 20 janvier 2022, la gu\u00e9rison de  joueurs de l\u2019\u00e9quipe nationale, qui avaient \u00e9t\u00e9 contamin\u00e9s par le coronavirus.<\/em><\/strong><\/p>\n\n\n\n<!--more-->\n\n\n\n<p>Il s&rsquo;agit d&rsquo;Oussama Haddadi, Ali Jemal et de Mohamed Drager (confirmation de sa gu\u00e9rison depuis deux jours), dont les tests sont revenus n\u00e9gatifs, ajoute le communiqu\u00e9 de la FTF, en affirmant que suite aux examens m\u00e9dicaux auxquels ils ont \u00e9t\u00e9 soumis, l\u2019\u00e9quipe m\u00e9dicale les a autoris\u00e9 de reprendre le jeu.<\/p>\n\n\n\n<p>Rappelons que la Tunisie affronte ce soir la Gambie dans le cadre du 1er tour de la Coupe d\u2019Afrique des nations (CAN).<\/p>\n\n\n\n<p class=\"has-text-align-right\"><strong>Y. N.<\/strong><\/p>\n","protected":false},"excerpt":{"rendered":"<p>La F\u00e9d\u00e9ration tunisienne de football a annonc\u00e9 dans l&rsquo;apr\u00e8s-midi de ce jeudi 20 janvier 2022, la gu\u00e9rison de joueurs de l\u2019\u00e9quipe nationale, qui avaient \u00e9t\u00e9 contamin\u00e9s par le coronavirus.<\/p>\n","protected":false},"author":6,"featured_media":377853,"comment_status":"open","ping_status":"open","sticky":false,"template":"","format":"standard","meta":{"footnotes":""},"categories":[999,2433],"tags":[84790,75291,10867,5208,76379,5168,62643],"class_list":["post-377852","post","type-post","status-publish","format-standard","has-post-thumbnail","hentry","category-sport","category-tunisie","tag-can-2022","tag-covid-19","tag-foot","tag-ftf","tag-guerison","tag-joueurs","tag-tunisie"],"yoast_head":"<!-- This site is optimized with the Yoast SEO plugin v26.6 - https:\/\/yoast.com\/wordpress\/plugins\/seo\/ -->\n<title>CAN 2022-Covid : La FTF annonce la gu\u00e9rison de joueurs de l\u2019\u00e9quipe nationale - Kapitalis<\/title>\n<meta name=\"robots\" content=\"index, follow, max-snippet:-1, max-image-preview:large, max-video-preview:-1\" \/>\n<link rel=\"canonical\" href=\"https:\/\/kapitalis.com\/tunisie\/2022\/01\/20\/can-2022-covid-la-ftf-annonce-la-guerison-de-joueurs-de-lequipe-nationale\/\" \/>\n<meta property=\"og:locale\" content=\"fr_FR\" \/>\n<meta property=\"og:type\" content=\"article\" \/>\n<meta property=\"og:title\" content=\"CAN 2022-Covid : La FTF annonce la gu\u00e9rison de joueurs de l\u2019\u00e9quipe nationale - Kapitalis\" \/>\n<meta property=\"og:description\" content=\"La F\u00e9d\u00e9ration tunisienne de football a annonc\u00e9 dans l&rsquo;apr\u00e8s-midi de ce jeudi 20 janvier 2022, la gu\u00e9rison de joueurs de l\u2019\u00e9quipe nationale, qui avaient \u00e9t\u00e9 contamin\u00e9s par le coronavirus.\" \/>\n<meta property=\"og:url\" content=\"https:\/\/kapitalis.com\/tunisie\/2022\/01\/20\/can-2022-covid-la-ftf-annonce-la-guerison-de-joueurs-de-lequipe-nationale\/\" \/>\n<meta property=\"og:site_name\" content=\"Kapitalis\" \/>\n<meta property=\"article:publisher\" content=\"https:\/\/www.facebook.com\/KapitalisInfo\/\" \/>\n<meta property=\"article:published_time\" content=\"2022-01-20T18:10:35+00:00\" \/>\n<meta property=\"article:modified_time\" content=\"2022-01-20T22:13:40+00:00\" \/>\n<meta property=\"og:image\" content=\"https:\/\/kapitalis.com\/tunisie\/wp-content\/uploads\/2022\/05\/kapitalis-logo-fb.png\" \/>\n\t<meta property=\"og:image:width\" content=\"1200\" \/>\n\t<meta property=\"og:image:height\" content=\"630\" \/>\n\t<meta property=\"og:image:type\" content=\"image\/png\" \/>\n<meta name=\"author\" content=\"Yusra NY\" \/>\n<meta name=\"twitter:card\" content=\"summary_large_image\" \/>\n<meta name=\"twitter:creator\" content=\"@KapitalisInfo\" \/>\n<meta name=\"twitter:site\" content=\"@KapitalisInfo\" \/>\n<meta name=\"twitter:label1\" content=\"\u00c9crit par\" \/>\n\t<meta name=\"twitter:data1\" content=\"Yusra NY\" \/>\n\t<meta name=\"twitter:label2\" content=\"Dur\u00e9e de lecture estim\u00e9e\" \/>\n\t<meta name=\"twitter:data2\" content=\"1 minute\" \/>\n<script type=\"application\/ld+json\" class=\"yoast-schema-graph\">{\"@context\":\"https:\/\/schema.org\",\"@graph\":[{\"@type\":\"Article\",\"@id\":\"https:\/\/kapitalis.com\/tunisie\/2022\/01\/20\/can-2022-covid-la-ftf-annonce-la-guerison-de-joueurs-de-lequipe-nationale\/#article\",\"isPartOf\":{\"@id\":\"https:\/\/kapitalis.com\/tunisie\/2022\/01\/20\/can-2022-covid-la-ftf-annonce-la-guerison-de-joueurs-de-lequipe-nationale\/\"},\"author\":{\"name\":\"Yusra NY\",\"@id\":\"https:\/\/kapitalis.com\/tunisie\/#\/schema\/person\/74bbde0154d49d790a92aaeac5bc01d5\"},\"headline\":\"CAN 2022-Covid : La FTF annonce la gu\u00e9rison de joueurs de l\u2019\u00e9quipe nationale\",\"datePublished\":\"2022-01-20T18:10:35+00:00\",\"dateModified\":\"2022-01-20T22:13:40+00:00\",\"mainEntityOfPage\":{\"@id\":\"https:\/\/kapitalis.com\/tunisie\/2022\/01\/20\/can-2022-covid-la-ftf-annonce-la-guerison-de-joueurs-de-lequipe-nationale\/\"},\"wordCount\":127,\"commentCount\":0,\"publisher\":{\"@id\":\"https:\/\/kapitalis.com\/tunisie\/#organization\"},\"image\":{\"@id\":\"https:\/\/kapitalis.com\/tunisie\/2022\/01\/20\/can-2022-covid-la-ftf-annonce-la-guerison-de-joueurs-de-lequipe-nationale\/#primaryimage\"},\"thumbnailUrl\":\"\",\"keywords\":[\"CAN 2022\",\"Covid-19\",\"foot\",\"FTF\",\"gu\u00e9rison\",\"joueurs\",\"Tunisie\"],\"articleSection\":[\"SPORT\",\"Tunisie\"],\"inLanguage\":\"fr-FR\",\"potentialAction\":[{\"@type\":\"CommentAction\",\"name\":\"Comment\",\"target\":[\"https:\/\/kapitalis.com\/tunisie\/2022\/01\/20\/can-2022-covid-la-ftf-annonce-la-guerison-de-joueurs-de-lequipe-nationale\/#respond\"]}]},{\"@type\":\"WebPage\",\"@id\":\"https:\/\/kapitalis.com\/tunisie\/2022\/01\/20\/can-2022-covid-la-ftf-annonce-la-guerison-de-joueurs-de-lequipe-nationale\/\",\"url\":\"https:\/\/kapitalis.com\/tunisie\/2022\/01\/20\/can-2022-covid-la-ftf-annonce-la-guerison-de-joueurs-de-lequipe-nationale\/\",\"name\":\"CAN 2022-Covid : La FTF annonce la gu\u00e9rison de joueurs de l\u2019\u00e9quipe nationale - Kapitalis\",\"isPartOf\":{\"@id\":\"https:\/\/kapitalis.com\/tunisie\/#website\"},\"primaryImageOfPage\":{\"@id\":\"https:\/\/kapitalis.com\/tunisie\/2022\/01\/20\/can-2022-covid-la-ftf-annonce-la-guerison-de-joueurs-de-lequipe-nationale\/#primaryimage\"},\"image\":{\"@id\":\"https:\/\/kapitalis.com\/tunisie\/2022\/01\/20\/can-2022-covid-la-ftf-annonce-la-guerison-de-joueurs-de-lequipe-nationale\/#primaryimage\"},\"thumbnailUrl\":\"\",\"datePublished\":\"2022-01-20T18:10:35+00:00\",\"dateModified\":\"2022-01-20T22:13:40+00:00\",\"breadcrumb\":{\"@id\":\"https:\/\/kapitalis.com\/tunisie\/2022\/01\/20\/can-2022-covid-la-ftf-annonce-la-guerison-de-joueurs-de-lequipe-nationale\/#breadcrumb\"},\"inLanguage\":\"fr-FR\",\"potentialAction\":[{\"@type\":\"ReadAction\",\"target\":[\"https:\/\/kapitalis.com\/tunisie\/2022\/01\/20\/can-2022-covid-la-ftf-annonce-la-guerison-de-joueurs-de-lequipe-nationale\/\"]}]},{\"@type\":\"ImageObject\",\"inLanguage\":\"fr-FR\",\"@id\":\"https:\/\/kapitalis.com\/tunisie\/2022\/01\/20\/can-2022-covid-la-ftf-annonce-la-guerison-de-joueurs-de-lequipe-nationale\/#primaryimage\",\"url\":\"\",\"contentUrl\":\"\"},{\"@type\":\"BreadcrumbList\",\"@id\":\"https:\/\/kapitalis.com\/tunisie\/2022\/01\/20\/can-2022-covid-la-ftf-annonce-la-guerison-de-joueurs-de-lequipe-nationale\/#breadcrumb\",\"itemListElement\":[{\"@type\":\"ListItem\",\"position\":1,\"name\":\"Accueil\",\"item\":\"https:\/\/kapitalis.com\/tunisie\/\"},{\"@type\":\"ListItem\",\"position\":2,\"name\":\"CAN 2022-Covid : La FTF annonce la gu\u00e9rison de joueurs de l\u2019\u00e9quipe nationale\"}]},{\"@type\":\"WebSite\",\"@id\":\"https:\/\/kapitalis.com\/tunisie\/#website\",\"url\":\"https:\/\/kapitalis.com\/tunisie\/\",\"name\":\"Kapitalis\",\"description\":\"L&#039;actualit\u00e9 en Tunisie et dans le monde\",\"publisher\":{\"@id\":\"https:\/\/kapitalis.com\/tunisie\/#organization\"},\"potentialAction\":[{\"@type\":\"SearchAction\",\"target\":{\"@type\":\"EntryPoint\",\"urlTemplate\":\"https:\/\/kapitalis.com\/tunisie\/?s={search_term_string}\"},\"query-input\":{\"@type\":\"PropertyValueSpecification\",\"valueRequired\":true,\"valueName\":\"search_term_string\"}}],\"inLanguage\":\"fr-FR\"},{\"@type\":\"Organization\",\"@id\":\"https:\/\/kapitalis.com\/tunisie\/#organization\",\"name\":\"Kapitalis\",\"url\":\"https:\/\/kapitalis.com\/tunisie\/\",\"logo\":{\"@type\":\"ImageObject\",\"inLanguage\":\"fr-FR\",\"@id\":\"https:\/\/kapitalis.com\/tunisie\/#\/schema\/logo\/image\/\",\"url\":\"https:\/\/kapitalis.com\/tunisie\/wp-content\/uploads\/2022\/05\/Kapitalis-big-size.png\",\"contentUrl\":\"https:\/\/kapitalis.com\/tunisie\/wp-content\/uploads\/2022\/05\/Kapitalis-big-size.png\",\"width\":5000,\"height\":1500,\"caption\":\"Kapitalis\"},\"image\":{\"@id\":\"https:\/\/kapitalis.com\/tunisie\/#\/schema\/logo\/image\/\"},\"sameAs\":[\"https:\/\/www.facebook.com\/KapitalisInfo\/\",\"https:\/\/x.com\/KapitalisInfo\",\"https:\/\/www.youtube.com\/channel\/UC-yDYrHyfFBWWZaOw3FPg9Q\"]},{\"@type\":\"Person\",\"@id\":\"https:\/\/kapitalis.com\/tunisie\/#\/schema\/person\/74bbde0154d49d790a92aaeac5bc01d5\",\"name\":\"Yusra NY\",\"url\":\"https:\/\/kapitalis.com\/tunisie\/author\/yuza_adam\/\"}]}<\/script>\n<!-- \/ Yoast SEO plugin. -->","yoast_head_json":{"title":"CAN 2022-Covid : La FTF annonce la gu\u00e9rison de joueurs de l\u2019\u00e9quipe nationale - Kapitalis","robots":{"index":"index","follow":"follow","max-snippet":"max-snippet:-1","max-image-preview":"max-image-preview:large","max-video-preview":"max-video-preview:-1"},"canonical":"https:\/\/kapitalis.com\/tunisie\/2022\/01\/20\/can-2022-covid-la-ftf-annonce-la-guerison-de-joueurs-de-lequipe-nationale\/","og_locale":"fr_FR","og_type":"article","og_title":"CAN 2022-Covid : La FTF annonce la gu\u00e9rison de joueurs de l\u2019\u00e9quipe nationale - Kapitalis","og_description":"La F\u00e9d\u00e9ration tunisienne de football a annonc\u00e9 dans l&rsquo;apr\u00e8s-midi de ce jeudi 20 janvier 2022, la gu\u00e9rison de joueurs de l\u2019\u00e9quipe nationale, qui avaient \u00e9t\u00e9 contamin\u00e9s par le coronavirus.","og_url":"https:\/\/kapitalis.com\/tunisie\/2022\/01\/20\/can-2022-covid-la-ftf-annonce-la-guerison-de-joueurs-de-lequipe-nationale\/","og_site_name":"Kapitalis","article_publisher":"https:\/\/www.facebook.com\/KapitalisInfo\/","article_published_time":"2022-01-20T18:10:35+00:00","article_modified_time":"2022-01-20T22:13:40+00:00","og_image":[{"width":1200,"height":630,"url":"https:\/\/kapitalis.com\/tunisie\/wp-content\/uploads\/2022\/05\/kapitalis-logo-fb.png","type":"image\/png"}],"author":"Yusra NY","twitter_card":"summary_large_image","twitter_creator":"@KapitalisInfo","twitter_site":"@KapitalisInfo","twitter_misc":{"\u00c9crit par":"Yusra NY","Dur\u00e9e de lecture estim\u00e9e":"1 minute"},"schema":{"@context":"https:\/\/schema.org","@graph":[{"@type":"Article","@id":"https:\/\/kapitalis.com\/tunisie\/2022\/01\/20\/can-2022-covid-la-ftf-annonce-la-guerison-de-joueurs-de-lequipe-nationale\/#article","isPartOf":{"@id":"https:\/\/kapitalis.com\/tunisie\/2022\/01\/20\/can-2022-covid-la-ftf-annonce-la-guerison-de-joueurs-de-lequipe-nationale\/"},"author":{"name":"Yusra NY","@id":"https:\/\/kapitalis.com\/tunisie\/#\/schema\/person\/74bbde0154d49d790a92aaeac5bc01d5"},"headline":"CAN 2022-Covid : La FTF annonce la gu\u00e9rison de joueurs de l\u2019\u00e9quipe nationale","datePublished":"2022-01-20T18:10:35+00:00","dateModified":"2022-01-20T22:13:40+00:00","mainEntityOfPage":{"@id":"https:\/\/kapitalis.com\/tunisie\/2022\/01\/20\/can-2022-covid-la-ftf-annonce-la-guerison-de-joueurs-de-lequipe-nationale\/"},"wordCount":127,"commentCount":0,"publisher":{"@id":"https:\/\/kapitalis.com\/tunisie\/#organization"},"image":{"@id":"https:\/\/kapitalis.com\/tunisie\/2022\/01\/20\/can-2022-covid-la-ftf-annonce-la-guerison-de-joueurs-de-lequipe-nationale\/#primaryimage"},"thumbnailUrl":"","keywords":["CAN 2022","Covid-19","foot","FTF","gu\u00e9rison","joueurs","Tunisie"],"articleSection":["SPORT","Tunisie"],"inLanguage":"fr-FR","potentialAction":[{"@type":"CommentAction","name":"Comment","target":["https:\/\/kapitalis.com\/tunisie\/2022\/01\/20\/can-2022-covid-la-ftf-annonce-la-guerison-de-joueurs-de-lequipe-nationale\/#respond"]}]},{"@type":"WebPage","@id":"https:\/\/kapitalis.com\/tunisie\/2022\/01\/20\/can-2022-covid-la-ftf-annonce-la-guerison-de-joueurs-de-lequipe-nationale\/","url":"https:\/\/kapitalis.com\/tunisie\/2022\/01\/20\/can-2022-covid-la-ftf-annonce-la-guerison-de-joueurs-de-lequipe-nationale\/","name":"CAN 2022-Covid : La FTF annonce la gu\u00e9rison de joueurs de l\u2019\u00e9quipe nationale - Kapitalis","isPartOf":{"@id":"https:\/\/kapitalis.com\/tunisie\/#website"},"primaryImageOfPage":{"@id":"https:\/\/kapitalis.com\/tunisie\/2022\/01\/20\/can-2022-covid-la-ftf-annonce-la-guerison-de-joueurs-de-lequipe-nationale\/#primaryimage"},"image":{"@id":"https:\/\/kapitalis.com\/tunisie\/2022\/01\/20\/can-2022-covid-la-ftf-annonce-la-guerison-de-joueurs-de-lequipe-nationale\/#primaryimage"},"thumbnailUrl":"","datePublished":"2022-01-20T18:10:35+00:00","dateModified":"2022-01-20T22:13:40+00:00","breadcrumb":{"@id":"https:\/\/kapitalis.com\/tunisie\/2022\/01\/20\/can-2022-covid-la-ftf-annonce-la-guerison-de-joueurs-de-lequipe-nationale\/#breadcrumb"},"inLanguage":"fr-FR","potentialAction":[{"@type":"ReadAction","target":["https:\/\/kapitalis.com\/tunisie\/2022\/01\/20\/can-2022-covid-la-ftf-annonce-la-guerison-de-joueurs-de-lequipe-nationale\/"]}]},{"@type":"ImageObject","inLanguage":"fr-FR","@id":"https:\/\/kapitalis.com\/tunisie\/2022\/01\/20\/can-2022-covid-la-ftf-annonce-la-guerison-de-joueurs-de-lequipe-nationale\/#primaryimage","url":"","contentUrl":""},{"@type":"BreadcrumbList","@id":"https:\/\/kapitalis.com\/tunisie\/2022\/01\/20\/can-2022-covid-la-ftf-annonce-la-guerison-de-joueurs-de-lequipe-nationale\/#breadcrumb","itemListElement":[{"@type":"ListItem","position":1,"name":"Accueil","item":"https:\/\/kapitalis.com\/tunisie\/"},{"@type":"ListItem","position":2,"name":"CAN 2022-Covid : La FTF annonce la gu\u00e9rison de joueurs de l\u2019\u00e9quipe nationale"}]},{"@type":"WebSite","@id":"https:\/\/kapitalis.com\/tunisie\/#website","url":"https:\/\/kapitalis.com\/tunisie\/","name":"Kapitalis","description":"L&#039;actualit\u00e9 en Tunisie et dans le monde","publisher":{"@id":"https:\/\/kapitalis.com\/tunisie\/#organization"},"potentialAction":[{"@type":"SearchAction","target":{"@type":"EntryPoint","urlTemplate":"https:\/\/kapitalis.com\/tunisie\/?s={search_term_string}"},"query-input":{"@type":"PropertyValueSpecification","valueRequired":true,"valueName":"search_term_string"}}],"inLanguage":"fr-FR"},{"@type":"Organization","@id":"https:\/\/kapitalis.com\/tunisie\/#organization","name":"Kapitalis","url":"https:\/\/kapitalis.com\/tunisie\/","logo":{"@type":"ImageObject","inLanguage":"fr-FR","@id":"https:\/\/kapitalis.com\/tunisie\/#\/schema\/logo\/image\/","url":"https:\/\/kapitalis.com\/tunisie\/wp-content\/uploads\/2022\/05\/Kapitalis-big-size.png","contentUrl":"https:\/\/kapitalis.com\/tunisie\/wp-content\/uploads\/2022\/05\/Kapitalis-big-size.png","width":5000,"height":1500,"caption":"Kapitalis"},"image":{"@id":"https:\/\/kapitalis.com\/tunisie\/#\/schema\/logo\/image\/"},"sameAs":["https:\/\/www.facebook.com\/KapitalisInfo\/","https:\/\/x.com\/KapitalisInfo","https:\/\/www.youtube.com\/channel\/UC-yDYrHyfFBWWZaOw3FPg9Q"]},{"@type":"Person","@id":"https:\/\/kapitalis.com\/tunisie\/#\/schema\/person\/74bbde0154d49d790a92aaeac5bc01d5","name":"Yusra NY","url":"https:\/\/kapitalis.com\/tunisie\/author\/yuza_adam\/"}]}},"_links":{"self":[{"href":"https:\/\/kapitalis.com\/tunisie\/wp-json\/wp\/v2\/posts\/377852","targetHints":{"allow":["GET"]}}],"collection":[{"href":"https:\/\/kapitalis.com\/tunisie\/wp-json\/wp\/v2\/posts"}],"about":[{"href":"https:\/\/kapitalis.com\/tunisie\/wp-json\/wp\/v2\/types\/post"}],"author":[{"embeddable":true,"href":"https:\/\/kapitalis.com\/tunisie\/wp-json\/wp\/v2\/users\/6"}],"replies":[{"embeddable":true,"href":"https:\/\/kapitalis.com\/tunisie\/wp-json\/wp\/v2\/comments?post=377852"}],"version-history":[{"count":0,"href":"https:\/\/kapitalis.com\/tunisie\/wp-json\/wp\/v2\/posts\/377852\/revisions"}],"wp:featuredmedia":[{"embeddable":true,"href":"https:\/\/kapitalis.com\/tunisie\/wp-json\/wp\/v2\/media\/377853"}],"wp:attachment":[{"href":"https:\/\/kapitalis.com\/tunisie\/wp-json\/wp\/v2\/media?parent=377852"}],"wp:term":[{"taxonomy":"category","embeddable":true,"href":"https:\/\/kapitalis.com\/tunisie\/wp-json\/wp\/v2\/categories?post=377852"},{"taxonomy":"post_tag","embeddable":true,"href":"https:\/\/kapitalis.com\/tunisie\/wp-json\/wp\/v2\/tags?post=377852"}],"curies":[{"name":"wp","href":"https:\/\/api.w.org\/{rel}","templated":true}]}}