{"id":377876,"date":"2022-01-20T21:28:59","date_gmt":"2022-01-20T20:28:59","guid":{"rendered":"http:\/\/kapitalis.com\/tunisie\/?p=377876"},"modified":"2022-01-20T23:11:35","modified_gmt":"2022-01-20T22:11:35","slug":"propos-irrespectueux-de-bechr-chebbi-envers-sonia-charbti-le-parquet-ouvre-une-enquete","status":"publish","type":"post","link":"https:\/\/kapitalis.com\/tunisie\/2022\/01\/20\/propos-irrespectueux-de-bechr-chebbi-envers-sonia-charbti-le-parquet-ouvre-une-enquete\/","title":{"rendered":"Propos irrespectueux de Bechr Chebbi envers Sonia Charbti : Le parquet ouvre une enqu\u00eate"},"content":{"rendered":"\n<div class=\"wp-block-image\"><figure class=\"aligncenter size-full\"><img decoding=\"async\" src=\"http:\/\/kapitalis.com\/tunisie\/wp-content\/uploads\/2021\/08\/Becher-Chebbi.jpg\" alt=\"\" class=\"wp-image-360608\"\/><figcaption><em>Bechr Chebbi<\/em>.<\/figcaption><\/figure><\/div>\n\n\n\n<p><strong><em>Le parquet a ouvert une enqu\u00eate suite aux propos irrespectueux et misogynes du d\u00e9put\u00e9 (gel\u00e9) du parti islamiste Ennahdha Bechr Chebbi, avocat de son \u00e9tat,  envers la militante Sonia Charbti et son \u00e9poux, le gouverneur de Tunis, Kamel Fekih.<\/em><\/strong><\/p>\n\n\n\n<!--more-->\n\n\n\n<p>Cette enqu\u00eate a \u00e9t\u00e9 ouverte par le procureur g\u00e9n\u00e9ral aupr\u00e8s de la Cour d\u2019appel de Tunis, \u00e0 la demande de la ministre de la Justice, pr\u00e9cise Mosa\u00efque FM, ce jeudi 20 janvier 2022.<\/p>\n\n\n\n<p>Bechr Chebbi qui prenait part, la semaine derni\u00e8re, \u00e0 un rassemblement \u00e0 Paris, o\u00f9 il s&rsquo;est r\u00e9fugi\u00e9 (il est vis\u00e9 par une instruction judiciaire en Tunisie pour atteinte \u00e0 la morale de l&rsquo;<a href=\"http:\/\/kapitalis.com\/tunisie\/2021\/11\/05\/tunisie-instruction-judiciaire-a-lencontre-de-bechr-chebbi\/\" target=\"_blank\" rel=\"noreferrer noopener\">arm\u00e9e<\/a>), avait lanc\u00e9 des propos irrespectueux et ind\u00e9cents envers Sonia Charbti , en affirmant que son \u00e9poux \u00ab<em>doit sa nomination aux soir\u00e9es que son \u00e9pouse, Sonia Charbti, a pass\u00e9 avec L\u00e9nine (Ridha Chiheb El Mekki dit Ridha L\u00e9nine; Ndlr)\u00bb<\/em>, a-t-il lanc\u00e9 en public, lors de cette manifestation organis\u00e9e contre les mesures du 25 Juillet.<\/p>\n\n\n\n<p>Suite \u00e0 cela, Sonia Charbti a b\u00e9n\u00e9fici\u00e9 du soutien de nombreux militants, personnalit\u00e9s et organisations, \u00e0 l&rsquo;instar de l\u2019Association tunisienne des femmes d\u00e9mocrates (ATFD) qui a appel\u00e9 \u00e0 le parquet \u00e0 intervenir, consid\u00e9rant que ce qu&rsquo; a commis le d\u00e9put\u00e9 islamiste (gel\u00e9) est \u00abun crime de discrimination verbale, morale et politique et une atteinte \u00e0 la dignit\u00e9 humaine conform\u00e9ment \u00e0 la loi n\u00b0 58 et au code p\u00e9nal\u00bb.<\/p>\n\n\n\n<div class=\"wp-block-image\"><figure class=\"aligncenter size-full is-resized\"><img decoding=\"async\" src=\"http:\/\/kapitalis.com\/tunisie\/wp-content\/uploads\/2022\/01\/Bouderbala-Charbti.jpg\" alt=\"\" class=\"wp-image-377743\" width=\"500\"\/><figcaption>Bouderbala &amp; Charbti<\/figcaption><\/figure><\/div>\n\n\n\n<p>Hier, la militante a \u00e9galement \u00e9t\u00e9 re\u00e7ue par les membres de l&rsquo;Ordre national des avocats de Tunisie (Onat) et le b\u00e2tonnier Ibrahim Bouderbala a exprim\u00e9 le m\u00e9contentement des avocats tunisiens suite aux propos inacceptables de Bechr Chebbi tout en exprimant sa ferme condamnation de ce d\u00e9passement et en affirmant que cela ne repr\u00e9sente nullement les avocats.<\/p>\n\n\n\n<p>Me Bouderbala qui a \u00e9galement exprim\u00e9 sa solidarit\u00e9 avec Sonia Charbti a r\u00e9affirm\u00e9 l&rsquo;attachement de l&rsquo;Ordre des avocats \u00e0 la d\u00e9fense des droits, et du respect de l\u2019\u00e9thique et des r\u00e8gles de biens\u00e9ance, ainsi qu\u2019\u00e0 la primaut\u00e9 de la loi.<\/p>\n\n\n\n<p class=\"has-text-align-right\"><strong>Y. N.<\/strong><\/p>\n\n\n\n<figure class=\"wp-block-embed is-type-wp-embed is-provider-kapitalis wp-block-embed-kapitalis\"><div class=\"wp-block-embed__wrapper\">\n<blockquote class=\"wp-embedded-content\" data-secret=\"GxOlJ7mrj8\"><a href=\"https:\/\/kapitalis.com\/tunisie\/2022\/01\/20\/le-batonnier-condamne-les-propos-irrespectueux-de-son-confrere-bechr-chebbi-envers-sonia-charbti\/\">Le b\u00e2tonnier condamne les propos irrespectueux de son confr\u00e8re Bechr Chebbi envers Sonia Charbti<\/a><\/blockquote><iframe loading=\"lazy\" class=\"wp-embedded-content\" sandbox=\"allow-scripts\" security=\"restricted\" style=\"position: absolute; clip: rect(1px, 1px, 1px, 1px);\" title=\"\u00ab\u00a0Le b\u00e2tonnier condamne les propos irrespectueux de son confr\u00e8re Bechr Chebbi envers Sonia Charbti\u00a0\u00bb &#8212; Kapitalis\" src=\"https:\/\/kapitalis.com\/tunisie\/2022\/01\/20\/le-batonnier-condamne-les-propos-irrespectueux-de-son-confrere-bechr-chebbi-envers-sonia-charbti\/embed\/#?secret=N17NCdW1pb#?secret=GxOlJ7mrj8\" data-secret=\"GxOlJ7mrj8\" width=\"600\" height=\"338\" frameborder=\"0\" marginwidth=\"0\" marginheight=\"0\" scrolling=\"no\"><\/iframe>\n<\/div><\/figure>\n\n\n\n<figure class=\"wp-block-embed is-type-wp-embed is-provider-kapitalis wp-block-embed-kapitalis\"><div class=\"wp-block-embed__wrapper\">\n<blockquote class=\"wp-embedded-content\" data-secret=\"7gZ5zp4640\"><a href=\"https:\/\/kapitalis.com\/tunisie\/2022\/01\/16\/propos-irrespectueux-et-misogynes-de-bechr-chebbi-envers-sonia-charbti-latfd-appelle-le-parquet-et-lonat-a-intervenir\/\">Propos irrespectueux et misogynes de Bechr Chebbi envers Sonia Charbti : L&rsquo;ATFD appelle le parquet et l&rsquo;Onat \u00e0 intervenir<\/a><\/blockquote><iframe loading=\"lazy\" class=\"wp-embedded-content\" sandbox=\"allow-scripts\" security=\"restricted\" style=\"position: absolute; clip: rect(1px, 1px, 1px, 1px);\" title=\"\u00ab\u00a0Propos irrespectueux et misogynes de Bechr Chebbi envers Sonia Charbti : L&rsquo;ATFD appelle le parquet et l&rsquo;Onat \u00e0 intervenir\u00a0\u00bb &#8212; Kapitalis\" src=\"https:\/\/kapitalis.com\/tunisie\/2022\/01\/16\/propos-irrespectueux-et-misogynes-de-bechr-chebbi-envers-sonia-charbti-latfd-appelle-le-parquet-et-lonat-a-intervenir\/embed\/#?secret=3Kk7deCxvS#?secret=7gZ5zp4640\" data-secret=\"7gZ5zp4640\" width=\"600\" height=\"338\" frameborder=\"0\" marginwidth=\"0\" marginheight=\"0\" scrolling=\"no\"><\/iframe>\n<\/div><\/figure>\n","protected":false},"excerpt":{"rendered":"<p>Le parquet a ouvert une enqu\u00eate suite aux propos irrespectueux et misogynes du d\u00e9put\u00e9 (gel\u00e9) du parti islamiste Ennahdha Bechr Chebbi, avocat de son \u00e9tat, envers la militante Sonia Charbti et son \u00e9poux, le gouverneur de Tunis, Kamel Fekih.<\/p>\n","protected":false},"author":6,"featured_media":0,"comment_status":"open","ping_status":"open","sticky":false,"template":"","format":"standard","meta":{"footnotes":""},"categories":[997,2433],"tags":[2770,92927,96581,325,9053,96508,62643],"class_list":["post-377876","post","type-post","status-publish","format-standard","hentry","category-politique","category-tunisie","tag-avocats","tag-bechr-chebbi","tag-bouderbala","tag-enquete","tag-parquet","tag-sonia-charbti","tag-tunisie"],"yoast_head":"<!-- This site is optimized with the Yoast SEO plugin v26.6 - https:\/\/yoast.com\/wordpress\/plugins\/seo\/ -->\n<title>Propos irrespectueux de Bechr Chebbi envers Sonia Charbti : Le parquet ouvre une enqu\u00eate - Kapitalis<\/title>\n<meta name=\"robots\" content=\"index, follow, max-snippet:-1, max-image-preview:large, max-video-preview:-1\" \/>\n<link rel=\"canonical\" href=\"https:\/\/kapitalis.com\/tunisie\/2022\/01\/20\/propos-irrespectueux-de-bechr-chebbi-envers-sonia-charbti-le-parquet-ouvre-une-enquete\/\" \/>\n<meta property=\"og:locale\" content=\"fr_FR\" \/>\n<meta property=\"og:type\" content=\"article\" \/>\n<meta property=\"og:title\" content=\"Propos irrespectueux de Bechr Chebbi envers Sonia Charbti : Le parquet ouvre une enqu\u00eate - Kapitalis\" \/>\n<meta property=\"og:description\" content=\"Le parquet a ouvert une enqu\u00eate suite aux propos irrespectueux et misogynes du d\u00e9put\u00e9 (gel\u00e9) du parti islamiste Ennahdha Bechr Chebbi, avocat de son \u00e9tat, envers la militante Sonia Charbti et son \u00e9poux, le gouverneur de Tunis, Kamel Fekih.\" \/>\n<meta property=\"og:url\" content=\"https:\/\/kapitalis.com\/tunisie\/2022\/01\/20\/propos-irrespectueux-de-bechr-chebbi-envers-sonia-charbti-le-parquet-ouvre-une-enquete\/\" \/>\n<meta property=\"og:site_name\" content=\"Kapitalis\" \/>\n<meta property=\"article:publisher\" content=\"https:\/\/www.facebook.com\/KapitalisInfo\/\" \/>\n<meta property=\"article:published_time\" content=\"2022-01-20T20:28:59+00:00\" \/>\n<meta property=\"article:modified_time\" content=\"2022-01-20T22:11:35+00:00\" \/>\n<meta property=\"og:image\" content=\"http:\/\/kapitalis.com\/tunisie\/wp-content\/uploads\/2021\/08\/Becher-Chebbi.jpg\" \/>\n<meta name=\"author\" content=\"Yusra NY\" \/>\n<meta name=\"twitter:card\" content=\"summary_large_image\" \/>\n<meta name=\"twitter:creator\" content=\"@KapitalisInfo\" \/>\n<meta name=\"twitter:site\" content=\"@KapitalisInfo\" \/>\n<meta name=\"twitter:label1\" content=\"\u00c9crit par\" \/>\n\t<meta name=\"twitter:data1\" content=\"Yusra NY\" \/>\n\t<meta name=\"twitter:label2\" content=\"Dur\u00e9e de lecture estim\u00e9e\" \/>\n\t<meta name=\"twitter:data2\" content=\"2 minutes\" \/>\n<script type=\"application\/ld+json\" class=\"yoast-schema-graph\">{\"@context\":\"https:\/\/schema.org\",\"@graph\":[{\"@type\":\"Article\",\"@id\":\"https:\/\/kapitalis.com\/tunisie\/2022\/01\/20\/propos-irrespectueux-de-bechr-chebbi-envers-sonia-charbti-le-parquet-ouvre-une-enquete\/#article\",\"isPartOf\":{\"@id\":\"https:\/\/kapitalis.com\/tunisie\/2022\/01\/20\/propos-irrespectueux-de-bechr-chebbi-envers-sonia-charbti-le-parquet-ouvre-une-enquete\/\"},\"author\":{\"name\":\"Yusra NY\",\"@id\":\"https:\/\/kapitalis.com\/tunisie\/#\/schema\/person\/74bbde0154d49d790a92aaeac5bc01d5\"},\"headline\":\"Propos irrespectueux de Bechr Chebbi envers Sonia Charbti : Le parquet ouvre une enqu\u00eate\",\"datePublished\":\"2022-01-20T20:28:59+00:00\",\"dateModified\":\"2022-01-20T22:11:35+00:00\",\"mainEntityOfPage\":{\"@id\":\"https:\/\/kapitalis.com\/tunisie\/2022\/01\/20\/propos-irrespectueux-de-bechr-chebbi-envers-sonia-charbti-le-parquet-ouvre-une-enquete\/\"},\"wordCount\":373,\"commentCount\":3,\"publisher\":{\"@id\":\"https:\/\/kapitalis.com\/tunisie\/#organization\"},\"image\":{\"@id\":\"https:\/\/kapitalis.com\/tunisie\/2022\/01\/20\/propos-irrespectueux-de-bechr-chebbi-envers-sonia-charbti-le-parquet-ouvre-une-enquete\/#primaryimage\"},\"thumbnailUrl\":\"http:\/\/kapitalis.com\/tunisie\/wp-content\/uploads\/2021\/08\/Becher-Chebbi.jpg\",\"keywords\":[\"avocats\",\"Bechr Chebbi\",\"Bouderbala\",\"enqu\u00eate\",\"parquet\",\"Sonia Charbti\",\"Tunisie\"],\"articleSection\":[\"POLITIQUE\",\"Tunisie\"],\"inLanguage\":\"fr-FR\",\"potentialAction\":[{\"@type\":\"CommentAction\",\"name\":\"Comment\",\"target\":[\"https:\/\/kapitalis.com\/tunisie\/2022\/01\/20\/propos-irrespectueux-de-bechr-chebbi-envers-sonia-charbti-le-parquet-ouvre-une-enquete\/#respond\"]}]},{\"@type\":\"WebPage\",\"@id\":\"https:\/\/kapitalis.com\/tunisie\/2022\/01\/20\/propos-irrespectueux-de-bechr-chebbi-envers-sonia-charbti-le-parquet-ouvre-une-enquete\/\",\"url\":\"https:\/\/kapitalis.com\/tunisie\/2022\/01\/20\/propos-irrespectueux-de-bechr-chebbi-envers-sonia-charbti-le-parquet-ouvre-une-enquete\/\",\"name\":\"Propos irrespectueux de Bechr Chebbi envers Sonia Charbti : Le parquet ouvre une enqu\u00eate - Kapitalis\",\"isPartOf\":{\"@id\":\"https:\/\/kapitalis.com\/tunisie\/#website\"},\"primaryImageOfPage\":{\"@id\":\"https:\/\/kapitalis.com\/tunisie\/2022\/01\/20\/propos-irrespectueux-de-bechr-chebbi-envers-sonia-charbti-le-parquet-ouvre-une-enquete\/#primaryimage\"},\"image\":{\"@id\":\"https:\/\/kapitalis.com\/tunisie\/2022\/01\/20\/propos-irrespectueux-de-bechr-chebbi-envers-sonia-charbti-le-parquet-ouvre-une-enquete\/#primaryimage\"},\"thumbnailUrl\":\"http:\/\/kapitalis.com\/tunisie\/wp-content\/uploads\/2021\/08\/Becher-Chebbi.jpg\",\"datePublished\":\"2022-01-20T20:28:59+00:00\",\"dateModified\":\"2022-01-20T22:11:35+00:00\",\"breadcrumb\":{\"@id\":\"https:\/\/kapitalis.com\/tunisie\/2022\/01\/20\/propos-irrespectueux-de-bechr-chebbi-envers-sonia-charbti-le-parquet-ouvre-une-enquete\/#breadcrumb\"},\"inLanguage\":\"fr-FR\",\"potentialAction\":[{\"@type\":\"ReadAction\",\"target\":[\"https:\/\/kapitalis.com\/tunisie\/2022\/01\/20\/propos-irrespectueux-de-bechr-chebbi-envers-sonia-charbti-le-parquet-ouvre-une-enquete\/\"]}]},{\"@type\":\"ImageObject\",\"inLanguage\":\"fr-FR\",\"@id\":\"https:\/\/kapitalis.com\/tunisie\/2022\/01\/20\/propos-irrespectueux-de-bechr-chebbi-envers-sonia-charbti-le-parquet-ouvre-une-enquete\/#primaryimage\",\"url\":\"\",\"contentUrl\":\"\"},{\"@type\":\"BreadcrumbList\",\"@id\":\"https:\/\/kapitalis.com\/tunisie\/2022\/01\/20\/propos-irrespectueux-de-bechr-chebbi-envers-sonia-charbti-le-parquet-ouvre-une-enquete\/#breadcrumb\",\"itemListElement\":[{\"@type\":\"ListItem\",\"position\":1,\"name\":\"Accueil\",\"item\":\"https:\/\/kapitalis.com\/tunisie\/\"},{\"@type\":\"ListItem\",\"position\":2,\"name\":\"Propos irrespectueux de Bechr Chebbi envers Sonia Charbti : Le parquet ouvre une enqu\u00eate\"}]},{\"@type\":\"WebSite\",\"@id\":\"https:\/\/kapitalis.com\/tunisie\/#website\",\"url\":\"https:\/\/kapitalis.com\/tunisie\/\",\"name\":\"Kapitalis\",\"description\":\"L&#039;actualit\u00e9 en Tunisie et dans le monde\",\"publisher\":{\"@id\":\"https:\/\/kapitalis.com\/tunisie\/#organization\"},\"potentialAction\":[{\"@type\":\"SearchAction\",\"target\":{\"@type\":\"EntryPoint\",\"urlTemplate\":\"https:\/\/kapitalis.com\/tunisie\/?s={search_term_string}\"},\"query-input\":{\"@type\":\"PropertyValueSpecification\",\"valueRequired\":true,\"valueName\":\"search_term_string\"}}],\"inLanguage\":\"fr-FR\"},{\"@type\":\"Organization\",\"@id\":\"https:\/\/kapitalis.com\/tunisie\/#organization\",\"name\":\"Kapitalis\",\"url\":\"https:\/\/kapitalis.com\/tunisie\/\",\"logo\":{\"@type\":\"ImageObject\",\"inLanguage\":\"fr-FR\",\"@id\":\"https:\/\/kapitalis.com\/tunisie\/#\/schema\/logo\/image\/\",\"url\":\"https:\/\/kapitalis.com\/tunisie\/wp-content\/uploads\/2022\/05\/Kapitalis-big-size.png\",\"contentUrl\":\"https:\/\/kapitalis.com\/tunisie\/wp-content\/uploads\/2022\/05\/Kapitalis-big-size.png\",\"width\":5000,\"height\":1500,\"caption\":\"Kapitalis\"},\"image\":{\"@id\":\"https:\/\/kapitalis.com\/tunisie\/#\/schema\/logo\/image\/\"},\"sameAs\":[\"https:\/\/www.facebook.com\/KapitalisInfo\/\",\"https:\/\/x.com\/KapitalisInfo\",\"https:\/\/www.youtube.com\/channel\/UC-yDYrHyfFBWWZaOw3FPg9Q\"]},{\"@type\":\"Person\",\"@id\":\"https:\/\/kapitalis.com\/tunisie\/#\/schema\/person\/74bbde0154d49d790a92aaeac5bc01d5\",\"name\":\"Yusra NY\",\"url\":\"https:\/\/kapitalis.com\/tunisie\/author\/yuza_adam\/\"}]}<\/script>\n<!-- \/ Yoast SEO plugin. -->","yoast_head_json":{"title":"Propos irrespectueux de Bechr Chebbi envers Sonia Charbti : Le parquet ouvre une enqu\u00eate - Kapitalis","robots":{"index":"index","follow":"follow","max-snippet":"max-snippet:-1","max-image-preview":"max-image-preview:large","max-video-preview":"max-video-preview:-1"},"canonical":"https:\/\/kapitalis.com\/tunisie\/2022\/01\/20\/propos-irrespectueux-de-bechr-chebbi-envers-sonia-charbti-le-parquet-ouvre-une-enquete\/","og_locale":"fr_FR","og_type":"article","og_title":"Propos irrespectueux de Bechr Chebbi envers Sonia Charbti : Le parquet ouvre une enqu\u00eate - Kapitalis","og_description":"Le parquet a ouvert une enqu\u00eate suite aux propos irrespectueux et misogynes du d\u00e9put\u00e9 (gel\u00e9) du parti islamiste Ennahdha Bechr Chebbi, avocat de son \u00e9tat, envers la militante Sonia Charbti et son \u00e9poux, le gouverneur de Tunis, Kamel Fekih.","og_url":"https:\/\/kapitalis.com\/tunisie\/2022\/01\/20\/propos-irrespectueux-de-bechr-chebbi-envers-sonia-charbti-le-parquet-ouvre-une-enquete\/","og_site_name":"Kapitalis","article_publisher":"https:\/\/www.facebook.com\/KapitalisInfo\/","article_published_time":"2022-01-20T20:28:59+00:00","article_modified_time":"2022-01-20T22:11:35+00:00","og_image":[{"url":"http:\/\/kapitalis.com\/tunisie\/wp-content\/uploads\/2021\/08\/Becher-Chebbi.jpg","type":"","width":"","height":""}],"author":"Yusra NY","twitter_card":"summary_large_image","twitter_creator":"@KapitalisInfo","twitter_site":"@KapitalisInfo","twitter_misc":{"\u00c9crit par":"Yusra NY","Dur\u00e9e de lecture estim\u00e9e":"2 minutes"},"schema":{"@context":"https:\/\/schema.org","@graph":[{"@type":"Article","@id":"https:\/\/kapitalis.com\/tunisie\/2022\/01\/20\/propos-irrespectueux-de-bechr-chebbi-envers-sonia-charbti-le-parquet-ouvre-une-enquete\/#article","isPartOf":{"@id":"https:\/\/kapitalis.com\/tunisie\/2022\/01\/20\/propos-irrespectueux-de-bechr-chebbi-envers-sonia-charbti-le-parquet-ouvre-une-enquete\/"},"author":{"name":"Yusra NY","@id":"https:\/\/kapitalis.com\/tunisie\/#\/schema\/person\/74bbde0154d49d790a92aaeac5bc01d5"},"headline":"Propos irrespectueux de Bechr Chebbi envers Sonia Charbti : Le parquet ouvre une enqu\u00eate","datePublished":"2022-01-20T20:28:59+00:00","dateModified":"2022-01-20T22:11:35+00:00","mainEntityOfPage":{"@id":"https:\/\/kapitalis.com\/tunisie\/2022\/01\/20\/propos-irrespectueux-de-bechr-chebbi-envers-sonia-charbti-le-parquet-ouvre-une-enquete\/"},"wordCount":373,"commentCount":3,"publisher":{"@id":"https:\/\/kapitalis.com\/tunisie\/#organization"},"image":{"@id":"https:\/\/kapitalis.com\/tunisie\/2022\/01\/20\/propos-irrespectueux-de-bechr-chebbi-envers-sonia-charbti-le-parquet-ouvre-une-enquete\/#primaryimage"},"thumbnailUrl":"http:\/\/kapitalis.com\/tunisie\/wp-content\/uploads\/2021\/08\/Becher-Chebbi.jpg","keywords":["avocats","Bechr Chebbi","Bouderbala","enqu\u00eate","parquet","Sonia Charbti","Tunisie"],"articleSection":["POLITIQUE","Tunisie"],"inLanguage":"fr-FR","potentialAction":[{"@type":"CommentAction","name":"Comment","target":["https:\/\/kapitalis.com\/tunisie\/2022\/01\/20\/propos-irrespectueux-de-bechr-chebbi-envers-sonia-charbti-le-parquet-ouvre-une-enquete\/#respond"]}]},{"@type":"WebPage","@id":"https:\/\/kapitalis.com\/tunisie\/2022\/01\/20\/propos-irrespectueux-de-bechr-chebbi-envers-sonia-charbti-le-parquet-ouvre-une-enquete\/","url":"https:\/\/kapitalis.com\/tunisie\/2022\/01\/20\/propos-irrespectueux-de-bechr-chebbi-envers-sonia-charbti-le-parquet-ouvre-une-enquete\/","name":"Propos irrespectueux de Bechr Chebbi envers Sonia Charbti : Le parquet ouvre une enqu\u00eate - Kapitalis","isPartOf":{"@id":"https:\/\/kapitalis.com\/tunisie\/#website"},"primaryImageOfPage":{"@id":"https:\/\/kapitalis.com\/tunisie\/2022\/01\/20\/propos-irrespectueux-de-bechr-chebbi-envers-sonia-charbti-le-parquet-ouvre-une-enquete\/#primaryimage"},"image":{"@id":"https:\/\/kapitalis.com\/tunisie\/2022\/01\/20\/propos-irrespectueux-de-bechr-chebbi-envers-sonia-charbti-le-parquet-ouvre-une-enquete\/#primaryimage"},"thumbnailUrl":"http:\/\/kapitalis.com\/tunisie\/wp-content\/uploads\/2021\/08\/Becher-Chebbi.jpg","datePublished":"2022-01-20T20:28:59+00:00","dateModified":"2022-01-20T22:11:35+00:00","breadcrumb":{"@id":"https:\/\/kapitalis.com\/tunisie\/2022\/01\/20\/propos-irrespectueux-de-bechr-chebbi-envers-sonia-charbti-le-parquet-ouvre-une-enquete\/#breadcrumb"},"inLanguage":"fr-FR","potentialAction":[{"@type":"ReadAction","target":["https:\/\/kapitalis.com\/tunisie\/2022\/01\/20\/propos-irrespectueux-de-bechr-chebbi-envers-sonia-charbti-le-parquet-ouvre-une-enquete\/"]}]},{"@type":"ImageObject","inLanguage":"fr-FR","@id":"https:\/\/kapitalis.com\/tunisie\/2022\/01\/20\/propos-irrespectueux-de-bechr-chebbi-envers-sonia-charbti-le-parquet-ouvre-une-enquete\/#primaryimage","url":"","contentUrl":""},{"@type":"BreadcrumbList","@id":"https:\/\/kapitalis.com\/tunisie\/2022\/01\/20\/propos-irrespectueux-de-bechr-chebbi-envers-sonia-charbti-le-parquet-ouvre-une-enquete\/#breadcrumb","itemListElement":[{"@type":"ListItem","position":1,"name":"Accueil","item":"https:\/\/kapitalis.com\/tunisie\/"},{"@type":"ListItem","position":2,"name":"Propos irrespectueux de Bechr Chebbi envers Sonia Charbti : Le parquet ouvre une enqu\u00eate"}]},{"@type":"WebSite","@id":"https:\/\/kapitalis.com\/tunisie\/#website","url":"https:\/\/kapitalis.com\/tunisie\/","name":"Kapitalis","description":"L&#039;actualit\u00e9 en Tunisie et dans le monde","publisher":{"@id":"https:\/\/kapitalis.com\/tunisie\/#organization"},"potentialAction":[{"@type":"SearchAction","target":{"@type":"EntryPoint","urlTemplate":"https:\/\/kapitalis.com\/tunisie\/?s={search_term_string}"},"query-input":{"@type":"PropertyValueSpecification","valueRequired":true,"valueName":"search_term_string"}}],"inLanguage":"fr-FR"},{"@type":"Organization","@id":"https:\/\/kapitalis.com\/tunisie\/#organization","name":"Kapitalis","url":"https:\/\/kapitalis.com\/tunisie\/","logo":{"@type":"ImageObject","inLanguage":"fr-FR","@id":"https:\/\/kapitalis.com\/tunisie\/#\/schema\/logo\/image\/","url":"https:\/\/kapitalis.com\/tunisie\/wp-content\/uploads\/2022\/05\/Kapitalis-big-size.png","contentUrl":"https:\/\/kapitalis.com\/tunisie\/wp-content\/uploads\/2022\/05\/Kapitalis-big-size.png","width":5000,"height":1500,"caption":"Kapitalis"},"image":{"@id":"https:\/\/kapitalis.com\/tunisie\/#\/schema\/logo\/image\/"},"sameAs":["https:\/\/www.facebook.com\/KapitalisInfo\/","https:\/\/x.com\/KapitalisInfo","https:\/\/www.youtube.com\/channel\/UC-yDYrHyfFBWWZaOw3FPg9Q"]},{"@type":"Person","@id":"https:\/\/kapitalis.com\/tunisie\/#\/schema\/person\/74bbde0154d49d790a92aaeac5bc01d5","name":"Yusra NY","url":"https:\/\/kapitalis.com\/tunisie\/author\/yuza_adam\/"}]}},"_links":{"self":[{"href":"https:\/\/kapitalis.com\/tunisie\/wp-json\/wp\/v2\/posts\/377876","targetHints":{"allow":["GET"]}}],"collection":[{"href":"https:\/\/kapitalis.com\/tunisie\/wp-json\/wp\/v2\/posts"}],"about":[{"href":"https:\/\/kapitalis.com\/tunisie\/wp-json\/wp\/v2\/types\/post"}],"author":[{"embeddable":true,"href":"https:\/\/kapitalis.com\/tunisie\/wp-json\/wp\/v2\/users\/6"}],"replies":[{"embeddable":true,"href":"https:\/\/kapitalis.com\/tunisie\/wp-json\/wp\/v2\/comments?post=377876"}],"version-history":[{"count":0,"href":"https:\/\/kapitalis.com\/tunisie\/wp-json\/wp\/v2\/posts\/377876\/revisions"}],"wp:attachment":[{"href":"https:\/\/kapitalis.com\/tunisie\/wp-json\/wp\/v2\/media?parent=377876"}],"wp:term":[{"taxonomy":"category","embeddable":true,"href":"https:\/\/kapitalis.com\/tunisie\/wp-json\/wp\/v2\/categories?post=377876"},{"taxonomy":"post_tag","embeddable":true,"href":"https:\/\/kapitalis.com\/tunisie\/wp-json\/wp\/v2\/tags?post=377876"}],"curies":[{"name":"wp","href":"https:\/\/api.w.org\/{rel}","templated":true}]}}