{"id":377909,"date":"2022-01-21T11:33:13","date_gmt":"2022-01-21T10:33:13","guid":{"rendered":"http:\/\/kapitalis.com\/tunisie\/?p=377909"},"modified":"2022-01-21T11:35:33","modified_gmt":"2022-01-21T10:35:33","slug":"affaire-du-calligraphe-saja-a-lexpo-dubai-le-cepex-riposte-et-denonce-les-propos-diffamatoires-de-lartiste","status":"publish","type":"post","link":"https:\/\/kapitalis.com\/tunisie\/2022\/01\/21\/affaire-du-calligraphe-saja-a-lexpo-dubai-le-cepex-riposte-et-denonce-les-propos-diffamatoires-de-lartiste\/","title":{"rendered":"Affaire du calligraphe Saja \u00e0 l\u2019Expo Duba\u00ef : Le Cepex riposte et d\u00e9nonce les propos diffamatoires de l\u2019artiste"},"content":{"rendered":"\n<div class=\"wp-block-image\"><figure class=\"aligncenter size-full\"><img decoding=\"async\" src=\"http:\/\/kapitalis.com\/tunisie\/wp-content\/uploads\/2022\/01\/Untitled-2-7.jpg\" alt=\"\" class=\"wp-image-377910\"\/><\/figure><\/div>\n\n\n\n<p><em><strong>Suite \u00e0 la lettre ouverte dans laquelle l\u2019artiste Saja avait exig\u00e9 la r\u00e9cup\u00e9ration de ses \u0153uvres du pavillon tunisien de l\u2019Expo Duba\u00ef et dans laquelle il avait d\u00e9nonc\u00e9 \u00ab\u00a0le manque de respect et de professionnalisme de la part du Cepex\u00a0\u00bb, ce dernier n\u2019a pas tard\u00e9 \u00e0 riposter et a exprim\u00e9 son indignation quant aux \u00ab\u00a0propos diffamatoires\u00a0\u00bb de l\u2019artiste.<\/strong><\/em><\/p>\n\n\n\n<!--more-->\n\n\n\n<p>L\u2019artiste calligraphe Saja avait publi\u00e9 le dimanche 16 janvier une lettre ouverte o\u00f9 il s&rsquo;adressait aux hauts responsables de l\u2019Etat exigeant la r\u00e9cup\u00e9ration imm\u00e9diate de ses toiles expos\u00e9es dans le cadre de l\u2019exposition universelle Expo Duba\u00ef au sein du pavillon tunisien. Cette demande vient suite aux \u00ab\u00a0<em>fausses promesses du Cepex<\/em>\u00ab\u00a0, avait indiqu\u00e9 l\u2019artiste, qui a par la m\u00eame occasion d\u00e9nonc\u00e9 la violation de ses droits d\u2019artiste, puisqu\u2019aucun contrat n\u2019a \u00e9t\u00e9 sign\u00e9 et que ses toiles \u00e9taient rest\u00e9es dans un pavillon VIP ferm\u00e9 et inaccessible de la part des visiteurs.<\/p>\n\n\n\n<p>L\u2019artiste a b\u00e9n\u00e9fici\u00e9 d\u00e8s l\u2019or d\u2019un grand soutien m\u00e9diatique, mais, quelques jours plus tard, le Cepex est sorti de son silence pour apporter une tout autre version de l\u2019histoire. \u00ab\u00a0<em>Il importe de pr\u00e9ciser que le Cepex a respect\u00e9 au pied de la lettre l\u2019accord avec l\u2019artiste en question qui stipule l\u2019exposition de ses toiles \u00e0 l\u2019espace VIP situ\u00e9 au 1er \u00e9tage du pavillon. (\u2026) L&rsquo;artiste en question a sciemment omis de reconna\u00eetre qu&rsquo;il a eu le privil\u00e8ge d&rsquo;exposer gratuitement \u00e0 Expo Dubai et de b\u00e9n\u00e9ficier de facto d&rsquo;une visibilit\u00e9 sans commune mesure comme l&rsquo;attestent les diff\u00e9rents reportages et articles parus dans les m\u00e9dias et qu&rsquo;il a lui-m\u00eame vant\u00e9s. (\u2026) Nous rappelons \u00e0 M. Saja que le pavillon ob\u00e9it \u00e0 un concept harmonieux et un parcours coh\u00e9rent pr\u00e9alablement d\u00e9fini par l\u2019\u00e9quipe d\u2019architectes et de concepteurs qui a travaill\u00e9 pendant des mois sur ce projet pour traduire les \u00e9l\u00e9ments d&rsquo;exposition, les th\u00e8mes et les objectifs tels que trac\u00e9s par le Comit\u00e9 nationa<\/em>l\u00a0\u00bb, indique le communiqu\u00e9 du Cepex.<\/p>\n\n\n\n<p>Le Cepex a \u00e9galement pr\u00e9cis\u00e9 qu\u2019en l\u2019absence d\u2019un contrat, il est difficile de d\u00e9limiter les droits, les obligations et les responsabilit\u00e9s de chaque partie, mais que l\u2019artiste pourrait r\u00e9cup\u00e9rer ses \u0153uvres en formulant une demande \u00e9crite au Commissariat g\u00e9n\u00e9ral de la Tunisie \u00e0 Expo Dubai.<\/p>\n\n\n\n<p>\u00ab\u00a0<em>\u00c0 cet effet, nous exigeons des excuses publiques de la part de l&rsquo;artiste pour le pr\u00e9judice que cela a occasionn\u00e9 aussi bien \u00e0 l&rsquo;institution du Cepex qu&rsquo;\u00e0 la r\u00e9putation de son personnel\u00a0<\/em>\u00bb, a conclu le Centre de Promotion des Exportations Cepex.<\/p>\n\n\n\n<p class=\"has-text-align-right\"><strong>F.B<\/strong><\/p>\n","protected":false},"excerpt":{"rendered":"<p>Suite \u00e0 la lettre ouverte dans laquelle l\u2019artiste Saja avait exig\u00e9 la r\u00e9cup\u00e9ration de ses \u0153uvres du pavillon tunisien de l\u2019Expo Duba\u00ef et dans laquelle il avait d\u00e9nonc\u00e9 \u00ab\u00a0le manque de respect et de professionnalisme de la part du Cepex\u00a0\u00bb, ce dernier n\u2019a pas tard\u00e9 \u00e0 riposter et a exprim\u00e9 son indignation quant aux \u00ab\u00a0propos&#8230;<\/p>\n","protected":false},"author":26,"featured_media":377910,"comment_status":"open","ping_status":"open","sticky":false,"template":"","format":"standard","meta":{"footnotes":""},"categories":[994,2433],"tags":[96518,1575,88800,93736,62643],"class_list":["post-377909","post","type-post","status-publish","format-standard","has-post-thumbnail","hentry","category-culture","category-tunisie","tag-artiste-saja","tag-cepex","tag-expo-dubai-2020","tag-pavillon-tunisien-expo-dubai","tag-tunisie"],"yoast_head":"<!-- This site is optimized with the Yoast SEO plugin v26.6 - https:\/\/yoast.com\/wordpress\/plugins\/seo\/ -->\n<title>Affaire du calligraphe Saja \u00e0 l\u2019Expo Duba\u00ef : Le Cepex riposte et d\u00e9nonce les propos diffamatoires de l\u2019artiste - Kapitalis<\/title>\n<meta name=\"robots\" content=\"index, follow, max-snippet:-1, max-image-preview:large, max-video-preview:-1\" \/>\n<link rel=\"canonical\" href=\"https:\/\/kapitalis.com\/tunisie\/2022\/01\/21\/affaire-du-calligraphe-saja-a-lexpo-dubai-le-cepex-riposte-et-denonce-les-propos-diffamatoires-de-lartiste\/\" \/>\n<meta property=\"og:locale\" content=\"fr_FR\" \/>\n<meta property=\"og:type\" content=\"article\" \/>\n<meta property=\"og:title\" content=\"Affaire du calligraphe Saja \u00e0 l\u2019Expo Duba\u00ef : Le Cepex riposte et d\u00e9nonce les propos diffamatoires de l\u2019artiste - Kapitalis\" \/>\n<meta property=\"og:description\" content=\"Suite \u00e0 la lettre ouverte dans laquelle l\u2019artiste Saja avait exig\u00e9 la r\u00e9cup\u00e9ration de ses \u0153uvres du pavillon tunisien de l\u2019Expo Duba\u00ef et dans laquelle il avait d\u00e9nonc\u00e9 \u00ab\u00a0le manque de respect et de professionnalisme de la part du Cepex\u00a0\u00bb, ce dernier n\u2019a pas tard\u00e9 \u00e0 riposter et a exprim\u00e9 son indignation quant aux \u00ab\u00a0propos...\" \/>\n<meta property=\"og:url\" content=\"https:\/\/kapitalis.com\/tunisie\/2022\/01\/21\/affaire-du-calligraphe-saja-a-lexpo-dubai-le-cepex-riposte-et-denonce-les-propos-diffamatoires-de-lartiste\/\" \/>\n<meta property=\"og:site_name\" content=\"Kapitalis\" \/>\n<meta property=\"article:publisher\" content=\"https:\/\/www.facebook.com\/KapitalisInfo\/\" \/>\n<meta property=\"article:published_time\" content=\"2022-01-21T10:33:13+00:00\" \/>\n<meta property=\"article:modified_time\" content=\"2022-01-21T10:35:33+00:00\" \/>\n<meta property=\"og:image\" content=\"https:\/\/kapitalis.com\/tunisie\/wp-content\/uploads\/2022\/05\/kapitalis-logo-fb.png\" \/>\n\t<meta property=\"og:image:width\" content=\"1200\" \/>\n\t<meta property=\"og:image:height\" content=\"630\" \/>\n\t<meta property=\"og:image:type\" content=\"image\/png\" \/>\n<meta name=\"author\" content=\"Fawz BenAli\" \/>\n<meta name=\"twitter:card\" content=\"summary_large_image\" \/>\n<meta name=\"twitter:creator\" content=\"@KapitalisInfo\" \/>\n<meta name=\"twitter:site\" content=\"@KapitalisInfo\" \/>\n<meta name=\"twitter:label1\" content=\"\u00c9crit par\" \/>\n\t<meta name=\"twitter:data1\" content=\"Fawz BenAli\" \/>\n\t<meta name=\"twitter:label2\" content=\"Dur\u00e9e de lecture estim\u00e9e\" \/>\n\t<meta name=\"twitter:data2\" content=\"2 minutes\" \/>\n<script type=\"application\/ld+json\" class=\"yoast-schema-graph\">{\"@context\":\"https:\/\/schema.org\",\"@graph\":[{\"@type\":\"Article\",\"@id\":\"https:\/\/kapitalis.com\/tunisie\/2022\/01\/21\/affaire-du-calligraphe-saja-a-lexpo-dubai-le-cepex-riposte-et-denonce-les-propos-diffamatoires-de-lartiste\/#article\",\"isPartOf\":{\"@id\":\"https:\/\/kapitalis.com\/tunisie\/2022\/01\/21\/affaire-du-calligraphe-saja-a-lexpo-dubai-le-cepex-riposte-et-denonce-les-propos-diffamatoires-de-lartiste\/\"},\"author\":{\"name\":\"Fawz BenAli\",\"@id\":\"https:\/\/kapitalis.com\/tunisie\/#\/schema\/person\/73a5ecc1f6ae540c6ed91342eadca948\"},\"headline\":\"Affaire du calligraphe Saja \u00e0 l\u2019Expo Duba\u00ef : Le Cepex riposte et d\u00e9nonce les propos diffamatoires de l\u2019artiste\",\"datePublished\":\"2022-01-21T10:33:13+00:00\",\"dateModified\":\"2022-01-21T10:35:33+00:00\",\"mainEntityOfPage\":{\"@id\":\"https:\/\/kapitalis.com\/tunisie\/2022\/01\/21\/affaire-du-calligraphe-saja-a-lexpo-dubai-le-cepex-riposte-et-denonce-les-propos-diffamatoires-de-lartiste\/\"},\"wordCount\":471,\"commentCount\":1,\"publisher\":{\"@id\":\"https:\/\/kapitalis.com\/tunisie\/#organization\"},\"image\":{\"@id\":\"https:\/\/kapitalis.com\/tunisie\/2022\/01\/21\/affaire-du-calligraphe-saja-a-lexpo-dubai-le-cepex-riposte-et-denonce-les-propos-diffamatoires-de-lartiste\/#primaryimage\"},\"thumbnailUrl\":\"\",\"keywords\":[\"artiste Saja\",\"Cepex\",\"Expo Duba\u00ef 2020\",\"pavillon tunisien Expo Duba\u00ef\",\"Tunisie\"],\"articleSection\":[\"CULTURE\",\"Tunisie\"],\"inLanguage\":\"fr-FR\",\"potentialAction\":[{\"@type\":\"CommentAction\",\"name\":\"Comment\",\"target\":[\"https:\/\/kapitalis.com\/tunisie\/2022\/01\/21\/affaire-du-calligraphe-saja-a-lexpo-dubai-le-cepex-riposte-et-denonce-les-propos-diffamatoires-de-lartiste\/#respond\"]}]},{\"@type\":\"WebPage\",\"@id\":\"https:\/\/kapitalis.com\/tunisie\/2022\/01\/21\/affaire-du-calligraphe-saja-a-lexpo-dubai-le-cepex-riposte-et-denonce-les-propos-diffamatoires-de-lartiste\/\",\"url\":\"https:\/\/kapitalis.com\/tunisie\/2022\/01\/21\/affaire-du-calligraphe-saja-a-lexpo-dubai-le-cepex-riposte-et-denonce-les-propos-diffamatoires-de-lartiste\/\",\"name\":\"Affaire du calligraphe Saja \u00e0 l\u2019Expo Duba\u00ef : Le Cepex riposte et d\u00e9nonce les propos diffamatoires de l\u2019artiste - Kapitalis\",\"isPartOf\":{\"@id\":\"https:\/\/kapitalis.com\/tunisie\/#website\"},\"primaryImageOfPage\":{\"@id\":\"https:\/\/kapitalis.com\/tunisie\/2022\/01\/21\/affaire-du-calligraphe-saja-a-lexpo-dubai-le-cepex-riposte-et-denonce-les-propos-diffamatoires-de-lartiste\/#primaryimage\"},\"image\":{\"@id\":\"https:\/\/kapitalis.com\/tunisie\/2022\/01\/21\/affaire-du-calligraphe-saja-a-lexpo-dubai-le-cepex-riposte-et-denonce-les-propos-diffamatoires-de-lartiste\/#primaryimage\"},\"thumbnailUrl\":\"\",\"datePublished\":\"2022-01-21T10:33:13+00:00\",\"dateModified\":\"2022-01-21T10:35:33+00:00\",\"breadcrumb\":{\"@id\":\"https:\/\/kapitalis.com\/tunisie\/2022\/01\/21\/affaire-du-calligraphe-saja-a-lexpo-dubai-le-cepex-riposte-et-denonce-les-propos-diffamatoires-de-lartiste\/#breadcrumb\"},\"inLanguage\":\"fr-FR\",\"potentialAction\":[{\"@type\":\"ReadAction\",\"target\":[\"https:\/\/kapitalis.com\/tunisie\/2022\/01\/21\/affaire-du-calligraphe-saja-a-lexpo-dubai-le-cepex-riposte-et-denonce-les-propos-diffamatoires-de-lartiste\/\"]}]},{\"@type\":\"ImageObject\",\"inLanguage\":\"fr-FR\",\"@id\":\"https:\/\/kapitalis.com\/tunisie\/2022\/01\/21\/affaire-du-calligraphe-saja-a-lexpo-dubai-le-cepex-riposte-et-denonce-les-propos-diffamatoires-de-lartiste\/#primaryimage\",\"url\":\"\",\"contentUrl\":\"\"},{\"@type\":\"BreadcrumbList\",\"@id\":\"https:\/\/kapitalis.com\/tunisie\/2022\/01\/21\/affaire-du-calligraphe-saja-a-lexpo-dubai-le-cepex-riposte-et-denonce-les-propos-diffamatoires-de-lartiste\/#breadcrumb\",\"itemListElement\":[{\"@type\":\"ListItem\",\"position\":1,\"name\":\"Accueil\",\"item\":\"https:\/\/kapitalis.com\/tunisie\/\"},{\"@type\":\"ListItem\",\"position\":2,\"name\":\"Affaire du calligraphe Saja \u00e0 l\u2019Expo Duba\u00ef : Le Cepex riposte et d\u00e9nonce les propos diffamatoires de l\u2019artiste\"}]},{\"@type\":\"WebSite\",\"@id\":\"https:\/\/kapitalis.com\/tunisie\/#website\",\"url\":\"https:\/\/kapitalis.com\/tunisie\/\",\"name\":\"Kapitalis\",\"description\":\"L&#039;actualit\u00e9 en Tunisie et dans le monde\",\"publisher\":{\"@id\":\"https:\/\/kapitalis.com\/tunisie\/#organization\"},\"potentialAction\":[{\"@type\":\"SearchAction\",\"target\":{\"@type\":\"EntryPoint\",\"urlTemplate\":\"https:\/\/kapitalis.com\/tunisie\/?s={search_term_string}\"},\"query-input\":{\"@type\":\"PropertyValueSpecification\",\"valueRequired\":true,\"valueName\":\"search_term_string\"}}],\"inLanguage\":\"fr-FR\"},{\"@type\":\"Organization\",\"@id\":\"https:\/\/kapitalis.com\/tunisie\/#organization\",\"name\":\"Kapitalis\",\"url\":\"https:\/\/kapitalis.com\/tunisie\/\",\"logo\":{\"@type\":\"ImageObject\",\"inLanguage\":\"fr-FR\",\"@id\":\"https:\/\/kapitalis.com\/tunisie\/#\/schema\/logo\/image\/\",\"url\":\"https:\/\/kapitalis.com\/tunisie\/wp-content\/uploads\/2022\/05\/Kapitalis-big-size.png\",\"contentUrl\":\"https:\/\/kapitalis.com\/tunisie\/wp-content\/uploads\/2022\/05\/Kapitalis-big-size.png\",\"width\":5000,\"height\":1500,\"caption\":\"Kapitalis\"},\"image\":{\"@id\":\"https:\/\/kapitalis.com\/tunisie\/#\/schema\/logo\/image\/\"},\"sameAs\":[\"https:\/\/www.facebook.com\/KapitalisInfo\/\",\"https:\/\/x.com\/KapitalisInfo\",\"https:\/\/www.youtube.com\/channel\/UC-yDYrHyfFBWWZaOw3FPg9Q\"]},{\"@type\":\"Person\",\"@id\":\"https:\/\/kapitalis.com\/tunisie\/#\/schema\/person\/73a5ecc1f6ae540c6ed91342eadca948\",\"name\":\"Fawz BenAli\",\"url\":\"https:\/\/kapitalis.com\/tunisie\/author\/fawz\/\"}]}<\/script>\n<!-- \/ Yoast SEO plugin. -->","yoast_head_json":{"title":"Affaire du calligraphe Saja \u00e0 l\u2019Expo Duba\u00ef : Le Cepex riposte et d\u00e9nonce les propos diffamatoires de l\u2019artiste - Kapitalis","robots":{"index":"index","follow":"follow","max-snippet":"max-snippet:-1","max-image-preview":"max-image-preview:large","max-video-preview":"max-video-preview:-1"},"canonical":"https:\/\/kapitalis.com\/tunisie\/2022\/01\/21\/affaire-du-calligraphe-saja-a-lexpo-dubai-le-cepex-riposte-et-denonce-les-propos-diffamatoires-de-lartiste\/","og_locale":"fr_FR","og_type":"article","og_title":"Affaire du calligraphe Saja \u00e0 l\u2019Expo Duba\u00ef : Le Cepex riposte et d\u00e9nonce les propos diffamatoires de l\u2019artiste - Kapitalis","og_description":"Suite \u00e0 la lettre ouverte dans laquelle l\u2019artiste Saja avait exig\u00e9 la r\u00e9cup\u00e9ration de ses \u0153uvres du pavillon tunisien de l\u2019Expo Duba\u00ef et dans laquelle il avait d\u00e9nonc\u00e9 \u00ab\u00a0le manque de respect et de professionnalisme de la part du Cepex\u00a0\u00bb, ce dernier n\u2019a pas tard\u00e9 \u00e0 riposter et a exprim\u00e9 son indignation quant aux \u00ab\u00a0propos...","og_url":"https:\/\/kapitalis.com\/tunisie\/2022\/01\/21\/affaire-du-calligraphe-saja-a-lexpo-dubai-le-cepex-riposte-et-denonce-les-propos-diffamatoires-de-lartiste\/","og_site_name":"Kapitalis","article_publisher":"https:\/\/www.facebook.com\/KapitalisInfo\/","article_published_time":"2022-01-21T10:33:13+00:00","article_modified_time":"2022-01-21T10:35:33+00:00","og_image":[{"width":1200,"height":630,"url":"https:\/\/kapitalis.com\/tunisie\/wp-content\/uploads\/2022\/05\/kapitalis-logo-fb.png","type":"image\/png"}],"author":"Fawz BenAli","twitter_card":"summary_large_image","twitter_creator":"@KapitalisInfo","twitter_site":"@KapitalisInfo","twitter_misc":{"\u00c9crit par":"Fawz BenAli","Dur\u00e9e de lecture estim\u00e9e":"2 minutes"},"schema":{"@context":"https:\/\/schema.org","@graph":[{"@type":"Article","@id":"https:\/\/kapitalis.com\/tunisie\/2022\/01\/21\/affaire-du-calligraphe-saja-a-lexpo-dubai-le-cepex-riposte-et-denonce-les-propos-diffamatoires-de-lartiste\/#article","isPartOf":{"@id":"https:\/\/kapitalis.com\/tunisie\/2022\/01\/21\/affaire-du-calligraphe-saja-a-lexpo-dubai-le-cepex-riposte-et-denonce-les-propos-diffamatoires-de-lartiste\/"},"author":{"name":"Fawz BenAli","@id":"https:\/\/kapitalis.com\/tunisie\/#\/schema\/person\/73a5ecc1f6ae540c6ed91342eadca948"},"headline":"Affaire du calligraphe Saja \u00e0 l\u2019Expo Duba\u00ef : Le Cepex riposte et d\u00e9nonce les propos diffamatoires de l\u2019artiste","datePublished":"2022-01-21T10:33:13+00:00","dateModified":"2022-01-21T10:35:33+00:00","mainEntityOfPage":{"@id":"https:\/\/kapitalis.com\/tunisie\/2022\/01\/21\/affaire-du-calligraphe-saja-a-lexpo-dubai-le-cepex-riposte-et-denonce-les-propos-diffamatoires-de-lartiste\/"},"wordCount":471,"commentCount":1,"publisher":{"@id":"https:\/\/kapitalis.com\/tunisie\/#organization"},"image":{"@id":"https:\/\/kapitalis.com\/tunisie\/2022\/01\/21\/affaire-du-calligraphe-saja-a-lexpo-dubai-le-cepex-riposte-et-denonce-les-propos-diffamatoires-de-lartiste\/#primaryimage"},"thumbnailUrl":"","keywords":["artiste Saja","Cepex","Expo Duba\u00ef 2020","pavillon tunisien Expo Duba\u00ef","Tunisie"],"articleSection":["CULTURE","Tunisie"],"inLanguage":"fr-FR","potentialAction":[{"@type":"CommentAction","name":"Comment","target":["https:\/\/kapitalis.com\/tunisie\/2022\/01\/21\/affaire-du-calligraphe-saja-a-lexpo-dubai-le-cepex-riposte-et-denonce-les-propos-diffamatoires-de-lartiste\/#respond"]}]},{"@type":"WebPage","@id":"https:\/\/kapitalis.com\/tunisie\/2022\/01\/21\/affaire-du-calligraphe-saja-a-lexpo-dubai-le-cepex-riposte-et-denonce-les-propos-diffamatoires-de-lartiste\/","url":"https:\/\/kapitalis.com\/tunisie\/2022\/01\/21\/affaire-du-calligraphe-saja-a-lexpo-dubai-le-cepex-riposte-et-denonce-les-propos-diffamatoires-de-lartiste\/","name":"Affaire du calligraphe Saja \u00e0 l\u2019Expo Duba\u00ef : Le Cepex riposte et d\u00e9nonce les propos diffamatoires de l\u2019artiste - Kapitalis","isPartOf":{"@id":"https:\/\/kapitalis.com\/tunisie\/#website"},"primaryImageOfPage":{"@id":"https:\/\/kapitalis.com\/tunisie\/2022\/01\/21\/affaire-du-calligraphe-saja-a-lexpo-dubai-le-cepex-riposte-et-denonce-les-propos-diffamatoires-de-lartiste\/#primaryimage"},"image":{"@id":"https:\/\/kapitalis.com\/tunisie\/2022\/01\/21\/affaire-du-calligraphe-saja-a-lexpo-dubai-le-cepex-riposte-et-denonce-les-propos-diffamatoires-de-lartiste\/#primaryimage"},"thumbnailUrl":"","datePublished":"2022-01-21T10:33:13+00:00","dateModified":"2022-01-21T10:35:33+00:00","breadcrumb":{"@id":"https:\/\/kapitalis.com\/tunisie\/2022\/01\/21\/affaire-du-calligraphe-saja-a-lexpo-dubai-le-cepex-riposte-et-denonce-les-propos-diffamatoires-de-lartiste\/#breadcrumb"},"inLanguage":"fr-FR","potentialAction":[{"@type":"ReadAction","target":["https:\/\/kapitalis.com\/tunisie\/2022\/01\/21\/affaire-du-calligraphe-saja-a-lexpo-dubai-le-cepex-riposte-et-denonce-les-propos-diffamatoires-de-lartiste\/"]}]},{"@type":"ImageObject","inLanguage":"fr-FR","@id":"https:\/\/kapitalis.com\/tunisie\/2022\/01\/21\/affaire-du-calligraphe-saja-a-lexpo-dubai-le-cepex-riposte-et-denonce-les-propos-diffamatoires-de-lartiste\/#primaryimage","url":"","contentUrl":""},{"@type":"BreadcrumbList","@id":"https:\/\/kapitalis.com\/tunisie\/2022\/01\/21\/affaire-du-calligraphe-saja-a-lexpo-dubai-le-cepex-riposte-et-denonce-les-propos-diffamatoires-de-lartiste\/#breadcrumb","itemListElement":[{"@type":"ListItem","position":1,"name":"Accueil","item":"https:\/\/kapitalis.com\/tunisie\/"},{"@type":"ListItem","position":2,"name":"Affaire du calligraphe Saja \u00e0 l\u2019Expo Duba\u00ef : Le Cepex riposte et d\u00e9nonce les propos diffamatoires de l\u2019artiste"}]},{"@type":"WebSite","@id":"https:\/\/kapitalis.com\/tunisie\/#website","url":"https:\/\/kapitalis.com\/tunisie\/","name":"Kapitalis","description":"L&#039;actualit\u00e9 en Tunisie et dans le monde","publisher":{"@id":"https:\/\/kapitalis.com\/tunisie\/#organization"},"potentialAction":[{"@type":"SearchAction","target":{"@type":"EntryPoint","urlTemplate":"https:\/\/kapitalis.com\/tunisie\/?s={search_term_string}"},"query-input":{"@type":"PropertyValueSpecification","valueRequired":true,"valueName":"search_term_string"}}],"inLanguage":"fr-FR"},{"@type":"Organization","@id":"https:\/\/kapitalis.com\/tunisie\/#organization","name":"Kapitalis","url":"https:\/\/kapitalis.com\/tunisie\/","logo":{"@type":"ImageObject","inLanguage":"fr-FR","@id":"https:\/\/kapitalis.com\/tunisie\/#\/schema\/logo\/image\/","url":"https:\/\/kapitalis.com\/tunisie\/wp-content\/uploads\/2022\/05\/Kapitalis-big-size.png","contentUrl":"https:\/\/kapitalis.com\/tunisie\/wp-content\/uploads\/2022\/05\/Kapitalis-big-size.png","width":5000,"height":1500,"caption":"Kapitalis"},"image":{"@id":"https:\/\/kapitalis.com\/tunisie\/#\/schema\/logo\/image\/"},"sameAs":["https:\/\/www.facebook.com\/KapitalisInfo\/","https:\/\/x.com\/KapitalisInfo","https:\/\/www.youtube.com\/channel\/UC-yDYrHyfFBWWZaOw3FPg9Q"]},{"@type":"Person","@id":"https:\/\/kapitalis.com\/tunisie\/#\/schema\/person\/73a5ecc1f6ae540c6ed91342eadca948","name":"Fawz BenAli","url":"https:\/\/kapitalis.com\/tunisie\/author\/fawz\/"}]}},"_links":{"self":[{"href":"https:\/\/kapitalis.com\/tunisie\/wp-json\/wp\/v2\/posts\/377909","targetHints":{"allow":["GET"]}}],"collection":[{"href":"https:\/\/kapitalis.com\/tunisie\/wp-json\/wp\/v2\/posts"}],"about":[{"href":"https:\/\/kapitalis.com\/tunisie\/wp-json\/wp\/v2\/types\/post"}],"author":[{"embeddable":true,"href":"https:\/\/kapitalis.com\/tunisie\/wp-json\/wp\/v2\/users\/26"}],"replies":[{"embeddable":true,"href":"https:\/\/kapitalis.com\/tunisie\/wp-json\/wp\/v2\/comments?post=377909"}],"version-history":[{"count":0,"href":"https:\/\/kapitalis.com\/tunisie\/wp-json\/wp\/v2\/posts\/377909\/revisions"}],"wp:featuredmedia":[{"embeddable":true,"href":"https:\/\/kapitalis.com\/tunisie\/wp-json\/wp\/v2\/media\/377910"}],"wp:attachment":[{"href":"https:\/\/kapitalis.com\/tunisie\/wp-json\/wp\/v2\/media?parent=377909"}],"wp:term":[{"taxonomy":"category","embeddable":true,"href":"https:\/\/kapitalis.com\/tunisie\/wp-json\/wp\/v2\/categories?post=377909"},{"taxonomy":"post_tag","embeddable":true,"href":"https:\/\/kapitalis.com\/tunisie\/wp-json\/wp\/v2\/tags?post=377909"}],"curies":[{"name":"wp","href":"https:\/\/api.w.org\/{rel}","templated":true}]}}