{"id":378006,"date":"2022-01-22T17:28:04","date_gmt":"2022-01-22T16:28:04","guid":{"rendered":"http:\/\/kapitalis.com\/tunisie\/?p=378006"},"modified":"2022-01-22T18:10:18","modified_gmt":"2022-01-22T17:10:18","slug":"presidence-a-propos-de-lentretien-telephonique-entre-kais-saied-et-emmanuel-macron","status":"publish","type":"post","link":"https:\/\/kapitalis.com\/tunisie\/2022\/01\/22\/presidence-a-propos-de-lentretien-telephonique-entre-kais-saied-et-emmanuel-macron\/","title":{"rendered":"Pr\u00e9sidence : A propos de l&rsquo;entretien t\u00e9l\u00e9phonique entre Ka\u00efs Sa\u00efed et Emmanuel Macron"},"content":{"rendered":"\n<div class=\"wp-block-image\"><figure class=\"aligncenter size-full\"><img decoding=\"async\" src=\"http:\/\/kapitalis.com\/tunisie\/wp-content\/uploads\/2021\/10\/Saied-Macron.jpg\" alt=\"\" class=\"wp-image-364892\"\/><figcaption><em>Ph. d&rsquo;archives.<\/em><\/figcaption><\/figure><\/div>\n\n\n\n<p><strong><em>Le chef de l\u2019\u00c9tat Ka\u00efs Sa\u00efed s\u2019est entretenu, ce samedi 22 janvier 2022, par t\u00e9l\u00e9phone, avec le pr\u00e9sident fran\u00e7ais Emmanuel Macron. Les deux hommes ont discut\u00e9 sur les relations et la coop\u00e9ration entre la Tunisie et la France dans diff\u00e9rents domaines, notamment sur le plan \u00e9conomique.<\/em><\/strong><\/p>\n\n\n\n<!--more-->\n\n\n\n<p>Un communiqu\u00e9 publi\u00e9 par Carthage, pr\u00e9cise que cet entretien a \u00e9t\u00e9 l&rsquo;occasion pour le pr\u00e9sident Sa\u00efed de clarifier un certain nombre de points, notamment sur les prochaines \u00e9tapes pour sortir la Tunisie de la crise qu&rsquo;elle traverse.<\/p>\n\n\n\n<p>Ka\u00efs Sa\u00efed a affirm\u00e9 \u00e0 son homologue fran\u00e7ais que \u00ab<em>ce qui se dit dans certains m\u00e9dias et les r\u00e9seaux sociaux n&rsquo;a aucun lien avec la r\u00e9alit\u00e9<\/em>\u00bb : <em>\u00abMalheureusement plusieurs parties oppos\u00e9s \u00e0 la d\u00e9mocratie, la libert\u00e9 et la justice r\u00e9pandent des mensonges en contrepartie d\u2019argent, et dans le but de porter atteinte \u00e0 la Tunisie et au peuple tunisien\u2026. Paradoxalement, ceux qui se pr\u00e9sentent comme victimes de la tyrannie, sont ceux qui veulent le retour de celle-ci<\/em>\u00bb, lit-on dans le communiqu\u00e9.<\/p>\n\n\n\n<p>Le communiqu\u00e9 de Carthage ajoute que Ka\u00efs Sa\u00efed a soulign\u00e9 que les r\u00e9formes annonc\u00e9es visent \u00e0 pr\u00e9server la libert\u00e9 et \u00e0 rendre justice au le peuple tunisien contre tous ceux qui ont dilapid\u00e9 son argent et ses ressources, tout en rappelant que la souverainet\u00e9 appartient au peuple.<\/p>\n\n\n\n<p>De son c\u00f4t\u00e9, le pr\u00e9sident Emmanuel Macron a r\u00e9affirm\u00e9 le soutien de son pays \u00e0 la Tunisie, et sa disposition \u00e0 la soutenir notamment dans le domaine \u00e9conomique, tout en exprimant sa compr\u00e9hension des difficult\u00e9s et enjeux auxquels doit faire face la Tunisie.<\/p>\n\n\n\n<p class=\"has-text-align-right\"><strong>Y. N.<\/strong><\/p>\n","protected":false},"excerpt":{"rendered":"<p>Le chef de l\u2019\u00c9tat Ka\u00efs Sa\u00efed s\u2019est entretenu, ce samedi 22 janvier 2022, par t\u00e9l\u00e9phone, avec le pr\u00e9sident fran\u00e7ais Emmanuel Macron. Les deux hommes ont discut\u00e9 sur les relations et la coop\u00e9ration entre la Tunisie et la France dans diff\u00e9rents domaines, notamment sur le plan \u00e9conomique.<\/p>\n","protected":false},"author":6,"featured_media":0,"comment_status":"open","ping_status":"open","sticky":false,"template":"","format":"standard","meta":{"footnotes":""},"categories":[997,2433],"tags":[1234,395,28058,1158,87935,62643],"class_list":["post-378006","post","type-post","status-publish","format-standard","hentry","category-politique","category-tunisie","tag-carthage","tag-france","tag-macron","tag-presidence","tag-saied-2","tag-tunisie"],"yoast_head":"<!-- This site is optimized with the Yoast SEO plugin v26.6 - https:\/\/yoast.com\/wordpress\/plugins\/seo\/ -->\n<title>Pr\u00e9sidence : A propos de l&#039;entretien t\u00e9l\u00e9phonique entre Ka\u00efs Sa\u00efed et Emmanuel Macron - Kapitalis<\/title>\n<meta name=\"robots\" content=\"index, follow, max-snippet:-1, max-image-preview:large, max-video-preview:-1\" \/>\n<link rel=\"canonical\" href=\"https:\/\/kapitalis.com\/tunisie\/2022\/01\/22\/presidence-a-propos-de-lentretien-telephonique-entre-kais-saied-et-emmanuel-macron\/\" \/>\n<meta property=\"og:locale\" content=\"fr_FR\" \/>\n<meta property=\"og:type\" content=\"article\" \/>\n<meta property=\"og:title\" content=\"Pr\u00e9sidence : A propos de l&#039;entretien t\u00e9l\u00e9phonique entre Ka\u00efs Sa\u00efed et Emmanuel Macron - Kapitalis\" \/>\n<meta property=\"og:description\" content=\"Le chef de l\u2019\u00c9tat Ka\u00efs Sa\u00efed s\u2019est entretenu, ce samedi 22 janvier 2022, par t\u00e9l\u00e9phone, avec le pr\u00e9sident fran\u00e7ais Emmanuel Macron. Les deux hommes ont discut\u00e9 sur les relations et la coop\u00e9ration entre la Tunisie et la France dans diff\u00e9rents domaines, notamment sur le plan \u00e9conomique.\" \/>\n<meta property=\"og:url\" content=\"https:\/\/kapitalis.com\/tunisie\/2022\/01\/22\/presidence-a-propos-de-lentretien-telephonique-entre-kais-saied-et-emmanuel-macron\/\" \/>\n<meta property=\"og:site_name\" content=\"Kapitalis\" \/>\n<meta property=\"article:publisher\" content=\"https:\/\/www.facebook.com\/KapitalisInfo\/\" \/>\n<meta property=\"article:published_time\" content=\"2022-01-22T16:28:04+00:00\" \/>\n<meta property=\"article:modified_time\" content=\"2022-01-22T17:10:18+00:00\" \/>\n<meta property=\"og:image\" content=\"http:\/\/kapitalis.com\/tunisie\/wp-content\/uploads\/2021\/10\/Saied-Macron.jpg\" \/>\n<meta name=\"author\" content=\"Yusra NY\" \/>\n<meta name=\"twitter:card\" content=\"summary_large_image\" \/>\n<meta name=\"twitter:creator\" content=\"@KapitalisInfo\" \/>\n<meta name=\"twitter:site\" content=\"@KapitalisInfo\" \/>\n<meta name=\"twitter:label1\" content=\"\u00c9crit par\" \/>\n\t<meta name=\"twitter:data1\" content=\"Yusra NY\" \/>\n\t<meta name=\"twitter:label2\" content=\"Dur\u00e9e de lecture estim\u00e9e\" \/>\n\t<meta name=\"twitter:data2\" content=\"1 minute\" \/>\n<script type=\"application\/ld+json\" class=\"yoast-schema-graph\">{\"@context\":\"https:\/\/schema.org\",\"@graph\":[{\"@type\":\"Article\",\"@id\":\"https:\/\/kapitalis.com\/tunisie\/2022\/01\/22\/presidence-a-propos-de-lentretien-telephonique-entre-kais-saied-et-emmanuel-macron\/#article\",\"isPartOf\":{\"@id\":\"https:\/\/kapitalis.com\/tunisie\/2022\/01\/22\/presidence-a-propos-de-lentretien-telephonique-entre-kais-saied-et-emmanuel-macron\/\"},\"author\":{\"name\":\"Yusra NY\",\"@id\":\"https:\/\/kapitalis.com\/tunisie\/#\/schema\/person\/74bbde0154d49d790a92aaeac5bc01d5\"},\"headline\":\"Pr\u00e9sidence : A propos de l&rsquo;entretien t\u00e9l\u00e9phonique entre Ka\u00efs Sa\u00efed et Emmanuel Macron\",\"datePublished\":\"2022-01-22T16:28:04+00:00\",\"dateModified\":\"2022-01-22T17:10:18+00:00\",\"mainEntityOfPage\":{\"@id\":\"https:\/\/kapitalis.com\/tunisie\/2022\/01\/22\/presidence-a-propos-de-lentretien-telephonique-entre-kais-saied-et-emmanuel-macron\/\"},\"wordCount\":299,\"commentCount\":0,\"publisher\":{\"@id\":\"https:\/\/kapitalis.com\/tunisie\/#organization\"},\"image\":{\"@id\":\"https:\/\/kapitalis.com\/tunisie\/2022\/01\/22\/presidence-a-propos-de-lentretien-telephonique-entre-kais-saied-et-emmanuel-macron\/#primaryimage\"},\"thumbnailUrl\":\"http:\/\/kapitalis.com\/tunisie\/wp-content\/uploads\/2021\/10\/Saied-Macron.jpg\",\"keywords\":[\"Carthage\",\"France\",\"Macron\",\"pr\u00e9sidence\",\"Sa\u00efed\",\"Tunisie\"],\"articleSection\":[\"POLITIQUE\",\"Tunisie\"],\"inLanguage\":\"fr-FR\",\"potentialAction\":[{\"@type\":\"CommentAction\",\"name\":\"Comment\",\"target\":[\"https:\/\/kapitalis.com\/tunisie\/2022\/01\/22\/presidence-a-propos-de-lentretien-telephonique-entre-kais-saied-et-emmanuel-macron\/#respond\"]}]},{\"@type\":\"WebPage\",\"@id\":\"https:\/\/kapitalis.com\/tunisie\/2022\/01\/22\/presidence-a-propos-de-lentretien-telephonique-entre-kais-saied-et-emmanuel-macron\/\",\"url\":\"https:\/\/kapitalis.com\/tunisie\/2022\/01\/22\/presidence-a-propos-de-lentretien-telephonique-entre-kais-saied-et-emmanuel-macron\/\",\"name\":\"Pr\u00e9sidence : A propos de l'entretien t\u00e9l\u00e9phonique entre Ka\u00efs Sa\u00efed et Emmanuel Macron - Kapitalis\",\"isPartOf\":{\"@id\":\"https:\/\/kapitalis.com\/tunisie\/#website\"},\"primaryImageOfPage\":{\"@id\":\"https:\/\/kapitalis.com\/tunisie\/2022\/01\/22\/presidence-a-propos-de-lentretien-telephonique-entre-kais-saied-et-emmanuel-macron\/#primaryimage\"},\"image\":{\"@id\":\"https:\/\/kapitalis.com\/tunisie\/2022\/01\/22\/presidence-a-propos-de-lentretien-telephonique-entre-kais-saied-et-emmanuel-macron\/#primaryimage\"},\"thumbnailUrl\":\"http:\/\/kapitalis.com\/tunisie\/wp-content\/uploads\/2021\/10\/Saied-Macron.jpg\",\"datePublished\":\"2022-01-22T16:28:04+00:00\",\"dateModified\":\"2022-01-22T17:10:18+00:00\",\"breadcrumb\":{\"@id\":\"https:\/\/kapitalis.com\/tunisie\/2022\/01\/22\/presidence-a-propos-de-lentretien-telephonique-entre-kais-saied-et-emmanuel-macron\/#breadcrumb\"},\"inLanguage\":\"fr-FR\",\"potentialAction\":[{\"@type\":\"ReadAction\",\"target\":[\"https:\/\/kapitalis.com\/tunisie\/2022\/01\/22\/presidence-a-propos-de-lentretien-telephonique-entre-kais-saied-et-emmanuel-macron\/\"]}]},{\"@type\":\"ImageObject\",\"inLanguage\":\"fr-FR\",\"@id\":\"https:\/\/kapitalis.com\/tunisie\/2022\/01\/22\/presidence-a-propos-de-lentretien-telephonique-entre-kais-saied-et-emmanuel-macron\/#primaryimage\",\"url\":\"\",\"contentUrl\":\"\"},{\"@type\":\"BreadcrumbList\",\"@id\":\"https:\/\/kapitalis.com\/tunisie\/2022\/01\/22\/presidence-a-propos-de-lentretien-telephonique-entre-kais-saied-et-emmanuel-macron\/#breadcrumb\",\"itemListElement\":[{\"@type\":\"ListItem\",\"position\":1,\"name\":\"Accueil\",\"item\":\"https:\/\/kapitalis.com\/tunisie\/\"},{\"@type\":\"ListItem\",\"position\":2,\"name\":\"Pr\u00e9sidence : A propos de l&rsquo;entretien t\u00e9l\u00e9phonique entre Ka\u00efs Sa\u00efed et Emmanuel Macron\"}]},{\"@type\":\"WebSite\",\"@id\":\"https:\/\/kapitalis.com\/tunisie\/#website\",\"url\":\"https:\/\/kapitalis.com\/tunisie\/\",\"name\":\"Kapitalis\",\"description\":\"L&#039;actualit\u00e9 en Tunisie et dans le monde\",\"publisher\":{\"@id\":\"https:\/\/kapitalis.com\/tunisie\/#organization\"},\"potentialAction\":[{\"@type\":\"SearchAction\",\"target\":{\"@type\":\"EntryPoint\",\"urlTemplate\":\"https:\/\/kapitalis.com\/tunisie\/?s={search_term_string}\"},\"query-input\":{\"@type\":\"PropertyValueSpecification\",\"valueRequired\":true,\"valueName\":\"search_term_string\"}}],\"inLanguage\":\"fr-FR\"},{\"@type\":\"Organization\",\"@id\":\"https:\/\/kapitalis.com\/tunisie\/#organization\",\"name\":\"Kapitalis\",\"url\":\"https:\/\/kapitalis.com\/tunisie\/\",\"logo\":{\"@type\":\"ImageObject\",\"inLanguage\":\"fr-FR\",\"@id\":\"https:\/\/kapitalis.com\/tunisie\/#\/schema\/logo\/image\/\",\"url\":\"https:\/\/kapitalis.com\/tunisie\/wp-content\/uploads\/2022\/05\/Kapitalis-big-size.png\",\"contentUrl\":\"https:\/\/kapitalis.com\/tunisie\/wp-content\/uploads\/2022\/05\/Kapitalis-big-size.png\",\"width\":5000,\"height\":1500,\"caption\":\"Kapitalis\"},\"image\":{\"@id\":\"https:\/\/kapitalis.com\/tunisie\/#\/schema\/logo\/image\/\"},\"sameAs\":[\"https:\/\/www.facebook.com\/KapitalisInfo\/\",\"https:\/\/x.com\/KapitalisInfo\",\"https:\/\/www.youtube.com\/channel\/UC-yDYrHyfFBWWZaOw3FPg9Q\"]},{\"@type\":\"Person\",\"@id\":\"https:\/\/kapitalis.com\/tunisie\/#\/schema\/person\/74bbde0154d49d790a92aaeac5bc01d5\",\"name\":\"Yusra NY\",\"url\":\"https:\/\/kapitalis.com\/tunisie\/author\/yuza_adam\/\"}]}<\/script>\n<!-- \/ Yoast SEO plugin. -->","yoast_head_json":{"title":"Pr\u00e9sidence : A propos de l'entretien t\u00e9l\u00e9phonique entre Ka\u00efs Sa\u00efed et Emmanuel Macron - Kapitalis","robots":{"index":"index","follow":"follow","max-snippet":"max-snippet:-1","max-image-preview":"max-image-preview:large","max-video-preview":"max-video-preview:-1"},"canonical":"https:\/\/kapitalis.com\/tunisie\/2022\/01\/22\/presidence-a-propos-de-lentretien-telephonique-entre-kais-saied-et-emmanuel-macron\/","og_locale":"fr_FR","og_type":"article","og_title":"Pr\u00e9sidence : A propos de l'entretien t\u00e9l\u00e9phonique entre Ka\u00efs Sa\u00efed et Emmanuel Macron - Kapitalis","og_description":"Le chef de l\u2019\u00c9tat Ka\u00efs Sa\u00efed s\u2019est entretenu, ce samedi 22 janvier 2022, par t\u00e9l\u00e9phone, avec le pr\u00e9sident fran\u00e7ais Emmanuel Macron. Les deux hommes ont discut\u00e9 sur les relations et la coop\u00e9ration entre la Tunisie et la France dans diff\u00e9rents domaines, notamment sur le plan \u00e9conomique.","og_url":"https:\/\/kapitalis.com\/tunisie\/2022\/01\/22\/presidence-a-propos-de-lentretien-telephonique-entre-kais-saied-et-emmanuel-macron\/","og_site_name":"Kapitalis","article_publisher":"https:\/\/www.facebook.com\/KapitalisInfo\/","article_published_time":"2022-01-22T16:28:04+00:00","article_modified_time":"2022-01-22T17:10:18+00:00","og_image":[{"url":"http:\/\/kapitalis.com\/tunisie\/wp-content\/uploads\/2021\/10\/Saied-Macron.jpg","type":"","width":"","height":""}],"author":"Yusra NY","twitter_card":"summary_large_image","twitter_creator":"@KapitalisInfo","twitter_site":"@KapitalisInfo","twitter_misc":{"\u00c9crit par":"Yusra NY","Dur\u00e9e de lecture estim\u00e9e":"1 minute"},"schema":{"@context":"https:\/\/schema.org","@graph":[{"@type":"Article","@id":"https:\/\/kapitalis.com\/tunisie\/2022\/01\/22\/presidence-a-propos-de-lentretien-telephonique-entre-kais-saied-et-emmanuel-macron\/#article","isPartOf":{"@id":"https:\/\/kapitalis.com\/tunisie\/2022\/01\/22\/presidence-a-propos-de-lentretien-telephonique-entre-kais-saied-et-emmanuel-macron\/"},"author":{"name":"Yusra NY","@id":"https:\/\/kapitalis.com\/tunisie\/#\/schema\/person\/74bbde0154d49d790a92aaeac5bc01d5"},"headline":"Pr\u00e9sidence : A propos de l&rsquo;entretien t\u00e9l\u00e9phonique entre Ka\u00efs Sa\u00efed et Emmanuel Macron","datePublished":"2022-01-22T16:28:04+00:00","dateModified":"2022-01-22T17:10:18+00:00","mainEntityOfPage":{"@id":"https:\/\/kapitalis.com\/tunisie\/2022\/01\/22\/presidence-a-propos-de-lentretien-telephonique-entre-kais-saied-et-emmanuel-macron\/"},"wordCount":299,"commentCount":0,"publisher":{"@id":"https:\/\/kapitalis.com\/tunisie\/#organization"},"image":{"@id":"https:\/\/kapitalis.com\/tunisie\/2022\/01\/22\/presidence-a-propos-de-lentretien-telephonique-entre-kais-saied-et-emmanuel-macron\/#primaryimage"},"thumbnailUrl":"http:\/\/kapitalis.com\/tunisie\/wp-content\/uploads\/2021\/10\/Saied-Macron.jpg","keywords":["Carthage","France","Macron","pr\u00e9sidence","Sa\u00efed","Tunisie"],"articleSection":["POLITIQUE","Tunisie"],"inLanguage":"fr-FR","potentialAction":[{"@type":"CommentAction","name":"Comment","target":["https:\/\/kapitalis.com\/tunisie\/2022\/01\/22\/presidence-a-propos-de-lentretien-telephonique-entre-kais-saied-et-emmanuel-macron\/#respond"]}]},{"@type":"WebPage","@id":"https:\/\/kapitalis.com\/tunisie\/2022\/01\/22\/presidence-a-propos-de-lentretien-telephonique-entre-kais-saied-et-emmanuel-macron\/","url":"https:\/\/kapitalis.com\/tunisie\/2022\/01\/22\/presidence-a-propos-de-lentretien-telephonique-entre-kais-saied-et-emmanuel-macron\/","name":"Pr\u00e9sidence : A propos de l'entretien t\u00e9l\u00e9phonique entre Ka\u00efs Sa\u00efed et Emmanuel Macron - Kapitalis","isPartOf":{"@id":"https:\/\/kapitalis.com\/tunisie\/#website"},"primaryImageOfPage":{"@id":"https:\/\/kapitalis.com\/tunisie\/2022\/01\/22\/presidence-a-propos-de-lentretien-telephonique-entre-kais-saied-et-emmanuel-macron\/#primaryimage"},"image":{"@id":"https:\/\/kapitalis.com\/tunisie\/2022\/01\/22\/presidence-a-propos-de-lentretien-telephonique-entre-kais-saied-et-emmanuel-macron\/#primaryimage"},"thumbnailUrl":"http:\/\/kapitalis.com\/tunisie\/wp-content\/uploads\/2021\/10\/Saied-Macron.jpg","datePublished":"2022-01-22T16:28:04+00:00","dateModified":"2022-01-22T17:10:18+00:00","breadcrumb":{"@id":"https:\/\/kapitalis.com\/tunisie\/2022\/01\/22\/presidence-a-propos-de-lentretien-telephonique-entre-kais-saied-et-emmanuel-macron\/#breadcrumb"},"inLanguage":"fr-FR","potentialAction":[{"@type":"ReadAction","target":["https:\/\/kapitalis.com\/tunisie\/2022\/01\/22\/presidence-a-propos-de-lentretien-telephonique-entre-kais-saied-et-emmanuel-macron\/"]}]},{"@type":"ImageObject","inLanguage":"fr-FR","@id":"https:\/\/kapitalis.com\/tunisie\/2022\/01\/22\/presidence-a-propos-de-lentretien-telephonique-entre-kais-saied-et-emmanuel-macron\/#primaryimage","url":"","contentUrl":""},{"@type":"BreadcrumbList","@id":"https:\/\/kapitalis.com\/tunisie\/2022\/01\/22\/presidence-a-propos-de-lentretien-telephonique-entre-kais-saied-et-emmanuel-macron\/#breadcrumb","itemListElement":[{"@type":"ListItem","position":1,"name":"Accueil","item":"https:\/\/kapitalis.com\/tunisie\/"},{"@type":"ListItem","position":2,"name":"Pr\u00e9sidence : A propos de l&rsquo;entretien t\u00e9l\u00e9phonique entre Ka\u00efs Sa\u00efed et Emmanuel Macron"}]},{"@type":"WebSite","@id":"https:\/\/kapitalis.com\/tunisie\/#website","url":"https:\/\/kapitalis.com\/tunisie\/","name":"Kapitalis","description":"L&#039;actualit\u00e9 en Tunisie et dans le monde","publisher":{"@id":"https:\/\/kapitalis.com\/tunisie\/#organization"},"potentialAction":[{"@type":"SearchAction","target":{"@type":"EntryPoint","urlTemplate":"https:\/\/kapitalis.com\/tunisie\/?s={search_term_string}"},"query-input":{"@type":"PropertyValueSpecification","valueRequired":true,"valueName":"search_term_string"}}],"inLanguage":"fr-FR"},{"@type":"Organization","@id":"https:\/\/kapitalis.com\/tunisie\/#organization","name":"Kapitalis","url":"https:\/\/kapitalis.com\/tunisie\/","logo":{"@type":"ImageObject","inLanguage":"fr-FR","@id":"https:\/\/kapitalis.com\/tunisie\/#\/schema\/logo\/image\/","url":"https:\/\/kapitalis.com\/tunisie\/wp-content\/uploads\/2022\/05\/Kapitalis-big-size.png","contentUrl":"https:\/\/kapitalis.com\/tunisie\/wp-content\/uploads\/2022\/05\/Kapitalis-big-size.png","width":5000,"height":1500,"caption":"Kapitalis"},"image":{"@id":"https:\/\/kapitalis.com\/tunisie\/#\/schema\/logo\/image\/"},"sameAs":["https:\/\/www.facebook.com\/KapitalisInfo\/","https:\/\/x.com\/KapitalisInfo","https:\/\/www.youtube.com\/channel\/UC-yDYrHyfFBWWZaOw3FPg9Q"]},{"@type":"Person","@id":"https:\/\/kapitalis.com\/tunisie\/#\/schema\/person\/74bbde0154d49d790a92aaeac5bc01d5","name":"Yusra NY","url":"https:\/\/kapitalis.com\/tunisie\/author\/yuza_adam\/"}]}},"_links":{"self":[{"href":"https:\/\/kapitalis.com\/tunisie\/wp-json\/wp\/v2\/posts\/378006","targetHints":{"allow":["GET"]}}],"collection":[{"href":"https:\/\/kapitalis.com\/tunisie\/wp-json\/wp\/v2\/posts"}],"about":[{"href":"https:\/\/kapitalis.com\/tunisie\/wp-json\/wp\/v2\/types\/post"}],"author":[{"embeddable":true,"href":"https:\/\/kapitalis.com\/tunisie\/wp-json\/wp\/v2\/users\/6"}],"replies":[{"embeddable":true,"href":"https:\/\/kapitalis.com\/tunisie\/wp-json\/wp\/v2\/comments?post=378006"}],"version-history":[{"count":0,"href":"https:\/\/kapitalis.com\/tunisie\/wp-json\/wp\/v2\/posts\/378006\/revisions"}],"wp:attachment":[{"href":"https:\/\/kapitalis.com\/tunisie\/wp-json\/wp\/v2\/media?parent=378006"}],"wp:term":[{"taxonomy":"category","embeddable":true,"href":"https:\/\/kapitalis.com\/tunisie\/wp-json\/wp\/v2\/categories?post=378006"},{"taxonomy":"post_tag","embeddable":true,"href":"https:\/\/kapitalis.com\/tunisie\/wp-json\/wp\/v2\/tags?post=378006"}],"curies":[{"name":"wp","href":"https:\/\/api.w.org\/{rel}","templated":true}]}}