{"id":378049,"date":"2022-01-23T10:43:57","date_gmt":"2022-01-23T09:43:57","guid":{"rendered":"http:\/\/kapitalis.com\/tunisie\/?p=378049"},"modified":"2022-01-23T10:49:17","modified_gmt":"2022-01-23T09:49:17","slug":"tunisie-france-ce-qui-devrait-etre-dit-a-propos-de-lechange-telephonique-saied-macron","status":"publish","type":"post","link":"https:\/\/kapitalis.com\/tunisie\/2022\/01\/23\/tunisie-france-ce-qui-devrait-etre-dit-a-propos-de-lechange-telephonique-saied-macron\/","title":{"rendered":"Tunisie-France : Ce qui devrait \u00eatre dit \u00e0 propos de l&rsquo;\u00e9change t\u00e9l\u00e9phonique Sa\u00efed &#8211; Macron"},"content":{"rendered":"\n<div class=\"wp-block-image\"><figure class=\"aligncenter size-full\"><img decoding=\"async\" src=\"http:\/\/kapitalis.com\/tunisie\/wp-content\/uploads\/2021\/10\/Saied-Macron.jpg\" alt=\"\" class=\"wp-image-364892\"\/><\/figure><\/div>\n\n\n\n<p><strong><em>Les versions donn\u00e9es par Carthage et l&rsquo;Elys\u00e9e du contenu de l&rsquo;<a href=\"http:\/\/kapitalis.com\/tunisie\/2022\/01\/22\/presidence-a-propos-de-lentretien-telephonique-entre-kais-saied-et-emmanuel-macron\/\" target=\"_blank\" rel=\"noreferrer noopener\">appel t\u00e9l\u00e9phonique<\/a>, samedi 22 janvier 2022, entre le pr\u00e9sident Ka\u00efs Sa\u00efed, et le pr\u00e9sident Emmanuel Macron, traduisent, par leurs diff\u00e9rences m\u00eame, l&rsquo;impression qu&rsquo;en ont gard\u00e9e les deux chefs d&rsquo;Etat ou les messages qu&rsquo;ils ont voulu transmettre ou\u2026 retenir.<\/em><\/strong><\/p>\n\n\n\n<p>Par<strong> Imed Bahri<\/strong><\/p>\n\n\n\n<!--more-->\n\n\n\n<p>Tout en se f\u00e9licitant de l&rsquo;annonce par le pr\u00e9sident tunisien du calendrier de la nouvelle phase de transition ouverte par les <em>\u00abmesures exceptionnelles\u00bb <\/em>du 25 juillet dernier, le pr\u00e9sident fran\u00e7ais a encourag\u00e9 son homologue \u00e0 conduire celle-ci <em>\u00abdans le cadre le plus inclusif possible\u00bb<\/em>, selon les termes du communiqu\u00e9 de l&rsquo;Elys\u00e9e.<\/p>\n\n\n\n<h2 class=\"wp-block-heading\">Carthage rejette la d\u00e9marche inclusive pr\u00e9conis\u00e9e par l&rsquo;Elys\u00e9e<\/h2>\n\n\n\n<p>C&rsquo;est l\u00e0, on l&rsquo;a compris, un appel clair au pr\u00e9sident tunisien de faire participer les diff\u00e9rents partis \u00e0 la conception et \u00e0 la mise en \u0153uvre des r\u00e9formes constitutionnelles et institutionnelles projet\u00e9e. Or, M. Sa\u00efed, qui rejette formellement cette d\u00e9marche<em> \u00abinclusive\u00bb<\/em>, pr\u00e9f\u00e8re mettre en route sa fameuse consultation nationale num\u00e9rique, pr\u00e9lude \u00e0 un r\u00e9f\u00e9rendum populaire, dont le but est on ne peut plus clair\u00a0: contourner les partis sinon les exclure de la dynamique en cours. Aussi Carthage est-il rest\u00e9 <em>\u00absourd\u00bb <\/em>\u00e0 cette exhortation de l&rsquo;Elys\u00e9e, qui semble soucieux de voir les r\u00e9formes projet\u00e9es en Tunisie recueillir le plus large consensus national possible.<\/p>\n\n\n\n<p>Le pr\u00e9sident Saied a voulu expliquer \u00e0 son homologue fran\u00e7ais que plusieurs partis <em>\u00aboppos\u00e9s \u00e0 la d\u00e9mocratie, \u00e0 la libert\u00e9 et \u00e0 la justice\u00bb<\/em> r\u00e9pandent des mensonges<em> \u00abcontre de grosses sommes d&rsquo;argent\u00bb<\/em>, dans le but de <em>\u00abnuire \u00e0 la Tunisie et au peuple tunisien\u00bb<\/em>, dans une allusion limpide aux partis d&rsquo;opposition critiquant \u2013 ce qui est leur r\u00f4le \u2013 l&rsquo;accaparement des pouvoirs par un hyper-pr\u00e9sident, qui rejette toute forme de dialogue avec ceux qui ne sont pas de son avis.<\/p>\n\n\n\n<p>Le chef de l&rsquo;Etat tunisien a \u00e9galement indiqu\u00e9 \u00e0 son homologue fran\u00e7ais que les r\u00e9formes annonc\u00e9es visent \u00e0 pr\u00e9server la libert\u00e9, \u00e0 faire respecter la justice et \u00e0 s&rsquo;opposer \u00e0 tous ceux qui ont pill\u00e9 l&rsquo;argent du peuple, comme l&rsquo;indique le communiqu\u00e9 de la pr\u00e9sidence tunisienne. Et il ne faut pas \u00eatre grand clerc pour identifier ceux <em>\u00abqui ont pill\u00e9 l&rsquo;argent du peuple\u00bb\u00a0<\/em>: ce sont, bien entendu, tous les opposants \u00e0 M. Sa\u00efed, et m\u00eame certains de ses partisans qu&rsquo;il refuse d&rsquo;\u00e9couter lorsqu&rsquo;ils l&rsquo;alertent sur ses errements politiques.<\/p>\n\n\n\n<h2 class=\"wp-block-heading\">Carthage \u00e9lude l&rsquo;urgence \u00e9conomique soulign\u00e9e par l&rsquo;Elys\u00e9e<\/h2>\n\n\n\n<p>Sur un autre plan, la d\u00e9claration de l&rsquo;Elys\u00e9e rapporte que lors de l&rsquo;appel t\u00e9l\u00e9phonique, Emmanuel Macron a encourag\u00e9 Ka\u00efs Sa\u00efed \u00e0 mettre en \u0153uvre <em>\u00abun programme de r\u00e9formes n\u00e9cessaires pour faire face \u00e0 la crise \u00e9conomique que traverse la Tunisie\u00bb<\/em>, tout en soulignant que <em>\u00abla France \u00e9tait pr\u00eate \u00e0 apporter son aide\u00bb<\/em>, laissant entendre ainsi que la France s&rsquo;inqui\u00e8te de la situation financi\u00e8re et \u00e9conomique d\u00e9sastreuse de la Tunisie, pays surendett\u00e9, au bord de la cessation de paiement, et qui sollicite encore les bailleurs de fonds internationaux, dont l&rsquo;Union europ\u00e9enne, pr\u00e9sid\u00e9e actuellement par la France, pour boucler son budget pour l&rsquo;actuel exercice.<\/p>\n\n\n\n<p>Cet aspect a cependant \u00e9t\u00e9 compl\u00e8tement \u00e9lud\u00e9 par le communiqu\u00e9 du palais de Carthage, o\u00f9 cette urgence \u00e9conomique \u00e0 laquelle fait face la Tunisie ne fait pas partie des priorit\u00e9s du pr\u00e9sident Ka\u00efs Sa\u00efed.<\/p>\n\n\n\n<p>Le chef de l&rsquo;Etat a, en effet, une f\u00e2cheuse tendance de penser que l&rsquo;\u00e9conomie peut toujours attendre, que ce secteur, qu&rsquo;il m\u00e9conna\u00eet totalement, n&rsquo;est pas de son ressort, alors qu&rsquo;il a accapar\u00e9 tous les pouvoirs et r\u00e9duit les membres du gouvernement Najla Bouden au statut de simples ex\u00e9cutants sans v\u00e9ritable pouvoir de d\u00e9cision.<\/p>\n\n\n\n<p>La posture du Zorro qui lutte contre la corruption, d\u00e9fend les int\u00e9r\u00eats des pauvres contre la voracit\u00e9 des riches et vitup\u00e8re contre les sp\u00e9culateurs ne saurait tenir lieu de politique \u00e9conomique. Et la parole populiste peut aider \u00e0 gagner des \u00e9lections, mais pas \u00e0 redresser l&rsquo;\u00e9conomie d&rsquo;un pays comme la Tunisie o\u00f9 la croissance est bloqu\u00e9e depuis dix ans.<\/p>\n\n\n\n<h4 class=\"wp-block-heading\"><em>Article li\u00e9 : <\/em><\/h4>\n\n\n\n<p><blockquote class=\"wp-embedded-content\" data-secret=\"xRlLF2f0wD\"><a href=\"https:\/\/kapitalis.com\/tunisie\/2022\/01\/22\/presidence-a-propos-de-lentretien-telephonique-entre-kais-saied-et-emmanuel-macron\/\">Pr\u00e9sidence : A propos de l&rsquo;entretien t\u00e9l\u00e9phonique entre Ka\u00efs Sa\u00efed et Emmanuel Macron<\/a><\/blockquote><iframe loading=\"lazy\" class=\"wp-embedded-content\" sandbox=\"allow-scripts\" security=\"restricted\" style=\"position: absolute; clip: rect(1px, 1px, 1px, 1px);\" title=\"\u00ab\u00a0Pr\u00e9sidence : A propos de l&rsquo;entretien t\u00e9l\u00e9phonique entre Ka\u00efs Sa\u00efed et Emmanuel Macron\u00a0\u00bb &#8212; Kapitalis\" src=\"https:\/\/kapitalis.com\/tunisie\/2022\/01\/22\/presidence-a-propos-de-lentretien-telephonique-entre-kais-saied-et-emmanuel-macron\/embed\/#?secret=U4sd3B3YVo#?secret=xRlLF2f0wD\" data-secret=\"xRlLF2f0wD\" width=\"600\" height=\"338\" frameborder=\"0\" marginwidth=\"0\" marginheight=\"0\" scrolling=\"no\"><\/iframe><\/p>\n","protected":false},"excerpt":{"rendered":"<p>Les versions donn\u00e9es par Carthage et l&rsquo;Elys\u00e9e du contenu de l&rsquo;appel t\u00e9l\u00e9phonique, samedi 22 janvier 2022, entre le pr\u00e9sident Ka\u00efs Sa\u00efed, et le pr\u00e9sident Emmanuel Macron, traduisent, par leurs diff\u00e9rences m\u00eame, l&rsquo;impression qu&rsquo;en ont gard\u00e9e les deux chefs d&rsquo;Etat ou les messages qu&rsquo;ils ont voulu transmettre ou\u2026 retenir. Par Imed Bahri<\/p>\n","protected":false},"author":8,"featured_media":0,"comment_status":"open","ping_status":"open","sticky":false,"template":"","format":"standard","meta":{"footnotes":""},"categories":[992,997,2433],"tags":[1234,7995,19579,395,76012,93702,62643,937],"class_list":["post-378049","post","type-post","status-publish","format-standard","hentry","category-a-la-une","category-politique","category-tunisie","tag-carthage","tag-elysee","tag-emmanuel-macron","tag-france","tag-kais-saied-2","tag-najla-bouden","tag-tunisie","tag-union-europeenne"],"yoast_head":"<!-- This site is optimized with the Yoast SEO plugin v26.6 - https:\/\/yoast.com\/wordpress\/plugins\/seo\/ -->\n<title>Tunisie-France : Ce qui devrait \u00eatre dit \u00e0 propos de l&#039;\u00e9change t\u00e9l\u00e9phonique Sa\u00efed - Macron - Kapitalis<\/title>\n<meta name=\"robots\" content=\"index, follow, max-snippet:-1, max-image-preview:large, max-video-preview:-1\" \/>\n<link rel=\"canonical\" href=\"https:\/\/kapitalis.com\/tunisie\/2022\/01\/23\/tunisie-france-ce-qui-devrait-etre-dit-a-propos-de-lechange-telephonique-saied-macron\/\" \/>\n<meta property=\"og:locale\" content=\"fr_FR\" \/>\n<meta property=\"og:type\" content=\"article\" \/>\n<meta property=\"og:title\" content=\"Tunisie-France : Ce qui devrait \u00eatre dit \u00e0 propos de l&#039;\u00e9change t\u00e9l\u00e9phonique Sa\u00efed - Macron - Kapitalis\" \/>\n<meta property=\"og:description\" content=\"Les versions donn\u00e9es par Carthage et l&rsquo;Elys\u00e9e du contenu de l&rsquo;appel t\u00e9l\u00e9phonique, samedi 22 janvier 2022, entre le pr\u00e9sident Ka\u00efs Sa\u00efed, et le pr\u00e9sident Emmanuel Macron, traduisent, par leurs diff\u00e9rences m\u00eame, l&rsquo;impression qu&rsquo;en ont gard\u00e9e les deux chefs d&rsquo;Etat ou les messages qu&rsquo;ils ont voulu transmettre ou\u2026 retenir. Par Imed Bahri\" \/>\n<meta property=\"og:url\" content=\"https:\/\/kapitalis.com\/tunisie\/2022\/01\/23\/tunisie-france-ce-qui-devrait-etre-dit-a-propos-de-lechange-telephonique-saied-macron\/\" \/>\n<meta property=\"og:site_name\" content=\"Kapitalis\" \/>\n<meta property=\"article:publisher\" content=\"https:\/\/www.facebook.com\/KapitalisInfo\/\" \/>\n<meta property=\"article:published_time\" content=\"2022-01-23T09:43:57+00:00\" \/>\n<meta property=\"article:modified_time\" content=\"2022-01-23T09:49:17+00:00\" \/>\n<meta property=\"og:image\" content=\"http:\/\/kapitalis.com\/tunisie\/wp-content\/uploads\/2021\/10\/Saied-Macron.jpg\" \/>\n<meta name=\"author\" content=\"webmaster kapitalis\" \/>\n<meta name=\"twitter:card\" content=\"summary_large_image\" \/>\n<meta name=\"twitter:creator\" content=\"@KapitalisInfo\" \/>\n<meta name=\"twitter:site\" content=\"@KapitalisInfo\" \/>\n<meta name=\"twitter:label1\" content=\"\u00c9crit par\" \/>\n\t<meta name=\"twitter:data1\" content=\"webmaster kapitalis\" \/>\n\t<meta name=\"twitter:label2\" content=\"Dur\u00e9e de lecture estim\u00e9e\" \/>\n\t<meta name=\"twitter:data2\" content=\"4 minutes\" \/>\n<script type=\"application\/ld+json\" class=\"yoast-schema-graph\">{\"@context\":\"https:\/\/schema.org\",\"@graph\":[{\"@type\":\"Article\",\"@id\":\"https:\/\/kapitalis.com\/tunisie\/2022\/01\/23\/tunisie-france-ce-qui-devrait-etre-dit-a-propos-de-lechange-telephonique-saied-macron\/#article\",\"isPartOf\":{\"@id\":\"https:\/\/kapitalis.com\/tunisie\/2022\/01\/23\/tunisie-france-ce-qui-devrait-etre-dit-a-propos-de-lechange-telephonique-saied-macron\/\"},\"author\":{\"name\":\"webmaster kapitalis\",\"@id\":\"https:\/\/kapitalis.com\/tunisie\/#\/schema\/person\/d71f33a9ca44f7bad4698210b480c8e9\"},\"headline\":\"Tunisie-France : Ce qui devrait \u00eatre dit \u00e0 propos de l&rsquo;\u00e9change t\u00e9l\u00e9phonique Sa\u00efed &#8211; Macron\",\"datePublished\":\"2022-01-23T09:43:57+00:00\",\"dateModified\":\"2022-01-23T09:49:17+00:00\",\"mainEntityOfPage\":{\"@id\":\"https:\/\/kapitalis.com\/tunisie\/2022\/01\/23\/tunisie-france-ce-qui-devrait-etre-dit-a-propos-de-lechange-telephonique-saied-macron\/\"},\"wordCount\":719,\"commentCount\":5,\"publisher\":{\"@id\":\"https:\/\/kapitalis.com\/tunisie\/#organization\"},\"image\":{\"@id\":\"https:\/\/kapitalis.com\/tunisie\/2022\/01\/23\/tunisie-france-ce-qui-devrait-etre-dit-a-propos-de-lechange-telephonique-saied-macron\/#primaryimage\"},\"thumbnailUrl\":\"http:\/\/kapitalis.com\/tunisie\/wp-content\/uploads\/2021\/10\/Saied-Macron.jpg\",\"keywords\":[\"Carthage\",\"Elys\u00e9e\",\"Emmanuel Macron\",\"France\",\"Ka\u00efs Sa\u00efed\",\"Najla Bouden\",\"Tunisie\",\"Union europ\u00e9enne\"],\"articleSection\":[\"A LA UNE\",\"POLITIQUE\",\"Tunisie\"],\"inLanguage\":\"fr-FR\",\"potentialAction\":[{\"@type\":\"CommentAction\",\"name\":\"Comment\",\"target\":[\"https:\/\/kapitalis.com\/tunisie\/2022\/01\/23\/tunisie-france-ce-qui-devrait-etre-dit-a-propos-de-lechange-telephonique-saied-macron\/#respond\"]}]},{\"@type\":\"WebPage\",\"@id\":\"https:\/\/kapitalis.com\/tunisie\/2022\/01\/23\/tunisie-france-ce-qui-devrait-etre-dit-a-propos-de-lechange-telephonique-saied-macron\/\",\"url\":\"https:\/\/kapitalis.com\/tunisie\/2022\/01\/23\/tunisie-france-ce-qui-devrait-etre-dit-a-propos-de-lechange-telephonique-saied-macron\/\",\"name\":\"Tunisie-France : Ce qui devrait \u00eatre dit \u00e0 propos de l'\u00e9change t\u00e9l\u00e9phonique Sa\u00efed - Macron - Kapitalis\",\"isPartOf\":{\"@id\":\"https:\/\/kapitalis.com\/tunisie\/#website\"},\"primaryImageOfPage\":{\"@id\":\"https:\/\/kapitalis.com\/tunisie\/2022\/01\/23\/tunisie-france-ce-qui-devrait-etre-dit-a-propos-de-lechange-telephonique-saied-macron\/#primaryimage\"},\"image\":{\"@id\":\"https:\/\/kapitalis.com\/tunisie\/2022\/01\/23\/tunisie-france-ce-qui-devrait-etre-dit-a-propos-de-lechange-telephonique-saied-macron\/#primaryimage\"},\"thumbnailUrl\":\"http:\/\/kapitalis.com\/tunisie\/wp-content\/uploads\/2021\/10\/Saied-Macron.jpg\",\"datePublished\":\"2022-01-23T09:43:57+00:00\",\"dateModified\":\"2022-01-23T09:49:17+00:00\",\"breadcrumb\":{\"@id\":\"https:\/\/kapitalis.com\/tunisie\/2022\/01\/23\/tunisie-france-ce-qui-devrait-etre-dit-a-propos-de-lechange-telephonique-saied-macron\/#breadcrumb\"},\"inLanguage\":\"fr-FR\",\"potentialAction\":[{\"@type\":\"ReadAction\",\"target\":[\"https:\/\/kapitalis.com\/tunisie\/2022\/01\/23\/tunisie-france-ce-qui-devrait-etre-dit-a-propos-de-lechange-telephonique-saied-macron\/\"]}]},{\"@type\":\"ImageObject\",\"inLanguage\":\"fr-FR\",\"@id\":\"https:\/\/kapitalis.com\/tunisie\/2022\/01\/23\/tunisie-france-ce-qui-devrait-etre-dit-a-propos-de-lechange-telephonique-saied-macron\/#primaryimage\",\"url\":\"\",\"contentUrl\":\"\"},{\"@type\":\"BreadcrumbList\",\"@id\":\"https:\/\/kapitalis.com\/tunisie\/2022\/01\/23\/tunisie-france-ce-qui-devrait-etre-dit-a-propos-de-lechange-telephonique-saied-macron\/#breadcrumb\",\"itemListElement\":[{\"@type\":\"ListItem\",\"position\":1,\"name\":\"Accueil\",\"item\":\"https:\/\/kapitalis.com\/tunisie\/\"},{\"@type\":\"ListItem\",\"position\":2,\"name\":\"Tunisie-France : Ce qui devrait \u00eatre dit \u00e0 propos de l&rsquo;\u00e9change t\u00e9l\u00e9phonique Sa\u00efed &#8211; Macron\"}]},{\"@type\":\"WebSite\",\"@id\":\"https:\/\/kapitalis.com\/tunisie\/#website\",\"url\":\"https:\/\/kapitalis.com\/tunisie\/\",\"name\":\"Kapitalis\",\"description\":\"L&#039;actualit\u00e9 en Tunisie et dans le monde\",\"publisher\":{\"@id\":\"https:\/\/kapitalis.com\/tunisie\/#organization\"},\"potentialAction\":[{\"@type\":\"SearchAction\",\"target\":{\"@type\":\"EntryPoint\",\"urlTemplate\":\"https:\/\/kapitalis.com\/tunisie\/?s={search_term_string}\"},\"query-input\":{\"@type\":\"PropertyValueSpecification\",\"valueRequired\":true,\"valueName\":\"search_term_string\"}}],\"inLanguage\":\"fr-FR\"},{\"@type\":\"Organization\",\"@id\":\"https:\/\/kapitalis.com\/tunisie\/#organization\",\"name\":\"Kapitalis\",\"url\":\"https:\/\/kapitalis.com\/tunisie\/\",\"logo\":{\"@type\":\"ImageObject\",\"inLanguage\":\"fr-FR\",\"@id\":\"https:\/\/kapitalis.com\/tunisie\/#\/schema\/logo\/image\/\",\"url\":\"https:\/\/kapitalis.com\/tunisie\/wp-content\/uploads\/2022\/05\/Kapitalis-big-size.png\",\"contentUrl\":\"https:\/\/kapitalis.com\/tunisie\/wp-content\/uploads\/2022\/05\/Kapitalis-big-size.png\",\"width\":5000,\"height\":1500,\"caption\":\"Kapitalis\"},\"image\":{\"@id\":\"https:\/\/kapitalis.com\/tunisie\/#\/schema\/logo\/image\/\"},\"sameAs\":[\"https:\/\/www.facebook.com\/KapitalisInfo\/\",\"https:\/\/x.com\/KapitalisInfo\",\"https:\/\/www.youtube.com\/channel\/UC-yDYrHyfFBWWZaOw3FPg9Q\"]},{\"@type\":\"Person\",\"@id\":\"https:\/\/kapitalis.com\/tunisie\/#\/schema\/person\/d71f33a9ca44f7bad4698210b480c8e9\",\"name\":\"webmaster kapitalis\",\"url\":\"https:\/\/kapitalis.com\/tunisie\/author\/webmaster-kapitalis\/\"}]}<\/script>\n<!-- \/ Yoast SEO plugin. -->","yoast_head_json":{"title":"Tunisie-France : Ce qui devrait \u00eatre dit \u00e0 propos de l'\u00e9change t\u00e9l\u00e9phonique Sa\u00efed - Macron - Kapitalis","robots":{"index":"index","follow":"follow","max-snippet":"max-snippet:-1","max-image-preview":"max-image-preview:large","max-video-preview":"max-video-preview:-1"},"canonical":"https:\/\/kapitalis.com\/tunisie\/2022\/01\/23\/tunisie-france-ce-qui-devrait-etre-dit-a-propos-de-lechange-telephonique-saied-macron\/","og_locale":"fr_FR","og_type":"article","og_title":"Tunisie-France : Ce qui devrait \u00eatre dit \u00e0 propos de l'\u00e9change t\u00e9l\u00e9phonique Sa\u00efed - Macron - Kapitalis","og_description":"Les versions donn\u00e9es par Carthage et l&rsquo;Elys\u00e9e du contenu de l&rsquo;appel t\u00e9l\u00e9phonique, samedi 22 janvier 2022, entre le pr\u00e9sident Ka\u00efs Sa\u00efed, et le pr\u00e9sident Emmanuel Macron, traduisent, par leurs diff\u00e9rences m\u00eame, l&rsquo;impression qu&rsquo;en ont gard\u00e9e les deux chefs d&rsquo;Etat ou les messages qu&rsquo;ils ont voulu transmettre ou\u2026 retenir. Par Imed Bahri","og_url":"https:\/\/kapitalis.com\/tunisie\/2022\/01\/23\/tunisie-france-ce-qui-devrait-etre-dit-a-propos-de-lechange-telephonique-saied-macron\/","og_site_name":"Kapitalis","article_publisher":"https:\/\/www.facebook.com\/KapitalisInfo\/","article_published_time":"2022-01-23T09:43:57+00:00","article_modified_time":"2022-01-23T09:49:17+00:00","og_image":[{"url":"http:\/\/kapitalis.com\/tunisie\/wp-content\/uploads\/2021\/10\/Saied-Macron.jpg","type":"","width":"","height":""}],"author":"webmaster kapitalis","twitter_card":"summary_large_image","twitter_creator":"@KapitalisInfo","twitter_site":"@KapitalisInfo","twitter_misc":{"\u00c9crit par":"webmaster kapitalis","Dur\u00e9e de lecture estim\u00e9e":"4 minutes"},"schema":{"@context":"https:\/\/schema.org","@graph":[{"@type":"Article","@id":"https:\/\/kapitalis.com\/tunisie\/2022\/01\/23\/tunisie-france-ce-qui-devrait-etre-dit-a-propos-de-lechange-telephonique-saied-macron\/#article","isPartOf":{"@id":"https:\/\/kapitalis.com\/tunisie\/2022\/01\/23\/tunisie-france-ce-qui-devrait-etre-dit-a-propos-de-lechange-telephonique-saied-macron\/"},"author":{"name":"webmaster kapitalis","@id":"https:\/\/kapitalis.com\/tunisie\/#\/schema\/person\/d71f33a9ca44f7bad4698210b480c8e9"},"headline":"Tunisie-France : Ce qui devrait \u00eatre dit \u00e0 propos de l&rsquo;\u00e9change t\u00e9l\u00e9phonique Sa\u00efed &#8211; Macron","datePublished":"2022-01-23T09:43:57+00:00","dateModified":"2022-01-23T09:49:17+00:00","mainEntityOfPage":{"@id":"https:\/\/kapitalis.com\/tunisie\/2022\/01\/23\/tunisie-france-ce-qui-devrait-etre-dit-a-propos-de-lechange-telephonique-saied-macron\/"},"wordCount":719,"commentCount":5,"publisher":{"@id":"https:\/\/kapitalis.com\/tunisie\/#organization"},"image":{"@id":"https:\/\/kapitalis.com\/tunisie\/2022\/01\/23\/tunisie-france-ce-qui-devrait-etre-dit-a-propos-de-lechange-telephonique-saied-macron\/#primaryimage"},"thumbnailUrl":"http:\/\/kapitalis.com\/tunisie\/wp-content\/uploads\/2021\/10\/Saied-Macron.jpg","keywords":["Carthage","Elys\u00e9e","Emmanuel Macron","France","Ka\u00efs Sa\u00efed","Najla Bouden","Tunisie","Union europ\u00e9enne"],"articleSection":["A LA UNE","POLITIQUE","Tunisie"],"inLanguage":"fr-FR","potentialAction":[{"@type":"CommentAction","name":"Comment","target":["https:\/\/kapitalis.com\/tunisie\/2022\/01\/23\/tunisie-france-ce-qui-devrait-etre-dit-a-propos-de-lechange-telephonique-saied-macron\/#respond"]}]},{"@type":"WebPage","@id":"https:\/\/kapitalis.com\/tunisie\/2022\/01\/23\/tunisie-france-ce-qui-devrait-etre-dit-a-propos-de-lechange-telephonique-saied-macron\/","url":"https:\/\/kapitalis.com\/tunisie\/2022\/01\/23\/tunisie-france-ce-qui-devrait-etre-dit-a-propos-de-lechange-telephonique-saied-macron\/","name":"Tunisie-France : Ce qui devrait \u00eatre dit \u00e0 propos de l'\u00e9change t\u00e9l\u00e9phonique Sa\u00efed - Macron - Kapitalis","isPartOf":{"@id":"https:\/\/kapitalis.com\/tunisie\/#website"},"primaryImageOfPage":{"@id":"https:\/\/kapitalis.com\/tunisie\/2022\/01\/23\/tunisie-france-ce-qui-devrait-etre-dit-a-propos-de-lechange-telephonique-saied-macron\/#primaryimage"},"image":{"@id":"https:\/\/kapitalis.com\/tunisie\/2022\/01\/23\/tunisie-france-ce-qui-devrait-etre-dit-a-propos-de-lechange-telephonique-saied-macron\/#primaryimage"},"thumbnailUrl":"http:\/\/kapitalis.com\/tunisie\/wp-content\/uploads\/2021\/10\/Saied-Macron.jpg","datePublished":"2022-01-23T09:43:57+00:00","dateModified":"2022-01-23T09:49:17+00:00","breadcrumb":{"@id":"https:\/\/kapitalis.com\/tunisie\/2022\/01\/23\/tunisie-france-ce-qui-devrait-etre-dit-a-propos-de-lechange-telephonique-saied-macron\/#breadcrumb"},"inLanguage":"fr-FR","potentialAction":[{"@type":"ReadAction","target":["https:\/\/kapitalis.com\/tunisie\/2022\/01\/23\/tunisie-france-ce-qui-devrait-etre-dit-a-propos-de-lechange-telephonique-saied-macron\/"]}]},{"@type":"ImageObject","inLanguage":"fr-FR","@id":"https:\/\/kapitalis.com\/tunisie\/2022\/01\/23\/tunisie-france-ce-qui-devrait-etre-dit-a-propos-de-lechange-telephonique-saied-macron\/#primaryimage","url":"","contentUrl":""},{"@type":"BreadcrumbList","@id":"https:\/\/kapitalis.com\/tunisie\/2022\/01\/23\/tunisie-france-ce-qui-devrait-etre-dit-a-propos-de-lechange-telephonique-saied-macron\/#breadcrumb","itemListElement":[{"@type":"ListItem","position":1,"name":"Accueil","item":"https:\/\/kapitalis.com\/tunisie\/"},{"@type":"ListItem","position":2,"name":"Tunisie-France : Ce qui devrait \u00eatre dit \u00e0 propos de l&rsquo;\u00e9change t\u00e9l\u00e9phonique Sa\u00efed &#8211; Macron"}]},{"@type":"WebSite","@id":"https:\/\/kapitalis.com\/tunisie\/#website","url":"https:\/\/kapitalis.com\/tunisie\/","name":"Kapitalis","description":"L&#039;actualit\u00e9 en Tunisie et dans le monde","publisher":{"@id":"https:\/\/kapitalis.com\/tunisie\/#organization"},"potentialAction":[{"@type":"SearchAction","target":{"@type":"EntryPoint","urlTemplate":"https:\/\/kapitalis.com\/tunisie\/?s={search_term_string}"},"query-input":{"@type":"PropertyValueSpecification","valueRequired":true,"valueName":"search_term_string"}}],"inLanguage":"fr-FR"},{"@type":"Organization","@id":"https:\/\/kapitalis.com\/tunisie\/#organization","name":"Kapitalis","url":"https:\/\/kapitalis.com\/tunisie\/","logo":{"@type":"ImageObject","inLanguage":"fr-FR","@id":"https:\/\/kapitalis.com\/tunisie\/#\/schema\/logo\/image\/","url":"https:\/\/kapitalis.com\/tunisie\/wp-content\/uploads\/2022\/05\/Kapitalis-big-size.png","contentUrl":"https:\/\/kapitalis.com\/tunisie\/wp-content\/uploads\/2022\/05\/Kapitalis-big-size.png","width":5000,"height":1500,"caption":"Kapitalis"},"image":{"@id":"https:\/\/kapitalis.com\/tunisie\/#\/schema\/logo\/image\/"},"sameAs":["https:\/\/www.facebook.com\/KapitalisInfo\/","https:\/\/x.com\/KapitalisInfo","https:\/\/www.youtube.com\/channel\/UC-yDYrHyfFBWWZaOw3FPg9Q"]},{"@type":"Person","@id":"https:\/\/kapitalis.com\/tunisie\/#\/schema\/person\/d71f33a9ca44f7bad4698210b480c8e9","name":"webmaster kapitalis","url":"https:\/\/kapitalis.com\/tunisie\/author\/webmaster-kapitalis\/"}]}},"_links":{"self":[{"href":"https:\/\/kapitalis.com\/tunisie\/wp-json\/wp\/v2\/posts\/378049","targetHints":{"allow":["GET"]}}],"collection":[{"href":"https:\/\/kapitalis.com\/tunisie\/wp-json\/wp\/v2\/posts"}],"about":[{"href":"https:\/\/kapitalis.com\/tunisie\/wp-json\/wp\/v2\/types\/post"}],"author":[{"embeddable":true,"href":"https:\/\/kapitalis.com\/tunisie\/wp-json\/wp\/v2\/users\/8"}],"replies":[{"embeddable":true,"href":"https:\/\/kapitalis.com\/tunisie\/wp-json\/wp\/v2\/comments?post=378049"}],"version-history":[{"count":0,"href":"https:\/\/kapitalis.com\/tunisie\/wp-json\/wp\/v2\/posts\/378049\/revisions"}],"wp:attachment":[{"href":"https:\/\/kapitalis.com\/tunisie\/wp-json\/wp\/v2\/media?parent=378049"}],"wp:term":[{"taxonomy":"category","embeddable":true,"href":"https:\/\/kapitalis.com\/tunisie\/wp-json\/wp\/v2\/categories?post=378049"},{"taxonomy":"post_tag","embeddable":true,"href":"https:\/\/kapitalis.com\/tunisie\/wp-json\/wp\/v2\/tags?post=378049"}],"curies":[{"name":"wp","href":"https:\/\/api.w.org\/{rel}","templated":true}]}}