{"id":378150,"date":"2022-01-24T12:00:53","date_gmt":"2022-01-24T11:00:53","guid":{"rendered":"http:\/\/kapitalis.com\/tunisie\/?p=378150"},"modified":"2022-01-24T12:03:23","modified_gmt":"2022-01-24T11:03:23","slug":"lecrivain-dany-laferriere-rend-hommage-a-la-ville-de-tunis-a-travers-un-poeme-visuel","status":"publish","type":"post","link":"https:\/\/kapitalis.com\/tunisie\/2022\/01\/24\/lecrivain-dany-laferriere-rend-hommage-a-la-ville-de-tunis-a-travers-un-poeme-visuel\/","title":{"rendered":"L&rsquo;\u00e9crivain Dany Laferri\u00e8re rend hommage \u00e0 la ville de Tunis \u00e0 travers un po\u00e8me visuel"},"content":{"rendered":"\n<div class=\"wp-block-image\"><figure class=\"aligncenter size-full\"><img decoding=\"async\" src=\"http:\/\/kapitalis.com\/tunisie\/wp-content\/uploads\/2022\/01\/Untitled-1-11.jpg\" alt=\"\" class=\"wp-image-378155\"\/><\/figure><\/div>\n\n\n\n<p><em><strong>L\u2019\u00e9crivain canado-ha\u00eftien Dany Laferri\u00e8re a rendu hommage \u00e0 travers un po\u00e8me visuel \u00e0 la ville de Tunis apr\u00e8s s\u2019y \u00eatre derni\u00e8rement s\u00e9journ\u00e9.\u00a0 \u00ab\u00a0Une ville o\u00f9 les chats fl\u00e2nent myst\u00e9rieusement dans tous les coins des rues\u00a0\u2026 \u00bb.<\/strong><\/em><\/p>\n\n\n\n<!--more-->\n\n\n\n<p>A l\u2019occasion de la 6<sup>e<\/sup> \u00e9dition des Nuits de la lecture qui s\u2019est d\u00e9roul\u00e9e en ligne du 20 au 23 janvier, l\u2019\u00e9crivain et acad\u00e9micien canado-ha\u00eftien Dany Laferri\u00e8re a souhait\u00e9 rendre hommage \u00e0 la ville de Tunis qui l\u2019a charm\u00e9 au cours de sa derni\u00e8re visite dans le cadre de la Foire internationale du Livre de Tunis et de l\u2019exsposition \u00ab\u00a0<em>Un c\u0153ur nomade<\/em>\u00a0\u00bb \u00e0 l\u2019Institut Fran\u00e7ais de Tunis, d\u00e9di\u00e9e \u00e0 son \u0153uvre.<\/p>\n\n\n\n<p>\u00ab\u00a0<em>Autoportrait de Tunis avec chat<\/em>\u00a0\u00bb, c\u2019est ainsi que Dany Laferri\u00e8re a souhait\u00e9 appeler son <a href=\"https:\/\/www.facebook.com\/IFTunisie\/videos\/5011035388946578\/\">po\u00e8me visuel<\/a> \u00e0 travers lequel on le voit fl\u00e2ner dans les rues de la capitale.\u00a0 \u00ab\u00a0<em>Quand j\u2019arrive dans une nouvelle ville, j\u2019ai toujours l\u2019impression d\u2019entamer une nouvelle vie. Alors de la fen\u00eatre de ma chambre d\u2019h\u00f4tel, je l\u2019observe, comme un nageur qui s\u2019appr\u00eate \u00e0 plonger dans le fleuve de cette vie quotidienne \u2026<\/em>\u00a0\u00bb, ainsi commence le po\u00e8me o\u00f9 Dany Laferri\u00e8re nous parle des coutumes, des caf\u00e9s, des librairies, des chats, des maisons ou encore de la grande horloge de Tunis, une ville dont il est tomb\u00e9 sous le charme.<\/p>\n\n\n\n<p class=\"has-text-align-right\"><strong>F.B<\/strong><\/p>\n","protected":false},"excerpt":{"rendered":"<p>L\u2019\u00e9crivain canado-ha\u00eftien Dany Laferri\u00e8re a rendu hommage \u00e0 travers un po\u00e8me visuel \u00e0 la ville de Tunis apr\u00e8s s\u2019y \u00eatre derni\u00e8rement s\u00e9journ\u00e9.\u00a0 \u00ab\u00a0Une ville o\u00f9 les chats fl\u00e2nent myst\u00e9rieusement dans tous les coins des rues\u00a0\u2026 \u00bb.<\/p>\n","protected":false},"author":26,"featured_media":378155,"comment_status":"open","ping_status":"open","sticky":false,"template":"","format":"standard","meta":{"footnotes":""},"categories":[994,2433],"tags":[94413,96660,96720,64491,62643],"class_list":["post-378150","post","type-post","status-publish","format-standard","has-post-thumbnail","hentry","category-culture","category-tunisie","tag-dany-laferriere","tag-nuits-de-la-lecture","tag-poeme","tag-tunis","tag-tunisie"],"yoast_head":"<!-- This site is optimized with the Yoast SEO plugin v26.6 - https:\/\/yoast.com\/wordpress\/plugins\/seo\/ -->\n<title>L&#039;\u00e9crivain Dany Laferri\u00e8re rend hommage \u00e0 la ville de Tunis \u00e0 travers un po\u00e8me visuel - Kapitalis<\/title>\n<meta name=\"robots\" content=\"index, follow, max-snippet:-1, max-image-preview:large, max-video-preview:-1\" \/>\n<link rel=\"canonical\" href=\"https:\/\/kapitalis.com\/tunisie\/2022\/01\/24\/lecrivain-dany-laferriere-rend-hommage-a-la-ville-de-tunis-a-travers-un-poeme-visuel\/\" \/>\n<meta property=\"og:locale\" content=\"fr_FR\" \/>\n<meta property=\"og:type\" content=\"article\" \/>\n<meta property=\"og:title\" content=\"L&#039;\u00e9crivain Dany Laferri\u00e8re rend hommage \u00e0 la ville de Tunis \u00e0 travers un po\u00e8me visuel - Kapitalis\" \/>\n<meta property=\"og:description\" content=\"L\u2019\u00e9crivain canado-ha\u00eftien Dany Laferri\u00e8re a rendu hommage \u00e0 travers un po\u00e8me visuel \u00e0 la ville de Tunis apr\u00e8s s\u2019y \u00eatre derni\u00e8rement s\u00e9journ\u00e9.\u00a0 \u00ab\u00a0Une ville o\u00f9 les chats fl\u00e2nent myst\u00e9rieusement dans tous les coins des rues\u00a0\u2026 \u00bb.\" \/>\n<meta property=\"og:url\" content=\"https:\/\/kapitalis.com\/tunisie\/2022\/01\/24\/lecrivain-dany-laferriere-rend-hommage-a-la-ville-de-tunis-a-travers-un-poeme-visuel\/\" \/>\n<meta property=\"og:site_name\" content=\"Kapitalis\" \/>\n<meta property=\"article:publisher\" content=\"https:\/\/www.facebook.com\/KapitalisInfo\/\" \/>\n<meta property=\"article:published_time\" content=\"2022-01-24T11:00:53+00:00\" \/>\n<meta property=\"article:modified_time\" content=\"2022-01-24T11:03:23+00:00\" \/>\n<meta property=\"og:image\" content=\"https:\/\/kapitalis.com\/tunisie\/wp-content\/uploads\/2022\/05\/kapitalis-logo-fb.png\" \/>\n\t<meta property=\"og:image:width\" content=\"1200\" \/>\n\t<meta property=\"og:image:height\" content=\"630\" \/>\n\t<meta property=\"og:image:type\" content=\"image\/png\" \/>\n<meta name=\"author\" content=\"Fawz BenAli\" \/>\n<meta name=\"twitter:card\" content=\"summary_large_image\" \/>\n<meta name=\"twitter:creator\" content=\"@KapitalisInfo\" \/>\n<meta name=\"twitter:site\" content=\"@KapitalisInfo\" \/>\n<meta name=\"twitter:label1\" content=\"\u00c9crit par\" \/>\n\t<meta name=\"twitter:data1\" content=\"Fawz BenAli\" \/>\n\t<meta name=\"twitter:label2\" content=\"Dur\u00e9e de lecture estim\u00e9e\" \/>\n\t<meta name=\"twitter:data2\" content=\"1 minute\" \/>\n<script type=\"application\/ld+json\" class=\"yoast-schema-graph\">{\"@context\":\"https:\/\/schema.org\",\"@graph\":[{\"@type\":\"Article\",\"@id\":\"https:\/\/kapitalis.com\/tunisie\/2022\/01\/24\/lecrivain-dany-laferriere-rend-hommage-a-la-ville-de-tunis-a-travers-un-poeme-visuel\/#article\",\"isPartOf\":{\"@id\":\"https:\/\/kapitalis.com\/tunisie\/2022\/01\/24\/lecrivain-dany-laferriere-rend-hommage-a-la-ville-de-tunis-a-travers-un-poeme-visuel\/\"},\"author\":{\"name\":\"Fawz BenAli\",\"@id\":\"https:\/\/kapitalis.com\/tunisie\/#\/schema\/person\/73a5ecc1f6ae540c6ed91342eadca948\"},\"headline\":\"L&rsquo;\u00e9crivain Dany Laferri\u00e8re rend hommage \u00e0 la ville de Tunis \u00e0 travers un po\u00e8me visuel\",\"datePublished\":\"2022-01-24T11:00:53+00:00\",\"dateModified\":\"2022-01-24T11:03:23+00:00\",\"mainEntityOfPage\":{\"@id\":\"https:\/\/kapitalis.com\/tunisie\/2022\/01\/24\/lecrivain-dany-laferriere-rend-hommage-a-la-ville-de-tunis-a-travers-un-poeme-visuel\/\"},\"wordCount\":260,\"commentCount\":1,\"publisher\":{\"@id\":\"https:\/\/kapitalis.com\/tunisie\/#organization\"},\"image\":{\"@id\":\"https:\/\/kapitalis.com\/tunisie\/2022\/01\/24\/lecrivain-dany-laferriere-rend-hommage-a-la-ville-de-tunis-a-travers-un-poeme-visuel\/#primaryimage\"},\"thumbnailUrl\":\"\",\"keywords\":[\"Dany Laferri\u00e8re\",\"Nuits de la lecture\",\"po\u00e8me\",\"Tunis\",\"Tunisie\"],\"articleSection\":[\"CULTURE\",\"Tunisie\"],\"inLanguage\":\"fr-FR\",\"potentialAction\":[{\"@type\":\"CommentAction\",\"name\":\"Comment\",\"target\":[\"https:\/\/kapitalis.com\/tunisie\/2022\/01\/24\/lecrivain-dany-laferriere-rend-hommage-a-la-ville-de-tunis-a-travers-un-poeme-visuel\/#respond\"]}]},{\"@type\":\"WebPage\",\"@id\":\"https:\/\/kapitalis.com\/tunisie\/2022\/01\/24\/lecrivain-dany-laferriere-rend-hommage-a-la-ville-de-tunis-a-travers-un-poeme-visuel\/\",\"url\":\"https:\/\/kapitalis.com\/tunisie\/2022\/01\/24\/lecrivain-dany-laferriere-rend-hommage-a-la-ville-de-tunis-a-travers-un-poeme-visuel\/\",\"name\":\"L'\u00e9crivain Dany Laferri\u00e8re rend hommage \u00e0 la ville de Tunis \u00e0 travers un po\u00e8me visuel - Kapitalis\",\"isPartOf\":{\"@id\":\"https:\/\/kapitalis.com\/tunisie\/#website\"},\"primaryImageOfPage\":{\"@id\":\"https:\/\/kapitalis.com\/tunisie\/2022\/01\/24\/lecrivain-dany-laferriere-rend-hommage-a-la-ville-de-tunis-a-travers-un-poeme-visuel\/#primaryimage\"},\"image\":{\"@id\":\"https:\/\/kapitalis.com\/tunisie\/2022\/01\/24\/lecrivain-dany-laferriere-rend-hommage-a-la-ville-de-tunis-a-travers-un-poeme-visuel\/#primaryimage\"},\"thumbnailUrl\":\"\",\"datePublished\":\"2022-01-24T11:00:53+00:00\",\"dateModified\":\"2022-01-24T11:03:23+00:00\",\"breadcrumb\":{\"@id\":\"https:\/\/kapitalis.com\/tunisie\/2022\/01\/24\/lecrivain-dany-laferriere-rend-hommage-a-la-ville-de-tunis-a-travers-un-poeme-visuel\/#breadcrumb\"},\"inLanguage\":\"fr-FR\",\"potentialAction\":[{\"@type\":\"ReadAction\",\"target\":[\"https:\/\/kapitalis.com\/tunisie\/2022\/01\/24\/lecrivain-dany-laferriere-rend-hommage-a-la-ville-de-tunis-a-travers-un-poeme-visuel\/\"]}]},{\"@type\":\"ImageObject\",\"inLanguage\":\"fr-FR\",\"@id\":\"https:\/\/kapitalis.com\/tunisie\/2022\/01\/24\/lecrivain-dany-laferriere-rend-hommage-a-la-ville-de-tunis-a-travers-un-poeme-visuel\/#primaryimage\",\"url\":\"\",\"contentUrl\":\"\"},{\"@type\":\"BreadcrumbList\",\"@id\":\"https:\/\/kapitalis.com\/tunisie\/2022\/01\/24\/lecrivain-dany-laferriere-rend-hommage-a-la-ville-de-tunis-a-travers-un-poeme-visuel\/#breadcrumb\",\"itemListElement\":[{\"@type\":\"ListItem\",\"position\":1,\"name\":\"Accueil\",\"item\":\"https:\/\/kapitalis.com\/tunisie\/\"},{\"@type\":\"ListItem\",\"position\":2,\"name\":\"L&rsquo;\u00e9crivain Dany Laferri\u00e8re rend hommage \u00e0 la ville de Tunis \u00e0 travers un po\u00e8me visuel\"}]},{\"@type\":\"WebSite\",\"@id\":\"https:\/\/kapitalis.com\/tunisie\/#website\",\"url\":\"https:\/\/kapitalis.com\/tunisie\/\",\"name\":\"Kapitalis\",\"description\":\"L&#039;actualit\u00e9 en Tunisie et dans le monde\",\"publisher\":{\"@id\":\"https:\/\/kapitalis.com\/tunisie\/#organization\"},\"potentialAction\":[{\"@type\":\"SearchAction\",\"target\":{\"@type\":\"EntryPoint\",\"urlTemplate\":\"https:\/\/kapitalis.com\/tunisie\/?s={search_term_string}\"},\"query-input\":{\"@type\":\"PropertyValueSpecification\",\"valueRequired\":true,\"valueName\":\"search_term_string\"}}],\"inLanguage\":\"fr-FR\"},{\"@type\":\"Organization\",\"@id\":\"https:\/\/kapitalis.com\/tunisie\/#organization\",\"name\":\"Kapitalis\",\"url\":\"https:\/\/kapitalis.com\/tunisie\/\",\"logo\":{\"@type\":\"ImageObject\",\"inLanguage\":\"fr-FR\",\"@id\":\"https:\/\/kapitalis.com\/tunisie\/#\/schema\/logo\/image\/\",\"url\":\"https:\/\/kapitalis.com\/tunisie\/wp-content\/uploads\/2022\/05\/Kapitalis-big-size.png\",\"contentUrl\":\"https:\/\/kapitalis.com\/tunisie\/wp-content\/uploads\/2022\/05\/Kapitalis-big-size.png\",\"width\":5000,\"height\":1500,\"caption\":\"Kapitalis\"},\"image\":{\"@id\":\"https:\/\/kapitalis.com\/tunisie\/#\/schema\/logo\/image\/\"},\"sameAs\":[\"https:\/\/www.facebook.com\/KapitalisInfo\/\",\"https:\/\/x.com\/KapitalisInfo\",\"https:\/\/www.youtube.com\/channel\/UC-yDYrHyfFBWWZaOw3FPg9Q\"]},{\"@type\":\"Person\",\"@id\":\"https:\/\/kapitalis.com\/tunisie\/#\/schema\/person\/73a5ecc1f6ae540c6ed91342eadca948\",\"name\":\"Fawz BenAli\",\"url\":\"https:\/\/kapitalis.com\/tunisie\/author\/fawz\/\"}]}<\/script>\n<!-- \/ Yoast SEO plugin. -->","yoast_head_json":{"title":"L'\u00e9crivain Dany Laferri\u00e8re rend hommage \u00e0 la ville de Tunis \u00e0 travers un po\u00e8me visuel - Kapitalis","robots":{"index":"index","follow":"follow","max-snippet":"max-snippet:-1","max-image-preview":"max-image-preview:large","max-video-preview":"max-video-preview:-1"},"canonical":"https:\/\/kapitalis.com\/tunisie\/2022\/01\/24\/lecrivain-dany-laferriere-rend-hommage-a-la-ville-de-tunis-a-travers-un-poeme-visuel\/","og_locale":"fr_FR","og_type":"article","og_title":"L'\u00e9crivain Dany Laferri\u00e8re rend hommage \u00e0 la ville de Tunis \u00e0 travers un po\u00e8me visuel - Kapitalis","og_description":"L\u2019\u00e9crivain canado-ha\u00eftien Dany Laferri\u00e8re a rendu hommage \u00e0 travers un po\u00e8me visuel \u00e0 la ville de Tunis apr\u00e8s s\u2019y \u00eatre derni\u00e8rement s\u00e9journ\u00e9.\u00a0 \u00ab\u00a0Une ville o\u00f9 les chats fl\u00e2nent myst\u00e9rieusement dans tous les coins des rues\u00a0\u2026 \u00bb.","og_url":"https:\/\/kapitalis.com\/tunisie\/2022\/01\/24\/lecrivain-dany-laferriere-rend-hommage-a-la-ville-de-tunis-a-travers-un-poeme-visuel\/","og_site_name":"Kapitalis","article_publisher":"https:\/\/www.facebook.com\/KapitalisInfo\/","article_published_time":"2022-01-24T11:00:53+00:00","article_modified_time":"2022-01-24T11:03:23+00:00","og_image":[{"width":1200,"height":630,"url":"https:\/\/kapitalis.com\/tunisie\/wp-content\/uploads\/2022\/05\/kapitalis-logo-fb.png","type":"image\/png"}],"author":"Fawz BenAli","twitter_card":"summary_large_image","twitter_creator":"@KapitalisInfo","twitter_site":"@KapitalisInfo","twitter_misc":{"\u00c9crit par":"Fawz BenAli","Dur\u00e9e de lecture estim\u00e9e":"1 minute"},"schema":{"@context":"https:\/\/schema.org","@graph":[{"@type":"Article","@id":"https:\/\/kapitalis.com\/tunisie\/2022\/01\/24\/lecrivain-dany-laferriere-rend-hommage-a-la-ville-de-tunis-a-travers-un-poeme-visuel\/#article","isPartOf":{"@id":"https:\/\/kapitalis.com\/tunisie\/2022\/01\/24\/lecrivain-dany-laferriere-rend-hommage-a-la-ville-de-tunis-a-travers-un-poeme-visuel\/"},"author":{"name":"Fawz BenAli","@id":"https:\/\/kapitalis.com\/tunisie\/#\/schema\/person\/73a5ecc1f6ae540c6ed91342eadca948"},"headline":"L&rsquo;\u00e9crivain Dany Laferri\u00e8re rend hommage \u00e0 la ville de Tunis \u00e0 travers un po\u00e8me visuel","datePublished":"2022-01-24T11:00:53+00:00","dateModified":"2022-01-24T11:03:23+00:00","mainEntityOfPage":{"@id":"https:\/\/kapitalis.com\/tunisie\/2022\/01\/24\/lecrivain-dany-laferriere-rend-hommage-a-la-ville-de-tunis-a-travers-un-poeme-visuel\/"},"wordCount":260,"commentCount":1,"publisher":{"@id":"https:\/\/kapitalis.com\/tunisie\/#organization"},"image":{"@id":"https:\/\/kapitalis.com\/tunisie\/2022\/01\/24\/lecrivain-dany-laferriere-rend-hommage-a-la-ville-de-tunis-a-travers-un-poeme-visuel\/#primaryimage"},"thumbnailUrl":"","keywords":["Dany Laferri\u00e8re","Nuits de la lecture","po\u00e8me","Tunis","Tunisie"],"articleSection":["CULTURE","Tunisie"],"inLanguage":"fr-FR","potentialAction":[{"@type":"CommentAction","name":"Comment","target":["https:\/\/kapitalis.com\/tunisie\/2022\/01\/24\/lecrivain-dany-laferriere-rend-hommage-a-la-ville-de-tunis-a-travers-un-poeme-visuel\/#respond"]}]},{"@type":"WebPage","@id":"https:\/\/kapitalis.com\/tunisie\/2022\/01\/24\/lecrivain-dany-laferriere-rend-hommage-a-la-ville-de-tunis-a-travers-un-poeme-visuel\/","url":"https:\/\/kapitalis.com\/tunisie\/2022\/01\/24\/lecrivain-dany-laferriere-rend-hommage-a-la-ville-de-tunis-a-travers-un-poeme-visuel\/","name":"L'\u00e9crivain Dany Laferri\u00e8re rend hommage \u00e0 la ville de Tunis \u00e0 travers un po\u00e8me visuel - Kapitalis","isPartOf":{"@id":"https:\/\/kapitalis.com\/tunisie\/#website"},"primaryImageOfPage":{"@id":"https:\/\/kapitalis.com\/tunisie\/2022\/01\/24\/lecrivain-dany-laferriere-rend-hommage-a-la-ville-de-tunis-a-travers-un-poeme-visuel\/#primaryimage"},"image":{"@id":"https:\/\/kapitalis.com\/tunisie\/2022\/01\/24\/lecrivain-dany-laferriere-rend-hommage-a-la-ville-de-tunis-a-travers-un-poeme-visuel\/#primaryimage"},"thumbnailUrl":"","datePublished":"2022-01-24T11:00:53+00:00","dateModified":"2022-01-24T11:03:23+00:00","breadcrumb":{"@id":"https:\/\/kapitalis.com\/tunisie\/2022\/01\/24\/lecrivain-dany-laferriere-rend-hommage-a-la-ville-de-tunis-a-travers-un-poeme-visuel\/#breadcrumb"},"inLanguage":"fr-FR","potentialAction":[{"@type":"ReadAction","target":["https:\/\/kapitalis.com\/tunisie\/2022\/01\/24\/lecrivain-dany-laferriere-rend-hommage-a-la-ville-de-tunis-a-travers-un-poeme-visuel\/"]}]},{"@type":"ImageObject","inLanguage":"fr-FR","@id":"https:\/\/kapitalis.com\/tunisie\/2022\/01\/24\/lecrivain-dany-laferriere-rend-hommage-a-la-ville-de-tunis-a-travers-un-poeme-visuel\/#primaryimage","url":"","contentUrl":""},{"@type":"BreadcrumbList","@id":"https:\/\/kapitalis.com\/tunisie\/2022\/01\/24\/lecrivain-dany-laferriere-rend-hommage-a-la-ville-de-tunis-a-travers-un-poeme-visuel\/#breadcrumb","itemListElement":[{"@type":"ListItem","position":1,"name":"Accueil","item":"https:\/\/kapitalis.com\/tunisie\/"},{"@type":"ListItem","position":2,"name":"L&rsquo;\u00e9crivain Dany Laferri\u00e8re rend hommage \u00e0 la ville de Tunis \u00e0 travers un po\u00e8me visuel"}]},{"@type":"WebSite","@id":"https:\/\/kapitalis.com\/tunisie\/#website","url":"https:\/\/kapitalis.com\/tunisie\/","name":"Kapitalis","description":"L&#039;actualit\u00e9 en Tunisie et dans le monde","publisher":{"@id":"https:\/\/kapitalis.com\/tunisie\/#organization"},"potentialAction":[{"@type":"SearchAction","target":{"@type":"EntryPoint","urlTemplate":"https:\/\/kapitalis.com\/tunisie\/?s={search_term_string}"},"query-input":{"@type":"PropertyValueSpecification","valueRequired":true,"valueName":"search_term_string"}}],"inLanguage":"fr-FR"},{"@type":"Organization","@id":"https:\/\/kapitalis.com\/tunisie\/#organization","name":"Kapitalis","url":"https:\/\/kapitalis.com\/tunisie\/","logo":{"@type":"ImageObject","inLanguage":"fr-FR","@id":"https:\/\/kapitalis.com\/tunisie\/#\/schema\/logo\/image\/","url":"https:\/\/kapitalis.com\/tunisie\/wp-content\/uploads\/2022\/05\/Kapitalis-big-size.png","contentUrl":"https:\/\/kapitalis.com\/tunisie\/wp-content\/uploads\/2022\/05\/Kapitalis-big-size.png","width":5000,"height":1500,"caption":"Kapitalis"},"image":{"@id":"https:\/\/kapitalis.com\/tunisie\/#\/schema\/logo\/image\/"},"sameAs":["https:\/\/www.facebook.com\/KapitalisInfo\/","https:\/\/x.com\/KapitalisInfo","https:\/\/www.youtube.com\/channel\/UC-yDYrHyfFBWWZaOw3FPg9Q"]},{"@type":"Person","@id":"https:\/\/kapitalis.com\/tunisie\/#\/schema\/person\/73a5ecc1f6ae540c6ed91342eadca948","name":"Fawz BenAli","url":"https:\/\/kapitalis.com\/tunisie\/author\/fawz\/"}]}},"_links":{"self":[{"href":"https:\/\/kapitalis.com\/tunisie\/wp-json\/wp\/v2\/posts\/378150","targetHints":{"allow":["GET"]}}],"collection":[{"href":"https:\/\/kapitalis.com\/tunisie\/wp-json\/wp\/v2\/posts"}],"about":[{"href":"https:\/\/kapitalis.com\/tunisie\/wp-json\/wp\/v2\/types\/post"}],"author":[{"embeddable":true,"href":"https:\/\/kapitalis.com\/tunisie\/wp-json\/wp\/v2\/users\/26"}],"replies":[{"embeddable":true,"href":"https:\/\/kapitalis.com\/tunisie\/wp-json\/wp\/v2\/comments?post=378150"}],"version-history":[{"count":0,"href":"https:\/\/kapitalis.com\/tunisie\/wp-json\/wp\/v2\/posts\/378150\/revisions"}],"wp:featuredmedia":[{"embeddable":true,"href":"https:\/\/kapitalis.com\/tunisie\/wp-json\/wp\/v2\/media\/378155"}],"wp:attachment":[{"href":"https:\/\/kapitalis.com\/tunisie\/wp-json\/wp\/v2\/media?parent=378150"}],"wp:term":[{"taxonomy":"category","embeddable":true,"href":"https:\/\/kapitalis.com\/tunisie\/wp-json\/wp\/v2\/categories?post=378150"},{"taxonomy":"post_tag","embeddable":true,"href":"https:\/\/kapitalis.com\/tunisie\/wp-json\/wp\/v2\/tags?post=378150"}],"curies":[{"name":"wp","href":"https:\/\/api.w.org\/{rel}","templated":true}]}}