{"id":378392,"date":"2022-01-25T22:26:53","date_gmt":"2022-01-25T21:26:53","guid":{"rendered":"http:\/\/kapitalis.com\/tunisie\/?p=378392"},"modified":"2022-01-25T22:35:08","modified_gmt":"2022-01-25T21:35:08","slug":"tunisie-quatre-anciens-batonniers-expriment-leur-solidarite-avec-abderrazak-kilani","status":"publish","type":"post","link":"https:\/\/kapitalis.com\/tunisie\/2022\/01\/25\/tunisie-quatre-anciens-batonniers-expriment-leur-solidarite-avec-abderrazak-kilani\/","title":{"rendered":"Tunisie : Quatre anciens b\u00e2tonniers expriment leur solidarit\u00e9 avec Abderrazak Kilani"},"content":{"rendered":"\n<div class=\"wp-block-image\"><figure class=\"aligncenter size-full\"><img decoding=\"async\" src=\"http:\/\/kapitalis.com\/tunisie\/wp-content\/uploads\/2022\/01\/Abderrazak-Kilani.jpg\" alt=\"\" class=\"wp-image-378393\"\/><\/figure><\/div>\n\n\n\n<p><em><strong>Les anciens b\u00e2tonniers de l&rsquo;Ordre des avocats de Tunisie B\u00e9chir Essid, Mohamed Fadhel Mahfoudh, Ameur Meherzi et Chawki Tabib, ont exprim\u00e9 leur solidarit\u00e9 avec leur confr\u00e8re Me Abderrazak Kilani, qui a \u00e9t\u00e9 convoqu\u00e9 par la justice militaire.<\/strong><\/em><\/p>\n\n\n\n<!--more-->\n\n\n\n<p>Dans un communiqu\u00e9 rendu public, ce mardi 25 janvier 2022, les anciens b\u00e2tonniers ont d\u00e9nonc\u00e9 la convocation de leur coll\u00e8gue devant la justice militaire, en affirmant que cette proc\u00e9dure est contraire aux garanties acquises par les avocats, conform\u00e9ment aux dispositions de la Constitution et des conventions internationales.<\/p>\n\n\n\n<p>Ils ont \u00e9galement r\u00e9it\u00e9r\u00e9 la position de principe des avocats, qui rejettent la comparution des civils devant la justice militaire, tout en r\u00e9affirmant leur solidarit\u00e9 inconditionnel avec leur confr\u00e8re et ancien b\u00e2tonnier (2010-2012) Abderrazak Kilani.<\/p>\n\n\n\n<p>Me Kilani, qui est membre du comit\u00e9 de D\u00e9fense du d\u00e9put\u00e9 gel\u00e9 et dirigeant du parti islamiste Ennahdha Noureddine Bhiri, en r\u00e9sidence surveill\u00e9e depuis le 31 d\u00e9cembre 2021 pour soup\u00e7ons dans une affaire terroriste, a affirm\u00e9 vendredi dernier, qu&rsquo;un fax a \u00e9t\u00e9 envoy\u00e9 \u00e0 l\u2019ordre des avocats pour l&rsquo;aviser de sa convocation devant la justice militaire.<\/p>\n\n\n\n<p>La convocation en contenait aucune pr\u00e9cision quant \u00e0 la date et les accusations auxquelles il devra r\u00e9pondre, mais un second courrier lui sera envoy\u00e9 ult\u00e9rieurement, a-t-il pr\u00e9cis\u00e9.<\/p>\n\n\n\n<p class=\"has-text-align-right\"><strong>Y. N.<\/strong><\/p>\n","protected":false},"excerpt":{"rendered":"<p>Les anciens b\u00e2tonniers de l&rsquo;Ordre des avocats de Tunisie B\u00e9chir Essid, Mohamed Fadhel Mahfoudh, Ameur Meherzi et Chawki Tabib, ont exprim\u00e9 leur solidarit\u00e9 avec leur confr\u00e8re Me Abderrazak Kilani, qui a \u00e9t\u00e9 convoqu\u00e9 par la justice militaire.<\/p>\n","protected":false},"author":6,"featured_media":378393,"comment_status":"open","ping_status":"open","sticky":false,"template":"","format":"standard","meta":{"footnotes":""},"categories":[998,2433],"tags":[84123,2770,96238,24181,62643],"class_list":["post-378392","post","type-post","status-publish","format-standard","has-post-thumbnail","hentry","category-societe","category-tunisie","tag-abderrazak-kilani","tag-avocats","tag-batonnier-des-avocats","tag-justice-militaire","tag-tunisie"],"yoast_head":"<!-- This site is optimized with the Yoast SEO plugin v26.6 - https:\/\/yoast.com\/wordpress\/plugins\/seo\/ -->\n<title>Tunisie : Quatre anciens b\u00e2tonniers expriment leur solidarit\u00e9 avec Abderrazak Kilani - Kapitalis<\/title>\n<meta name=\"robots\" content=\"index, follow, max-snippet:-1, max-image-preview:large, max-video-preview:-1\" \/>\n<link rel=\"canonical\" href=\"https:\/\/kapitalis.com\/tunisie\/2022\/01\/25\/tunisie-quatre-anciens-batonniers-expriment-leur-solidarite-avec-abderrazak-kilani\/\" \/>\n<meta property=\"og:locale\" content=\"fr_FR\" \/>\n<meta property=\"og:type\" content=\"article\" \/>\n<meta property=\"og:title\" content=\"Tunisie : Quatre anciens b\u00e2tonniers expriment leur solidarit\u00e9 avec Abderrazak Kilani - Kapitalis\" \/>\n<meta property=\"og:description\" content=\"Les anciens b\u00e2tonniers de l&rsquo;Ordre des avocats de Tunisie B\u00e9chir Essid, Mohamed Fadhel Mahfoudh, Ameur Meherzi et Chawki Tabib, ont exprim\u00e9 leur solidarit\u00e9 avec leur confr\u00e8re Me Abderrazak Kilani, qui a \u00e9t\u00e9 convoqu\u00e9 par la justice militaire.\" \/>\n<meta property=\"og:url\" content=\"https:\/\/kapitalis.com\/tunisie\/2022\/01\/25\/tunisie-quatre-anciens-batonniers-expriment-leur-solidarite-avec-abderrazak-kilani\/\" \/>\n<meta property=\"og:site_name\" content=\"Kapitalis\" \/>\n<meta property=\"article:publisher\" content=\"https:\/\/www.facebook.com\/KapitalisInfo\/\" \/>\n<meta property=\"article:published_time\" content=\"2022-01-25T21:26:53+00:00\" \/>\n<meta property=\"article:modified_time\" content=\"2022-01-25T21:35:08+00:00\" \/>\n<meta property=\"og:image\" content=\"https:\/\/kapitalis.com\/tunisie\/wp-content\/uploads\/2022\/05\/kapitalis-logo-fb.png\" \/>\n\t<meta property=\"og:image:width\" content=\"1200\" \/>\n\t<meta property=\"og:image:height\" content=\"630\" \/>\n\t<meta property=\"og:image:type\" content=\"image\/png\" \/>\n<meta name=\"author\" content=\"Yusra NY\" \/>\n<meta name=\"twitter:card\" content=\"summary_large_image\" \/>\n<meta name=\"twitter:creator\" content=\"@KapitalisInfo\" \/>\n<meta name=\"twitter:site\" content=\"@KapitalisInfo\" \/>\n<meta name=\"twitter:label1\" content=\"\u00c9crit par\" \/>\n\t<meta name=\"twitter:data1\" content=\"Yusra NY\" \/>\n\t<meta name=\"twitter:label2\" content=\"Dur\u00e9e de lecture estim\u00e9e\" \/>\n\t<meta name=\"twitter:data2\" content=\"1 minute\" \/>\n<script type=\"application\/ld+json\" class=\"yoast-schema-graph\">{\"@context\":\"https:\/\/schema.org\",\"@graph\":[{\"@type\":\"Article\",\"@id\":\"https:\/\/kapitalis.com\/tunisie\/2022\/01\/25\/tunisie-quatre-anciens-batonniers-expriment-leur-solidarite-avec-abderrazak-kilani\/#article\",\"isPartOf\":{\"@id\":\"https:\/\/kapitalis.com\/tunisie\/2022\/01\/25\/tunisie-quatre-anciens-batonniers-expriment-leur-solidarite-avec-abderrazak-kilani\/\"},\"author\":{\"name\":\"Yusra NY\",\"@id\":\"https:\/\/kapitalis.com\/tunisie\/#\/schema\/person\/74bbde0154d49d790a92aaeac5bc01d5\"},\"headline\":\"Tunisie : Quatre anciens b\u00e2tonniers expriment leur solidarit\u00e9 avec Abderrazak Kilani\",\"datePublished\":\"2022-01-25T21:26:53+00:00\",\"dateModified\":\"2022-01-25T21:35:08+00:00\",\"mainEntityOfPage\":{\"@id\":\"https:\/\/kapitalis.com\/tunisie\/2022\/01\/25\/tunisie-quatre-anciens-batonniers-expriment-leur-solidarite-avec-abderrazak-kilani\/\"},\"wordCount\":233,\"commentCount\":3,\"publisher\":{\"@id\":\"https:\/\/kapitalis.com\/tunisie\/#organization\"},\"image\":{\"@id\":\"https:\/\/kapitalis.com\/tunisie\/2022\/01\/25\/tunisie-quatre-anciens-batonniers-expriment-leur-solidarite-avec-abderrazak-kilani\/#primaryimage\"},\"thumbnailUrl\":\"\",\"keywords\":[\"Abderrazak Kilani\",\"avocats\",\"b\u00e2tonnier des avocats\",\"justice militaire\",\"Tunisie\"],\"articleSection\":[\"SOCIETE\",\"Tunisie\"],\"inLanguage\":\"fr-FR\",\"potentialAction\":[{\"@type\":\"CommentAction\",\"name\":\"Comment\",\"target\":[\"https:\/\/kapitalis.com\/tunisie\/2022\/01\/25\/tunisie-quatre-anciens-batonniers-expriment-leur-solidarite-avec-abderrazak-kilani\/#respond\"]}]},{\"@type\":\"WebPage\",\"@id\":\"https:\/\/kapitalis.com\/tunisie\/2022\/01\/25\/tunisie-quatre-anciens-batonniers-expriment-leur-solidarite-avec-abderrazak-kilani\/\",\"url\":\"https:\/\/kapitalis.com\/tunisie\/2022\/01\/25\/tunisie-quatre-anciens-batonniers-expriment-leur-solidarite-avec-abderrazak-kilani\/\",\"name\":\"Tunisie : Quatre anciens b\u00e2tonniers expriment leur solidarit\u00e9 avec Abderrazak Kilani - Kapitalis\",\"isPartOf\":{\"@id\":\"https:\/\/kapitalis.com\/tunisie\/#website\"},\"primaryImageOfPage\":{\"@id\":\"https:\/\/kapitalis.com\/tunisie\/2022\/01\/25\/tunisie-quatre-anciens-batonniers-expriment-leur-solidarite-avec-abderrazak-kilani\/#primaryimage\"},\"image\":{\"@id\":\"https:\/\/kapitalis.com\/tunisie\/2022\/01\/25\/tunisie-quatre-anciens-batonniers-expriment-leur-solidarite-avec-abderrazak-kilani\/#primaryimage\"},\"thumbnailUrl\":\"\",\"datePublished\":\"2022-01-25T21:26:53+00:00\",\"dateModified\":\"2022-01-25T21:35:08+00:00\",\"breadcrumb\":{\"@id\":\"https:\/\/kapitalis.com\/tunisie\/2022\/01\/25\/tunisie-quatre-anciens-batonniers-expriment-leur-solidarite-avec-abderrazak-kilani\/#breadcrumb\"},\"inLanguage\":\"fr-FR\",\"potentialAction\":[{\"@type\":\"ReadAction\",\"target\":[\"https:\/\/kapitalis.com\/tunisie\/2022\/01\/25\/tunisie-quatre-anciens-batonniers-expriment-leur-solidarite-avec-abderrazak-kilani\/\"]}]},{\"@type\":\"ImageObject\",\"inLanguage\":\"fr-FR\",\"@id\":\"https:\/\/kapitalis.com\/tunisie\/2022\/01\/25\/tunisie-quatre-anciens-batonniers-expriment-leur-solidarite-avec-abderrazak-kilani\/#primaryimage\",\"url\":\"\",\"contentUrl\":\"\"},{\"@type\":\"BreadcrumbList\",\"@id\":\"https:\/\/kapitalis.com\/tunisie\/2022\/01\/25\/tunisie-quatre-anciens-batonniers-expriment-leur-solidarite-avec-abderrazak-kilani\/#breadcrumb\",\"itemListElement\":[{\"@type\":\"ListItem\",\"position\":1,\"name\":\"Accueil\",\"item\":\"https:\/\/kapitalis.com\/tunisie\/\"},{\"@type\":\"ListItem\",\"position\":2,\"name\":\"Tunisie : Quatre anciens b\u00e2tonniers expriment leur solidarit\u00e9 avec Abderrazak Kilani\"}]},{\"@type\":\"WebSite\",\"@id\":\"https:\/\/kapitalis.com\/tunisie\/#website\",\"url\":\"https:\/\/kapitalis.com\/tunisie\/\",\"name\":\"Kapitalis\",\"description\":\"L&#039;actualit\u00e9 en Tunisie et dans le monde\",\"publisher\":{\"@id\":\"https:\/\/kapitalis.com\/tunisie\/#organization\"},\"potentialAction\":[{\"@type\":\"SearchAction\",\"target\":{\"@type\":\"EntryPoint\",\"urlTemplate\":\"https:\/\/kapitalis.com\/tunisie\/?s={search_term_string}\"},\"query-input\":{\"@type\":\"PropertyValueSpecification\",\"valueRequired\":true,\"valueName\":\"search_term_string\"}}],\"inLanguage\":\"fr-FR\"},{\"@type\":\"Organization\",\"@id\":\"https:\/\/kapitalis.com\/tunisie\/#organization\",\"name\":\"Kapitalis\",\"url\":\"https:\/\/kapitalis.com\/tunisie\/\",\"logo\":{\"@type\":\"ImageObject\",\"inLanguage\":\"fr-FR\",\"@id\":\"https:\/\/kapitalis.com\/tunisie\/#\/schema\/logo\/image\/\",\"url\":\"https:\/\/kapitalis.com\/tunisie\/wp-content\/uploads\/2022\/05\/Kapitalis-big-size.png\",\"contentUrl\":\"https:\/\/kapitalis.com\/tunisie\/wp-content\/uploads\/2022\/05\/Kapitalis-big-size.png\",\"width\":5000,\"height\":1500,\"caption\":\"Kapitalis\"},\"image\":{\"@id\":\"https:\/\/kapitalis.com\/tunisie\/#\/schema\/logo\/image\/\"},\"sameAs\":[\"https:\/\/www.facebook.com\/KapitalisInfo\/\",\"https:\/\/x.com\/KapitalisInfo\",\"https:\/\/www.youtube.com\/channel\/UC-yDYrHyfFBWWZaOw3FPg9Q\"]},{\"@type\":\"Person\",\"@id\":\"https:\/\/kapitalis.com\/tunisie\/#\/schema\/person\/74bbde0154d49d790a92aaeac5bc01d5\",\"name\":\"Yusra NY\",\"url\":\"https:\/\/kapitalis.com\/tunisie\/author\/yuza_adam\/\"}]}<\/script>\n<!-- \/ Yoast SEO plugin. -->","yoast_head_json":{"title":"Tunisie : Quatre anciens b\u00e2tonniers expriment leur solidarit\u00e9 avec Abderrazak Kilani - Kapitalis","robots":{"index":"index","follow":"follow","max-snippet":"max-snippet:-1","max-image-preview":"max-image-preview:large","max-video-preview":"max-video-preview:-1"},"canonical":"https:\/\/kapitalis.com\/tunisie\/2022\/01\/25\/tunisie-quatre-anciens-batonniers-expriment-leur-solidarite-avec-abderrazak-kilani\/","og_locale":"fr_FR","og_type":"article","og_title":"Tunisie : Quatre anciens b\u00e2tonniers expriment leur solidarit\u00e9 avec Abderrazak Kilani - Kapitalis","og_description":"Les anciens b\u00e2tonniers de l&rsquo;Ordre des avocats de Tunisie B\u00e9chir Essid, Mohamed Fadhel Mahfoudh, Ameur Meherzi et Chawki Tabib, ont exprim\u00e9 leur solidarit\u00e9 avec leur confr\u00e8re Me Abderrazak Kilani, qui a \u00e9t\u00e9 convoqu\u00e9 par la justice militaire.","og_url":"https:\/\/kapitalis.com\/tunisie\/2022\/01\/25\/tunisie-quatre-anciens-batonniers-expriment-leur-solidarite-avec-abderrazak-kilani\/","og_site_name":"Kapitalis","article_publisher":"https:\/\/www.facebook.com\/KapitalisInfo\/","article_published_time":"2022-01-25T21:26:53+00:00","article_modified_time":"2022-01-25T21:35:08+00:00","og_image":[{"width":1200,"height":630,"url":"https:\/\/kapitalis.com\/tunisie\/wp-content\/uploads\/2022\/05\/kapitalis-logo-fb.png","type":"image\/png"}],"author":"Yusra NY","twitter_card":"summary_large_image","twitter_creator":"@KapitalisInfo","twitter_site":"@KapitalisInfo","twitter_misc":{"\u00c9crit par":"Yusra NY","Dur\u00e9e de lecture estim\u00e9e":"1 minute"},"schema":{"@context":"https:\/\/schema.org","@graph":[{"@type":"Article","@id":"https:\/\/kapitalis.com\/tunisie\/2022\/01\/25\/tunisie-quatre-anciens-batonniers-expriment-leur-solidarite-avec-abderrazak-kilani\/#article","isPartOf":{"@id":"https:\/\/kapitalis.com\/tunisie\/2022\/01\/25\/tunisie-quatre-anciens-batonniers-expriment-leur-solidarite-avec-abderrazak-kilani\/"},"author":{"name":"Yusra NY","@id":"https:\/\/kapitalis.com\/tunisie\/#\/schema\/person\/74bbde0154d49d790a92aaeac5bc01d5"},"headline":"Tunisie : Quatre anciens b\u00e2tonniers expriment leur solidarit\u00e9 avec Abderrazak Kilani","datePublished":"2022-01-25T21:26:53+00:00","dateModified":"2022-01-25T21:35:08+00:00","mainEntityOfPage":{"@id":"https:\/\/kapitalis.com\/tunisie\/2022\/01\/25\/tunisie-quatre-anciens-batonniers-expriment-leur-solidarite-avec-abderrazak-kilani\/"},"wordCount":233,"commentCount":3,"publisher":{"@id":"https:\/\/kapitalis.com\/tunisie\/#organization"},"image":{"@id":"https:\/\/kapitalis.com\/tunisie\/2022\/01\/25\/tunisie-quatre-anciens-batonniers-expriment-leur-solidarite-avec-abderrazak-kilani\/#primaryimage"},"thumbnailUrl":"","keywords":["Abderrazak Kilani","avocats","b\u00e2tonnier des avocats","justice militaire","Tunisie"],"articleSection":["SOCIETE","Tunisie"],"inLanguage":"fr-FR","potentialAction":[{"@type":"CommentAction","name":"Comment","target":["https:\/\/kapitalis.com\/tunisie\/2022\/01\/25\/tunisie-quatre-anciens-batonniers-expriment-leur-solidarite-avec-abderrazak-kilani\/#respond"]}]},{"@type":"WebPage","@id":"https:\/\/kapitalis.com\/tunisie\/2022\/01\/25\/tunisie-quatre-anciens-batonniers-expriment-leur-solidarite-avec-abderrazak-kilani\/","url":"https:\/\/kapitalis.com\/tunisie\/2022\/01\/25\/tunisie-quatre-anciens-batonniers-expriment-leur-solidarite-avec-abderrazak-kilani\/","name":"Tunisie : Quatre anciens b\u00e2tonniers expriment leur solidarit\u00e9 avec Abderrazak Kilani - Kapitalis","isPartOf":{"@id":"https:\/\/kapitalis.com\/tunisie\/#website"},"primaryImageOfPage":{"@id":"https:\/\/kapitalis.com\/tunisie\/2022\/01\/25\/tunisie-quatre-anciens-batonniers-expriment-leur-solidarite-avec-abderrazak-kilani\/#primaryimage"},"image":{"@id":"https:\/\/kapitalis.com\/tunisie\/2022\/01\/25\/tunisie-quatre-anciens-batonniers-expriment-leur-solidarite-avec-abderrazak-kilani\/#primaryimage"},"thumbnailUrl":"","datePublished":"2022-01-25T21:26:53+00:00","dateModified":"2022-01-25T21:35:08+00:00","breadcrumb":{"@id":"https:\/\/kapitalis.com\/tunisie\/2022\/01\/25\/tunisie-quatre-anciens-batonniers-expriment-leur-solidarite-avec-abderrazak-kilani\/#breadcrumb"},"inLanguage":"fr-FR","potentialAction":[{"@type":"ReadAction","target":["https:\/\/kapitalis.com\/tunisie\/2022\/01\/25\/tunisie-quatre-anciens-batonniers-expriment-leur-solidarite-avec-abderrazak-kilani\/"]}]},{"@type":"ImageObject","inLanguage":"fr-FR","@id":"https:\/\/kapitalis.com\/tunisie\/2022\/01\/25\/tunisie-quatre-anciens-batonniers-expriment-leur-solidarite-avec-abderrazak-kilani\/#primaryimage","url":"","contentUrl":""},{"@type":"BreadcrumbList","@id":"https:\/\/kapitalis.com\/tunisie\/2022\/01\/25\/tunisie-quatre-anciens-batonniers-expriment-leur-solidarite-avec-abderrazak-kilani\/#breadcrumb","itemListElement":[{"@type":"ListItem","position":1,"name":"Accueil","item":"https:\/\/kapitalis.com\/tunisie\/"},{"@type":"ListItem","position":2,"name":"Tunisie : Quatre anciens b\u00e2tonniers expriment leur solidarit\u00e9 avec Abderrazak Kilani"}]},{"@type":"WebSite","@id":"https:\/\/kapitalis.com\/tunisie\/#website","url":"https:\/\/kapitalis.com\/tunisie\/","name":"Kapitalis","description":"L&#039;actualit\u00e9 en Tunisie et dans le monde","publisher":{"@id":"https:\/\/kapitalis.com\/tunisie\/#organization"},"potentialAction":[{"@type":"SearchAction","target":{"@type":"EntryPoint","urlTemplate":"https:\/\/kapitalis.com\/tunisie\/?s={search_term_string}"},"query-input":{"@type":"PropertyValueSpecification","valueRequired":true,"valueName":"search_term_string"}}],"inLanguage":"fr-FR"},{"@type":"Organization","@id":"https:\/\/kapitalis.com\/tunisie\/#organization","name":"Kapitalis","url":"https:\/\/kapitalis.com\/tunisie\/","logo":{"@type":"ImageObject","inLanguage":"fr-FR","@id":"https:\/\/kapitalis.com\/tunisie\/#\/schema\/logo\/image\/","url":"https:\/\/kapitalis.com\/tunisie\/wp-content\/uploads\/2022\/05\/Kapitalis-big-size.png","contentUrl":"https:\/\/kapitalis.com\/tunisie\/wp-content\/uploads\/2022\/05\/Kapitalis-big-size.png","width":5000,"height":1500,"caption":"Kapitalis"},"image":{"@id":"https:\/\/kapitalis.com\/tunisie\/#\/schema\/logo\/image\/"},"sameAs":["https:\/\/www.facebook.com\/KapitalisInfo\/","https:\/\/x.com\/KapitalisInfo","https:\/\/www.youtube.com\/channel\/UC-yDYrHyfFBWWZaOw3FPg9Q"]},{"@type":"Person","@id":"https:\/\/kapitalis.com\/tunisie\/#\/schema\/person\/74bbde0154d49d790a92aaeac5bc01d5","name":"Yusra NY","url":"https:\/\/kapitalis.com\/tunisie\/author\/yuza_adam\/"}]}},"_links":{"self":[{"href":"https:\/\/kapitalis.com\/tunisie\/wp-json\/wp\/v2\/posts\/378392","targetHints":{"allow":["GET"]}}],"collection":[{"href":"https:\/\/kapitalis.com\/tunisie\/wp-json\/wp\/v2\/posts"}],"about":[{"href":"https:\/\/kapitalis.com\/tunisie\/wp-json\/wp\/v2\/types\/post"}],"author":[{"embeddable":true,"href":"https:\/\/kapitalis.com\/tunisie\/wp-json\/wp\/v2\/users\/6"}],"replies":[{"embeddable":true,"href":"https:\/\/kapitalis.com\/tunisie\/wp-json\/wp\/v2\/comments?post=378392"}],"version-history":[{"count":0,"href":"https:\/\/kapitalis.com\/tunisie\/wp-json\/wp\/v2\/posts\/378392\/revisions"}],"wp:featuredmedia":[{"embeddable":true,"href":"https:\/\/kapitalis.com\/tunisie\/wp-json\/wp\/v2\/media\/378393"}],"wp:attachment":[{"href":"https:\/\/kapitalis.com\/tunisie\/wp-json\/wp\/v2\/media?parent=378392"}],"wp:term":[{"taxonomy":"category","embeddable":true,"href":"https:\/\/kapitalis.com\/tunisie\/wp-json\/wp\/v2\/categories?post=378392"},{"taxonomy":"post_tag","embeddable":true,"href":"https:\/\/kapitalis.com\/tunisie\/wp-json\/wp\/v2\/tags?post=378392"}],"curies":[{"name":"wp","href":"https:\/\/api.w.org\/{rel}","templated":true}]}}