{"id":378632,"date":"2022-01-27T14:17:54","date_gmt":"2022-01-27T13:17:54","guid":{"rendered":"http:\/\/kapitalis.com\/tunisie\/?p=378632"},"modified":"2022-01-27T14:22:00","modified_gmt":"2022-01-27T13:22:00","slug":"une-histoire-damour-et-de-desir-de-leyla-bouzid-en-competition-internationale-au-festival-de-goteborg","status":"publish","type":"post","link":"https:\/\/kapitalis.com\/tunisie\/2022\/01\/27\/une-histoire-damour-et-de-desir-de-leyla-bouzid-en-competition-internationale-au-festival-de-goteborg\/","title":{"rendered":"\u00ab\u00a0Une histoire d&rsquo;amour et de d\u00e9sir\u00a0\u00bb de Leyla Bouzid en comp\u00e9tition internationale au Festival de G\u00f6teborg"},"content":{"rendered":"\n<div class=\"wp-block-image\"><figure class=\"aligncenter size-full\"><img decoding=\"async\" src=\"http:\/\/kapitalis.com\/tunisie\/wp-content\/uploads\/2022\/01\/Untitled-3-7.jpg\" alt=\"\" class=\"wp-image-378635\"\/><\/figure><\/div>\n\n\n\n<p><\/p>\n\n\n\n<p><em><strong>Le dernier long-m\u00e9trage de la cin\u00e9aste tunisienne Leyla Bouzid continue de sillonner les grands festivals internationaux. Il vient d\u2019\u00eatre retenu \u00e0 la comp\u00e9tition internationale de la 45e \u00e9dition du Festival du Film de G\u00f6teborg en Su\u00e8de.<\/strong><\/em><\/p>\n\n\n\n<!--more-->\n\n\n\n<p>Le Festival international du Film de G\u00f6teborg se tient chaque ann\u00e9e depuis 1979 et r\u00e9compense les meilleures productions cin\u00e9matographiques dans le monde \u00e0 travers plusieurs cat\u00e9gories de films.<\/p>\n\n\n\n<p>Le festival vient de r\u00e9v\u00e9ler les films retenus dans les diff\u00e9rentes sections comp\u00e9titives et non comp\u00e9titives. Le dernier film de la cin\u00e9aste tunisienne Leyla Bouzid figure dans la comp\u00e9tition internationale, il est ainsi en lice pour le Dragon Eward de la 45e \u00e9dition qui aura lieu du 28 janvier au 6 f\u00e9vrier.<\/p>\n\n\n\n<p>Depuis sa premi\u00e8re mondiale \u00e0 la Semaine de la Critique du Festival de Cannes, le deuxi\u00e8me long-m\u00e9trage de Leyla Bouzid \u00ab\u00a0Une histoire d&rsquo;amour et de d\u00e9sir\u00a0\u00bb encha\u00eene les s\u00e9lections et les prix dans plusieurs festivals internationaux \u00e0 l\u2019instar du Festival d\u2019Angoul\u00eame o\u00f9 il avait rafl\u00e9 deux prix.<\/p>\n\n\n\n<p>L\u2019acteur principal du film Sami Outalbali est \u00e9galement en lice pour le C\u00e9sar du meilleur espoir masculin pour son r\u00f4le dans le film de Leyla Bouzid.<\/p>\n\n\n\n<p class=\"has-text-align-right\"><strong>F.B<\/strong><\/p>\n","protected":false},"excerpt":{"rendered":"<p>Le dernier long-m\u00e9trage de la cin\u00e9aste tunisienne Leyla Bouzid continue de sillonner les grands festivals internationaux. Il vient d\u2019\u00eatre retenu \u00e0 la comp\u00e9tition internationale de la 45e \u00e9dition du Festival du Film de G\u00f6teborg en Su\u00e8de.<\/p>\n","protected":false},"author":26,"featured_media":378635,"comment_status":"open","ping_status":"open","sticky":false,"template":"","format":"standard","meta":{"footnotes":""},"categories":[994,2433],"tags":[9668,96815,96816,11324,62643],"class_list":["post-378632","post","type-post","status-publish","format-standard","has-post-thumbnail","hentry","category-culture","category-tunisie","tag-cinema-tunisien","tag-goteborg","tag-goteborg-film-festival","tag-leyla-bouzid","tag-tunisie"],"yoast_head":"<!-- This site is optimized with the Yoast SEO plugin v26.6 - https:\/\/yoast.com\/wordpress\/plugins\/seo\/ -->\n<title>&quot;Une histoire d&#039;amour et de d\u00e9sir&quot; de Leyla Bouzid en comp\u00e9tition internationale au Festival de G\u00f6teborg - Kapitalis<\/title>\n<meta name=\"robots\" content=\"index, follow, max-snippet:-1, max-image-preview:large, max-video-preview:-1\" \/>\n<link rel=\"canonical\" href=\"https:\/\/kapitalis.com\/tunisie\/2022\/01\/27\/une-histoire-damour-et-de-desir-de-leyla-bouzid-en-competition-internationale-au-festival-de-goteborg\/\" \/>\n<meta property=\"og:locale\" content=\"fr_FR\" \/>\n<meta property=\"og:type\" content=\"article\" \/>\n<meta property=\"og:title\" content=\"&quot;Une histoire d&#039;amour et de d\u00e9sir&quot; de Leyla Bouzid en comp\u00e9tition internationale au Festival de G\u00f6teborg - Kapitalis\" \/>\n<meta property=\"og:description\" content=\"Le dernier long-m\u00e9trage de la cin\u00e9aste tunisienne Leyla Bouzid continue de sillonner les grands festivals internationaux. Il vient d\u2019\u00eatre retenu \u00e0 la comp\u00e9tition internationale de la 45e \u00e9dition du Festival du Film de G\u00f6teborg en Su\u00e8de.\" \/>\n<meta property=\"og:url\" content=\"https:\/\/kapitalis.com\/tunisie\/2022\/01\/27\/une-histoire-damour-et-de-desir-de-leyla-bouzid-en-competition-internationale-au-festival-de-goteborg\/\" \/>\n<meta property=\"og:site_name\" content=\"Kapitalis\" \/>\n<meta property=\"article:publisher\" content=\"https:\/\/www.facebook.com\/KapitalisInfo\/\" \/>\n<meta property=\"article:published_time\" content=\"2022-01-27T13:17:54+00:00\" \/>\n<meta property=\"article:modified_time\" content=\"2022-01-27T13:22:00+00:00\" \/>\n<meta property=\"og:image\" content=\"https:\/\/kapitalis.com\/tunisie\/wp-content\/uploads\/2022\/05\/kapitalis-logo-fb.png\" \/>\n\t<meta property=\"og:image:width\" content=\"1200\" \/>\n\t<meta property=\"og:image:height\" content=\"630\" \/>\n\t<meta property=\"og:image:type\" content=\"image\/png\" \/>\n<meta name=\"author\" content=\"Fawz BenAli\" \/>\n<meta name=\"twitter:card\" content=\"summary_large_image\" \/>\n<meta name=\"twitter:creator\" content=\"@KapitalisInfo\" \/>\n<meta name=\"twitter:site\" content=\"@KapitalisInfo\" \/>\n<meta name=\"twitter:label1\" content=\"\u00c9crit par\" \/>\n\t<meta name=\"twitter:data1\" content=\"Fawz BenAli\" \/>\n\t<meta name=\"twitter:label2\" content=\"Dur\u00e9e de lecture estim\u00e9e\" \/>\n\t<meta name=\"twitter:data2\" content=\"1 minute\" \/>\n<script type=\"application\/ld+json\" class=\"yoast-schema-graph\">{\"@context\":\"https:\/\/schema.org\",\"@graph\":[{\"@type\":\"Article\",\"@id\":\"https:\/\/kapitalis.com\/tunisie\/2022\/01\/27\/une-histoire-damour-et-de-desir-de-leyla-bouzid-en-competition-internationale-au-festival-de-goteborg\/#article\",\"isPartOf\":{\"@id\":\"https:\/\/kapitalis.com\/tunisie\/2022\/01\/27\/une-histoire-damour-et-de-desir-de-leyla-bouzid-en-competition-internationale-au-festival-de-goteborg\/\"},\"author\":{\"name\":\"Fawz BenAli\",\"@id\":\"https:\/\/kapitalis.com\/tunisie\/#\/schema\/person\/73a5ecc1f6ae540c6ed91342eadca948\"},\"headline\":\"\u00ab\u00a0Une histoire d&rsquo;amour et de d\u00e9sir\u00a0\u00bb de Leyla Bouzid en comp\u00e9tition internationale au Festival de G\u00f6teborg\",\"datePublished\":\"2022-01-27T13:17:54+00:00\",\"dateModified\":\"2022-01-27T13:22:00+00:00\",\"mainEntityOfPage\":{\"@id\":\"https:\/\/kapitalis.com\/tunisie\/2022\/01\/27\/une-histoire-damour-et-de-desir-de-leyla-bouzid-en-competition-internationale-au-festival-de-goteborg\/\"},\"wordCount\":234,\"commentCount\":0,\"publisher\":{\"@id\":\"https:\/\/kapitalis.com\/tunisie\/#organization\"},\"image\":{\"@id\":\"https:\/\/kapitalis.com\/tunisie\/2022\/01\/27\/une-histoire-damour-et-de-desir-de-leyla-bouzid-en-competition-internationale-au-festival-de-goteborg\/#primaryimage\"},\"thumbnailUrl\":\"\",\"keywords\":[\"cin\u00e9ma tunisien\",\"G\u00f6teborg\",\"G\u00f6teborg Film Festival\",\"Leyla Bouzid\",\"Tunisie\"],\"articleSection\":[\"CULTURE\",\"Tunisie\"],\"inLanguage\":\"fr-FR\",\"potentialAction\":[{\"@type\":\"CommentAction\",\"name\":\"Comment\",\"target\":[\"https:\/\/kapitalis.com\/tunisie\/2022\/01\/27\/une-histoire-damour-et-de-desir-de-leyla-bouzid-en-competition-internationale-au-festival-de-goteborg\/#respond\"]}]},{\"@type\":\"WebPage\",\"@id\":\"https:\/\/kapitalis.com\/tunisie\/2022\/01\/27\/une-histoire-damour-et-de-desir-de-leyla-bouzid-en-competition-internationale-au-festival-de-goteborg\/\",\"url\":\"https:\/\/kapitalis.com\/tunisie\/2022\/01\/27\/une-histoire-damour-et-de-desir-de-leyla-bouzid-en-competition-internationale-au-festival-de-goteborg\/\",\"name\":\"\\\"Une histoire d'amour et de d\u00e9sir\\\" de Leyla Bouzid en comp\u00e9tition internationale au Festival de G\u00f6teborg - Kapitalis\",\"isPartOf\":{\"@id\":\"https:\/\/kapitalis.com\/tunisie\/#website\"},\"primaryImageOfPage\":{\"@id\":\"https:\/\/kapitalis.com\/tunisie\/2022\/01\/27\/une-histoire-damour-et-de-desir-de-leyla-bouzid-en-competition-internationale-au-festival-de-goteborg\/#primaryimage\"},\"image\":{\"@id\":\"https:\/\/kapitalis.com\/tunisie\/2022\/01\/27\/une-histoire-damour-et-de-desir-de-leyla-bouzid-en-competition-internationale-au-festival-de-goteborg\/#primaryimage\"},\"thumbnailUrl\":\"\",\"datePublished\":\"2022-01-27T13:17:54+00:00\",\"dateModified\":\"2022-01-27T13:22:00+00:00\",\"breadcrumb\":{\"@id\":\"https:\/\/kapitalis.com\/tunisie\/2022\/01\/27\/une-histoire-damour-et-de-desir-de-leyla-bouzid-en-competition-internationale-au-festival-de-goteborg\/#breadcrumb\"},\"inLanguage\":\"fr-FR\",\"potentialAction\":[{\"@type\":\"ReadAction\",\"target\":[\"https:\/\/kapitalis.com\/tunisie\/2022\/01\/27\/une-histoire-damour-et-de-desir-de-leyla-bouzid-en-competition-internationale-au-festival-de-goteborg\/\"]}]},{\"@type\":\"ImageObject\",\"inLanguage\":\"fr-FR\",\"@id\":\"https:\/\/kapitalis.com\/tunisie\/2022\/01\/27\/une-histoire-damour-et-de-desir-de-leyla-bouzid-en-competition-internationale-au-festival-de-goteborg\/#primaryimage\",\"url\":\"\",\"contentUrl\":\"\"},{\"@type\":\"BreadcrumbList\",\"@id\":\"https:\/\/kapitalis.com\/tunisie\/2022\/01\/27\/une-histoire-damour-et-de-desir-de-leyla-bouzid-en-competition-internationale-au-festival-de-goteborg\/#breadcrumb\",\"itemListElement\":[{\"@type\":\"ListItem\",\"position\":1,\"name\":\"Accueil\",\"item\":\"https:\/\/kapitalis.com\/tunisie\/\"},{\"@type\":\"ListItem\",\"position\":2,\"name\":\"\u00ab\u00a0Une histoire d&rsquo;amour et de d\u00e9sir\u00a0\u00bb de Leyla Bouzid en comp\u00e9tition internationale au Festival de G\u00f6teborg\"}]},{\"@type\":\"WebSite\",\"@id\":\"https:\/\/kapitalis.com\/tunisie\/#website\",\"url\":\"https:\/\/kapitalis.com\/tunisie\/\",\"name\":\"Kapitalis\",\"description\":\"L&#039;actualit\u00e9 en Tunisie et dans le monde\",\"publisher\":{\"@id\":\"https:\/\/kapitalis.com\/tunisie\/#organization\"},\"potentialAction\":[{\"@type\":\"SearchAction\",\"target\":{\"@type\":\"EntryPoint\",\"urlTemplate\":\"https:\/\/kapitalis.com\/tunisie\/?s={search_term_string}\"},\"query-input\":{\"@type\":\"PropertyValueSpecification\",\"valueRequired\":true,\"valueName\":\"search_term_string\"}}],\"inLanguage\":\"fr-FR\"},{\"@type\":\"Organization\",\"@id\":\"https:\/\/kapitalis.com\/tunisie\/#organization\",\"name\":\"Kapitalis\",\"url\":\"https:\/\/kapitalis.com\/tunisie\/\",\"logo\":{\"@type\":\"ImageObject\",\"inLanguage\":\"fr-FR\",\"@id\":\"https:\/\/kapitalis.com\/tunisie\/#\/schema\/logo\/image\/\",\"url\":\"https:\/\/kapitalis.com\/tunisie\/wp-content\/uploads\/2022\/05\/Kapitalis-big-size.png\",\"contentUrl\":\"https:\/\/kapitalis.com\/tunisie\/wp-content\/uploads\/2022\/05\/Kapitalis-big-size.png\",\"width\":5000,\"height\":1500,\"caption\":\"Kapitalis\"},\"image\":{\"@id\":\"https:\/\/kapitalis.com\/tunisie\/#\/schema\/logo\/image\/\"},\"sameAs\":[\"https:\/\/www.facebook.com\/KapitalisInfo\/\",\"https:\/\/x.com\/KapitalisInfo\",\"https:\/\/www.youtube.com\/channel\/UC-yDYrHyfFBWWZaOw3FPg9Q\"]},{\"@type\":\"Person\",\"@id\":\"https:\/\/kapitalis.com\/tunisie\/#\/schema\/person\/73a5ecc1f6ae540c6ed91342eadca948\",\"name\":\"Fawz BenAli\",\"url\":\"https:\/\/kapitalis.com\/tunisie\/author\/fawz\/\"}]}<\/script>\n<!-- \/ Yoast SEO plugin. -->","yoast_head_json":{"title":"\"Une histoire d'amour et de d\u00e9sir\" de Leyla Bouzid en comp\u00e9tition internationale au Festival de G\u00f6teborg - Kapitalis","robots":{"index":"index","follow":"follow","max-snippet":"max-snippet:-1","max-image-preview":"max-image-preview:large","max-video-preview":"max-video-preview:-1"},"canonical":"https:\/\/kapitalis.com\/tunisie\/2022\/01\/27\/une-histoire-damour-et-de-desir-de-leyla-bouzid-en-competition-internationale-au-festival-de-goteborg\/","og_locale":"fr_FR","og_type":"article","og_title":"\"Une histoire d'amour et de d\u00e9sir\" de Leyla Bouzid en comp\u00e9tition internationale au Festival de G\u00f6teborg - Kapitalis","og_description":"Le dernier long-m\u00e9trage de la cin\u00e9aste tunisienne Leyla Bouzid continue de sillonner les grands festivals internationaux. Il vient d\u2019\u00eatre retenu \u00e0 la comp\u00e9tition internationale de la 45e \u00e9dition du Festival du Film de G\u00f6teborg en Su\u00e8de.","og_url":"https:\/\/kapitalis.com\/tunisie\/2022\/01\/27\/une-histoire-damour-et-de-desir-de-leyla-bouzid-en-competition-internationale-au-festival-de-goteborg\/","og_site_name":"Kapitalis","article_publisher":"https:\/\/www.facebook.com\/KapitalisInfo\/","article_published_time":"2022-01-27T13:17:54+00:00","article_modified_time":"2022-01-27T13:22:00+00:00","og_image":[{"width":1200,"height":630,"url":"https:\/\/kapitalis.com\/tunisie\/wp-content\/uploads\/2022\/05\/kapitalis-logo-fb.png","type":"image\/png"}],"author":"Fawz BenAli","twitter_card":"summary_large_image","twitter_creator":"@KapitalisInfo","twitter_site":"@KapitalisInfo","twitter_misc":{"\u00c9crit par":"Fawz BenAli","Dur\u00e9e de lecture estim\u00e9e":"1 minute"},"schema":{"@context":"https:\/\/schema.org","@graph":[{"@type":"Article","@id":"https:\/\/kapitalis.com\/tunisie\/2022\/01\/27\/une-histoire-damour-et-de-desir-de-leyla-bouzid-en-competition-internationale-au-festival-de-goteborg\/#article","isPartOf":{"@id":"https:\/\/kapitalis.com\/tunisie\/2022\/01\/27\/une-histoire-damour-et-de-desir-de-leyla-bouzid-en-competition-internationale-au-festival-de-goteborg\/"},"author":{"name":"Fawz BenAli","@id":"https:\/\/kapitalis.com\/tunisie\/#\/schema\/person\/73a5ecc1f6ae540c6ed91342eadca948"},"headline":"\u00ab\u00a0Une histoire d&rsquo;amour et de d\u00e9sir\u00a0\u00bb de Leyla Bouzid en comp\u00e9tition internationale au Festival de G\u00f6teborg","datePublished":"2022-01-27T13:17:54+00:00","dateModified":"2022-01-27T13:22:00+00:00","mainEntityOfPage":{"@id":"https:\/\/kapitalis.com\/tunisie\/2022\/01\/27\/une-histoire-damour-et-de-desir-de-leyla-bouzid-en-competition-internationale-au-festival-de-goteborg\/"},"wordCount":234,"commentCount":0,"publisher":{"@id":"https:\/\/kapitalis.com\/tunisie\/#organization"},"image":{"@id":"https:\/\/kapitalis.com\/tunisie\/2022\/01\/27\/une-histoire-damour-et-de-desir-de-leyla-bouzid-en-competition-internationale-au-festival-de-goteborg\/#primaryimage"},"thumbnailUrl":"","keywords":["cin\u00e9ma tunisien","G\u00f6teborg","G\u00f6teborg Film Festival","Leyla Bouzid","Tunisie"],"articleSection":["CULTURE","Tunisie"],"inLanguage":"fr-FR","potentialAction":[{"@type":"CommentAction","name":"Comment","target":["https:\/\/kapitalis.com\/tunisie\/2022\/01\/27\/une-histoire-damour-et-de-desir-de-leyla-bouzid-en-competition-internationale-au-festival-de-goteborg\/#respond"]}]},{"@type":"WebPage","@id":"https:\/\/kapitalis.com\/tunisie\/2022\/01\/27\/une-histoire-damour-et-de-desir-de-leyla-bouzid-en-competition-internationale-au-festival-de-goteborg\/","url":"https:\/\/kapitalis.com\/tunisie\/2022\/01\/27\/une-histoire-damour-et-de-desir-de-leyla-bouzid-en-competition-internationale-au-festival-de-goteborg\/","name":"\"Une histoire d'amour et de d\u00e9sir\" de Leyla Bouzid en comp\u00e9tition internationale au Festival de G\u00f6teborg - Kapitalis","isPartOf":{"@id":"https:\/\/kapitalis.com\/tunisie\/#website"},"primaryImageOfPage":{"@id":"https:\/\/kapitalis.com\/tunisie\/2022\/01\/27\/une-histoire-damour-et-de-desir-de-leyla-bouzid-en-competition-internationale-au-festival-de-goteborg\/#primaryimage"},"image":{"@id":"https:\/\/kapitalis.com\/tunisie\/2022\/01\/27\/une-histoire-damour-et-de-desir-de-leyla-bouzid-en-competition-internationale-au-festival-de-goteborg\/#primaryimage"},"thumbnailUrl":"","datePublished":"2022-01-27T13:17:54+00:00","dateModified":"2022-01-27T13:22:00+00:00","breadcrumb":{"@id":"https:\/\/kapitalis.com\/tunisie\/2022\/01\/27\/une-histoire-damour-et-de-desir-de-leyla-bouzid-en-competition-internationale-au-festival-de-goteborg\/#breadcrumb"},"inLanguage":"fr-FR","potentialAction":[{"@type":"ReadAction","target":["https:\/\/kapitalis.com\/tunisie\/2022\/01\/27\/une-histoire-damour-et-de-desir-de-leyla-bouzid-en-competition-internationale-au-festival-de-goteborg\/"]}]},{"@type":"ImageObject","inLanguage":"fr-FR","@id":"https:\/\/kapitalis.com\/tunisie\/2022\/01\/27\/une-histoire-damour-et-de-desir-de-leyla-bouzid-en-competition-internationale-au-festival-de-goteborg\/#primaryimage","url":"","contentUrl":""},{"@type":"BreadcrumbList","@id":"https:\/\/kapitalis.com\/tunisie\/2022\/01\/27\/une-histoire-damour-et-de-desir-de-leyla-bouzid-en-competition-internationale-au-festival-de-goteborg\/#breadcrumb","itemListElement":[{"@type":"ListItem","position":1,"name":"Accueil","item":"https:\/\/kapitalis.com\/tunisie\/"},{"@type":"ListItem","position":2,"name":"\u00ab\u00a0Une histoire d&rsquo;amour et de d\u00e9sir\u00a0\u00bb de Leyla Bouzid en comp\u00e9tition internationale au Festival de G\u00f6teborg"}]},{"@type":"WebSite","@id":"https:\/\/kapitalis.com\/tunisie\/#website","url":"https:\/\/kapitalis.com\/tunisie\/","name":"Kapitalis","description":"L&#039;actualit\u00e9 en Tunisie et dans le monde","publisher":{"@id":"https:\/\/kapitalis.com\/tunisie\/#organization"},"potentialAction":[{"@type":"SearchAction","target":{"@type":"EntryPoint","urlTemplate":"https:\/\/kapitalis.com\/tunisie\/?s={search_term_string}"},"query-input":{"@type":"PropertyValueSpecification","valueRequired":true,"valueName":"search_term_string"}}],"inLanguage":"fr-FR"},{"@type":"Organization","@id":"https:\/\/kapitalis.com\/tunisie\/#organization","name":"Kapitalis","url":"https:\/\/kapitalis.com\/tunisie\/","logo":{"@type":"ImageObject","inLanguage":"fr-FR","@id":"https:\/\/kapitalis.com\/tunisie\/#\/schema\/logo\/image\/","url":"https:\/\/kapitalis.com\/tunisie\/wp-content\/uploads\/2022\/05\/Kapitalis-big-size.png","contentUrl":"https:\/\/kapitalis.com\/tunisie\/wp-content\/uploads\/2022\/05\/Kapitalis-big-size.png","width":5000,"height":1500,"caption":"Kapitalis"},"image":{"@id":"https:\/\/kapitalis.com\/tunisie\/#\/schema\/logo\/image\/"},"sameAs":["https:\/\/www.facebook.com\/KapitalisInfo\/","https:\/\/x.com\/KapitalisInfo","https:\/\/www.youtube.com\/channel\/UC-yDYrHyfFBWWZaOw3FPg9Q"]},{"@type":"Person","@id":"https:\/\/kapitalis.com\/tunisie\/#\/schema\/person\/73a5ecc1f6ae540c6ed91342eadca948","name":"Fawz BenAli","url":"https:\/\/kapitalis.com\/tunisie\/author\/fawz\/"}]}},"_links":{"self":[{"href":"https:\/\/kapitalis.com\/tunisie\/wp-json\/wp\/v2\/posts\/378632","targetHints":{"allow":["GET"]}}],"collection":[{"href":"https:\/\/kapitalis.com\/tunisie\/wp-json\/wp\/v2\/posts"}],"about":[{"href":"https:\/\/kapitalis.com\/tunisie\/wp-json\/wp\/v2\/types\/post"}],"author":[{"embeddable":true,"href":"https:\/\/kapitalis.com\/tunisie\/wp-json\/wp\/v2\/users\/26"}],"replies":[{"embeddable":true,"href":"https:\/\/kapitalis.com\/tunisie\/wp-json\/wp\/v2\/comments?post=378632"}],"version-history":[{"count":0,"href":"https:\/\/kapitalis.com\/tunisie\/wp-json\/wp\/v2\/posts\/378632\/revisions"}],"wp:featuredmedia":[{"embeddable":true,"href":"https:\/\/kapitalis.com\/tunisie\/wp-json\/wp\/v2\/media\/378635"}],"wp:attachment":[{"href":"https:\/\/kapitalis.com\/tunisie\/wp-json\/wp\/v2\/media?parent=378632"}],"wp:term":[{"taxonomy":"category","embeddable":true,"href":"https:\/\/kapitalis.com\/tunisie\/wp-json\/wp\/v2\/categories?post=378632"},{"taxonomy":"post_tag","embeddable":true,"href":"https:\/\/kapitalis.com\/tunisie\/wp-json\/wp\/v2\/tags?post=378632"}],"curies":[{"name":"wp","href":"https:\/\/api.w.org\/{rel}","templated":true}]}}