{"id":378725,"date":"2022-01-28T07:19:24","date_gmt":"2022-01-28T06:19:24","guid":{"rendered":"http:\/\/kapitalis.com\/tunisie\/?p=378725"},"modified":"2022-01-28T07:25:05","modified_gmt":"2022-01-28T06:25:05","slug":"tunisie-conect-lance-un-programme-de-formation-au-profit-de-25-eco-entrepreneurs","status":"publish","type":"post","link":"https:\/\/kapitalis.com\/tunisie\/2022\/01\/28\/tunisie-conect-lance-un-programme-de-formation-au-profit-de-25-eco-entrepreneurs\/","title":{"rendered":"Tunisie : Conect lance un programme de formation au profit de 25 \u00e9co-entrepreneurs"},"content":{"rendered":"\n<div class=\"wp-block-image\"><figure class=\"aligncenter size-full\"><img decoding=\"async\" src=\"http:\/\/kapitalis.com\/tunisie\/wp-content\/uploads\/2022\/01\/Gimed-Conect.jpg\" alt=\"\" class=\"wp-image-378726\"\/><\/figure><\/div>\n\n\n\n<p><br><strong><em>La Conf\u00e9d\u00e9ration des entreprises citoyennes de Tunisie (Conect) lance un programme de formation au profit de 25 \u00e9co-entrepreneurs en Tunisie, en tant que partenaires b\u00e9n\u00e9ficiaires du projet Green Impact\u00a0Med\u00a0\u2013\u00a0Gimed.<\/em><\/strong><\/p>\n\n\n\n<!--more-->\n\n\n\n<p>Les candidats s\u00e9lectionn\u00e9s pourront acc\u00e9der \u00e0 une formation et un accompagnement pour r\u00e9aliser l\u2019id\u00e9e d\u2019entreprise dans le cadre de Gimed, projet financ\u00e9 par l\u2019Union europ\u00e9enne. A la cl\u00e9, une subvention de 7500\u20ac pour soutenir les meilleurs projets de cr\u00e9ation ou d\u00e9veloppement d\u2019entreprises.\u00a0<\/p>\n\n\n\n<p>Gimed cible les entrepreneurs porteurs de projets verts ou circulaires existants (25 projets existants), de divers domaines, notamment\u00a0l&rsquo;agriculture biologique, la gestion durable des d\u00e9chets, les \u00e9nergies renouvelables, le tourisme durable, le textile biologique, la construction durable et la production de cosm\u00e9tiques biologiques.<\/p>\n\n\n\n<p>Les participants et les candidats s\u00e9lectionn\u00e9s pourront\u00a0acc\u00e9der \u00e0 une formation et un accompagnement\u00a0qui leur permettront d&rsquo;acqu\u00e9rir des connaissances et des comp\u00e9tences utiles au d\u00e9veloppement de leurs entreprises et dans la\u00a0recherche de ressources financi\u00e8res priv\u00e9es et publiques\u00a0n\u00e9cessaires.<\/p>\n\n\n\n<p>Le programme comprendra une formation initiale, d&rsquo;une\u00a0dur\u00e9e indicative de 10 jours, ax\u00e9e sur l&rsquo;analyse et la cr\u00e9ation de mod\u00e8les d&rsquo;entreprises durables du point de vue social et environnemental, acc\u00e8s au march\u00e9 et l\u2019acc\u00e8s au financement.<\/p>\n\n\n\n<p>\u00c0 la fin de la formation, les projets en phase de d\u00e9marrage les plus prometteurs seront s\u00e9lectionn\u00e9s pour acc\u00e9der \u00e0 la phase suivante du programme:\u00a0sessions de coaching de groupe\u00a0et\u00a0sessions de coaching One2One\u00a0pour chacun des participants s\u00e9lectionn\u00e9s.<\/p>\n\n\n\n<p>Les participants qui concluront le parcours de formation et d&rsquo;accompagnement, participeront \u00e0 un concours qui leur donnera une chance de&nbsp;<strong>gagner une subvention de 7 500 \u20ac<\/strong>&nbsp;pour soutenir le d\u00e9veloppement de leurs entreprises.<\/p>\n\n\n\n<p><a href=\"https:\/\/www.enicbcmed.eu\/fr\/projets\/gimed\" target=\"_blank\" rel=\"noreferrer noopener\">Gimed<\/a><strong> <\/strong>est un projet financ\u00e9 par l&rsquo;Union europ\u00e9enne dans le cadre du programme IEV CTF Med, visant \u00e0 promouvoir le d\u00e9veloppement d&rsquo;initiatives g\u00e9n\u00e9ratrices d&rsquo;impact environnemental et social positif afin de cr\u00e9er des emplois, notamment pour les jeunes et les femmes et d\u00e9velopper l&rsquo;\u00e9conomie verte et circulaire en M\u00e9diterran\u00e9e.<\/p>\n\n\n\n<p>Le Centre d&rsquo;activit\u00e9 r\u00e9gional pour la consommation et la production durables (SPC\/RAC) est l\u2019organisation leader du projet, qui comprend \u00e9galement des partenaires italiens, \u00e9gyptiens et palestiniens.<\/p>\n\n\n\n<p>Le<strong>\u00a0<\/strong>budget total\u00a0du projet est de\u00a02,6 millions d\u2019euros, dont 2,3 millions financ\u00e9s par l\u2019Union europ\u00e9enne du budget total. Le financement re\u00e7u va permettre d\u2019accompagner 400 entrepreneurs, femmes et jeunes occupant des postes de direction dans des entreprises en phase de d\u00e9marrage dans l\u2019\u00e9conomie verte et circulaire.<\/p>\n\n\n\n<p>Pour acc\u00e9der aux <a href=\"https:\/\/forms.gle\/ZqUtySPdkG2DpUJb8\" target=\"_blank\" rel=\"noreferrer noopener\">formulaires de candidatures<\/a>.<\/p>\n\n\n\n<p>Plus d\u2019information sur les r\u00e9seaux sociaux du projet.&nbsp;<\/p>\n\n\n\n<p>L\u2019inscription doit \u00eatre r\u00e9alis\u00e9e au plus tard le\u00a0dimanche 27 f\u00e9vrier 2022.\u00a0<\/p>\n\n\n\n<p><strong><em>Communiqu\u00e9. <\/em><\/strong><\/p>\n","protected":false},"excerpt":{"rendered":"<p>La Conf\u00e9d\u00e9ration des entreprises citoyennes de Tunisie (Conect) lance un programme de formation au profit de 25 \u00e9co-entrepreneurs en Tunisie, en tant que partenaires b\u00e9n\u00e9ficiaires du projet Green Impact\u00a0Med\u00a0\u2013\u00a0Gimed.<\/p>\n","protected":false},"author":8,"featured_media":378726,"comment_status":"open","ping_status":"open","sticky":false,"template":"","format":"standard","meta":{"footnotes":""},"categories":[995,2433],"tags":[14475,2144,96826,5640,96828,96827,62643,937],"class_list":["post-378725","post","type-post","status-publish","format-standard","has-post-thumbnail","hentry","category-economie","category-tunisie","tag-agriculture-biologique","tag-conect","tag-eco-entrepreneurs","tag-energies-renouvelables","tag-gestion-durable-des-dechets","tag-gimed","tag-tunisie","tag-union-europeenne"],"yoast_head":"<!-- This site is optimized with the Yoast SEO plugin v26.6 - https:\/\/yoast.com\/wordpress\/plugins\/seo\/ -->\n<title>Tunisie : Conect lance un programme de formation au profit de 25 \u00e9co-entrepreneurs - Kapitalis<\/title>\n<meta name=\"robots\" content=\"index, follow, max-snippet:-1, max-image-preview:large, max-video-preview:-1\" \/>\n<link rel=\"canonical\" href=\"https:\/\/kapitalis.com\/tunisie\/2022\/01\/28\/tunisie-conect-lance-un-programme-de-formation-au-profit-de-25-eco-entrepreneurs\/\" \/>\n<meta property=\"og:locale\" content=\"fr_FR\" \/>\n<meta property=\"og:type\" content=\"article\" \/>\n<meta property=\"og:title\" content=\"Tunisie : Conect lance un programme de formation au profit de 25 \u00e9co-entrepreneurs - Kapitalis\" \/>\n<meta property=\"og:description\" content=\"La Conf\u00e9d\u00e9ration des entreprises citoyennes de Tunisie (Conect) lance un programme de formation au profit de 25 \u00e9co-entrepreneurs en Tunisie, en tant que partenaires b\u00e9n\u00e9ficiaires du projet Green Impact\u00a0Med\u00a0\u2013\u00a0Gimed.\" \/>\n<meta property=\"og:url\" content=\"https:\/\/kapitalis.com\/tunisie\/2022\/01\/28\/tunisie-conect-lance-un-programme-de-formation-au-profit-de-25-eco-entrepreneurs\/\" \/>\n<meta property=\"og:site_name\" content=\"Kapitalis\" \/>\n<meta property=\"article:publisher\" content=\"https:\/\/www.facebook.com\/KapitalisInfo\/\" \/>\n<meta property=\"article:published_time\" content=\"2022-01-28T06:19:24+00:00\" \/>\n<meta property=\"article:modified_time\" content=\"2022-01-28T06:25:05+00:00\" \/>\n<meta property=\"og:image\" content=\"https:\/\/kapitalis.com\/tunisie\/wp-content\/uploads\/2022\/05\/kapitalis-logo-fb.png\" \/>\n\t<meta property=\"og:image:width\" content=\"1200\" \/>\n\t<meta property=\"og:image:height\" content=\"630\" \/>\n\t<meta property=\"og:image:type\" content=\"image\/png\" \/>\n<meta name=\"author\" content=\"webmaster kapitalis\" \/>\n<meta name=\"twitter:card\" content=\"summary_large_image\" \/>\n<meta name=\"twitter:creator\" content=\"@KapitalisInfo\" \/>\n<meta name=\"twitter:site\" content=\"@KapitalisInfo\" \/>\n<meta name=\"twitter:label1\" content=\"\u00c9crit par\" \/>\n\t<meta name=\"twitter:data1\" content=\"webmaster kapitalis\" \/>\n\t<meta name=\"twitter:label2\" content=\"Dur\u00e9e de lecture estim\u00e9e\" \/>\n\t<meta name=\"twitter:data2\" content=\"2 minutes\" \/>\n<script type=\"application\/ld+json\" class=\"yoast-schema-graph\">{\"@context\":\"https:\/\/schema.org\",\"@graph\":[{\"@type\":\"Article\",\"@id\":\"https:\/\/kapitalis.com\/tunisie\/2022\/01\/28\/tunisie-conect-lance-un-programme-de-formation-au-profit-de-25-eco-entrepreneurs\/#article\",\"isPartOf\":{\"@id\":\"https:\/\/kapitalis.com\/tunisie\/2022\/01\/28\/tunisie-conect-lance-un-programme-de-formation-au-profit-de-25-eco-entrepreneurs\/\"},\"author\":{\"name\":\"webmaster kapitalis\",\"@id\":\"https:\/\/kapitalis.com\/tunisie\/#\/schema\/person\/d71f33a9ca44f7bad4698210b480c8e9\"},\"headline\":\"Tunisie : Conect lance un programme de formation au profit de 25 \u00e9co-entrepreneurs\",\"datePublished\":\"2022-01-28T06:19:24+00:00\",\"dateModified\":\"2022-01-28T06:25:05+00:00\",\"mainEntityOfPage\":{\"@id\":\"https:\/\/kapitalis.com\/tunisie\/2022\/01\/28\/tunisie-conect-lance-un-programme-de-formation-au-profit-de-25-eco-entrepreneurs\/\"},\"wordCount\":480,\"commentCount\":0,\"publisher\":{\"@id\":\"https:\/\/kapitalis.com\/tunisie\/#organization\"},\"image\":{\"@id\":\"https:\/\/kapitalis.com\/tunisie\/2022\/01\/28\/tunisie-conect-lance-un-programme-de-formation-au-profit-de-25-eco-entrepreneurs\/#primaryimage\"},\"thumbnailUrl\":\"\",\"keywords\":[\"agriculture biologique\",\"Conect\",\"\u00e9co-entrepreneurs\",\"\u00e9nergies renouvelables\",\"gestion durable des d\u00e9chets\",\"Gimed\",\"Tunisie\",\"Union europ\u00e9enne\"],\"articleSection\":[\"ECONOMIE\",\"Tunisie\"],\"inLanguage\":\"fr-FR\",\"potentialAction\":[{\"@type\":\"CommentAction\",\"name\":\"Comment\",\"target\":[\"https:\/\/kapitalis.com\/tunisie\/2022\/01\/28\/tunisie-conect-lance-un-programme-de-formation-au-profit-de-25-eco-entrepreneurs\/#respond\"]}]},{\"@type\":\"WebPage\",\"@id\":\"https:\/\/kapitalis.com\/tunisie\/2022\/01\/28\/tunisie-conect-lance-un-programme-de-formation-au-profit-de-25-eco-entrepreneurs\/\",\"url\":\"https:\/\/kapitalis.com\/tunisie\/2022\/01\/28\/tunisie-conect-lance-un-programme-de-formation-au-profit-de-25-eco-entrepreneurs\/\",\"name\":\"Tunisie : Conect lance un programme de formation au profit de 25 \u00e9co-entrepreneurs - Kapitalis\",\"isPartOf\":{\"@id\":\"https:\/\/kapitalis.com\/tunisie\/#website\"},\"primaryImageOfPage\":{\"@id\":\"https:\/\/kapitalis.com\/tunisie\/2022\/01\/28\/tunisie-conect-lance-un-programme-de-formation-au-profit-de-25-eco-entrepreneurs\/#primaryimage\"},\"image\":{\"@id\":\"https:\/\/kapitalis.com\/tunisie\/2022\/01\/28\/tunisie-conect-lance-un-programme-de-formation-au-profit-de-25-eco-entrepreneurs\/#primaryimage\"},\"thumbnailUrl\":\"\",\"datePublished\":\"2022-01-28T06:19:24+00:00\",\"dateModified\":\"2022-01-28T06:25:05+00:00\",\"breadcrumb\":{\"@id\":\"https:\/\/kapitalis.com\/tunisie\/2022\/01\/28\/tunisie-conect-lance-un-programme-de-formation-au-profit-de-25-eco-entrepreneurs\/#breadcrumb\"},\"inLanguage\":\"fr-FR\",\"potentialAction\":[{\"@type\":\"ReadAction\",\"target\":[\"https:\/\/kapitalis.com\/tunisie\/2022\/01\/28\/tunisie-conect-lance-un-programme-de-formation-au-profit-de-25-eco-entrepreneurs\/\"]}]},{\"@type\":\"ImageObject\",\"inLanguage\":\"fr-FR\",\"@id\":\"https:\/\/kapitalis.com\/tunisie\/2022\/01\/28\/tunisie-conect-lance-un-programme-de-formation-au-profit-de-25-eco-entrepreneurs\/#primaryimage\",\"url\":\"\",\"contentUrl\":\"\"},{\"@type\":\"BreadcrumbList\",\"@id\":\"https:\/\/kapitalis.com\/tunisie\/2022\/01\/28\/tunisie-conect-lance-un-programme-de-formation-au-profit-de-25-eco-entrepreneurs\/#breadcrumb\",\"itemListElement\":[{\"@type\":\"ListItem\",\"position\":1,\"name\":\"Accueil\",\"item\":\"https:\/\/kapitalis.com\/tunisie\/\"},{\"@type\":\"ListItem\",\"position\":2,\"name\":\"Tunisie : Conect lance un programme de formation au profit de 25 \u00e9co-entrepreneurs\"}]},{\"@type\":\"WebSite\",\"@id\":\"https:\/\/kapitalis.com\/tunisie\/#website\",\"url\":\"https:\/\/kapitalis.com\/tunisie\/\",\"name\":\"Kapitalis\",\"description\":\"L&#039;actualit\u00e9 en Tunisie et dans le monde\",\"publisher\":{\"@id\":\"https:\/\/kapitalis.com\/tunisie\/#organization\"},\"potentialAction\":[{\"@type\":\"SearchAction\",\"target\":{\"@type\":\"EntryPoint\",\"urlTemplate\":\"https:\/\/kapitalis.com\/tunisie\/?s={search_term_string}\"},\"query-input\":{\"@type\":\"PropertyValueSpecification\",\"valueRequired\":true,\"valueName\":\"search_term_string\"}}],\"inLanguage\":\"fr-FR\"},{\"@type\":\"Organization\",\"@id\":\"https:\/\/kapitalis.com\/tunisie\/#organization\",\"name\":\"Kapitalis\",\"url\":\"https:\/\/kapitalis.com\/tunisie\/\",\"logo\":{\"@type\":\"ImageObject\",\"inLanguage\":\"fr-FR\",\"@id\":\"https:\/\/kapitalis.com\/tunisie\/#\/schema\/logo\/image\/\",\"url\":\"https:\/\/kapitalis.com\/tunisie\/wp-content\/uploads\/2022\/05\/Kapitalis-big-size.png\",\"contentUrl\":\"https:\/\/kapitalis.com\/tunisie\/wp-content\/uploads\/2022\/05\/Kapitalis-big-size.png\",\"width\":5000,\"height\":1500,\"caption\":\"Kapitalis\"},\"image\":{\"@id\":\"https:\/\/kapitalis.com\/tunisie\/#\/schema\/logo\/image\/\"},\"sameAs\":[\"https:\/\/www.facebook.com\/KapitalisInfo\/\",\"https:\/\/x.com\/KapitalisInfo\",\"https:\/\/www.youtube.com\/channel\/UC-yDYrHyfFBWWZaOw3FPg9Q\"]},{\"@type\":\"Person\",\"@id\":\"https:\/\/kapitalis.com\/tunisie\/#\/schema\/person\/d71f33a9ca44f7bad4698210b480c8e9\",\"name\":\"webmaster kapitalis\",\"url\":\"https:\/\/kapitalis.com\/tunisie\/author\/webmaster-kapitalis\/\"}]}<\/script>\n<!-- \/ Yoast SEO plugin. -->","yoast_head_json":{"title":"Tunisie : Conect lance un programme de formation au profit de 25 \u00e9co-entrepreneurs - Kapitalis","robots":{"index":"index","follow":"follow","max-snippet":"max-snippet:-1","max-image-preview":"max-image-preview:large","max-video-preview":"max-video-preview:-1"},"canonical":"https:\/\/kapitalis.com\/tunisie\/2022\/01\/28\/tunisie-conect-lance-un-programme-de-formation-au-profit-de-25-eco-entrepreneurs\/","og_locale":"fr_FR","og_type":"article","og_title":"Tunisie : Conect lance un programme de formation au profit de 25 \u00e9co-entrepreneurs - Kapitalis","og_description":"La Conf\u00e9d\u00e9ration des entreprises citoyennes de Tunisie (Conect) lance un programme de formation au profit de 25 \u00e9co-entrepreneurs en Tunisie, en tant que partenaires b\u00e9n\u00e9ficiaires du projet Green Impact\u00a0Med\u00a0\u2013\u00a0Gimed.","og_url":"https:\/\/kapitalis.com\/tunisie\/2022\/01\/28\/tunisie-conect-lance-un-programme-de-formation-au-profit-de-25-eco-entrepreneurs\/","og_site_name":"Kapitalis","article_publisher":"https:\/\/www.facebook.com\/KapitalisInfo\/","article_published_time":"2022-01-28T06:19:24+00:00","article_modified_time":"2022-01-28T06:25:05+00:00","og_image":[{"width":1200,"height":630,"url":"https:\/\/kapitalis.com\/tunisie\/wp-content\/uploads\/2022\/05\/kapitalis-logo-fb.png","type":"image\/png"}],"author":"webmaster kapitalis","twitter_card":"summary_large_image","twitter_creator":"@KapitalisInfo","twitter_site":"@KapitalisInfo","twitter_misc":{"\u00c9crit par":"webmaster kapitalis","Dur\u00e9e de lecture estim\u00e9e":"2 minutes"},"schema":{"@context":"https:\/\/schema.org","@graph":[{"@type":"Article","@id":"https:\/\/kapitalis.com\/tunisie\/2022\/01\/28\/tunisie-conect-lance-un-programme-de-formation-au-profit-de-25-eco-entrepreneurs\/#article","isPartOf":{"@id":"https:\/\/kapitalis.com\/tunisie\/2022\/01\/28\/tunisie-conect-lance-un-programme-de-formation-au-profit-de-25-eco-entrepreneurs\/"},"author":{"name":"webmaster kapitalis","@id":"https:\/\/kapitalis.com\/tunisie\/#\/schema\/person\/d71f33a9ca44f7bad4698210b480c8e9"},"headline":"Tunisie : Conect lance un programme de formation au profit de 25 \u00e9co-entrepreneurs","datePublished":"2022-01-28T06:19:24+00:00","dateModified":"2022-01-28T06:25:05+00:00","mainEntityOfPage":{"@id":"https:\/\/kapitalis.com\/tunisie\/2022\/01\/28\/tunisie-conect-lance-un-programme-de-formation-au-profit-de-25-eco-entrepreneurs\/"},"wordCount":480,"commentCount":0,"publisher":{"@id":"https:\/\/kapitalis.com\/tunisie\/#organization"},"image":{"@id":"https:\/\/kapitalis.com\/tunisie\/2022\/01\/28\/tunisie-conect-lance-un-programme-de-formation-au-profit-de-25-eco-entrepreneurs\/#primaryimage"},"thumbnailUrl":"","keywords":["agriculture biologique","Conect","\u00e9co-entrepreneurs","\u00e9nergies renouvelables","gestion durable des d\u00e9chets","Gimed","Tunisie","Union europ\u00e9enne"],"articleSection":["ECONOMIE","Tunisie"],"inLanguage":"fr-FR","potentialAction":[{"@type":"CommentAction","name":"Comment","target":["https:\/\/kapitalis.com\/tunisie\/2022\/01\/28\/tunisie-conect-lance-un-programme-de-formation-au-profit-de-25-eco-entrepreneurs\/#respond"]}]},{"@type":"WebPage","@id":"https:\/\/kapitalis.com\/tunisie\/2022\/01\/28\/tunisie-conect-lance-un-programme-de-formation-au-profit-de-25-eco-entrepreneurs\/","url":"https:\/\/kapitalis.com\/tunisie\/2022\/01\/28\/tunisie-conect-lance-un-programme-de-formation-au-profit-de-25-eco-entrepreneurs\/","name":"Tunisie : Conect lance un programme de formation au profit de 25 \u00e9co-entrepreneurs - Kapitalis","isPartOf":{"@id":"https:\/\/kapitalis.com\/tunisie\/#website"},"primaryImageOfPage":{"@id":"https:\/\/kapitalis.com\/tunisie\/2022\/01\/28\/tunisie-conect-lance-un-programme-de-formation-au-profit-de-25-eco-entrepreneurs\/#primaryimage"},"image":{"@id":"https:\/\/kapitalis.com\/tunisie\/2022\/01\/28\/tunisie-conect-lance-un-programme-de-formation-au-profit-de-25-eco-entrepreneurs\/#primaryimage"},"thumbnailUrl":"","datePublished":"2022-01-28T06:19:24+00:00","dateModified":"2022-01-28T06:25:05+00:00","breadcrumb":{"@id":"https:\/\/kapitalis.com\/tunisie\/2022\/01\/28\/tunisie-conect-lance-un-programme-de-formation-au-profit-de-25-eco-entrepreneurs\/#breadcrumb"},"inLanguage":"fr-FR","potentialAction":[{"@type":"ReadAction","target":["https:\/\/kapitalis.com\/tunisie\/2022\/01\/28\/tunisie-conect-lance-un-programme-de-formation-au-profit-de-25-eco-entrepreneurs\/"]}]},{"@type":"ImageObject","inLanguage":"fr-FR","@id":"https:\/\/kapitalis.com\/tunisie\/2022\/01\/28\/tunisie-conect-lance-un-programme-de-formation-au-profit-de-25-eco-entrepreneurs\/#primaryimage","url":"","contentUrl":""},{"@type":"BreadcrumbList","@id":"https:\/\/kapitalis.com\/tunisie\/2022\/01\/28\/tunisie-conect-lance-un-programme-de-formation-au-profit-de-25-eco-entrepreneurs\/#breadcrumb","itemListElement":[{"@type":"ListItem","position":1,"name":"Accueil","item":"https:\/\/kapitalis.com\/tunisie\/"},{"@type":"ListItem","position":2,"name":"Tunisie : Conect lance un programme de formation au profit de 25 \u00e9co-entrepreneurs"}]},{"@type":"WebSite","@id":"https:\/\/kapitalis.com\/tunisie\/#website","url":"https:\/\/kapitalis.com\/tunisie\/","name":"Kapitalis","description":"L&#039;actualit\u00e9 en Tunisie et dans le monde","publisher":{"@id":"https:\/\/kapitalis.com\/tunisie\/#organization"},"potentialAction":[{"@type":"SearchAction","target":{"@type":"EntryPoint","urlTemplate":"https:\/\/kapitalis.com\/tunisie\/?s={search_term_string}"},"query-input":{"@type":"PropertyValueSpecification","valueRequired":true,"valueName":"search_term_string"}}],"inLanguage":"fr-FR"},{"@type":"Organization","@id":"https:\/\/kapitalis.com\/tunisie\/#organization","name":"Kapitalis","url":"https:\/\/kapitalis.com\/tunisie\/","logo":{"@type":"ImageObject","inLanguage":"fr-FR","@id":"https:\/\/kapitalis.com\/tunisie\/#\/schema\/logo\/image\/","url":"https:\/\/kapitalis.com\/tunisie\/wp-content\/uploads\/2022\/05\/Kapitalis-big-size.png","contentUrl":"https:\/\/kapitalis.com\/tunisie\/wp-content\/uploads\/2022\/05\/Kapitalis-big-size.png","width":5000,"height":1500,"caption":"Kapitalis"},"image":{"@id":"https:\/\/kapitalis.com\/tunisie\/#\/schema\/logo\/image\/"},"sameAs":["https:\/\/www.facebook.com\/KapitalisInfo\/","https:\/\/x.com\/KapitalisInfo","https:\/\/www.youtube.com\/channel\/UC-yDYrHyfFBWWZaOw3FPg9Q"]},{"@type":"Person","@id":"https:\/\/kapitalis.com\/tunisie\/#\/schema\/person\/d71f33a9ca44f7bad4698210b480c8e9","name":"webmaster kapitalis","url":"https:\/\/kapitalis.com\/tunisie\/author\/webmaster-kapitalis\/"}]}},"_links":{"self":[{"href":"https:\/\/kapitalis.com\/tunisie\/wp-json\/wp\/v2\/posts\/378725","targetHints":{"allow":["GET"]}}],"collection":[{"href":"https:\/\/kapitalis.com\/tunisie\/wp-json\/wp\/v2\/posts"}],"about":[{"href":"https:\/\/kapitalis.com\/tunisie\/wp-json\/wp\/v2\/types\/post"}],"author":[{"embeddable":true,"href":"https:\/\/kapitalis.com\/tunisie\/wp-json\/wp\/v2\/users\/8"}],"replies":[{"embeddable":true,"href":"https:\/\/kapitalis.com\/tunisie\/wp-json\/wp\/v2\/comments?post=378725"}],"version-history":[{"count":0,"href":"https:\/\/kapitalis.com\/tunisie\/wp-json\/wp\/v2\/posts\/378725\/revisions"}],"wp:featuredmedia":[{"embeddable":true,"href":"https:\/\/kapitalis.com\/tunisie\/wp-json\/wp\/v2\/media\/378726"}],"wp:attachment":[{"href":"https:\/\/kapitalis.com\/tunisie\/wp-json\/wp\/v2\/media?parent=378725"}],"wp:term":[{"taxonomy":"category","embeddable":true,"href":"https:\/\/kapitalis.com\/tunisie\/wp-json\/wp\/v2\/categories?post=378725"},{"taxonomy":"post_tag","embeddable":true,"href":"https:\/\/kapitalis.com\/tunisie\/wp-json\/wp\/v2\/tags?post=378725"}],"curies":[{"name":"wp","href":"https:\/\/api.w.org\/{rel}","templated":true}]}}